{"id":65283,"date":"2016-09-20T06:48:34","date_gmt":"2016-09-20T04:48:34","guid":{"rendered":"https:\/\/vosgesinfo.fr\/epinalinfo\/2016\/09\/octobre-rose-cancer-sein-parlons\/"},"modified":"2016-09-20T06:48:34","modified_gmt":"2016-09-20T04:48:34","slug":"octobre-rose-cancer-sein-parlons","status":"publish","type":"post","link":"https:\/\/vosgesinfo.fr\/epinalinfo\/2016\/09\/octobre-rose-cancer-sein-parlons\/","title":{"rendered":"Octobre Rose : le cancer du sein, parlons-en !"},"content":{"rendered":"<div id=\"attachment_100182\" style=\"width: 810px\" class=\"wp-caption aligncenter\"><a href=\"\/2016\/09\/Octobre-Rose.jpg\"><img decoding=\"async\" aria-describedby=\"caption-attachment-100182\" class=\"wp-image-100182 size-large\" src=\"\/2016\/09\/Octobre-Rose-800x600.jpg\" alt=\"Octobre-Rose\" width=\"800\" height=\"600\" \/><\/a><p id=\"caption-attachment-100182\" class=\"wp-caption-text\">(photographie d&rsquo;archives, la marche de Deyvillers)<\/p><\/div>\n<p>Chaque ann\u00e9e en octobre, c\u2019est le grand retour d\u2019Octobre Rose, une op\u00e9ration de sensibilisation autour de la lutte contre le cancer du sein, ce cancer f\u00e9minin que trop de femmes d\u00e9couvrent trop tard. De nombreuses animations sont d\u00e9j\u00e0 programm\u00e9es dans les Vosges.<\/p>\n<p><strong>Les MARCHES ROSES : 8 au programme 2016.<\/strong><\/p>\n<ul>\n<li><strong>Marche Rose CHARMES dimanche 25\/09\u00a0<\/strong>: 1<sup>\u00e8re<\/sup> Edition \u2018\u2019Carpirose\u2019\u2019. 2,2 kms d\u00e9part de 10h \u00e0 11h15. 10 \u20ac. Renseignement 06 79 41 75 41.<\/li>\n<\/ul>\n<p><strong>\u00a0<\/strong><\/p>\n<ul>\n<li><strong>Marche Rose REMIREMONT samedi 1er octobre\u00a0: <\/strong>2<sup>\u00e8me<\/sup> Gratuit. 3 et 6 kms,d\u00e9part de 13h30 \u00e0 16h lyc\u00e9e Jeanne-d\u2019Arc.<\/li>\n<\/ul>\n<p><strong>\u00a0<\/strong><\/p>\n<ul>\n<li><strong>Marche Rose DEYVILLERS dimanche 2 octobre\u00a0: <\/strong>5<sup>i\u00e8me<\/sup> Inscription de 2 \u20ac. 3 parcours\u00a0: 4, 8 et 12 kms en for\u00eat. D\u00e9part 9h \u00e0 14h. Renseignement 06 33 76 51 98.<\/li>\n<\/ul>\n<p><strong>\u00a0<\/strong><\/p>\n<ul>\n<li><strong>MIRECOURT\u00a0: <\/strong><\/li>\n<\/ul>\n<p><strong>Marche Rose dimanche 2 octobre:<\/strong>1<sup>\u00e8re<\/sup> Edition. 5 kms d\u00e9part \u00e0 10h30. Gratuit. Renseignement 06 34 53 45 25<\/p>\n<p><strong>Cin\u00e9 d\u00e9bat \u00ab\u00a0Dragon Ladies\u00a0\u00bb<\/strong>\u00a0: Jeudi 20\/10 \u00e0 20h<\/p>\n<p><strong>\u00a0<\/strong><\/p>\n<ul>\n<li><strong>Marche Rose RAON L\u2019ETAPE dimanche 9 octobre\u00a0: <\/strong>2<sup>\u00e8 <\/sup> Gratuit 4 parcours d\u00e8s 9h30. Renseignement 06 33 72 33 85.<\/li>\n<\/ul>\n<p>&nbsp;<\/p>\n<ul>\n<li><strong>Marche Rose NEUFCHATEAU samedi 15 octobre:<\/strong>1<sup>\u00e8re<\/sup> Edition Renseignement 06 88 57 95 05<\/li>\n<\/ul>\n<p><strong>\u00a0<\/strong><\/p>\n<ul>\n<li><strong>Marche Rose SAULXURES SUR MOSELOTTE<\/strong> <strong>dimanche 16 octobre\u00a0: <\/strong>2<sup>\u00e8me<\/sup> Edition, 3 parcours, d\u00e9part de 9h \u00e0 15h. Inscription 2 \u20ac. Renseignement 06 73 26 80 19<\/li>\n<\/ul>\n<p><strong>\u00a0<\/strong><\/p>\n<ul>\n<li><strong>Marche Rose BRUYERES, dimanche 23 octobre\u00a0: <\/strong>2<sup>\u00e8me<\/sup> Edition, 2 parcours\u00a0: 5 et 11 kms. D\u00e9part de 9h \u00e0 14h. Gratuit. Renseignement 06 29 40 04 30<strong>.<\/strong><\/li>\n<\/ul>\n<p><strong>\u00a0<\/strong><\/p>\n<p><strong>Autres actions\u00a0:\u00a0 <\/strong><\/p>\n<ul>\n<li><strong>EPINAL\u00a0: <\/strong><strong>Foul\u00e9es Roses Spinaliennes<\/strong><strong>,<\/strong><strong> dimanche 9 octobre\u00a0<\/strong>: 1<sup>\u00e8re<\/sup> Edition, r\u00e9serv\u00e9e aux femmes, 6 kms. D\u00e9part \u00e0 10h30. 10 \u20ac. Renseignement\u00a0: 06 62 75 86 61. <a href=\"http:\/\/www.foulees-roses-spinaliennes.fr\">foulees-roses-spinaliennes.fr<\/a><\/li>\n<\/ul>\n<p>&nbsp;<\/p>\n<ul>\n<li><strong>EPINAL\u00a0:<\/strong> <strong>stands d\u2019information<\/strong> au Centre Hospitalier (mardi 18\/10 et jeudi 27\/10 apr\u00e8s-midi) et \u00e0 la Ligne Bleue (mercredi 19 et jeudi 20\/10 apr\u00e8s-midi).<\/li>\n<\/ul>\n<p>&nbsp;<\/p>\n<ul>\n<li><strong>SAINTE MARGUERITE (salle des f\u00eates<\/strong>), vendredi 14 octobre, <strong>stand d\u2019information et conf\u00e9rence<\/strong>, de 16h \u00e0 22h30. Entr\u00e9e libre. T\u00e9l.\u00a0: 06 84 21 99 87.<\/li>\n<\/ul>\n<p>&nbsp;<\/p>\n<ul>\n<li><strong>SAINT DIE des VOSGES, dimanche 16 octobre\u00a0: <\/strong>1<sup>\u00e8re<\/sup> Edition <strong>PINK RUN<\/strong> course r\u00e9serv\u00e9e aux femmes, 6 kms, d\u00e9part \u00e0\u00a09h. Renseignement 06 81 08 10 64.<\/li>\n<\/ul>\n<p>&nbsp;<\/p>\n<ul>\n<li><strong>EPINAL, <\/strong><strong>mardi 8 novembre\u00a0: <\/strong>\u2018<strong>\u2019Voyage au c\u0153ur d\u2019un sein\u2019\u2019<\/strong>Centre des Congr\u00e8s mardi 8 novembre de 8h \u00e0 18h.\u00a0 Renseignement 03 29 64 88 00.<\/li>\n<\/ul>\n<p>&nbsp;<\/p>\n<ul>\n<li><strong>CHANTRAINE, samedi 12 novembre\u00a0: <\/strong>\u2018\u2019<strong>L\u2019obscure\u2019\u2019 <\/strong>Course mixte de 6 kms d\u00e9part \u00e0 16h30. Renseignement 06 80 16 76 14.<\/li>\n<\/ul>\n","protected":false},"excerpt":{"rendered":"<p>Chaque ann\u00e9e en octobre, c\u2019est le grand retour d\u2019Octobre Rose, une op\u00e9ration de sensibilisation autour de la lutte contre le [&hellip;]<\/p>\n","protected":false},"author":44,"featured_media":65284,"comment_status":"open","ping_status":"open","sticky":false,"template":"","format":"standard","meta":{"footnotes":""},"categories":[22,14,5],"tags":[613,8827,558,75],"class_list":["post-65283","post","type-post","status-publish","format-standard","has-post-thumbnail","hentry","category-a-la-une","category-sante","category-vosges","tag-cancer-du-sein","tag-marches-roses","tag-octobre-rose","tag-vosges"],"acf":[],"yoast_head":"<!-- This site is optimized with the Yoast SEO plugin v22.5 - https:\/\/yoast.com\/wordpress\/plugins\/seo\/ -->\n<title>Octobre Rose : le cancer du sein, parlons-en ! - Epinal Info<\/title>\n<meta name=\"robots\" content=\"index, follow, max-snippet:-1, max-image-preview:large, max-video-preview:-1\" \/>\n<link rel=\"canonical\" href=\"https:\/\/vosgesinfo.fr\/epinalinfo\/2016\/09\/octobre-rose-cancer-sein-parlons\/\" \/>\n<meta name=\"twitter:card\" content=\"summary_large_image\" \/>\n<meta name=\"twitter:title\" content=\"Octobre Rose : le cancer du sein, parlons-en ! - Epinal Info\" \/>\n<meta name=\"twitter:description\" content=\"Chaque ann\u00e9e en octobre, c\u2019est le grand retour d\u2019Octobre Rose, une op\u00e9ration de sensibilisation autour de la lutte contre le [&hellip;]\" \/>\n<meta name=\"twitter:image\" content=\"https:\/\/vosgesinfo.fr\/app\/uploads\/sites\/3\/2024\/08\/201609octobre-rose.jpg\" \/>\n<meta name=\"twitter:creator\" content=\"@VosgesInfo88\" \/>\n<meta name=\"twitter:site\" content=\"@VosgesInfo88\" \/>\n<meta name=\"twitter:label1\" content=\"\u00c9crit par\" \/>\n\t<meta name=\"twitter:data1\" content=\"la r\u00e9daction\" \/>\n\t<meta name=\"twitter:label2\" content=\"Dur\u00e9e de lecture estim\u00e9e\" \/>\n\t<meta name=\"twitter:data2\" content=\"2 minutes\" \/>\n<script type=\"application\/ld+json\" class=\"yoast-schema-graph\">{\"@context\":\"https:\/\/schema.org\",\"@graph\":[{\"@type\":\"Article\",\"@id\":\"https:\/\/vosgesinfo.fr\/epinalinfo\/2016\/09\/octobre-rose-cancer-sein-parlons\/#article\",\"isPartOf\":{\"@id\":\"https:\/\/vosgesinfo.fr\/epinalinfo\/2016\/09\/octobre-rose-cancer-sein-parlons\/\"},\"author\":{\"name\":\"la r\u00e9daction\",\"@id\":\"https:\/\/vosgesinfo.fr\/epinalinfo\/#\/schema\/person\/faee6704a21f3977511db84bd1cd450f\"},\"headline\":\"Octobre Rose : le cancer du sein, parlons-en !\",\"datePublished\":\"2016-09-20T04:48:34+00:00\",\"dateModified\":\"2016-09-20T04:48:34+00:00\",\"mainEntityOfPage\":{\"@id\":\"https:\/\/vosgesinfo.fr\/epinalinfo\/2016\/09\/octobre-rose-cancer-sein-parlons\/\"},\"wordCount\":330,\"commentCount\":0,\"publisher\":{\"@id\":\"https:\/\/vosgesinfo.fr\/epinalinfo\/#organization\"},\"image\":{\"@id\":\"https:\/\/vosgesinfo.fr\/epinalinfo\/2016\/09\/octobre-rose-cancer-sein-parlons\/#primaryimage\"},\"thumbnailUrl\":\"https:\/\/vosgesinfo.fr\/app\/uploads\/sites\/3\/2024\/08\/201609octobre-rose.jpg\",\"keywords\":[\"cancer du sein\",\"marches roses\",\"Octobre Rose\",\"vosges\"],\"articleSection\":[\"A la Une\",\"Sant\u00e9\",\"Vosges\"],\"inLanguage\":\"fr-FR\",\"potentialAction\":[{\"@type\":\"CommentAction\",\"name\":\"Comment\",\"target\":[\"https:\/\/vosgesinfo.fr\/epinalinfo\/2016\/09\/octobre-rose-cancer-sein-parlons\/#respond\"]}]},{\"@type\":\"WebPage\",\"@id\":\"https:\/\/vosgesinfo.fr\/epinalinfo\/2016\/09\/octobre-rose-cancer-sein-parlons\/\",\"url\":\"https:\/\/vosgesinfo.fr\/epinalinfo\/2016\/09\/octobre-rose-cancer-sein-parlons\/\",\"name\":\"Octobre Rose : le cancer du sein, parlons-en ! - Epinal Info\",\"isPartOf\":{\"@id\":\"https:\/\/vosgesinfo.fr\/epinalinfo\/#website\"},\"primaryImageOfPage\":{\"@id\":\"https:\/\/vosgesinfo.fr\/epinalinfo\/2016\/09\/octobre-rose-cancer-sein-parlons\/#primaryimage\"},\"image\":{\"@id\":\"https:\/\/vosgesinfo.fr\/epinalinfo\/2016\/09\/octobre-rose-cancer-sein-parlons\/#primaryimage\"},\"thumbnailUrl\":\"https:\/\/vosgesinfo.fr\/app\/uploads\/sites\/3\/2024\/08\/201609octobre-rose.jpg\",\"datePublished\":\"2016-09-20T04:48:34+00:00\",\"dateModified\":\"2016-09-20T04:48:34+00:00\",\"breadcrumb\":{\"@id\":\"https:\/\/vosgesinfo.fr\/epinalinfo\/2016\/09\/octobre-rose-cancer-sein-parlons\/#breadcrumb\"},\"inLanguage\":\"fr-FR\",\"potentialAction\":[{\"@type\":\"ReadAction\",\"target\":[\"https:\/\/vosgesinfo.fr\/epinalinfo\/2016\/09\/octobre-rose-cancer-sein-parlons\/\"]}]},{\"@type\":\"ImageObject\",\"inLanguage\":\"fr-FR\",\"@id\":\"https:\/\/vosgesinfo.fr\/epinalinfo\/2016\/09\/octobre-rose-cancer-sein-parlons\/#primaryimage\",\"url\":\"https:\/\/vosgesinfo.fr\/app\/uploads\/sites\/3\/2024\/08\/201609octobre-rose.jpg\",\"contentUrl\":\"https:\/\/vosgesinfo.fr\/app\/uploads\/sites\/3\/2024\/08\/201609octobre-rose.jpg\",\"width\":800,\"height\":600},{\"@type\":\"BreadcrumbList\",\"@id\":\"https:\/\/vosgesinfo.fr\/epinalinfo\/2016\/09\/octobre-rose-cancer-sein-parlons\/#breadcrumb\",\"itemListElement\":[{\"@type\":\"ListItem\",\"position\":1,\"name\":\"Home\",\"item\":\"https:\/\/vosgesinfo.fr\/epinalinfo\/\"},{\"@type\":\"ListItem\",\"position\":2,\"name\":\"Octobre Rose : le cancer du sein, parlons-en !\"}]},{\"@type\":\"WebSite\",\"@id\":\"https:\/\/vosgesinfo.fr\/epinalinfo\/#website\",\"url\":\"https:\/\/vosgesinfo.fr\/epinalinfo\/\",\"name\":\"Epinal Info\",\"description\":\"Toute l&#039;actualit\u00e9 d&#039;\u00c9pinal\",\"publisher\":{\"@id\":\"https:\/\/vosgesinfo.fr\/epinalinfo\/#organization\"},\"alternateName\":\"Toute l'actualit\u00e9 d'\u00c9pinal\",\"potentialAction\":[{\"@type\":\"SearchAction\",\"target\":{\"@type\":\"EntryPoint\",\"urlTemplate\":\"https:\/\/vosgesinfo.fr\/epinalinfo\/?s={search_term_string}\"},\"query-input\":\"required name=search_term_string\"}],\"inLanguage\":\"fr-FR\"},{\"@type\":\"Organization\",\"@id\":\"https:\/\/vosgesinfo.fr\/epinalinfo\/#organization\",\"name\":\"Epinal Info\",\"url\":\"https:\/\/vosgesinfo.fr\/epinalinfo\/\",\"logo\":{\"@type\":\"ImageObject\",\"inLanguage\":\"fr-FR\",\"@id\":\"https:\/\/vosgesinfo.fr\/epinalinfo\/#\/schema\/logo\/image\/\",\"url\":\"https:\/\/vosgesinfo.fr\/app\/uploads\/sites\/3\/2023\/08\/logo-epinalinfos.svg\",\"contentUrl\":\"https:\/\/vosgesinfo.fr\/app\/uploads\/sites\/3\/2023\/08\/logo-epinalinfos.svg\",\"width\":1,\"height\":1,\"caption\":\"Epinal Info\"},\"image\":{\"@id\":\"https:\/\/vosgesinfo.fr\/epinalinfo\/#\/schema\/logo\/image\/\"},\"sameAs\":[\"https:\/\/www.facebook.com\/Epinalinfos\",\"https:\/\/x.com\/VosgesInfo88\",\"https:\/\/www.youtube.com\/@vosgesinfo\"]},{\"@type\":\"Person\",\"@id\":\"https:\/\/vosgesinfo.fr\/epinalinfo\/#\/schema\/person\/faee6704a21f3977511db84bd1cd450f\",\"name\":\"la r\u00e9daction\",\"image\":{\"@type\":\"ImageObject\",\"inLanguage\":\"fr-FR\",\"@id\":\"https:\/\/vosgesinfo.fr\/epinalinfo\/#\/schema\/person\/image\/\",\"url\":\"https:\/\/secure.gravatar.com\/avatar\/6673d8bc6a9c17fa9a453eaa3448de834fa308c2ec9635b7aa99441a7c8d2cf6?s=96&d=mm&r=g\",\"contentUrl\":\"https:\/\/secure.gravatar.com\/avatar\/6673d8bc6a9c17fa9a453eaa3448de834fa308c2ec9635b7aa99441a7c8d2cf6?s=96&d=mm&r=g\",\"caption\":\"la r\u00e9daction\"},\"url\":\"https:\/\/vosgesinfo.fr\/epinalinfo\/author\/redac\/\"}]}<\/script>\n<!-- \/ Yoast SEO plugin. -->","yoast_head_json":{"title":"Octobre Rose : le cancer du sein, parlons-en ! - Epinal Info","robots":{"index":"index","follow":"follow","max-snippet":"max-snippet:-1","max-image-preview":"max-image-preview:large","max-video-preview":"max-video-preview:-1"},"canonical":"https:\/\/vosgesinfo.fr\/epinalinfo\/2016\/09\/octobre-rose-cancer-sein-parlons\/","twitter_card":"summary_large_image","twitter_title":"Octobre Rose : le cancer du sein, parlons-en ! - Epinal Info","twitter_description":"Chaque ann\u00e9e en octobre, c\u2019est le grand retour d\u2019Octobre Rose, une op\u00e9ration de sensibilisation autour de la lutte contre le [&hellip;]","twitter_image":"https:\/\/vosgesinfo.fr\/app\/uploads\/sites\/3\/2024\/08\/201609octobre-rose.jpg","twitter_creator":"@VosgesInfo88","twitter_site":"@VosgesInfo88","twitter_misc":{"\u00c9crit par":"la r\u00e9daction","Dur\u00e9e de lecture estim\u00e9e":"2 minutes"},"schema":{"@context":"https:\/\/schema.org","@graph":[{"@type":"Article","@id":"https:\/\/vosgesinfo.fr\/epinalinfo\/2016\/09\/octobre-rose-cancer-sein-parlons\/#article","isPartOf":{"@id":"https:\/\/vosgesinfo.fr\/epinalinfo\/2016\/09\/octobre-rose-cancer-sein-parlons\/"},"author":{"name":"la r\u00e9daction","@id":"https:\/\/vosgesinfo.fr\/epinalinfo\/#\/schema\/person\/faee6704a21f3977511db84bd1cd450f"},"headline":"Octobre Rose : le cancer du sein, parlons-en !","datePublished":"2016-09-20T04:48:34+00:00","dateModified":"2016-09-20T04:48:34+00:00","mainEntityOfPage":{"@id":"https:\/\/vosgesinfo.fr\/epinalinfo\/2016\/09\/octobre-rose-cancer-sein-parlons\/"},"wordCount":330,"commentCount":0,"publisher":{"@id":"https:\/\/vosgesinfo.fr\/epinalinfo\/#organization"},"image":{"@id":"https:\/\/vosgesinfo.fr\/epinalinfo\/2016\/09\/octobre-rose-cancer-sein-parlons\/#primaryimage"},"thumbnailUrl":"https:\/\/vosgesinfo.fr\/app\/uploads\/sites\/3\/2024\/08\/201609octobre-rose.jpg","keywords":["cancer du sein","marches roses","Octobre Rose","vosges"],"articleSection":["A la Une","Sant\u00e9","Vosges"],"inLanguage":"fr-FR","potentialAction":[{"@type":"CommentAction","name":"Comment","target":["https:\/\/vosgesinfo.fr\/epinalinfo\/2016\/09\/octobre-rose-cancer-sein-parlons\/#respond"]}]},{"@type":"WebPage","@id":"https:\/\/vosgesinfo.fr\/epinalinfo\/2016\/09\/octobre-rose-cancer-sein-parlons\/","url":"https:\/\/vosgesinfo.fr\/epinalinfo\/2016\/09\/octobre-rose-cancer-sein-parlons\/","name":"Octobre Rose : le cancer du sein, parlons-en ! - Epinal Info","isPartOf":{"@id":"https:\/\/vosgesinfo.fr\/epinalinfo\/#website"},"primaryImageOfPage":{"@id":"https:\/\/vosgesinfo.fr\/epinalinfo\/2016\/09\/octobre-rose-cancer-sein-parlons\/#primaryimage"},"image":{"@id":"https:\/\/vosgesinfo.fr\/epinalinfo\/2016\/09\/octobre-rose-cancer-sein-parlons\/#primaryimage"},"thumbnailUrl":"https:\/\/vosgesinfo.fr\/app\/uploads\/sites\/3\/2024\/08\/201609octobre-rose.jpg","datePublished":"2016-09-20T04:48:34+00:00","dateModified":"2016-09-20T04:48:34+00:00","breadcrumb":{"@id":"https:\/\/vosgesinfo.fr\/epinalinfo\/2016\/09\/octobre-rose-cancer-sein-parlons\/#breadcrumb"},"inLanguage":"fr-FR","potentialAction":[{"@type":"ReadAction","target":["https:\/\/vosgesinfo.fr\/epinalinfo\/2016\/09\/octobre-rose-cancer-sein-parlons\/"]}]},{"@type":"ImageObject","inLanguage":"fr-FR","@id":"https:\/\/vosgesinfo.fr\/epinalinfo\/2016\/09\/octobre-rose-cancer-sein-parlons\/#primaryimage","url":"https:\/\/vosgesinfo.fr\/app\/uploads\/sites\/3\/2024\/08\/201609octobre-rose.jpg","contentUrl":"https:\/\/vosgesinfo.fr\/app\/uploads\/sites\/3\/2024\/08\/201609octobre-rose.jpg","width":800,"height":600},{"@type":"BreadcrumbList","@id":"https:\/\/vosgesinfo.fr\/epinalinfo\/2016\/09\/octobre-rose-cancer-sein-parlons\/#breadcrumb","itemListElement":[{"@type":"ListItem","position":1,"name":"Home","item":"https:\/\/vosgesinfo.fr\/epinalinfo\/"},{"@type":"ListItem","position":2,"name":"Octobre Rose : le cancer du sein, parlons-en !"}]},{"@type":"WebSite","@id":"https:\/\/vosgesinfo.fr\/epinalinfo\/#website","url":"https:\/\/vosgesinfo.fr\/epinalinfo\/","name":"Epinal Info","description":"Toute l&#039;actualit\u00e9 d&#039;\u00c9pinal","publisher":{"@id":"https:\/\/vosgesinfo.fr\/epinalinfo\/#organization"},"alternateName":"Toute l'actualit\u00e9 d'\u00c9pinal","potentialAction":[{"@type":"SearchAction","target":{"@type":"EntryPoint","urlTemplate":"https:\/\/vosgesinfo.fr\/epinalinfo\/?s={search_term_string}"},"query-input":"required name=search_term_string"}],"inLanguage":"fr-FR"},{"@type":"Organization","@id":"https:\/\/vosgesinfo.fr\/epinalinfo\/#organization","name":"Epinal Info","url":"https:\/\/vosgesinfo.fr\/epinalinfo\/","logo":{"@type":"ImageObject","inLanguage":"fr-FR","@id":"https:\/\/vosgesinfo.fr\/epinalinfo\/#\/schema\/logo\/image\/","url":"https:\/\/vosgesinfo.fr\/app\/uploads\/sites\/3\/2023\/08\/logo-epinalinfos.svg","contentUrl":"https:\/\/vosgesinfo.fr\/app\/uploads\/sites\/3\/2023\/08\/logo-epinalinfos.svg","width":1,"height":1,"caption":"Epinal Info"},"image":{"@id":"https:\/\/vosgesinfo.fr\/epinalinfo\/#\/schema\/logo\/image\/"},"sameAs":["https:\/\/www.facebook.com\/Epinalinfos","https:\/\/x.com\/VosgesInfo88","https:\/\/www.youtube.com\/@vosgesinfo"]},{"@type":"Person","@id":"https:\/\/vosgesinfo.fr\/epinalinfo\/#\/schema\/person\/faee6704a21f3977511db84bd1cd450f","name":"la r\u00e9daction","image":{"@type":"ImageObject","inLanguage":"fr-FR","@id":"https:\/\/vosgesinfo.fr\/epinalinfo\/#\/schema\/person\/image\/","url":"https:\/\/secure.gravatar.com\/avatar\/6673d8bc6a9c17fa9a453eaa3448de834fa308c2ec9635b7aa99441a7c8d2cf6?s=96&d=mm&r=g","contentUrl":"https:\/\/secure.gravatar.com\/avatar\/6673d8bc6a9c17fa9a453eaa3448de834fa308c2ec9635b7aa99441a7c8d2cf6?s=96&d=mm&r=g","caption":"la r\u00e9daction"},"url":"https:\/\/vosgesinfo.fr\/epinalinfo\/author\/redac\/"}]}},"_links":{"self":[{"href":"https:\/\/vosgesinfo.fr\/epinalinfo\/wp-json\/wp\/v2\/posts\/65283","targetHints":{"allow":["GET"]}}],"collection":[{"href":"https:\/\/vosgesinfo.fr\/epinalinfo\/wp-json\/wp\/v2\/posts"}],"about":[{"href":"https:\/\/vosgesinfo.fr\/epinalinfo\/wp-json\/wp\/v2\/types\/post"}],"author":[{"embeddable":true,"href":"https:\/\/vosgesinfo.fr\/epinalinfo\/wp-json\/wp\/v2\/users\/44"}],"replies":[{"embeddable":true,"href":"https:\/\/vosgesinfo.fr\/epinalinfo\/wp-json\/wp\/v2\/comments?post=65283"}],"version-history":[{"count":0,"href":"https:\/\/vosgesinfo.fr\/epinalinfo\/wp-json\/wp\/v2\/posts\/65283\/revisions"}],"wp:featuredmedia":[{"embeddable":true,"href":"https:\/\/vosgesinfo.fr\/epinalinfo\/wp-json\/wp\/v2\/media\/65284"}],"wp:attachment":[{"href":"https:\/\/vosgesinfo.fr\/epinalinfo\/wp-json\/wp\/v2\/media?parent=65283"}],"wp:term":[{"taxonomy":"category","embeddable":true,"href":"https:\/\/vosgesinfo.fr\/epinalinfo\/wp-json\/wp\/v2\/categories?post=65283"},{"taxonomy":"post_tag","embeddable":true,"href":"https:\/\/vosgesinfo.fr\/epinalinfo\/wp-json\/wp\/v2\/tags?post=65283"}],"curies":[{"name":"wp","href":"https:\/\/api.w.org\/{rel}","templated":true}]}}