{"id":65313,"date":"2016-09-20T05:07:30","date_gmt":"2016-09-20T03:07:30","guid":{"rendered":"https:\/\/vosgesinfo.fr\/epinalinfo\/2016\/09\/delegation-regionale-a-epinal-lanniversaire-de-sainte-fleur\/"},"modified":"2016-09-20T05:07:30","modified_gmt":"2016-09-20T03:07:30","slug":"delegation-regionale-a-epinal-lanniversaire-de-sainte-fleur","status":"publish","type":"post","link":"https:\/\/vosgesinfo.fr\/epinalinfo\/2016\/09\/delegation-regionale-a-epinal-lanniversaire-de-sainte-fleur\/","title":{"rendered":"Une d\u00e9l\u00e9gation r\u00e9gionale \u00e0 Epinal pour l\u2019anniversaire de la Sainte Fleur"},"content":{"rendered":"<p><a href=\"http:\/\/epinalinfos.fr\/2016\/09\/delegation-regionale-a-epinal-lanniversaire-de-sainte-fleur\/dscf3640-1\/\" rel=\"attachment wp-att-100229\"><img decoding=\"async\" class=\"aligncenter size-full wp-image-100229\" src=\"\/2016\/09\/DSCF3640-1.jpeg\" alt=\"DSCF3640 (1)\" width=\"800\" height=\"600\" \/><\/a><strong>La d\u00e9l\u00e9gation Grand Est du CEFEC qui regroupe Madame Commerce de France et les Femmes m\u00e9daill\u00e9es de la L\u00e9gion d\u2019Honneur.\u00a0A Epinal et \u00e0 Golbey, la Sainte Fleur sera f\u00eat\u00e9e les 8 et 9 octobre 2016, dans le cadre du XX\u00b0 anniversaire de la Sainte Fleur organis\u00e9e par Nicole Merlino, \u00e0 Nice et \u00e0 Epinal.<\/strong><\/p>\n<p>La d\u00e9l\u00e9gation Madame Commerce de France sera accueillie \u00e0 Nancy puis \u00e0 Epinal Place des Vosges par Michel Heinrich autour des chars d\u00e9cor\u00e9s de la Sainte Fleur. \u00a0La Messe \u00e0 la Basilique Saint Maurice suivie du lancer de p\u00e9tales, cl\u00f4turera\u00a0 dimanche 9 Octobre \u00e0 13H,\u00a0 le p\u00e9riple lorrain de\u00a0 Madame Commerce de France.<\/p>\n<p><strong>Pens\u00e9e ni\u00e7oise autour de la Sainte Fleur\u00a0!<\/strong><\/p>\n<p>Nicole MERLINO, Adjointe au Maire de la Ville de Nice, fonda sa premi\u00e8re boutique de fleurs \u00e0 Epinal. Elle organise la f\u00eate de la Sainte Fleur \u00e0 Nice et \u00e0 Epinal et cette ann\u00e9e, en hommage \u00e0 Nice, partenaire de la Sainte Fleur. Grande Riviera Florale, les Fleurs de Nice et de San Remo\u2026la sainte Fleur sera c\u00e9l\u00e9br\u00e9e le 8 \u00a0oct. en l\u2019\u00e9glise de Golbey et 9 oct. \u00e0 la Basilique Saint Maurice d\u2019Epinal \u00a0Pour ce 20\u00b0 anniversaire, Nicole Merlino a mobilis\u00e9 pour cela les fleuristes de l\u2019Association Vosges Sainte Fleur et le CFA de Roville aux ch\u00eanes.<\/p>\n<p>On retrouve autour de Nicole Merlino, Pr\u00e9sidente du comit\u00e9 r\u00e9gional Me Commerce de France, les \u00a0laur\u00e9ates lorraines du\u00a0 Conseil Europ\u00e9en Femmes Entreprises et Commerce, comme Martine Qu\u00e9not Me Commerce de France, Maison de Myon Nancy, Christiane Tenot, Me Commerce de France, le Relais Vosgien\u00a0 Saint Pierremont\u00a0; Martine Cornevaux, Me Commerce de France, Manufacture Royale \u00a0Bains les Bains.<\/p>\n","protected":false},"excerpt":{"rendered":"<p>La d\u00e9l\u00e9gation Grand Est du CEFEC qui regroupe Madame Commerce de France et les Femmes m\u00e9daill\u00e9es de la L\u00e9gion d\u2019Honneur.\u00a0A [&hellip;]<\/p>\n","protected":false},"author":52,"featured_media":65314,"comment_status":"open","ping_status":"open","sticky":false,"template":"","format":"standard","meta":{"footnotes":""},"categories":[10,5],"tags":[8844,8845,8846],"class_list":["post-65313","post","type-post","status-publish","format-standard","has-post-thumbnail","hentry","category-societe","category-vosges","tag-delegation-grand-est-du-cefec","tag-femmes-medaillees-de-la-legion-dhonneur","tag-madame-commerce-de-france"],"acf":[],"yoast_head":"<!-- This site is optimized with the Yoast SEO plugin v22.5 - https:\/\/yoast.com\/wordpress\/plugins\/seo\/ -->\n<title>Une d\u00e9l\u00e9gation r\u00e9gionale \u00e0 Epinal pour l\u2019anniversaire de la Sainte Fleur - Epinal Info<\/title>\n<meta name=\"robots\" content=\"index, follow, max-snippet:-1, max-image-preview:large, max-video-preview:-1\" \/>\n<link rel=\"canonical\" href=\"https:\/\/vosgesinfo.fr\/epinalinfo\/2016\/09\/delegation-regionale-a-epinal-lanniversaire-de-sainte-fleur\/\" \/>\n<meta name=\"twitter:card\" content=\"summary_large_image\" \/>\n<meta name=\"twitter:title\" content=\"Une d\u00e9l\u00e9gation r\u00e9gionale \u00e0 Epinal pour l\u2019anniversaire de la Sainte Fleur - Epinal Info\" \/>\n<meta name=\"twitter:description\" content=\"La d\u00e9l\u00e9gation Grand Est du CEFEC qui regroupe Madame Commerce de France et les Femmes m\u00e9daill\u00e9es de la L\u00e9gion d\u2019Honneur.\u00a0A [&hellip;]\" \/>\n<meta name=\"twitter:image\" content=\"https:\/\/vosgesinfo.fr\/app\/uploads\/sites\/3\/2024\/08\/201609dscf3640-1.jpeg\" \/>\n<meta name=\"twitter:creator\" content=\"@VosgesInfo88\" \/>\n<meta name=\"twitter:site\" content=\"@VosgesInfo88\" \/>\n<meta name=\"twitter:label1\" content=\"\u00c9crit par\" \/>\n\t<meta name=\"twitter:data1\" content=\"C.K.\" \/>\n\t<meta name=\"twitter:label2\" content=\"Dur\u00e9e de lecture estim\u00e9e\" \/>\n\t<meta name=\"twitter:data2\" content=\"1 minute\" \/>\n<script type=\"application\/ld+json\" class=\"yoast-schema-graph\">{\"@context\":\"https:\/\/schema.org\",\"@graph\":[{\"@type\":\"Article\",\"@id\":\"https:\/\/vosgesinfo.fr\/epinalinfo\/2016\/09\/delegation-regionale-a-epinal-lanniversaire-de-sainte-fleur\/#article\",\"isPartOf\":{\"@id\":\"https:\/\/vosgesinfo.fr\/epinalinfo\/2016\/09\/delegation-regionale-a-epinal-lanniversaire-de-sainte-fleur\/\"},\"author\":{\"name\":\"C.K.\",\"@id\":\"https:\/\/vosgesinfo.fr\/epinalinfo\/#\/schema\/person\/6f9a650eeea99d969b6c4ab78fccbe81\"},\"headline\":\"Une d\u00e9l\u00e9gation r\u00e9gionale \u00e0 Epinal pour l\u2019anniversaire de la Sainte Fleur\",\"datePublished\":\"2016-09-20T03:07:30+00:00\",\"dateModified\":\"2016-09-20T03:07:30+00:00\",\"mainEntityOfPage\":{\"@id\":\"https:\/\/vosgesinfo.fr\/epinalinfo\/2016\/09\/delegation-regionale-a-epinal-lanniversaire-de-sainte-fleur\/\"},\"wordCount\":299,\"commentCount\":0,\"publisher\":{\"@id\":\"https:\/\/vosgesinfo.fr\/epinalinfo\/#organization\"},\"image\":{\"@id\":\"https:\/\/vosgesinfo.fr\/epinalinfo\/2016\/09\/delegation-regionale-a-epinal-lanniversaire-de-sainte-fleur\/#primaryimage\"},\"thumbnailUrl\":\"https:\/\/vosgesinfo.fr\/app\/uploads\/sites\/3\/2024\/08\/201609dscf3640-1.jpeg\",\"keywords\":[\"d\u00e9l\u00e9gation Grand Est du CEFEC\",\"Femmes m\u00e9daill\u00e9es de la L\u00e9gion d\u2019Honneur\",\"Madame Commerce de France\"],\"articleSection\":[\"Soci\u00e9t\u00e9\",\"Vosges\"],\"inLanguage\":\"fr-FR\",\"potentialAction\":[{\"@type\":\"CommentAction\",\"name\":\"Comment\",\"target\":[\"https:\/\/vosgesinfo.fr\/epinalinfo\/2016\/09\/delegation-regionale-a-epinal-lanniversaire-de-sainte-fleur\/#respond\"]}]},{\"@type\":\"WebPage\",\"@id\":\"https:\/\/vosgesinfo.fr\/epinalinfo\/2016\/09\/delegation-regionale-a-epinal-lanniversaire-de-sainte-fleur\/\",\"url\":\"https:\/\/vosgesinfo.fr\/epinalinfo\/2016\/09\/delegation-regionale-a-epinal-lanniversaire-de-sainte-fleur\/\",\"name\":\"Une d\u00e9l\u00e9gation r\u00e9gionale \u00e0 Epinal pour l\u2019anniversaire de la Sainte Fleur - Epinal Info\",\"isPartOf\":{\"@id\":\"https:\/\/vosgesinfo.fr\/epinalinfo\/#website\"},\"primaryImageOfPage\":{\"@id\":\"https:\/\/vosgesinfo.fr\/epinalinfo\/2016\/09\/delegation-regionale-a-epinal-lanniversaire-de-sainte-fleur\/#primaryimage\"},\"image\":{\"@id\":\"https:\/\/vosgesinfo.fr\/epinalinfo\/2016\/09\/delegation-regionale-a-epinal-lanniversaire-de-sainte-fleur\/#primaryimage\"},\"thumbnailUrl\":\"https:\/\/vosgesinfo.fr\/app\/uploads\/sites\/3\/2024\/08\/201609dscf3640-1.jpeg\",\"datePublished\":\"2016-09-20T03:07:30+00:00\",\"dateModified\":\"2016-09-20T03:07:30+00:00\",\"breadcrumb\":{\"@id\":\"https:\/\/vosgesinfo.fr\/epinalinfo\/2016\/09\/delegation-regionale-a-epinal-lanniversaire-de-sainte-fleur\/#breadcrumb\"},\"inLanguage\":\"fr-FR\",\"potentialAction\":[{\"@type\":\"ReadAction\",\"target\":[\"https:\/\/vosgesinfo.fr\/epinalinfo\/2016\/09\/delegation-regionale-a-epinal-lanniversaire-de-sainte-fleur\/\"]}]},{\"@type\":\"ImageObject\",\"inLanguage\":\"fr-FR\",\"@id\":\"https:\/\/vosgesinfo.fr\/epinalinfo\/2016\/09\/delegation-regionale-a-epinal-lanniversaire-de-sainte-fleur\/#primaryimage\",\"url\":\"https:\/\/vosgesinfo.fr\/app\/uploads\/sites\/3\/2024\/08\/201609dscf3640-1.jpeg\",\"contentUrl\":\"https:\/\/vosgesinfo.fr\/app\/uploads\/sites\/3\/2024\/08\/201609dscf3640-1.jpeg\",\"width\":800,\"height\":600},{\"@type\":\"BreadcrumbList\",\"@id\":\"https:\/\/vosgesinfo.fr\/epinalinfo\/2016\/09\/delegation-regionale-a-epinal-lanniversaire-de-sainte-fleur\/#breadcrumb\",\"itemListElement\":[{\"@type\":\"ListItem\",\"position\":1,\"name\":\"Home\",\"item\":\"https:\/\/vosgesinfo.fr\/epinalinfo\/\"},{\"@type\":\"ListItem\",\"position\":2,\"name\":\"Une d\u00e9l\u00e9gation r\u00e9gionale \u00e0 Epinal pour l\u2019anniversaire de la Sainte Fleur\"}]},{\"@type\":\"WebSite\",\"@id\":\"https:\/\/vosgesinfo.fr\/epinalinfo\/#website\",\"url\":\"https:\/\/vosgesinfo.fr\/epinalinfo\/\",\"name\":\"Epinal Info\",\"description\":\"Toute l&#039;actualit\u00e9 d&#039;\u00c9pinal\",\"publisher\":{\"@id\":\"https:\/\/vosgesinfo.fr\/epinalinfo\/#organization\"},\"alternateName\":\"Toute l'actualit\u00e9 d'\u00c9pinal\",\"potentialAction\":[{\"@type\":\"SearchAction\",\"target\":{\"@type\":\"EntryPoint\",\"urlTemplate\":\"https:\/\/vosgesinfo.fr\/epinalinfo\/?s={search_term_string}\"},\"query-input\":\"required name=search_term_string\"}],\"inLanguage\":\"fr-FR\"},{\"@type\":\"Organization\",\"@id\":\"https:\/\/vosgesinfo.fr\/epinalinfo\/#organization\",\"name\":\"Epinal Info\",\"url\":\"https:\/\/vosgesinfo.fr\/epinalinfo\/\",\"logo\":{\"@type\":\"ImageObject\",\"inLanguage\":\"fr-FR\",\"@id\":\"https:\/\/vosgesinfo.fr\/epinalinfo\/#\/schema\/logo\/image\/\",\"url\":\"https:\/\/vosgesinfo.fr\/app\/uploads\/sites\/3\/2023\/08\/logo-epinalinfos.svg\",\"contentUrl\":\"https:\/\/vosgesinfo.fr\/app\/uploads\/sites\/3\/2023\/08\/logo-epinalinfos.svg\",\"width\":1,\"height\":1,\"caption\":\"Epinal Info\"},\"image\":{\"@id\":\"https:\/\/vosgesinfo.fr\/epinalinfo\/#\/schema\/logo\/image\/\"},\"sameAs\":[\"https:\/\/www.facebook.com\/Epinalinfos\",\"https:\/\/x.com\/VosgesInfo88\",\"https:\/\/www.youtube.com\/@vosgesinfo\"]},{\"@type\":\"Person\",\"@id\":\"https:\/\/vosgesinfo.fr\/epinalinfo\/#\/schema\/person\/6f9a650eeea99d969b6c4ab78fccbe81\",\"name\":\"C.K.\",\"image\":{\"@type\":\"ImageObject\",\"inLanguage\":\"fr-FR\",\"@id\":\"https:\/\/vosgesinfo.fr\/epinalinfo\/#\/schema\/person\/image\/\",\"url\":\"https:\/\/secure.gravatar.com\/avatar\/48e3fc7f8421ba8942be6b74a2b7f014ca39bc00dece156b7a8e098ae7dc87bf?s=96&d=mm&r=g\",\"contentUrl\":\"https:\/\/secure.gravatar.com\/avatar\/48e3fc7f8421ba8942be6b74a2b7f014ca39bc00dece156b7a8e098ae7dc87bf?s=96&d=mm&r=g\",\"caption\":\"C.K.\"},\"url\":\"https:\/\/vosgesinfo.fr\/epinalinfo\/author\/celia-k-n\/\"}]}<\/script>\n<!-- \/ Yoast SEO plugin. -->","yoast_head_json":{"title":"Une d\u00e9l\u00e9gation r\u00e9gionale \u00e0 Epinal pour l\u2019anniversaire de la Sainte Fleur - Epinal Info","robots":{"index":"index","follow":"follow","max-snippet":"max-snippet:-1","max-image-preview":"max-image-preview:large","max-video-preview":"max-video-preview:-1"},"canonical":"https:\/\/vosgesinfo.fr\/epinalinfo\/2016\/09\/delegation-regionale-a-epinal-lanniversaire-de-sainte-fleur\/","twitter_card":"summary_large_image","twitter_title":"Une d\u00e9l\u00e9gation r\u00e9gionale \u00e0 Epinal pour l\u2019anniversaire de la Sainte Fleur - Epinal Info","twitter_description":"La d\u00e9l\u00e9gation Grand Est du CEFEC qui regroupe Madame Commerce de France et les Femmes m\u00e9daill\u00e9es de la L\u00e9gion d\u2019Honneur.\u00a0A [&hellip;]","twitter_image":"https:\/\/vosgesinfo.fr\/app\/uploads\/sites\/3\/2024\/08\/201609dscf3640-1.jpeg","twitter_creator":"@VosgesInfo88","twitter_site":"@VosgesInfo88","twitter_misc":{"\u00c9crit par":"C.K.","Dur\u00e9e de lecture estim\u00e9e":"1 minute"},"schema":{"@context":"https:\/\/schema.org","@graph":[{"@type":"Article","@id":"https:\/\/vosgesinfo.fr\/epinalinfo\/2016\/09\/delegation-regionale-a-epinal-lanniversaire-de-sainte-fleur\/#article","isPartOf":{"@id":"https:\/\/vosgesinfo.fr\/epinalinfo\/2016\/09\/delegation-regionale-a-epinal-lanniversaire-de-sainte-fleur\/"},"author":{"name":"C.K.","@id":"https:\/\/vosgesinfo.fr\/epinalinfo\/#\/schema\/person\/6f9a650eeea99d969b6c4ab78fccbe81"},"headline":"Une d\u00e9l\u00e9gation r\u00e9gionale \u00e0 Epinal pour l\u2019anniversaire de la Sainte Fleur","datePublished":"2016-09-20T03:07:30+00:00","dateModified":"2016-09-20T03:07:30+00:00","mainEntityOfPage":{"@id":"https:\/\/vosgesinfo.fr\/epinalinfo\/2016\/09\/delegation-regionale-a-epinal-lanniversaire-de-sainte-fleur\/"},"wordCount":299,"commentCount":0,"publisher":{"@id":"https:\/\/vosgesinfo.fr\/epinalinfo\/#organization"},"image":{"@id":"https:\/\/vosgesinfo.fr\/epinalinfo\/2016\/09\/delegation-regionale-a-epinal-lanniversaire-de-sainte-fleur\/#primaryimage"},"thumbnailUrl":"https:\/\/vosgesinfo.fr\/app\/uploads\/sites\/3\/2024\/08\/201609dscf3640-1.jpeg","keywords":["d\u00e9l\u00e9gation Grand Est du CEFEC","Femmes m\u00e9daill\u00e9es de la L\u00e9gion d\u2019Honneur","Madame Commerce de France"],"articleSection":["Soci\u00e9t\u00e9","Vosges"],"inLanguage":"fr-FR","potentialAction":[{"@type":"CommentAction","name":"Comment","target":["https:\/\/vosgesinfo.fr\/epinalinfo\/2016\/09\/delegation-regionale-a-epinal-lanniversaire-de-sainte-fleur\/#respond"]}]},{"@type":"WebPage","@id":"https:\/\/vosgesinfo.fr\/epinalinfo\/2016\/09\/delegation-regionale-a-epinal-lanniversaire-de-sainte-fleur\/","url":"https:\/\/vosgesinfo.fr\/epinalinfo\/2016\/09\/delegation-regionale-a-epinal-lanniversaire-de-sainte-fleur\/","name":"Une d\u00e9l\u00e9gation r\u00e9gionale \u00e0 Epinal pour l\u2019anniversaire de la Sainte Fleur - Epinal Info","isPartOf":{"@id":"https:\/\/vosgesinfo.fr\/epinalinfo\/#website"},"primaryImageOfPage":{"@id":"https:\/\/vosgesinfo.fr\/epinalinfo\/2016\/09\/delegation-regionale-a-epinal-lanniversaire-de-sainte-fleur\/#primaryimage"},"image":{"@id":"https:\/\/vosgesinfo.fr\/epinalinfo\/2016\/09\/delegation-regionale-a-epinal-lanniversaire-de-sainte-fleur\/#primaryimage"},"thumbnailUrl":"https:\/\/vosgesinfo.fr\/app\/uploads\/sites\/3\/2024\/08\/201609dscf3640-1.jpeg","datePublished":"2016-09-20T03:07:30+00:00","dateModified":"2016-09-20T03:07:30+00:00","breadcrumb":{"@id":"https:\/\/vosgesinfo.fr\/epinalinfo\/2016\/09\/delegation-regionale-a-epinal-lanniversaire-de-sainte-fleur\/#breadcrumb"},"inLanguage":"fr-FR","potentialAction":[{"@type":"ReadAction","target":["https:\/\/vosgesinfo.fr\/epinalinfo\/2016\/09\/delegation-regionale-a-epinal-lanniversaire-de-sainte-fleur\/"]}]},{"@type":"ImageObject","inLanguage":"fr-FR","@id":"https:\/\/vosgesinfo.fr\/epinalinfo\/2016\/09\/delegation-regionale-a-epinal-lanniversaire-de-sainte-fleur\/#primaryimage","url":"https:\/\/vosgesinfo.fr\/app\/uploads\/sites\/3\/2024\/08\/201609dscf3640-1.jpeg","contentUrl":"https:\/\/vosgesinfo.fr\/app\/uploads\/sites\/3\/2024\/08\/201609dscf3640-1.jpeg","width":800,"height":600},{"@type":"BreadcrumbList","@id":"https:\/\/vosgesinfo.fr\/epinalinfo\/2016\/09\/delegation-regionale-a-epinal-lanniversaire-de-sainte-fleur\/#breadcrumb","itemListElement":[{"@type":"ListItem","position":1,"name":"Home","item":"https:\/\/vosgesinfo.fr\/epinalinfo\/"},{"@type":"ListItem","position":2,"name":"Une d\u00e9l\u00e9gation r\u00e9gionale \u00e0 Epinal pour l\u2019anniversaire de la Sainte Fleur"}]},{"@type":"WebSite","@id":"https:\/\/vosgesinfo.fr\/epinalinfo\/#website","url":"https:\/\/vosgesinfo.fr\/epinalinfo\/","name":"Epinal Info","description":"Toute l&#039;actualit\u00e9 d&#039;\u00c9pinal","publisher":{"@id":"https:\/\/vosgesinfo.fr\/epinalinfo\/#organization"},"alternateName":"Toute l'actualit\u00e9 d'\u00c9pinal","potentialAction":[{"@type":"SearchAction","target":{"@type":"EntryPoint","urlTemplate":"https:\/\/vosgesinfo.fr\/epinalinfo\/?s={search_term_string}"},"query-input":"required name=search_term_string"}],"inLanguage":"fr-FR"},{"@type":"Organization","@id":"https:\/\/vosgesinfo.fr\/epinalinfo\/#organization","name":"Epinal Info","url":"https:\/\/vosgesinfo.fr\/epinalinfo\/","logo":{"@type":"ImageObject","inLanguage":"fr-FR","@id":"https:\/\/vosgesinfo.fr\/epinalinfo\/#\/schema\/logo\/image\/","url":"https:\/\/vosgesinfo.fr\/app\/uploads\/sites\/3\/2023\/08\/logo-epinalinfos.svg","contentUrl":"https:\/\/vosgesinfo.fr\/app\/uploads\/sites\/3\/2023\/08\/logo-epinalinfos.svg","width":1,"height":1,"caption":"Epinal Info"},"image":{"@id":"https:\/\/vosgesinfo.fr\/epinalinfo\/#\/schema\/logo\/image\/"},"sameAs":["https:\/\/www.facebook.com\/Epinalinfos","https:\/\/x.com\/VosgesInfo88","https:\/\/www.youtube.com\/@vosgesinfo"]},{"@type":"Person","@id":"https:\/\/vosgesinfo.fr\/epinalinfo\/#\/schema\/person\/6f9a650eeea99d969b6c4ab78fccbe81","name":"C.K.","image":{"@type":"ImageObject","inLanguage":"fr-FR","@id":"https:\/\/vosgesinfo.fr\/epinalinfo\/#\/schema\/person\/image\/","url":"https:\/\/secure.gravatar.com\/avatar\/48e3fc7f8421ba8942be6b74a2b7f014ca39bc00dece156b7a8e098ae7dc87bf?s=96&d=mm&r=g","contentUrl":"https:\/\/secure.gravatar.com\/avatar\/48e3fc7f8421ba8942be6b74a2b7f014ca39bc00dece156b7a8e098ae7dc87bf?s=96&d=mm&r=g","caption":"C.K."},"url":"https:\/\/vosgesinfo.fr\/epinalinfo\/author\/celia-k-n\/"}]}},"_links":{"self":[{"href":"https:\/\/vosgesinfo.fr\/epinalinfo\/wp-json\/wp\/v2\/posts\/65313","targetHints":{"allow":["GET"]}}],"collection":[{"href":"https:\/\/vosgesinfo.fr\/epinalinfo\/wp-json\/wp\/v2\/posts"}],"about":[{"href":"https:\/\/vosgesinfo.fr\/epinalinfo\/wp-json\/wp\/v2\/types\/post"}],"author":[{"embeddable":true,"href":"https:\/\/vosgesinfo.fr\/epinalinfo\/wp-json\/wp\/v2\/users\/52"}],"replies":[{"embeddable":true,"href":"https:\/\/vosgesinfo.fr\/epinalinfo\/wp-json\/wp\/v2\/comments?post=65313"}],"version-history":[{"count":0,"href":"https:\/\/vosgesinfo.fr\/epinalinfo\/wp-json\/wp\/v2\/posts\/65313\/revisions"}],"wp:featuredmedia":[{"embeddable":true,"href":"https:\/\/vosgesinfo.fr\/epinalinfo\/wp-json\/wp\/v2\/media\/65314"}],"wp:attachment":[{"href":"https:\/\/vosgesinfo.fr\/epinalinfo\/wp-json\/wp\/v2\/media?parent=65313"}],"wp:term":[{"taxonomy":"category","embeddable":true,"href":"https:\/\/vosgesinfo.fr\/epinalinfo\/wp-json\/wp\/v2\/categories?post=65313"},{"taxonomy":"post_tag","embeddable":true,"href":"https:\/\/vosgesinfo.fr\/epinalinfo\/wp-json\/wp\/v2\/tags?post=65313"}],"curies":[{"name":"wp","href":"https:\/\/api.w.org\/{rel}","templated":true}]}}