{"id":65828,"date":"2016-10-05T14:20:11","date_gmt":"2016-10-05T12:20:11","guid":{"rendered":"https:\/\/vosgesinfo.fr\/epinalinfo\/2016\/10\/pompiers-a-caserne-courcy-depinal\/"},"modified":"2016-10-05T14:20:11","modified_gmt":"2016-10-05T12:20:11","slug":"pompiers-a-caserne-courcy-depinal","status":"publish","type":"post","link":"https:\/\/vosgesinfo.fr\/epinalinfo\/2016\/10\/pompiers-a-caserne-courcy-depinal\/","title":{"rendered":"Les pompiers \u00e0 la caserne Courcy d&rsquo;Epinal"},"content":{"rendered":"<div id=\"attachment_101162\" style=\"width: 810px\" class=\"wp-caption aligncenter\"><a href=\"http:\/\/epinalinfos.fr\/2016\/10\/pompiers-a-caserne-courcy-depinal\/14500771_1192117617529768_870550456381539487_o\/\" rel=\"attachment wp-att-101162\"><img decoding=\"async\" aria-describedby=\"caption-attachment-101162\" class=\"size-full wp-image-101162\" src=\"\/2016\/10\/14500771_1192117617529768_870550456381539487_o.jpg\" alt=\"(photographies gendarmerie des Vosges)\" width=\"800\" height=\"534\" \/><\/a><p id=\"caption-attachment-101162\" class=\"wp-caption-text\">(photographies gendarmerie des Vosges)<\/p><\/div>\n<p><strong>Ce mercredi les pompiers \u00e9taient appel\u00e9s dans la caserne Courcy au groupement de gendarmerie d\u00e9partementale des Vosges \u00e0 \u00c9pinal pour un exercice.<\/strong><\/p>\n<div id=\"attachment_101165\" style=\"width: 810px\" class=\"wp-caption aligncenter\"><a href=\"http:\/\/epinalinfos.fr\/2016\/10\/pompiers-a-caserne-courcy-depinal\/14468506_1192116407529889_807928315112207250_o\/\" rel=\"attachment wp-att-101165\"><img decoding=\"async\" aria-describedby=\"caption-attachment-101165\" class=\"size-full wp-image-101165\" src=\"\/2016\/10\/14468506_1192116407529889_807928315112207250_o.jpg\" alt=\"(photographies gendarmerie des Vosges)\" width=\"800\" height=\"534\" \/><\/a><p id=\"caption-attachment-101165\" class=\"wp-caption-text\">(photographies gendarmerie des Vosges)<\/p><\/div>\n<p>Vers 10h10 un important d\u00e9gagement de fum\u00e9e provenant du 2\u00e8me \u00e9tage des locaux administratifs envahit le b\u00e2timent.<br \/>\nUn incendie vient de se d\u00e9clarer. L&rsquo;alerte est donn\u00e9e, les secours sont avertis. Sur place deux personnes manquent \u00e0 l\u2019appel, un agent administratif et un sous-officier du corps de sout<span class=\"text_exposed_show\">ient.<br \/>\nA 10h20 les sapeurs pompiers de Golbey \u2013 \u00c9pinal sont sur les lieux et prennent en compte les op\u00e9rations de secours.<br \/>\nLa grande \u00e9chelle est utilis\u00e9e pour secourir les victimes qui se trouvent bloqu\u00e9s dans leur bureau. Apr\u00e8s une prise en charge, elles seront \u00e9vacu\u00e9es vers le centre hospitalier d\u2019\u00c9pinal pour des examens de contr\u00f4les.<br \/>\nQuatre v\u00e9hicules de sapeurs pompiers sont engag\u00e9s sur cet \u00e9v\u00e9nement.<br \/>\nA 10h45 fin d\u2019exercice, ce d\u00e9ploiement de secours n&rsquo;est qu&rsquo;une simulation qui avait pour but de s&rsquo;exercer \u00e0 bien r\u00e9agir en cas de vrai sinistre, tant au niveau de la r\u00e9activit\u00e9 des personnels de la gendarmerie que de la rapidit\u00e9 et l&rsquo;efficacit\u00e9 de l&rsquo;intervention des sapeurs pompiers.<\/span><\/p>\n\n\t\t<style type=\"text\/css\">\n\t\t\t#gallery-1 {\n\t\t\t\tmargin: auto;\n\t\t\t}\n\t\t\t#gallery-1 .gallery-item {\n\t\t\t\tfloat: left;\n\t\t\t\tmargin-top: 10px;\n\t\t\t\ttext-align: center;\n\t\t\t\twidth: 33%;\n\t\t\t}\n\t\t\t#gallery-1 img {\n\t\t\t\tborder: 2px solid #cfcfcf;\n\t\t\t}\n\t\t\t#gallery-1 .gallery-caption {\n\t\t\t\tmargin-left: 0;\n\t\t\t}\n\t\t\t\/* see gallery_shortcode() in wp-includes\/media.php *\/\n\t\t<\/style>\n\t\t<div id='gallery-1' class='gallery galleryid-65828 gallery-columns-3 gallery-size-medium'><dl class='gallery-item'>\n\t\t\t<dt class='gallery-icon landscape'>\n\t\t\t\t<a href='https:\/\/vosgesinfo.fr\/app\/uploads\/sites\/3\/2024\/08\/202105yrns-18.jpg'><img decoding=\"async\" width=\"300\" height=\"225\" src=\"https:\/\/vosgesinfo.fr\/app\/uploads\/sites\/3\/2024\/08\/202105yrns-18-300x225.jpg\" class=\"attachment-medium size-medium\" alt=\"\" srcset=\"https:\/\/vosgesinfo.fr\/app\/uploads\/sites\/3\/2024\/08\/202105yrns-18-300x225.jpg 300w, https:\/\/vosgesinfo.fr\/app\/uploads\/sites\/3\/2024\/08\/202105yrns-18-768x576.jpg 768w, https:\/\/vosgesinfo.fr\/app\/uploads\/sites\/3\/2024\/08\/202105yrns-18.jpg 800w\" sizes=\"(max-width: 300px) 100vw, 300px\" \/><\/a>\n\t\t\t<\/dt><\/dl>\n\t\t\t<br style='clear: both' \/>\n\t\t<\/div>\n\n","protected":false},"excerpt":{"rendered":"<p>Ce mercredi les pompiers \u00e9taient appel\u00e9s dans la caserne Courcy au groupement de gendarmerie d\u00e9partementale des Vosges \u00e0 \u00c9pinal pour [&hellip;]<\/p>\n","protected":false},"author":52,"featured_media":65829,"comment_status":"open","ping_status":"open","sticky":false,"template":"","format":"standard","meta":{"footnotes":""},"categories":[6],"tags":[2139,173],"class_list":["post-65828","post","type-post","status-publish","format-standard","has-post-thumbnail","hentry","category-faits-divers","tag-caserne-courcy","tag-pompiers"],"acf":[],"yoast_head":"<!-- This site is optimized with the Yoast SEO plugin v22.5 - https:\/\/yoast.com\/wordpress\/plugins\/seo\/ -->\n<title>Les pompiers \u00e0 la caserne Courcy d&#039;Epinal - Epinal Info<\/title>\n<meta name=\"robots\" content=\"index, follow, max-snippet:-1, max-image-preview:large, max-video-preview:-1\" \/>\n<link rel=\"canonical\" href=\"https:\/\/vosgesinfo.fr\/epinalinfo\/2016\/10\/pompiers-a-caserne-courcy-depinal\/\" \/>\n<meta name=\"twitter:card\" content=\"summary_large_image\" \/>\n<meta name=\"twitter:title\" content=\"Les pompiers \u00e0 la caserne Courcy d&#039;Epinal - Epinal Info\" \/>\n<meta name=\"twitter:description\" content=\"Ce mercredi les pompiers \u00e9taient appel\u00e9s dans la caserne Courcy au groupement de gendarmerie d\u00e9partementale des Vosges \u00e0 \u00c9pinal pour [&hellip;]\" \/>\n<meta name=\"twitter:image\" content=\"https:\/\/vosgesinfo.fr\/app\/uploads\/sites\/3\/2024\/08\/20161014500771-1192117617529768-870550456381539487-o.jpg\" \/>\n<meta name=\"twitter:creator\" content=\"@VosgesInfo88\" \/>\n<meta name=\"twitter:site\" content=\"@VosgesInfo88\" \/>\n<meta name=\"twitter:label1\" content=\"\u00c9crit par\" \/>\n\t<meta name=\"twitter:data1\" content=\"C.K.\" \/>\n\t<meta name=\"twitter:label2\" content=\"Dur\u00e9e de lecture estim\u00e9e\" \/>\n\t<meta name=\"twitter:data2\" content=\"1 minute\" \/>\n<script type=\"application\/ld+json\" class=\"yoast-schema-graph\">{\"@context\":\"https:\/\/schema.org\",\"@graph\":[{\"@type\":\"Article\",\"@id\":\"https:\/\/vosgesinfo.fr\/epinalinfo\/2016\/10\/pompiers-a-caserne-courcy-depinal\/#article\",\"isPartOf\":{\"@id\":\"https:\/\/vosgesinfo.fr\/epinalinfo\/2016\/10\/pompiers-a-caserne-courcy-depinal\/\"},\"author\":{\"name\":\"C.K.\",\"@id\":\"https:\/\/vosgesinfo.fr\/epinalinfo\/#\/schema\/person\/6f9a650eeea99d969b6c4ab78fccbe81\"},\"headline\":\"Les pompiers \u00e0 la caserne Courcy d&rsquo;Epinal\",\"datePublished\":\"2016-10-05T12:20:11+00:00\",\"dateModified\":\"2016-10-05T12:20:11+00:00\",\"mainEntityOfPage\":{\"@id\":\"https:\/\/vosgesinfo.fr\/epinalinfo\/2016\/10\/pompiers-a-caserne-courcy-depinal\/\"},\"wordCount\":242,\"commentCount\":0,\"publisher\":{\"@id\":\"https:\/\/vosgesinfo.fr\/epinalinfo\/#organization\"},\"image\":{\"@id\":\"https:\/\/vosgesinfo.fr\/epinalinfo\/2016\/10\/pompiers-a-caserne-courcy-depinal\/#primaryimage\"},\"thumbnailUrl\":\"https:\/\/vosgesinfo.fr\/app\/uploads\/sites\/3\/2024\/08\/20161014500771-1192117617529768-870550456381539487-o.jpg\",\"keywords\":[\"caserne Courcy\",\"pompiers\"],\"articleSection\":[\"Faits-divers\"],\"inLanguage\":\"fr-FR\",\"potentialAction\":[{\"@type\":\"CommentAction\",\"name\":\"Comment\",\"target\":[\"https:\/\/vosgesinfo.fr\/epinalinfo\/2016\/10\/pompiers-a-caserne-courcy-depinal\/#respond\"]}]},{\"@type\":\"WebPage\",\"@id\":\"https:\/\/vosgesinfo.fr\/epinalinfo\/2016\/10\/pompiers-a-caserne-courcy-depinal\/\",\"url\":\"https:\/\/vosgesinfo.fr\/epinalinfo\/2016\/10\/pompiers-a-caserne-courcy-depinal\/\",\"name\":\"Les pompiers \u00e0 la caserne Courcy d'Epinal - Epinal Info\",\"isPartOf\":{\"@id\":\"https:\/\/vosgesinfo.fr\/epinalinfo\/#website\"},\"primaryImageOfPage\":{\"@id\":\"https:\/\/vosgesinfo.fr\/epinalinfo\/2016\/10\/pompiers-a-caserne-courcy-depinal\/#primaryimage\"},\"image\":{\"@id\":\"https:\/\/vosgesinfo.fr\/epinalinfo\/2016\/10\/pompiers-a-caserne-courcy-depinal\/#primaryimage\"},\"thumbnailUrl\":\"https:\/\/vosgesinfo.fr\/app\/uploads\/sites\/3\/2024\/08\/20161014500771-1192117617529768-870550456381539487-o.jpg\",\"datePublished\":\"2016-10-05T12:20:11+00:00\",\"dateModified\":\"2016-10-05T12:20:11+00:00\",\"breadcrumb\":{\"@id\":\"https:\/\/vosgesinfo.fr\/epinalinfo\/2016\/10\/pompiers-a-caserne-courcy-depinal\/#breadcrumb\"},\"inLanguage\":\"fr-FR\",\"potentialAction\":[{\"@type\":\"ReadAction\",\"target\":[\"https:\/\/vosgesinfo.fr\/epinalinfo\/2016\/10\/pompiers-a-caserne-courcy-depinal\/\"]}]},{\"@type\":\"ImageObject\",\"inLanguage\":\"fr-FR\",\"@id\":\"https:\/\/vosgesinfo.fr\/epinalinfo\/2016\/10\/pompiers-a-caserne-courcy-depinal\/#primaryimage\",\"url\":\"https:\/\/vosgesinfo.fr\/app\/uploads\/sites\/3\/2024\/08\/20161014500771-1192117617529768-870550456381539487-o.jpg\",\"contentUrl\":\"https:\/\/vosgesinfo.fr\/app\/uploads\/sites\/3\/2024\/08\/20161014500771-1192117617529768-870550456381539487-o.jpg\",\"width\":800,\"height\":534},{\"@type\":\"BreadcrumbList\",\"@id\":\"https:\/\/vosgesinfo.fr\/epinalinfo\/2016\/10\/pompiers-a-caserne-courcy-depinal\/#breadcrumb\",\"itemListElement\":[{\"@type\":\"ListItem\",\"position\":1,\"name\":\"Home\",\"item\":\"https:\/\/vosgesinfo.fr\/epinalinfo\/\"},{\"@type\":\"ListItem\",\"position\":2,\"name\":\"Les pompiers \u00e0 la caserne Courcy d&rsquo;Epinal\"}]},{\"@type\":\"WebSite\",\"@id\":\"https:\/\/vosgesinfo.fr\/epinalinfo\/#website\",\"url\":\"https:\/\/vosgesinfo.fr\/epinalinfo\/\",\"name\":\"Epinal Info\",\"description\":\"Toute l&#039;actualit\u00e9 d&#039;\u00c9pinal\",\"publisher\":{\"@id\":\"https:\/\/vosgesinfo.fr\/epinalinfo\/#organization\"},\"alternateName\":\"Toute l'actualit\u00e9 d'\u00c9pinal\",\"potentialAction\":[{\"@type\":\"SearchAction\",\"target\":{\"@type\":\"EntryPoint\",\"urlTemplate\":\"https:\/\/vosgesinfo.fr\/epinalinfo\/?s={search_term_string}\"},\"query-input\":\"required name=search_term_string\"}],\"inLanguage\":\"fr-FR\"},{\"@type\":\"Organization\",\"@id\":\"https:\/\/vosgesinfo.fr\/epinalinfo\/#organization\",\"name\":\"Epinal Info\",\"url\":\"https:\/\/vosgesinfo.fr\/epinalinfo\/\",\"logo\":{\"@type\":\"ImageObject\",\"inLanguage\":\"fr-FR\",\"@id\":\"https:\/\/vosgesinfo.fr\/epinalinfo\/#\/schema\/logo\/image\/\",\"url\":\"https:\/\/vosgesinfo.fr\/app\/uploads\/sites\/3\/2023\/08\/logo-epinalinfos.svg\",\"contentUrl\":\"https:\/\/vosgesinfo.fr\/app\/uploads\/sites\/3\/2023\/08\/logo-epinalinfos.svg\",\"width\":1,\"height\":1,\"caption\":\"Epinal Info\"},\"image\":{\"@id\":\"https:\/\/vosgesinfo.fr\/epinalinfo\/#\/schema\/logo\/image\/\"},\"sameAs\":[\"https:\/\/www.facebook.com\/Epinalinfos\",\"https:\/\/x.com\/VosgesInfo88\",\"https:\/\/www.youtube.com\/@vosgesinfo\"]},{\"@type\":\"Person\",\"@id\":\"https:\/\/vosgesinfo.fr\/epinalinfo\/#\/schema\/person\/6f9a650eeea99d969b6c4ab78fccbe81\",\"name\":\"C.K.\",\"image\":{\"@type\":\"ImageObject\",\"inLanguage\":\"fr-FR\",\"@id\":\"https:\/\/vosgesinfo.fr\/epinalinfo\/#\/schema\/person\/image\/\",\"url\":\"https:\/\/secure.gravatar.com\/avatar\/48e3fc7f8421ba8942be6b74a2b7f014ca39bc00dece156b7a8e098ae7dc87bf?s=96&d=mm&r=g\",\"contentUrl\":\"https:\/\/secure.gravatar.com\/avatar\/48e3fc7f8421ba8942be6b74a2b7f014ca39bc00dece156b7a8e098ae7dc87bf?s=96&d=mm&r=g\",\"caption\":\"C.K.\"},\"url\":\"https:\/\/vosgesinfo.fr\/epinalinfo\/author\/celia-k-n\/\"}]}<\/script>\n<!-- \/ Yoast SEO plugin. -->","yoast_head_json":{"title":"Les pompiers \u00e0 la caserne Courcy d'Epinal - Epinal Info","robots":{"index":"index","follow":"follow","max-snippet":"max-snippet:-1","max-image-preview":"max-image-preview:large","max-video-preview":"max-video-preview:-1"},"canonical":"https:\/\/vosgesinfo.fr\/epinalinfo\/2016\/10\/pompiers-a-caserne-courcy-depinal\/","twitter_card":"summary_large_image","twitter_title":"Les pompiers \u00e0 la caserne Courcy d'Epinal - Epinal Info","twitter_description":"Ce mercredi les pompiers \u00e9taient appel\u00e9s dans la caserne Courcy au groupement de gendarmerie d\u00e9partementale des Vosges \u00e0 \u00c9pinal pour [&hellip;]","twitter_image":"https:\/\/vosgesinfo.fr\/app\/uploads\/sites\/3\/2024\/08\/20161014500771-1192117617529768-870550456381539487-o.jpg","twitter_creator":"@VosgesInfo88","twitter_site":"@VosgesInfo88","twitter_misc":{"\u00c9crit par":"C.K.","Dur\u00e9e de lecture estim\u00e9e":"1 minute"},"schema":{"@context":"https:\/\/schema.org","@graph":[{"@type":"Article","@id":"https:\/\/vosgesinfo.fr\/epinalinfo\/2016\/10\/pompiers-a-caserne-courcy-depinal\/#article","isPartOf":{"@id":"https:\/\/vosgesinfo.fr\/epinalinfo\/2016\/10\/pompiers-a-caserne-courcy-depinal\/"},"author":{"name":"C.K.","@id":"https:\/\/vosgesinfo.fr\/epinalinfo\/#\/schema\/person\/6f9a650eeea99d969b6c4ab78fccbe81"},"headline":"Les pompiers \u00e0 la caserne Courcy d&rsquo;Epinal","datePublished":"2016-10-05T12:20:11+00:00","dateModified":"2016-10-05T12:20:11+00:00","mainEntityOfPage":{"@id":"https:\/\/vosgesinfo.fr\/epinalinfo\/2016\/10\/pompiers-a-caserne-courcy-depinal\/"},"wordCount":242,"commentCount":0,"publisher":{"@id":"https:\/\/vosgesinfo.fr\/epinalinfo\/#organization"},"image":{"@id":"https:\/\/vosgesinfo.fr\/epinalinfo\/2016\/10\/pompiers-a-caserne-courcy-depinal\/#primaryimage"},"thumbnailUrl":"https:\/\/vosgesinfo.fr\/app\/uploads\/sites\/3\/2024\/08\/20161014500771-1192117617529768-870550456381539487-o.jpg","keywords":["caserne Courcy","pompiers"],"articleSection":["Faits-divers"],"inLanguage":"fr-FR","potentialAction":[{"@type":"CommentAction","name":"Comment","target":["https:\/\/vosgesinfo.fr\/epinalinfo\/2016\/10\/pompiers-a-caserne-courcy-depinal\/#respond"]}]},{"@type":"WebPage","@id":"https:\/\/vosgesinfo.fr\/epinalinfo\/2016\/10\/pompiers-a-caserne-courcy-depinal\/","url":"https:\/\/vosgesinfo.fr\/epinalinfo\/2016\/10\/pompiers-a-caserne-courcy-depinal\/","name":"Les pompiers \u00e0 la caserne Courcy d'Epinal - Epinal Info","isPartOf":{"@id":"https:\/\/vosgesinfo.fr\/epinalinfo\/#website"},"primaryImageOfPage":{"@id":"https:\/\/vosgesinfo.fr\/epinalinfo\/2016\/10\/pompiers-a-caserne-courcy-depinal\/#primaryimage"},"image":{"@id":"https:\/\/vosgesinfo.fr\/epinalinfo\/2016\/10\/pompiers-a-caserne-courcy-depinal\/#primaryimage"},"thumbnailUrl":"https:\/\/vosgesinfo.fr\/app\/uploads\/sites\/3\/2024\/08\/20161014500771-1192117617529768-870550456381539487-o.jpg","datePublished":"2016-10-05T12:20:11+00:00","dateModified":"2016-10-05T12:20:11+00:00","breadcrumb":{"@id":"https:\/\/vosgesinfo.fr\/epinalinfo\/2016\/10\/pompiers-a-caserne-courcy-depinal\/#breadcrumb"},"inLanguage":"fr-FR","potentialAction":[{"@type":"ReadAction","target":["https:\/\/vosgesinfo.fr\/epinalinfo\/2016\/10\/pompiers-a-caserne-courcy-depinal\/"]}]},{"@type":"ImageObject","inLanguage":"fr-FR","@id":"https:\/\/vosgesinfo.fr\/epinalinfo\/2016\/10\/pompiers-a-caserne-courcy-depinal\/#primaryimage","url":"https:\/\/vosgesinfo.fr\/app\/uploads\/sites\/3\/2024\/08\/20161014500771-1192117617529768-870550456381539487-o.jpg","contentUrl":"https:\/\/vosgesinfo.fr\/app\/uploads\/sites\/3\/2024\/08\/20161014500771-1192117617529768-870550456381539487-o.jpg","width":800,"height":534},{"@type":"BreadcrumbList","@id":"https:\/\/vosgesinfo.fr\/epinalinfo\/2016\/10\/pompiers-a-caserne-courcy-depinal\/#breadcrumb","itemListElement":[{"@type":"ListItem","position":1,"name":"Home","item":"https:\/\/vosgesinfo.fr\/epinalinfo\/"},{"@type":"ListItem","position":2,"name":"Les pompiers \u00e0 la caserne Courcy d&rsquo;Epinal"}]},{"@type":"WebSite","@id":"https:\/\/vosgesinfo.fr\/epinalinfo\/#website","url":"https:\/\/vosgesinfo.fr\/epinalinfo\/","name":"Epinal Info","description":"Toute l&#039;actualit\u00e9 d&#039;\u00c9pinal","publisher":{"@id":"https:\/\/vosgesinfo.fr\/epinalinfo\/#organization"},"alternateName":"Toute l'actualit\u00e9 d'\u00c9pinal","potentialAction":[{"@type":"SearchAction","target":{"@type":"EntryPoint","urlTemplate":"https:\/\/vosgesinfo.fr\/epinalinfo\/?s={search_term_string}"},"query-input":"required name=search_term_string"}],"inLanguage":"fr-FR"},{"@type":"Organization","@id":"https:\/\/vosgesinfo.fr\/epinalinfo\/#organization","name":"Epinal Info","url":"https:\/\/vosgesinfo.fr\/epinalinfo\/","logo":{"@type":"ImageObject","inLanguage":"fr-FR","@id":"https:\/\/vosgesinfo.fr\/epinalinfo\/#\/schema\/logo\/image\/","url":"https:\/\/vosgesinfo.fr\/app\/uploads\/sites\/3\/2023\/08\/logo-epinalinfos.svg","contentUrl":"https:\/\/vosgesinfo.fr\/app\/uploads\/sites\/3\/2023\/08\/logo-epinalinfos.svg","width":1,"height":1,"caption":"Epinal Info"},"image":{"@id":"https:\/\/vosgesinfo.fr\/epinalinfo\/#\/schema\/logo\/image\/"},"sameAs":["https:\/\/www.facebook.com\/Epinalinfos","https:\/\/x.com\/VosgesInfo88","https:\/\/www.youtube.com\/@vosgesinfo"]},{"@type":"Person","@id":"https:\/\/vosgesinfo.fr\/epinalinfo\/#\/schema\/person\/6f9a650eeea99d969b6c4ab78fccbe81","name":"C.K.","image":{"@type":"ImageObject","inLanguage":"fr-FR","@id":"https:\/\/vosgesinfo.fr\/epinalinfo\/#\/schema\/person\/image\/","url":"https:\/\/secure.gravatar.com\/avatar\/48e3fc7f8421ba8942be6b74a2b7f014ca39bc00dece156b7a8e098ae7dc87bf?s=96&d=mm&r=g","contentUrl":"https:\/\/secure.gravatar.com\/avatar\/48e3fc7f8421ba8942be6b74a2b7f014ca39bc00dece156b7a8e098ae7dc87bf?s=96&d=mm&r=g","caption":"C.K."},"url":"https:\/\/vosgesinfo.fr\/epinalinfo\/author\/celia-k-n\/"}]}},"_links":{"self":[{"href":"https:\/\/vosgesinfo.fr\/epinalinfo\/wp-json\/wp\/v2\/posts\/65828","targetHints":{"allow":["GET"]}}],"collection":[{"href":"https:\/\/vosgesinfo.fr\/epinalinfo\/wp-json\/wp\/v2\/posts"}],"about":[{"href":"https:\/\/vosgesinfo.fr\/epinalinfo\/wp-json\/wp\/v2\/types\/post"}],"author":[{"embeddable":true,"href":"https:\/\/vosgesinfo.fr\/epinalinfo\/wp-json\/wp\/v2\/users\/52"}],"replies":[{"embeddable":true,"href":"https:\/\/vosgesinfo.fr\/epinalinfo\/wp-json\/wp\/v2\/comments?post=65828"}],"version-history":[{"count":0,"href":"https:\/\/vosgesinfo.fr\/epinalinfo\/wp-json\/wp\/v2\/posts\/65828\/revisions"}],"wp:featuredmedia":[{"embeddable":true,"href":"https:\/\/vosgesinfo.fr\/epinalinfo\/wp-json\/wp\/v2\/media\/65829"}],"wp:attachment":[{"href":"https:\/\/vosgesinfo.fr\/epinalinfo\/wp-json\/wp\/v2\/media?parent=65828"}],"wp:term":[{"taxonomy":"category","embeddable":true,"href":"https:\/\/vosgesinfo.fr\/epinalinfo\/wp-json\/wp\/v2\/categories?post=65828"},{"taxonomy":"post_tag","embeddable":true,"href":"https:\/\/vosgesinfo.fr\/epinalinfo\/wp-json\/wp\/v2\/tags?post=65828"}],"curies":[{"name":"wp","href":"https:\/\/api.w.org\/{rel}","templated":true}]}}