{"id":66391,"date":"2016-10-21T10:02:44","date_gmt":"2016-10-21T08:02:44","guid":{"rendered":"https:\/\/vosgesinfo.fr\/epinalinfo\/2016\/10\/habitants-depinal-chantraine-dogneville-golbey-eligibles-a-fibre-a-1gbits\/"},"modified":"2016-10-21T10:02:44","modified_gmt":"2016-10-21T08:02:44","slug":"habitants-depinal-chantraine-dogneville-golbey-eligibles-a-fibre-a-1gbits","status":"publish","type":"post","link":"https:\/\/vosgesinfo.fr\/epinalinfo\/2016\/10\/habitants-depinal-chantraine-dogneville-golbey-eligibles-a-fibre-a-1gbits\/","title":{"rendered":"Les habitants d\u2019Epinal, Chantraine, Dogneville et Golbey \u00e9ligibles \u00e0 la fibre \u00e0 1Gbit\/s"},"content":{"rendered":"<div id=\"attachment_102183\" style=\"width: 810px\" class=\"wp-caption aligncenter\"><a href=\"http:\/\/epinalinfos.fr\/2016\/10\/habitants-depinal-chantraine-dogneville-golbey-eligibles-a-fibre-a-1gbits\/p1230069\/\" rel=\"attachment wp-att-102183\"><img decoding=\"async\" aria-describedby=\"caption-attachment-102183\" class=\"wp-image-102183 size-full\" src=\"\/2016\/10\/P1230069.jpg\" alt=\"la-fibre-epinal\" width=\"800\" height=\"600\" \/><\/a><p id=\"caption-attachment-102183\" class=\"wp-caption-text\">Jean-Claude Cravoisy, adjoint au maire d\u2019Epinal et Didier Jeanczak, directeur des relations r\u00e9gionales Est de SFR<\/p><\/div>\n<p><strong>D\u00e8s aujourd\u2019hui, pr\u00e8s de 28\u00a0000 logements et locaux professionnels situ\u00e9s \u00e0 Epinal, Chantraine, Dogneville et Golbey peuvent b\u00e9n\u00e9ficier de la fibre \u00e0 1Gbit\/s.<\/strong><\/p>\n<p><a href=\"http:\/\/epinalinfos.fr\/2016\/10\/habitants-depinal-chantraine-dogneville-golbey-eligibles-a-fibre-a-1gbits\/p1230057\/\" rel=\"attachment wp-att-102184\"><img decoding=\"async\" class=\" wp-image-102184 alignright\" src=\"\/2016\/10\/P1230057.jpg\" alt=\"P1230057\" width=\"519\" height=\"389\" \/><\/a>Ce vendredi matin, Jean-Claude Cravoisy, adjoint au maire d\u2019Epinal et Didier Jeanczak, directeur des relations r\u00e9gionales Est de SFR ont officiellement inaugur\u00e9 le r\u00e9seau fibre \u00e0 la maison de la communication d\u2019Epinal. Le r\u00e9seau dessert l\u2019ensemble des logements et locaux professionnels raccord\u00e9s au r\u00e9seau c\u00e2bl\u00e9 historique des communes d\u2019Epinal, Chantraine, Dogneville et Golbey. <em>\u00ab\u00a0Avec pr\u00e8s de 7 \u00e9crans connect\u00e9s par foyer et avec l\u2019accroissement des services et de l\u2019audiovisuel en ligne, la demande de d\u00e9bits explose.\u00a0\u00bb<\/em> commente Didier Jeanczak. \u00a0Ils pourraient ainsi b\u00e9n\u00e9ficier de d\u00e9bits 50 fois plus rapides que ceux permis par l\u2019ADSL.<\/p>\n<p>La fibre permet d\u2019acc\u00e9der aux services Internet Tr\u00e8s Haut D\u00e9bit, t\u00e9l\u00e9phone et t\u00e9l\u00e9vision en haute qualit\u00e9. Les temps de chargements se r\u00e9duisent consid\u00e9rablement. <em>\u00ab\u00a0Les utilisateurs peuvent \u00e9changer et partager des fichiers volumineux presque instantan\u00e9ment. Ils profitent \u00e9galement d\u2019une qualit\u00e9 d\u2019image excellente sur plusieurs \u00e9crans du foyer et b\u00e9n\u00e9ficient de l\u2019ensemble de leurs services simultan\u00e9ment, sans perte de qualit\u00e9 sur l\u2019un d\u2019eux\u00a0\u00bb<\/em> assure Didier Jeanczak.<\/p>\n<p>La dur\u00e9e de t\u00e9l\u00e9chargement d\u2019un film de 700 MO passe de 5 minutes en ADSL \u00e0 7 secondes avec la fibre \u00e0 1Gbit\/s.<\/p>\n<p>C.K.N.<\/p>\n<p>&nbsp;<\/p>\n","protected":false},"excerpt":{"rendered":"<p>D\u00e8s aujourd\u2019hui, pr\u00e8s de 28\u00a0000 logements et locaux professionnels situ\u00e9s \u00e0 Epinal, Chantraine, Dogneville et Golbey peuvent b\u00e9n\u00e9ficier de la [&hellip;]<\/p>\n","protected":false},"author":52,"featured_media":66392,"comment_status":"open","ping_status":"open","sticky":false,"template":"","format":"standard","meta":{"footnotes":""},"categories":[22,24,10],"tags":[9208,42,722,70,205,9209,7425,9210,9211],"class_list":["post-66391","post","type-post","status-publish","format-standard","has-post-thumbnail","hentry","category-a-la-une","category-epinal","category-societe","tag-1gbit-s","tag-chantraine","tag-dogneville","tag-epinal","tag-golbey","tag-haut-debit","tag-internet","tag-la-fibre","tag-logements"],"acf":[],"yoast_head":"<!-- This site is optimized with the Yoast SEO plugin v22.5 - https:\/\/yoast.com\/wordpress\/plugins\/seo\/ -->\n<title>Les habitants d\u2019Epinal, Chantraine, Dogneville et Golbey \u00e9ligibles \u00e0 la fibre \u00e0 1Gbit\/s - Epinal Info<\/title>\n<meta name=\"robots\" content=\"index, follow, max-snippet:-1, max-image-preview:large, max-video-preview:-1\" \/>\n<link rel=\"canonical\" href=\"https:\/\/vosgesinfo.fr\/epinalinfo\/2016\/10\/habitants-depinal-chantraine-dogneville-golbey-eligibles-a-fibre-a-1gbits\/\" \/>\n<meta name=\"twitter:card\" content=\"summary_large_image\" \/>\n<meta name=\"twitter:title\" content=\"Les habitants d\u2019Epinal, Chantraine, Dogneville et Golbey \u00e9ligibles \u00e0 la fibre \u00e0 1Gbit\/s - Epinal Info\" \/>\n<meta name=\"twitter:description\" content=\"D\u00e8s aujourd\u2019hui, pr\u00e8s de 28\u00a0000 logements et locaux professionnels situ\u00e9s \u00e0 Epinal, Chantraine, Dogneville et Golbey peuvent b\u00e9n\u00e9ficier de la [&hellip;]\" \/>\n<meta name=\"twitter:image\" content=\"https:\/\/vosgesinfo.fr\/app\/uploads\/sites\/3\/2024\/08\/201610p1230069.jpg\" \/>\n<meta name=\"twitter:creator\" content=\"@VosgesInfo88\" \/>\n<meta name=\"twitter:site\" content=\"@VosgesInfo88\" \/>\n<meta name=\"twitter:label1\" content=\"\u00c9crit par\" \/>\n\t<meta name=\"twitter:data1\" content=\"C.K.\" \/>\n\t<meta name=\"twitter:label2\" content=\"Dur\u00e9e de lecture estim\u00e9e\" \/>\n\t<meta name=\"twitter:data2\" content=\"1 minute\" \/>\n<script type=\"application\/ld+json\" class=\"yoast-schema-graph\">{\"@context\":\"https:\/\/schema.org\",\"@graph\":[{\"@type\":\"Article\",\"@id\":\"https:\/\/vosgesinfo.fr\/epinalinfo\/2016\/10\/habitants-depinal-chantraine-dogneville-golbey-eligibles-a-fibre-a-1gbits\/#article\",\"isPartOf\":{\"@id\":\"https:\/\/vosgesinfo.fr\/epinalinfo\/2016\/10\/habitants-depinal-chantraine-dogneville-golbey-eligibles-a-fibre-a-1gbits\/\"},\"author\":{\"name\":\"C.K.\",\"@id\":\"https:\/\/vosgesinfo.fr\/epinalinfo\/#\/schema\/person\/6f9a650eeea99d969b6c4ab78fccbe81\"},\"headline\":\"Les habitants d\u2019Epinal, Chantraine, Dogneville et Golbey \u00e9ligibles \u00e0 la fibre \u00e0 1Gbit\/s\",\"datePublished\":\"2016-10-21T08:02:44+00:00\",\"dateModified\":\"2016-10-21T08:02:44+00:00\",\"mainEntityOfPage\":{\"@id\":\"https:\/\/vosgesinfo.fr\/epinalinfo\/2016\/10\/habitants-depinal-chantraine-dogneville-golbey-eligibles-a-fibre-a-1gbits\/\"},\"wordCount\":285,\"commentCount\":0,\"publisher\":{\"@id\":\"https:\/\/vosgesinfo.fr\/epinalinfo\/#organization\"},\"image\":{\"@id\":\"https:\/\/vosgesinfo.fr\/epinalinfo\/2016\/10\/habitants-depinal-chantraine-dogneville-golbey-eligibles-a-fibre-a-1gbits\/#primaryimage\"},\"thumbnailUrl\":\"https:\/\/vosgesinfo.fr\/app\/uploads\/sites\/3\/2024\/08\/201610p1230069.jpg\",\"keywords\":[\"1Gbit\/s\",\"Chantraine\",\"Dogneville\",\"Epinal\",\"Golbey\",\"haut d\u00e9bit\",\"Internet\",\"la fibre\",\"logements\"],\"articleSection\":[\"A la Une\",\"Epinal\",\"Soci\u00e9t\u00e9\"],\"inLanguage\":\"fr-FR\",\"potentialAction\":[{\"@type\":\"CommentAction\",\"name\":\"Comment\",\"target\":[\"https:\/\/vosgesinfo.fr\/epinalinfo\/2016\/10\/habitants-depinal-chantraine-dogneville-golbey-eligibles-a-fibre-a-1gbits\/#respond\"]}]},{\"@type\":\"WebPage\",\"@id\":\"https:\/\/vosgesinfo.fr\/epinalinfo\/2016\/10\/habitants-depinal-chantraine-dogneville-golbey-eligibles-a-fibre-a-1gbits\/\",\"url\":\"https:\/\/vosgesinfo.fr\/epinalinfo\/2016\/10\/habitants-depinal-chantraine-dogneville-golbey-eligibles-a-fibre-a-1gbits\/\",\"name\":\"Les habitants d\u2019Epinal, Chantraine, Dogneville et Golbey \u00e9ligibles \u00e0 la fibre \u00e0 1Gbit\/s - Epinal Info\",\"isPartOf\":{\"@id\":\"https:\/\/vosgesinfo.fr\/epinalinfo\/#website\"},\"primaryImageOfPage\":{\"@id\":\"https:\/\/vosgesinfo.fr\/epinalinfo\/2016\/10\/habitants-depinal-chantraine-dogneville-golbey-eligibles-a-fibre-a-1gbits\/#primaryimage\"},\"image\":{\"@id\":\"https:\/\/vosgesinfo.fr\/epinalinfo\/2016\/10\/habitants-depinal-chantraine-dogneville-golbey-eligibles-a-fibre-a-1gbits\/#primaryimage\"},\"thumbnailUrl\":\"https:\/\/vosgesinfo.fr\/app\/uploads\/sites\/3\/2024\/08\/201610p1230069.jpg\",\"datePublished\":\"2016-10-21T08:02:44+00:00\",\"dateModified\":\"2016-10-21T08:02:44+00:00\",\"breadcrumb\":{\"@id\":\"https:\/\/vosgesinfo.fr\/epinalinfo\/2016\/10\/habitants-depinal-chantraine-dogneville-golbey-eligibles-a-fibre-a-1gbits\/#breadcrumb\"},\"inLanguage\":\"fr-FR\",\"potentialAction\":[{\"@type\":\"ReadAction\",\"target\":[\"https:\/\/vosgesinfo.fr\/epinalinfo\/2016\/10\/habitants-depinal-chantraine-dogneville-golbey-eligibles-a-fibre-a-1gbits\/\"]}]},{\"@type\":\"ImageObject\",\"inLanguage\":\"fr-FR\",\"@id\":\"https:\/\/vosgesinfo.fr\/epinalinfo\/2016\/10\/habitants-depinal-chantraine-dogneville-golbey-eligibles-a-fibre-a-1gbits\/#primaryimage\",\"url\":\"https:\/\/vosgesinfo.fr\/app\/uploads\/sites\/3\/2024\/08\/201610p1230069.jpg\",\"contentUrl\":\"https:\/\/vosgesinfo.fr\/app\/uploads\/sites\/3\/2024\/08\/201610p1230069.jpg\",\"width\":800,\"height\":600},{\"@type\":\"BreadcrumbList\",\"@id\":\"https:\/\/vosgesinfo.fr\/epinalinfo\/2016\/10\/habitants-depinal-chantraine-dogneville-golbey-eligibles-a-fibre-a-1gbits\/#breadcrumb\",\"itemListElement\":[{\"@type\":\"ListItem\",\"position\":1,\"name\":\"Home\",\"item\":\"https:\/\/vosgesinfo.fr\/epinalinfo\/\"},{\"@type\":\"ListItem\",\"position\":2,\"name\":\"Les habitants d\u2019Epinal, Chantraine, Dogneville et Golbey \u00e9ligibles \u00e0 la fibre \u00e0 1Gbit\/s\"}]},{\"@type\":\"WebSite\",\"@id\":\"https:\/\/vosgesinfo.fr\/epinalinfo\/#website\",\"url\":\"https:\/\/vosgesinfo.fr\/epinalinfo\/\",\"name\":\"Epinal Info\",\"description\":\"Toute l&#039;actualit\u00e9 d&#039;\u00c9pinal\",\"publisher\":{\"@id\":\"https:\/\/vosgesinfo.fr\/epinalinfo\/#organization\"},\"alternateName\":\"Toute l'actualit\u00e9 d'\u00c9pinal\",\"potentialAction\":[{\"@type\":\"SearchAction\",\"target\":{\"@type\":\"EntryPoint\",\"urlTemplate\":\"https:\/\/vosgesinfo.fr\/epinalinfo\/?s={search_term_string}\"},\"query-input\":\"required name=search_term_string\"}],\"inLanguage\":\"fr-FR\"},{\"@type\":\"Organization\",\"@id\":\"https:\/\/vosgesinfo.fr\/epinalinfo\/#organization\",\"name\":\"Epinal Info\",\"url\":\"https:\/\/vosgesinfo.fr\/epinalinfo\/\",\"logo\":{\"@type\":\"ImageObject\",\"inLanguage\":\"fr-FR\",\"@id\":\"https:\/\/vosgesinfo.fr\/epinalinfo\/#\/schema\/logo\/image\/\",\"url\":\"https:\/\/vosgesinfo.fr\/app\/uploads\/sites\/3\/2023\/08\/logo-epinalinfos.svg\",\"contentUrl\":\"https:\/\/vosgesinfo.fr\/app\/uploads\/sites\/3\/2023\/08\/logo-epinalinfos.svg\",\"width\":1,\"height\":1,\"caption\":\"Epinal Info\"},\"image\":{\"@id\":\"https:\/\/vosgesinfo.fr\/epinalinfo\/#\/schema\/logo\/image\/\"},\"sameAs\":[\"https:\/\/www.facebook.com\/Epinalinfos\",\"https:\/\/x.com\/VosgesInfo88\",\"https:\/\/www.youtube.com\/@vosgesinfo\"]},{\"@type\":\"Person\",\"@id\":\"https:\/\/vosgesinfo.fr\/epinalinfo\/#\/schema\/person\/6f9a650eeea99d969b6c4ab78fccbe81\",\"name\":\"C.K.\",\"image\":{\"@type\":\"ImageObject\",\"inLanguage\":\"fr-FR\",\"@id\":\"https:\/\/vosgesinfo.fr\/epinalinfo\/#\/schema\/person\/image\/\",\"url\":\"https:\/\/secure.gravatar.com\/avatar\/48e3fc7f8421ba8942be6b74a2b7f014ca39bc00dece156b7a8e098ae7dc87bf?s=96&d=mm&r=g\",\"contentUrl\":\"https:\/\/secure.gravatar.com\/avatar\/48e3fc7f8421ba8942be6b74a2b7f014ca39bc00dece156b7a8e098ae7dc87bf?s=96&d=mm&r=g\",\"caption\":\"C.K.\"},\"url\":\"https:\/\/vosgesinfo.fr\/epinalinfo\/author\/celia-k-n\/\"}]}<\/script>\n<!-- \/ Yoast SEO plugin. -->","yoast_head_json":{"title":"Les habitants d\u2019Epinal, Chantraine, Dogneville et Golbey \u00e9ligibles \u00e0 la fibre \u00e0 1Gbit\/s - Epinal Info","robots":{"index":"index","follow":"follow","max-snippet":"max-snippet:-1","max-image-preview":"max-image-preview:large","max-video-preview":"max-video-preview:-1"},"canonical":"https:\/\/vosgesinfo.fr\/epinalinfo\/2016\/10\/habitants-depinal-chantraine-dogneville-golbey-eligibles-a-fibre-a-1gbits\/","twitter_card":"summary_large_image","twitter_title":"Les habitants d\u2019Epinal, Chantraine, Dogneville et Golbey \u00e9ligibles \u00e0 la fibre \u00e0 1Gbit\/s - Epinal Info","twitter_description":"D\u00e8s aujourd\u2019hui, pr\u00e8s de 28\u00a0000 logements et locaux professionnels situ\u00e9s \u00e0 Epinal, Chantraine, Dogneville et Golbey peuvent b\u00e9n\u00e9ficier de la [&hellip;]","twitter_image":"https:\/\/vosgesinfo.fr\/app\/uploads\/sites\/3\/2024\/08\/201610p1230069.jpg","twitter_creator":"@VosgesInfo88","twitter_site":"@VosgesInfo88","twitter_misc":{"\u00c9crit par":"C.K.","Dur\u00e9e de lecture estim\u00e9e":"1 minute"},"schema":{"@context":"https:\/\/schema.org","@graph":[{"@type":"Article","@id":"https:\/\/vosgesinfo.fr\/epinalinfo\/2016\/10\/habitants-depinal-chantraine-dogneville-golbey-eligibles-a-fibre-a-1gbits\/#article","isPartOf":{"@id":"https:\/\/vosgesinfo.fr\/epinalinfo\/2016\/10\/habitants-depinal-chantraine-dogneville-golbey-eligibles-a-fibre-a-1gbits\/"},"author":{"name":"C.K.","@id":"https:\/\/vosgesinfo.fr\/epinalinfo\/#\/schema\/person\/6f9a650eeea99d969b6c4ab78fccbe81"},"headline":"Les habitants d\u2019Epinal, Chantraine, Dogneville et Golbey \u00e9ligibles \u00e0 la fibre \u00e0 1Gbit\/s","datePublished":"2016-10-21T08:02:44+00:00","dateModified":"2016-10-21T08:02:44+00:00","mainEntityOfPage":{"@id":"https:\/\/vosgesinfo.fr\/epinalinfo\/2016\/10\/habitants-depinal-chantraine-dogneville-golbey-eligibles-a-fibre-a-1gbits\/"},"wordCount":285,"commentCount":0,"publisher":{"@id":"https:\/\/vosgesinfo.fr\/epinalinfo\/#organization"},"image":{"@id":"https:\/\/vosgesinfo.fr\/epinalinfo\/2016\/10\/habitants-depinal-chantraine-dogneville-golbey-eligibles-a-fibre-a-1gbits\/#primaryimage"},"thumbnailUrl":"https:\/\/vosgesinfo.fr\/app\/uploads\/sites\/3\/2024\/08\/201610p1230069.jpg","keywords":["1Gbit\/s","Chantraine","Dogneville","Epinal","Golbey","haut d\u00e9bit","Internet","la fibre","logements"],"articleSection":["A la Une","Epinal","Soci\u00e9t\u00e9"],"inLanguage":"fr-FR","potentialAction":[{"@type":"CommentAction","name":"Comment","target":["https:\/\/vosgesinfo.fr\/epinalinfo\/2016\/10\/habitants-depinal-chantraine-dogneville-golbey-eligibles-a-fibre-a-1gbits\/#respond"]}]},{"@type":"WebPage","@id":"https:\/\/vosgesinfo.fr\/epinalinfo\/2016\/10\/habitants-depinal-chantraine-dogneville-golbey-eligibles-a-fibre-a-1gbits\/","url":"https:\/\/vosgesinfo.fr\/epinalinfo\/2016\/10\/habitants-depinal-chantraine-dogneville-golbey-eligibles-a-fibre-a-1gbits\/","name":"Les habitants d\u2019Epinal, Chantraine, Dogneville et Golbey \u00e9ligibles \u00e0 la fibre \u00e0 1Gbit\/s - Epinal Info","isPartOf":{"@id":"https:\/\/vosgesinfo.fr\/epinalinfo\/#website"},"primaryImageOfPage":{"@id":"https:\/\/vosgesinfo.fr\/epinalinfo\/2016\/10\/habitants-depinal-chantraine-dogneville-golbey-eligibles-a-fibre-a-1gbits\/#primaryimage"},"image":{"@id":"https:\/\/vosgesinfo.fr\/epinalinfo\/2016\/10\/habitants-depinal-chantraine-dogneville-golbey-eligibles-a-fibre-a-1gbits\/#primaryimage"},"thumbnailUrl":"https:\/\/vosgesinfo.fr\/app\/uploads\/sites\/3\/2024\/08\/201610p1230069.jpg","datePublished":"2016-10-21T08:02:44+00:00","dateModified":"2016-10-21T08:02:44+00:00","breadcrumb":{"@id":"https:\/\/vosgesinfo.fr\/epinalinfo\/2016\/10\/habitants-depinal-chantraine-dogneville-golbey-eligibles-a-fibre-a-1gbits\/#breadcrumb"},"inLanguage":"fr-FR","potentialAction":[{"@type":"ReadAction","target":["https:\/\/vosgesinfo.fr\/epinalinfo\/2016\/10\/habitants-depinal-chantraine-dogneville-golbey-eligibles-a-fibre-a-1gbits\/"]}]},{"@type":"ImageObject","inLanguage":"fr-FR","@id":"https:\/\/vosgesinfo.fr\/epinalinfo\/2016\/10\/habitants-depinal-chantraine-dogneville-golbey-eligibles-a-fibre-a-1gbits\/#primaryimage","url":"https:\/\/vosgesinfo.fr\/app\/uploads\/sites\/3\/2024\/08\/201610p1230069.jpg","contentUrl":"https:\/\/vosgesinfo.fr\/app\/uploads\/sites\/3\/2024\/08\/201610p1230069.jpg","width":800,"height":600},{"@type":"BreadcrumbList","@id":"https:\/\/vosgesinfo.fr\/epinalinfo\/2016\/10\/habitants-depinal-chantraine-dogneville-golbey-eligibles-a-fibre-a-1gbits\/#breadcrumb","itemListElement":[{"@type":"ListItem","position":1,"name":"Home","item":"https:\/\/vosgesinfo.fr\/epinalinfo\/"},{"@type":"ListItem","position":2,"name":"Les habitants d\u2019Epinal, Chantraine, Dogneville et Golbey \u00e9ligibles \u00e0 la fibre \u00e0 1Gbit\/s"}]},{"@type":"WebSite","@id":"https:\/\/vosgesinfo.fr\/epinalinfo\/#website","url":"https:\/\/vosgesinfo.fr\/epinalinfo\/","name":"Epinal Info","description":"Toute l&#039;actualit\u00e9 d&#039;\u00c9pinal","publisher":{"@id":"https:\/\/vosgesinfo.fr\/epinalinfo\/#organization"},"alternateName":"Toute l'actualit\u00e9 d'\u00c9pinal","potentialAction":[{"@type":"SearchAction","target":{"@type":"EntryPoint","urlTemplate":"https:\/\/vosgesinfo.fr\/epinalinfo\/?s={search_term_string}"},"query-input":"required name=search_term_string"}],"inLanguage":"fr-FR"},{"@type":"Organization","@id":"https:\/\/vosgesinfo.fr\/epinalinfo\/#organization","name":"Epinal Info","url":"https:\/\/vosgesinfo.fr\/epinalinfo\/","logo":{"@type":"ImageObject","inLanguage":"fr-FR","@id":"https:\/\/vosgesinfo.fr\/epinalinfo\/#\/schema\/logo\/image\/","url":"https:\/\/vosgesinfo.fr\/app\/uploads\/sites\/3\/2023\/08\/logo-epinalinfos.svg","contentUrl":"https:\/\/vosgesinfo.fr\/app\/uploads\/sites\/3\/2023\/08\/logo-epinalinfos.svg","width":1,"height":1,"caption":"Epinal Info"},"image":{"@id":"https:\/\/vosgesinfo.fr\/epinalinfo\/#\/schema\/logo\/image\/"},"sameAs":["https:\/\/www.facebook.com\/Epinalinfos","https:\/\/x.com\/VosgesInfo88","https:\/\/www.youtube.com\/@vosgesinfo"]},{"@type":"Person","@id":"https:\/\/vosgesinfo.fr\/epinalinfo\/#\/schema\/person\/6f9a650eeea99d969b6c4ab78fccbe81","name":"C.K.","image":{"@type":"ImageObject","inLanguage":"fr-FR","@id":"https:\/\/vosgesinfo.fr\/epinalinfo\/#\/schema\/person\/image\/","url":"https:\/\/secure.gravatar.com\/avatar\/48e3fc7f8421ba8942be6b74a2b7f014ca39bc00dece156b7a8e098ae7dc87bf?s=96&d=mm&r=g","contentUrl":"https:\/\/secure.gravatar.com\/avatar\/48e3fc7f8421ba8942be6b74a2b7f014ca39bc00dece156b7a8e098ae7dc87bf?s=96&d=mm&r=g","caption":"C.K."},"url":"https:\/\/vosgesinfo.fr\/epinalinfo\/author\/celia-k-n\/"}]}},"_links":{"self":[{"href":"https:\/\/vosgesinfo.fr\/epinalinfo\/wp-json\/wp\/v2\/posts\/66391","targetHints":{"allow":["GET"]}}],"collection":[{"href":"https:\/\/vosgesinfo.fr\/epinalinfo\/wp-json\/wp\/v2\/posts"}],"about":[{"href":"https:\/\/vosgesinfo.fr\/epinalinfo\/wp-json\/wp\/v2\/types\/post"}],"author":[{"embeddable":true,"href":"https:\/\/vosgesinfo.fr\/epinalinfo\/wp-json\/wp\/v2\/users\/52"}],"replies":[{"embeddable":true,"href":"https:\/\/vosgesinfo.fr\/epinalinfo\/wp-json\/wp\/v2\/comments?post=66391"}],"version-history":[{"count":0,"href":"https:\/\/vosgesinfo.fr\/epinalinfo\/wp-json\/wp\/v2\/posts\/66391\/revisions"}],"wp:featuredmedia":[{"embeddable":true,"href":"https:\/\/vosgesinfo.fr\/epinalinfo\/wp-json\/wp\/v2\/media\/66392"}],"wp:attachment":[{"href":"https:\/\/vosgesinfo.fr\/epinalinfo\/wp-json\/wp\/v2\/media?parent=66391"}],"wp:term":[{"taxonomy":"category","embeddable":true,"href":"https:\/\/vosgesinfo.fr\/epinalinfo\/wp-json\/wp\/v2\/categories?post=66391"},{"taxonomy":"post_tag","embeddable":true,"href":"https:\/\/vosgesinfo.fr\/epinalinfo\/wp-json\/wp\/v2\/tags?post=66391"}],"curies":[{"name":"wp","href":"https:\/\/api.w.org\/{rel}","templated":true}]}}