{"id":66394,"date":"2016-10-21T12:13:31","date_gmt":"2016-10-21T10:13:31","guid":{"rendered":"https:\/\/vosgesinfo.fr\/epinalinfo\/2016\/10\/haiti-vosgiens-renfort\/"},"modified":"2016-10-21T12:13:31","modified_gmt":"2016-10-21T10:13:31","slug":"haiti-vosgiens-renfort","status":"publish","type":"post","link":"https:\/\/vosgesinfo.fr\/epinalinfo\/2016\/10\/haiti-vosgiens-renfort\/","title":{"rendered":"Ha\u00efti &#8211; Des Vosgiens en renfort !"},"content":{"rendered":"<div id=\"attachment_102188\" style=\"width: 610px\" class=\"wp-caption aligncenter\"><a href=\"http:\/\/epinalinfos.fr\/2016\/10\/haiti-vosgiens-renfort\/12088017_842734902490793_2325688250669413703_n\/\" rel=\"attachment wp-att-102188\"><img decoding=\"async\" aria-describedby=\"caption-attachment-102188\" class=\"size-full wp-image-102188\" src=\"\/2016\/10\/12088017_842734902490793_2325688250669413703_n.jpg\" alt=\"(cr\u00e9dit photo M\u00e9dilor)\" width=\"600\" height=\"800\" \/><\/a><p id=\"caption-attachment-102188\" class=\"wp-caption-text\">(cr\u00e9dit photo M\u00e9dilor)<\/p><\/div>\n<p><strong>Face \u00e0 l\u2019urgence humanitaire en Ha\u00efti, suite au passage de l\u2019ouragan Matthew, l\u2019ONG Lorraine M\u00e9dilor (M\u00e9decins d\u2019Intervention en Lorraine) a pris son billet pour intervenir sur place. Le pays est touch\u00e9 par une \u00e9pid\u00e9mie de chol\u00e9ra. <\/strong><\/p>\n<p>La premi\u00e8re \u00e9quipe constitu\u00e9e de deux m\u00e9decins, un logisticien et une sage-femme s\u2019est envol\u00e9e de Paris ce jeudi et elle sera rejointe par 8 Lorrains suppl\u00e9mentaires \u00e0 partir du 25 octobre prochain. Les b\u00e9n\u00e9voles de l\u2019association devront \u00e9valuer les d\u00e9g\u00e2ts avant de poser leur campement et de faire intervenir une deuxi\u00e8me \u00e9quipe.<\/p>\n<p>Cette \u00e9quipe est constitu\u00e9e de vosgiens comme Sandrine Pasquier, une sage-femme de Jarm\u00e9nil ou Sophie Montemont, infirmi\u00e8re en p\u00e9diatrie \u00e0 l\u2019h\u00f4pital de Remiremont. L\u2019\u00e9quipe sur place devra faire face \u00e0 une forte \u00e9pid\u00e9mie de chol\u00e9ra, mais aussi \u00e0 des difficult\u00e9s d\u2019accessibilit\u00e9. En effet, la zone sinistr\u00e9e est situ\u00e9e en pleine montagne.<em>\u00ab\u00a0Il y a des routes coup\u00e9es et des zones inaccessibles. La premi\u00e8re \u00e9quipe sur place va devoir explorer le terrain et \u00e9valuer les besoins de la population\u00a0\u00bb<\/em> explique Laurence Miclo, une infirmi\u00e8re lib\u00e9rale relais de M\u00e9dilor Vosges.<\/p>\n<p>C\u2019est la troisi\u00e8me fois que M\u00e9dilor intervient en Ha\u00efti pour venir en aide \u00e0 la population suite \u00e0 des catastrophes naturelles. L\u2019ouragan Matthew a fait pr\u00e8s de 1000 morts.<\/p>\n<p>La mission doit durer 15 jours.<\/p>\n<p><strong>Renseignements :<\/strong>\u00a0<a href=\"http:\/\/www.medilor.com\/dons.htm\" target=\"_blank\" rel=\"noopener\">http:\/\/www.medilor.com\/dons.htm<\/a><\/p>\n<p>C.K.N.<\/p>\n","protected":false},"excerpt":{"rendered":"<p>Face \u00e0 l\u2019urgence humanitaire en Ha\u00efti, suite au passage de l\u2019ouragan Matthew, l\u2019ONG Lorraine M\u00e9dilor (M\u00e9decins d\u2019Intervention en Lorraine) a [&hellip;]<\/p>\n","protected":false},"author":52,"featured_media":66395,"comment_status":"open","ping_status":"open","sticky":false,"template":"","format":"standard","meta":{"footnotes":""},"categories":[22,14,5],"tags":[286,1238,9212,9213,9214,782,9215,9216,9217,9218,9219,75],"class_list":["post-66394","post","type-post","status-publish","format-standard","has-post-thumbnail","hentry","category-a-la-une","category-sante","category-vosges","tag-associations","tag-benevoles","tag-cholera","tag-haiti","tag-infirmieres","tag-medecins","tag-medilor","tag-ong","tag-ouragan","tag-ouragan-matthew","tag-sinistres","tag-vosges"],"acf":[],"yoast_head":"<!-- This site is optimized with the Yoast SEO plugin v22.5 - https:\/\/yoast.com\/wordpress\/plugins\/seo\/ -->\n<title>Ha\u00efti - Des Vosgiens en renfort ! - Epinal Info<\/title>\n<meta name=\"robots\" content=\"index, follow, max-snippet:-1, max-image-preview:large, max-video-preview:-1\" \/>\n<link rel=\"canonical\" href=\"https:\/\/vosgesinfo.fr\/epinalinfo\/2016\/10\/haiti-vosgiens-renfort\/\" \/>\n<meta name=\"twitter:card\" content=\"summary_large_image\" \/>\n<meta name=\"twitter:title\" content=\"Ha\u00efti - Des Vosgiens en renfort ! - Epinal Info\" \/>\n<meta name=\"twitter:description\" content=\"Face \u00e0 l\u2019urgence humanitaire en Ha\u00efti, suite au passage de l\u2019ouragan Matthew, l\u2019ONG Lorraine M\u00e9dilor (M\u00e9decins d\u2019Intervention en Lorraine) a [&hellip;]\" \/>\n<meta name=\"twitter:image\" content=\"https:\/\/vosgesinfo.fr\/app\/uploads\/sites\/3\/2024\/08\/20161012088017-842734902490793-2325688250669413703-n.jpg\" \/>\n<meta name=\"twitter:creator\" content=\"@VosgesInfo88\" \/>\n<meta name=\"twitter:site\" content=\"@VosgesInfo88\" \/>\n<meta name=\"twitter:label1\" content=\"\u00c9crit par\" \/>\n\t<meta name=\"twitter:data1\" content=\"C.K.\" \/>\n\t<meta name=\"twitter:label2\" content=\"Dur\u00e9e de lecture estim\u00e9e\" \/>\n\t<meta name=\"twitter:data2\" content=\"1 minute\" \/>\n<script type=\"application\/ld+json\" class=\"yoast-schema-graph\">{\"@context\":\"https:\/\/schema.org\",\"@graph\":[{\"@type\":\"Article\",\"@id\":\"https:\/\/vosgesinfo.fr\/epinalinfo\/2016\/10\/haiti-vosgiens-renfort\/#article\",\"isPartOf\":{\"@id\":\"https:\/\/vosgesinfo.fr\/epinalinfo\/2016\/10\/haiti-vosgiens-renfort\/\"},\"author\":{\"name\":\"C.K.\",\"@id\":\"https:\/\/vosgesinfo.fr\/epinalinfo\/#\/schema\/person\/6f9a650eeea99d969b6c4ab78fccbe81\"},\"headline\":\"Ha\u00efti &#8211; Des Vosgiens en renfort !\",\"datePublished\":\"2016-10-21T10:13:31+00:00\",\"dateModified\":\"2016-10-21T10:13:31+00:00\",\"mainEntityOfPage\":{\"@id\":\"https:\/\/vosgesinfo.fr\/epinalinfo\/2016\/10\/haiti-vosgiens-renfort\/\"},\"wordCount\":274,\"commentCount\":0,\"publisher\":{\"@id\":\"https:\/\/vosgesinfo.fr\/epinalinfo\/#organization\"},\"image\":{\"@id\":\"https:\/\/vosgesinfo.fr\/epinalinfo\/2016\/10\/haiti-vosgiens-renfort\/#primaryimage\"},\"thumbnailUrl\":\"https:\/\/vosgesinfo.fr\/app\/uploads\/sites\/3\/2024\/08\/20161012088017-842734902490793-2325688250669413703-n.jpg\",\"keywords\":[\"associations\",\"b\u00e9n\u00e9voles\",\"chol\u00e9ra\",\"Ha\u00efti\",\"infirmi\u00e8res\",\"m\u00e9decins\",\"M\u00e9dilor\",\"ONG\",\"ouragan\",\"ouragan Matthew\",\"sinistr\u00e9s\",\"vosges\"],\"articleSection\":[\"A la Une\",\"Sant\u00e9\",\"Vosges\"],\"inLanguage\":\"fr-FR\",\"potentialAction\":[{\"@type\":\"CommentAction\",\"name\":\"Comment\",\"target\":[\"https:\/\/vosgesinfo.fr\/epinalinfo\/2016\/10\/haiti-vosgiens-renfort\/#respond\"]}]},{\"@type\":\"WebPage\",\"@id\":\"https:\/\/vosgesinfo.fr\/epinalinfo\/2016\/10\/haiti-vosgiens-renfort\/\",\"url\":\"https:\/\/vosgesinfo.fr\/epinalinfo\/2016\/10\/haiti-vosgiens-renfort\/\",\"name\":\"Ha\u00efti - Des Vosgiens en renfort ! - Epinal Info\",\"isPartOf\":{\"@id\":\"https:\/\/vosgesinfo.fr\/epinalinfo\/#website\"},\"primaryImageOfPage\":{\"@id\":\"https:\/\/vosgesinfo.fr\/epinalinfo\/2016\/10\/haiti-vosgiens-renfort\/#primaryimage\"},\"image\":{\"@id\":\"https:\/\/vosgesinfo.fr\/epinalinfo\/2016\/10\/haiti-vosgiens-renfort\/#primaryimage\"},\"thumbnailUrl\":\"https:\/\/vosgesinfo.fr\/app\/uploads\/sites\/3\/2024\/08\/20161012088017-842734902490793-2325688250669413703-n.jpg\",\"datePublished\":\"2016-10-21T10:13:31+00:00\",\"dateModified\":\"2016-10-21T10:13:31+00:00\",\"breadcrumb\":{\"@id\":\"https:\/\/vosgesinfo.fr\/epinalinfo\/2016\/10\/haiti-vosgiens-renfort\/#breadcrumb\"},\"inLanguage\":\"fr-FR\",\"potentialAction\":[{\"@type\":\"ReadAction\",\"target\":[\"https:\/\/vosgesinfo.fr\/epinalinfo\/2016\/10\/haiti-vosgiens-renfort\/\"]}]},{\"@type\":\"ImageObject\",\"inLanguage\":\"fr-FR\",\"@id\":\"https:\/\/vosgesinfo.fr\/epinalinfo\/2016\/10\/haiti-vosgiens-renfort\/#primaryimage\",\"url\":\"https:\/\/vosgesinfo.fr\/app\/uploads\/sites\/3\/2024\/08\/20161012088017-842734902490793-2325688250669413703-n.jpg\",\"contentUrl\":\"https:\/\/vosgesinfo.fr\/app\/uploads\/sites\/3\/2024\/08\/20161012088017-842734902490793-2325688250669413703-n.jpg\",\"width\":600,\"height\":800},{\"@type\":\"BreadcrumbList\",\"@id\":\"https:\/\/vosgesinfo.fr\/epinalinfo\/2016\/10\/haiti-vosgiens-renfort\/#breadcrumb\",\"itemListElement\":[{\"@type\":\"ListItem\",\"position\":1,\"name\":\"Home\",\"item\":\"https:\/\/vosgesinfo.fr\/epinalinfo\/\"},{\"@type\":\"ListItem\",\"position\":2,\"name\":\"Ha\u00efti &#8211; Des Vosgiens en renfort !\"}]},{\"@type\":\"WebSite\",\"@id\":\"https:\/\/vosgesinfo.fr\/epinalinfo\/#website\",\"url\":\"https:\/\/vosgesinfo.fr\/epinalinfo\/\",\"name\":\"Epinal Info\",\"description\":\"Toute l&#039;actualit\u00e9 d&#039;\u00c9pinal\",\"publisher\":{\"@id\":\"https:\/\/vosgesinfo.fr\/epinalinfo\/#organization\"},\"alternateName\":\"Toute l'actualit\u00e9 d'\u00c9pinal\",\"potentialAction\":[{\"@type\":\"SearchAction\",\"target\":{\"@type\":\"EntryPoint\",\"urlTemplate\":\"https:\/\/vosgesinfo.fr\/epinalinfo\/?s={search_term_string}\"},\"query-input\":\"required name=search_term_string\"}],\"inLanguage\":\"fr-FR\"},{\"@type\":\"Organization\",\"@id\":\"https:\/\/vosgesinfo.fr\/epinalinfo\/#organization\",\"name\":\"Epinal Info\",\"url\":\"https:\/\/vosgesinfo.fr\/epinalinfo\/\",\"logo\":{\"@type\":\"ImageObject\",\"inLanguage\":\"fr-FR\",\"@id\":\"https:\/\/vosgesinfo.fr\/epinalinfo\/#\/schema\/logo\/image\/\",\"url\":\"https:\/\/vosgesinfo.fr\/app\/uploads\/sites\/3\/2023\/08\/logo-epinalinfos.svg\",\"contentUrl\":\"https:\/\/vosgesinfo.fr\/app\/uploads\/sites\/3\/2023\/08\/logo-epinalinfos.svg\",\"width\":1,\"height\":1,\"caption\":\"Epinal Info\"},\"image\":{\"@id\":\"https:\/\/vosgesinfo.fr\/epinalinfo\/#\/schema\/logo\/image\/\"},\"sameAs\":[\"https:\/\/www.facebook.com\/Epinalinfos\",\"https:\/\/x.com\/VosgesInfo88\",\"https:\/\/www.youtube.com\/@vosgesinfo\"]},{\"@type\":\"Person\",\"@id\":\"https:\/\/vosgesinfo.fr\/epinalinfo\/#\/schema\/person\/6f9a650eeea99d969b6c4ab78fccbe81\",\"name\":\"C.K.\",\"image\":{\"@type\":\"ImageObject\",\"inLanguage\":\"fr-FR\",\"@id\":\"https:\/\/vosgesinfo.fr\/epinalinfo\/#\/schema\/person\/image\/\",\"url\":\"https:\/\/secure.gravatar.com\/avatar\/48e3fc7f8421ba8942be6b74a2b7f014ca39bc00dece156b7a8e098ae7dc87bf?s=96&d=mm&r=g\",\"contentUrl\":\"https:\/\/secure.gravatar.com\/avatar\/48e3fc7f8421ba8942be6b74a2b7f014ca39bc00dece156b7a8e098ae7dc87bf?s=96&d=mm&r=g\",\"caption\":\"C.K.\"},\"url\":\"https:\/\/vosgesinfo.fr\/epinalinfo\/author\/celia-k-n\/\"}]}<\/script>\n<!-- \/ Yoast SEO plugin. -->","yoast_head_json":{"title":"Ha\u00efti - Des Vosgiens en renfort ! - Epinal Info","robots":{"index":"index","follow":"follow","max-snippet":"max-snippet:-1","max-image-preview":"max-image-preview:large","max-video-preview":"max-video-preview:-1"},"canonical":"https:\/\/vosgesinfo.fr\/epinalinfo\/2016\/10\/haiti-vosgiens-renfort\/","twitter_card":"summary_large_image","twitter_title":"Ha\u00efti - Des Vosgiens en renfort ! - Epinal Info","twitter_description":"Face \u00e0 l\u2019urgence humanitaire en Ha\u00efti, suite au passage de l\u2019ouragan Matthew, l\u2019ONG Lorraine M\u00e9dilor (M\u00e9decins d\u2019Intervention en Lorraine) a [&hellip;]","twitter_image":"https:\/\/vosgesinfo.fr\/app\/uploads\/sites\/3\/2024\/08\/20161012088017-842734902490793-2325688250669413703-n.jpg","twitter_creator":"@VosgesInfo88","twitter_site":"@VosgesInfo88","twitter_misc":{"\u00c9crit par":"C.K.","Dur\u00e9e de lecture estim\u00e9e":"1 minute"},"schema":{"@context":"https:\/\/schema.org","@graph":[{"@type":"Article","@id":"https:\/\/vosgesinfo.fr\/epinalinfo\/2016\/10\/haiti-vosgiens-renfort\/#article","isPartOf":{"@id":"https:\/\/vosgesinfo.fr\/epinalinfo\/2016\/10\/haiti-vosgiens-renfort\/"},"author":{"name":"C.K.","@id":"https:\/\/vosgesinfo.fr\/epinalinfo\/#\/schema\/person\/6f9a650eeea99d969b6c4ab78fccbe81"},"headline":"Ha\u00efti &#8211; Des Vosgiens en renfort !","datePublished":"2016-10-21T10:13:31+00:00","dateModified":"2016-10-21T10:13:31+00:00","mainEntityOfPage":{"@id":"https:\/\/vosgesinfo.fr\/epinalinfo\/2016\/10\/haiti-vosgiens-renfort\/"},"wordCount":274,"commentCount":0,"publisher":{"@id":"https:\/\/vosgesinfo.fr\/epinalinfo\/#organization"},"image":{"@id":"https:\/\/vosgesinfo.fr\/epinalinfo\/2016\/10\/haiti-vosgiens-renfort\/#primaryimage"},"thumbnailUrl":"https:\/\/vosgesinfo.fr\/app\/uploads\/sites\/3\/2024\/08\/20161012088017-842734902490793-2325688250669413703-n.jpg","keywords":["associations","b\u00e9n\u00e9voles","chol\u00e9ra","Ha\u00efti","infirmi\u00e8res","m\u00e9decins","M\u00e9dilor","ONG","ouragan","ouragan Matthew","sinistr\u00e9s","vosges"],"articleSection":["A la Une","Sant\u00e9","Vosges"],"inLanguage":"fr-FR","potentialAction":[{"@type":"CommentAction","name":"Comment","target":["https:\/\/vosgesinfo.fr\/epinalinfo\/2016\/10\/haiti-vosgiens-renfort\/#respond"]}]},{"@type":"WebPage","@id":"https:\/\/vosgesinfo.fr\/epinalinfo\/2016\/10\/haiti-vosgiens-renfort\/","url":"https:\/\/vosgesinfo.fr\/epinalinfo\/2016\/10\/haiti-vosgiens-renfort\/","name":"Ha\u00efti - Des Vosgiens en renfort ! - Epinal Info","isPartOf":{"@id":"https:\/\/vosgesinfo.fr\/epinalinfo\/#website"},"primaryImageOfPage":{"@id":"https:\/\/vosgesinfo.fr\/epinalinfo\/2016\/10\/haiti-vosgiens-renfort\/#primaryimage"},"image":{"@id":"https:\/\/vosgesinfo.fr\/epinalinfo\/2016\/10\/haiti-vosgiens-renfort\/#primaryimage"},"thumbnailUrl":"https:\/\/vosgesinfo.fr\/app\/uploads\/sites\/3\/2024\/08\/20161012088017-842734902490793-2325688250669413703-n.jpg","datePublished":"2016-10-21T10:13:31+00:00","dateModified":"2016-10-21T10:13:31+00:00","breadcrumb":{"@id":"https:\/\/vosgesinfo.fr\/epinalinfo\/2016\/10\/haiti-vosgiens-renfort\/#breadcrumb"},"inLanguage":"fr-FR","potentialAction":[{"@type":"ReadAction","target":["https:\/\/vosgesinfo.fr\/epinalinfo\/2016\/10\/haiti-vosgiens-renfort\/"]}]},{"@type":"ImageObject","inLanguage":"fr-FR","@id":"https:\/\/vosgesinfo.fr\/epinalinfo\/2016\/10\/haiti-vosgiens-renfort\/#primaryimage","url":"https:\/\/vosgesinfo.fr\/app\/uploads\/sites\/3\/2024\/08\/20161012088017-842734902490793-2325688250669413703-n.jpg","contentUrl":"https:\/\/vosgesinfo.fr\/app\/uploads\/sites\/3\/2024\/08\/20161012088017-842734902490793-2325688250669413703-n.jpg","width":600,"height":800},{"@type":"BreadcrumbList","@id":"https:\/\/vosgesinfo.fr\/epinalinfo\/2016\/10\/haiti-vosgiens-renfort\/#breadcrumb","itemListElement":[{"@type":"ListItem","position":1,"name":"Home","item":"https:\/\/vosgesinfo.fr\/epinalinfo\/"},{"@type":"ListItem","position":2,"name":"Ha\u00efti &#8211; Des Vosgiens en renfort !"}]},{"@type":"WebSite","@id":"https:\/\/vosgesinfo.fr\/epinalinfo\/#website","url":"https:\/\/vosgesinfo.fr\/epinalinfo\/","name":"Epinal Info","description":"Toute l&#039;actualit\u00e9 d&#039;\u00c9pinal","publisher":{"@id":"https:\/\/vosgesinfo.fr\/epinalinfo\/#organization"},"alternateName":"Toute l'actualit\u00e9 d'\u00c9pinal","potentialAction":[{"@type":"SearchAction","target":{"@type":"EntryPoint","urlTemplate":"https:\/\/vosgesinfo.fr\/epinalinfo\/?s={search_term_string}"},"query-input":"required name=search_term_string"}],"inLanguage":"fr-FR"},{"@type":"Organization","@id":"https:\/\/vosgesinfo.fr\/epinalinfo\/#organization","name":"Epinal Info","url":"https:\/\/vosgesinfo.fr\/epinalinfo\/","logo":{"@type":"ImageObject","inLanguage":"fr-FR","@id":"https:\/\/vosgesinfo.fr\/epinalinfo\/#\/schema\/logo\/image\/","url":"https:\/\/vosgesinfo.fr\/app\/uploads\/sites\/3\/2023\/08\/logo-epinalinfos.svg","contentUrl":"https:\/\/vosgesinfo.fr\/app\/uploads\/sites\/3\/2023\/08\/logo-epinalinfos.svg","width":1,"height":1,"caption":"Epinal Info"},"image":{"@id":"https:\/\/vosgesinfo.fr\/epinalinfo\/#\/schema\/logo\/image\/"},"sameAs":["https:\/\/www.facebook.com\/Epinalinfos","https:\/\/x.com\/VosgesInfo88","https:\/\/www.youtube.com\/@vosgesinfo"]},{"@type":"Person","@id":"https:\/\/vosgesinfo.fr\/epinalinfo\/#\/schema\/person\/6f9a650eeea99d969b6c4ab78fccbe81","name":"C.K.","image":{"@type":"ImageObject","inLanguage":"fr-FR","@id":"https:\/\/vosgesinfo.fr\/epinalinfo\/#\/schema\/person\/image\/","url":"https:\/\/secure.gravatar.com\/avatar\/48e3fc7f8421ba8942be6b74a2b7f014ca39bc00dece156b7a8e098ae7dc87bf?s=96&d=mm&r=g","contentUrl":"https:\/\/secure.gravatar.com\/avatar\/48e3fc7f8421ba8942be6b74a2b7f014ca39bc00dece156b7a8e098ae7dc87bf?s=96&d=mm&r=g","caption":"C.K."},"url":"https:\/\/vosgesinfo.fr\/epinalinfo\/author\/celia-k-n\/"}]}},"_links":{"self":[{"href":"https:\/\/vosgesinfo.fr\/epinalinfo\/wp-json\/wp\/v2\/posts\/66394","targetHints":{"allow":["GET"]}}],"collection":[{"href":"https:\/\/vosgesinfo.fr\/epinalinfo\/wp-json\/wp\/v2\/posts"}],"about":[{"href":"https:\/\/vosgesinfo.fr\/epinalinfo\/wp-json\/wp\/v2\/types\/post"}],"author":[{"embeddable":true,"href":"https:\/\/vosgesinfo.fr\/epinalinfo\/wp-json\/wp\/v2\/users\/52"}],"replies":[{"embeddable":true,"href":"https:\/\/vosgesinfo.fr\/epinalinfo\/wp-json\/wp\/v2\/comments?post=66394"}],"version-history":[{"count":0,"href":"https:\/\/vosgesinfo.fr\/epinalinfo\/wp-json\/wp\/v2\/posts\/66394\/revisions"}],"wp:featuredmedia":[{"embeddable":true,"href":"https:\/\/vosgesinfo.fr\/epinalinfo\/wp-json\/wp\/v2\/media\/66395"}],"wp:attachment":[{"href":"https:\/\/vosgesinfo.fr\/epinalinfo\/wp-json\/wp\/v2\/media?parent=66394"}],"wp:term":[{"taxonomy":"category","embeddable":true,"href":"https:\/\/vosgesinfo.fr\/epinalinfo\/wp-json\/wp\/v2\/categories?post=66394"},{"taxonomy":"post_tag","embeddable":true,"href":"https:\/\/vosgesinfo.fr\/epinalinfo\/wp-json\/wp\/v2\/tags?post=66394"}],"curies":[{"name":"wp","href":"https:\/\/api.w.org\/{rel}","templated":true}]}}