{"id":66396,"date":"2016-10-21T10:20:50","date_gmt":"2016-10-21T08:20:50","guid":{"rendered":"https:\/\/vosgesinfo.fr\/epinalinfo\/2016\/10\/conseil-departemental-budget-supplementaire-de-3-250-000-e-adopte-a-lunanimite\/"},"modified":"2016-10-21T10:20:50","modified_gmt":"2016-10-21T08:20:50","slug":"conseil-departemental-budget-supplementaire-de-3-250-000-e-adopte-a-lunanimite","status":"publish","type":"post","link":"https:\/\/vosgesinfo.fr\/epinalinfo\/2016\/10\/conseil-departemental-budget-supplementaire-de-3-250-000-e-adopte-a-lunanimite\/","title":{"rendered":"Conseil d\u00e9partemental &#8211; Un budget suppl\u00e9mentaire de 3 250 000 \u20ac adopt\u00e9 \u00e0 l\u2019unanimit\u00e9"},"content":{"rendered":"<p><strong><a href=\"http:\/\/epinalinfos.fr\/2016\/10\/conseil-departemental-budget-supplementaire-de-3-250-000-e-adopte-a-lunanimite\/conseil-departemental-3\/\" rel=\"attachment wp-att-102196\"><img decoding=\"async\" class=\"aligncenter size-full wp-image-102196\" src=\"\/2016\/10\/Conseil-departemental.jpg\" alt=\"Conseil-departemental\" width=\"800\" height=\"600\" \/><\/a>Ce vendredi, l\u2019assembl\u00e9e d\u00e9partementale a vot\u00e9 \u00e0\u00a0l\u2019unanimit\u00e9\u00a0un budget suppl\u00e9mentaire de\u00a0<strong>3\u00a0250 000 \u20ac de moyens nouveaux<\/strong>, avec une <strong>\u00e9pargne renforc\u00e9e de plus de 3\u00a0180 000 \u20ac.\u00a0<\/strong><\/strong><\/p>\n<p><em><a href=\"http:\/\/epinalinfos.fr\/2016\/10\/conseil-departemental-budget-supplementaire-de-3-250-000-e-adopte-a-lunanimite\/p1030231\/\" rel=\"attachment wp-att-102214\"><img decoding=\"async\" class=\" wp-image-102214 alignleft\" src=\"\/2016\/10\/P1030231.jpg\" alt=\"francois-vannson-conseil-departemental\" width=\"436\" height=\"327\" \/><\/a>\u00ab\u00a0Concernant le volume global des mouvements budg\u00e9taires, \u00e0 14\u00a0000\u00a0000 \u20ac, en brut, cette d\u00e9cision modificative est la plus cons\u00e9quente depuis de nombreuses ann\u00e9es.\u00a0Dans le cadre de notre volont\u00e9 de d\u00e9ployer au mieux les cr\u00e9dits avec comme objectif la bonne r\u00e9alisation des missions qui nous incombent, des red\u00e9ploiements significatifs vous sont propos\u00e9s<\/em>.\u00a0A cet \u00e9gard, j\u2019ai donn\u00e9 des instructions claires aux Directions op\u00e9rationnelles de notre collectivit\u00e9\u00a0: tout budget non n\u00e9cessaire d\u2019ici la fin de l\u2019exercice devait \u00eatre red\u00e9ploy\u00e9 l\u00e0 o\u00f9 des besoins et des opportunit\u00e9s existent.<em>\u00bb<\/em> explique le pr\u00e9sident Fran\u00e7ois Vannson.<\/p>\n<p>Du c\u00f4t\u00e9 des recettes nouvelles, plus de 3\u00a0000\u00a0000 \u20ac, on a par exemple le Fonds de solidarit\u00e9 tir\u00e9 du pacte \u00ab\u00a0dit\u00a0\u00bb de confiance.<\/p>\n<p>A plus de 900\u00a0000 \u20ac, le Fonds de solidarit\u00e9 \u00e9volue favorablement, en consacrant pour la premi\u00e8re fois le d\u00e9partement des Vosges comme un d\u00e9partement d\u00e9favoris\u00e9.\u00a0<em>\u00ab\u00a0Notre joie sera de courte dur\u00e9e.\u00a0\u00bb<\/em> commente Fran\u00e7ois Vannson. La m\u00eame semaine o\u00f9 cette nouvelle nous a \u00e9t\u00e9 notifi\u00e9e, le gouvernement annonce, pour le Projet de loi de Finances 2017, un retrait possible d\u2019une compensation fiscale de 2\u00a0500\u00a0000 \u20ac.<\/p>\n<p>Le pr\u00e9sident du Conseil d\u00e9partemental des Vosges a imm\u00e9diatement sollicit\u00e9 Dominique BUSSEREAU, Pr\u00e9sident de l\u2019Assembl\u00e9e des D\u00e9partements de France, qui a propos\u00e9 une motion demandant au gouvernement de retirer cette disposition du Projet de loi de Finances.<\/p>\n<p><em><a href=\"http:\/\/epinalinfos.fr\/2016\/10\/conseil-departemental-budget-supplementaire-de-3-250-000-e-adopte-a-lunanimite\/p1030233\/\" rel=\"attachment wp-att-102216\"><img decoding=\"async\" class=\" wp-image-102216 alignright\" src=\"\/2016\/10\/P1030233.jpg\" alt=\"francois-vannson-conseil-departemental\" width=\"463\" height=\"347\" \/><\/a>\u00ab\u00a0Dans ce contexte d\u2019incertitude permanente sur le traitement financier des D\u00e9partements, nous n\u2019avons d\u2019autres choix que de ma\u00eetriser nos d\u00e9penses.\u00a0\u00bb<\/em> poursuit Fran\u00e7ois Vannson.<\/p>\n<p><strong><u>Principaux \u00e9l\u00e9ments \u00e0 retenir<\/u><\/strong><strong>\u00a0:<\/strong><\/p>\n<p><strong>Un budget suppl\u00e9mentaire d\u2019environ 3 250\u00a0000 \u20ac, <\/strong>soit 0,7% du volume du budget d\u00e9finitif pour 2016<strong>.<\/strong><\/p>\n<p>(3% avec prise en compte des mouvements bruts).<\/p>\n<p><strong>Des d\u00e9penses \u00ab\u00a0nouvelles\u00a0\u00bb pour plus de 14\u00a0000\u00a0000 \u20ac, financ\u00e9es par 11\u00a0000\u00a0000 \u20ac de cr\u00e9dits red\u00e9ploy\u00e9s et 3\u00a0000\u00a0000 \u20ac de recettes nouvelles. <\/strong><\/p>\n<p><strong>Une section d\u2019exploitation particuli\u00e8rement surveill\u00e9e, avec en final une restitution de cr\u00e9dits de plus de 200\u00a0000 \u20ac. <\/strong><\/p>\n<p><strong>Une \u00e9pargne consolid\u00e9e de 3\u00a0180 657 \u20ac, fix\u00e9e \u00e0 environ 54\u00a0900 000 \u20ac pour 2016, qui permet de renforcer l\u2019autofinancement du D\u00e9partement.<\/strong><\/p>\n<p><strong>L\u2019investissement encore privil\u00e9gi\u00e9, avec un budget suppl\u00e9mentaire o\u00f9 la part consacr\u00e9e \u00e0 l\u2019investissement est de 100%, contre 24% au budget primitif <\/strong>(14,4% pour les d\u00e9partements<\/p>\n<p>en 2015 en moyenne).<\/p>\n<p>&nbsp;<\/p>\n","protected":false},"excerpt":{"rendered":"<p>Ce vendredi, l\u2019assembl\u00e9e d\u00e9partementale a vot\u00e9 \u00e0\u00a0l\u2019unanimit\u00e9\u00a0un budget suppl\u00e9mentaire de\u00a03\u00a0250 000 \u20ac de moyens nouveaux, avec une \u00e9pargne renforc\u00e9e de [&hellip;]<\/p>\n","protected":false},"author":52,"featured_media":14297,"comment_status":"open","ping_status":"open","sticky":false,"template":"","format":"standard","meta":{"footnotes":""},"categories":[22,8,5],"tags":[1905,9220,9221,75],"class_list":["post-66396","post","type-post","status-publish","format-standard","has-post-thumbnail","hentry","category-a-la-une","category-economie","category-vosges","tag-conseil-departemental","tag-decision-modificative","tag-rapport","tag-vosges"],"acf":[],"yoast_head":"<!-- This site is optimized with the Yoast SEO plugin v22.5 - https:\/\/yoast.com\/wordpress\/plugins\/seo\/ -->\n<title>Conseil d\u00e9partemental - Un budget suppl\u00e9mentaire de 3 250 000 \u20ac adopt\u00e9 \u00e0 l\u2019unanimit\u00e9 - Epinal Info<\/title>\n<meta name=\"robots\" content=\"index, follow, max-snippet:-1, max-image-preview:large, max-video-preview:-1\" \/>\n<link rel=\"canonical\" href=\"https:\/\/vosgesinfo.fr\/epinalinfo\/2016\/10\/conseil-departemental-budget-supplementaire-de-3-250-000-e-adopte-a-lunanimite\/\" \/>\n<meta name=\"twitter:card\" content=\"summary_large_image\" \/>\n<meta name=\"twitter:title\" content=\"Conseil d\u00e9partemental - Un budget suppl\u00e9mentaire de 3 250 000 \u20ac adopt\u00e9 \u00e0 l\u2019unanimit\u00e9 - Epinal Info\" \/>\n<meta name=\"twitter:description\" content=\"Ce vendredi, l\u2019assembl\u00e9e d\u00e9partementale a vot\u00e9 \u00e0\u00a0l\u2019unanimit\u00e9\u00a0un budget suppl\u00e9mentaire de\u00a03\u00a0250 000 \u20ac de moyens nouveaux, avec une \u00e9pargne renforc\u00e9e de [&hellip;]\" \/>\n<meta name=\"twitter:image\" content=\"https:\/\/vosgesinfo.fr\/app\/uploads\/sites\/3\/2020\/04\/conseil-departemental.jpg\" \/>\n<meta name=\"twitter:creator\" content=\"@VosgesInfo88\" \/>\n<meta name=\"twitter:site\" content=\"@VosgesInfo88\" \/>\n<meta name=\"twitter:label1\" content=\"\u00c9crit par\" \/>\n\t<meta name=\"twitter:data1\" content=\"C.K.\" \/>\n\t<meta name=\"twitter:label2\" content=\"Dur\u00e9e de lecture estim\u00e9e\" \/>\n\t<meta name=\"twitter:data2\" content=\"2 minutes\" \/>\n<script type=\"application\/ld+json\" class=\"yoast-schema-graph\">{\"@context\":\"https:\/\/schema.org\",\"@graph\":[{\"@type\":\"Article\",\"@id\":\"https:\/\/vosgesinfo.fr\/epinalinfo\/2016\/10\/conseil-departemental-budget-supplementaire-de-3-250-000-e-adopte-a-lunanimite\/#article\",\"isPartOf\":{\"@id\":\"https:\/\/vosgesinfo.fr\/epinalinfo\/2016\/10\/conseil-departemental-budget-supplementaire-de-3-250-000-e-adopte-a-lunanimite\/\"},\"author\":{\"name\":\"C.K.\",\"@id\":\"https:\/\/vosgesinfo.fr\/epinalinfo\/#\/schema\/person\/6f9a650eeea99d969b6c4ab78fccbe81\"},\"headline\":\"Conseil d\u00e9partemental &#8211; Un budget suppl\u00e9mentaire de 3 250 000 \u20ac adopt\u00e9 \u00e0 l\u2019unanimit\u00e9\",\"datePublished\":\"2016-10-21T08:20:50+00:00\",\"dateModified\":\"2016-10-21T08:20:50+00:00\",\"mainEntityOfPage\":{\"@id\":\"https:\/\/vosgesinfo.fr\/epinalinfo\/2016\/10\/conseil-departemental-budget-supplementaire-de-3-250-000-e-adopte-a-lunanimite\/\"},\"wordCount\":422,\"commentCount\":0,\"publisher\":{\"@id\":\"https:\/\/vosgesinfo.fr\/epinalinfo\/#organization\"},\"image\":{\"@id\":\"https:\/\/vosgesinfo.fr\/epinalinfo\/2016\/10\/conseil-departemental-budget-supplementaire-de-3-250-000-e-adopte-a-lunanimite\/#primaryimage\"},\"thumbnailUrl\":\"https:\/\/vosgesinfo.fr\/app\/uploads\/sites\/3\/2020\/04\/conseil-departemental.jpg\",\"keywords\":[\"Conseil d\u00e9partemental\",\"d\u00e9cision modificative\",\"rapport\",\"vosges\"],\"articleSection\":[\"A la Une\",\"\u00c9conomie\",\"Vosges\"],\"inLanguage\":\"fr-FR\",\"potentialAction\":[{\"@type\":\"CommentAction\",\"name\":\"Comment\",\"target\":[\"https:\/\/vosgesinfo.fr\/epinalinfo\/2016\/10\/conseil-departemental-budget-supplementaire-de-3-250-000-e-adopte-a-lunanimite\/#respond\"]}]},{\"@type\":\"WebPage\",\"@id\":\"https:\/\/vosgesinfo.fr\/epinalinfo\/2016\/10\/conseil-departemental-budget-supplementaire-de-3-250-000-e-adopte-a-lunanimite\/\",\"url\":\"https:\/\/vosgesinfo.fr\/epinalinfo\/2016\/10\/conseil-departemental-budget-supplementaire-de-3-250-000-e-adopte-a-lunanimite\/\",\"name\":\"Conseil d\u00e9partemental - Un budget suppl\u00e9mentaire de 3 250 000 \u20ac adopt\u00e9 \u00e0 l\u2019unanimit\u00e9 - Epinal Info\",\"isPartOf\":{\"@id\":\"https:\/\/vosgesinfo.fr\/epinalinfo\/#website\"},\"primaryImageOfPage\":{\"@id\":\"https:\/\/vosgesinfo.fr\/epinalinfo\/2016\/10\/conseil-departemental-budget-supplementaire-de-3-250-000-e-adopte-a-lunanimite\/#primaryimage\"},\"image\":{\"@id\":\"https:\/\/vosgesinfo.fr\/epinalinfo\/2016\/10\/conseil-departemental-budget-supplementaire-de-3-250-000-e-adopte-a-lunanimite\/#primaryimage\"},\"thumbnailUrl\":\"https:\/\/vosgesinfo.fr\/app\/uploads\/sites\/3\/2020\/04\/conseil-departemental.jpg\",\"datePublished\":\"2016-10-21T08:20:50+00:00\",\"dateModified\":\"2016-10-21T08:20:50+00:00\",\"breadcrumb\":{\"@id\":\"https:\/\/vosgesinfo.fr\/epinalinfo\/2016\/10\/conseil-departemental-budget-supplementaire-de-3-250-000-e-adopte-a-lunanimite\/#breadcrumb\"},\"inLanguage\":\"fr-FR\",\"potentialAction\":[{\"@type\":\"ReadAction\",\"target\":[\"https:\/\/vosgesinfo.fr\/epinalinfo\/2016\/10\/conseil-departemental-budget-supplementaire-de-3-250-000-e-adopte-a-lunanimite\/\"]}]},{\"@type\":\"ImageObject\",\"inLanguage\":\"fr-FR\",\"@id\":\"https:\/\/vosgesinfo.fr\/epinalinfo\/2016\/10\/conseil-departemental-budget-supplementaire-de-3-250-000-e-adopte-a-lunanimite\/#primaryimage\",\"url\":\"https:\/\/vosgesinfo.fr\/app\/uploads\/sites\/3\/2020\/04\/conseil-departemental.jpg\",\"contentUrl\":\"https:\/\/vosgesinfo.fr\/app\/uploads\/sites\/3\/2020\/04\/conseil-departemental.jpg\"},{\"@type\":\"BreadcrumbList\",\"@id\":\"https:\/\/vosgesinfo.fr\/epinalinfo\/2016\/10\/conseil-departemental-budget-supplementaire-de-3-250-000-e-adopte-a-lunanimite\/#breadcrumb\",\"itemListElement\":[{\"@type\":\"ListItem\",\"position\":1,\"name\":\"Home\",\"item\":\"https:\/\/vosgesinfo.fr\/epinalinfo\/\"},{\"@type\":\"ListItem\",\"position\":2,\"name\":\"Conseil d\u00e9partemental &#8211; Un budget suppl\u00e9mentaire de 3 250 000 \u20ac adopt\u00e9 \u00e0 l\u2019unanimit\u00e9\"}]},{\"@type\":\"WebSite\",\"@id\":\"https:\/\/vosgesinfo.fr\/epinalinfo\/#website\",\"url\":\"https:\/\/vosgesinfo.fr\/epinalinfo\/\",\"name\":\"Epinal Info\",\"description\":\"Toute l&#039;actualit\u00e9 d&#039;\u00c9pinal\",\"publisher\":{\"@id\":\"https:\/\/vosgesinfo.fr\/epinalinfo\/#organization\"},\"alternateName\":\"Toute l'actualit\u00e9 d'\u00c9pinal\",\"potentialAction\":[{\"@type\":\"SearchAction\",\"target\":{\"@type\":\"EntryPoint\",\"urlTemplate\":\"https:\/\/vosgesinfo.fr\/epinalinfo\/?s={search_term_string}\"},\"query-input\":\"required name=search_term_string\"}],\"inLanguage\":\"fr-FR\"},{\"@type\":\"Organization\",\"@id\":\"https:\/\/vosgesinfo.fr\/epinalinfo\/#organization\",\"name\":\"Epinal Info\",\"url\":\"https:\/\/vosgesinfo.fr\/epinalinfo\/\",\"logo\":{\"@type\":\"ImageObject\",\"inLanguage\":\"fr-FR\",\"@id\":\"https:\/\/vosgesinfo.fr\/epinalinfo\/#\/schema\/logo\/image\/\",\"url\":\"https:\/\/vosgesinfo.fr\/app\/uploads\/sites\/3\/2023\/08\/logo-epinalinfos.svg\",\"contentUrl\":\"https:\/\/vosgesinfo.fr\/app\/uploads\/sites\/3\/2023\/08\/logo-epinalinfos.svg\",\"width\":1,\"height\":1,\"caption\":\"Epinal Info\"},\"image\":{\"@id\":\"https:\/\/vosgesinfo.fr\/epinalinfo\/#\/schema\/logo\/image\/\"},\"sameAs\":[\"https:\/\/www.facebook.com\/Epinalinfos\",\"https:\/\/x.com\/VosgesInfo88\",\"https:\/\/www.youtube.com\/@vosgesinfo\"]},{\"@type\":\"Person\",\"@id\":\"https:\/\/vosgesinfo.fr\/epinalinfo\/#\/schema\/person\/6f9a650eeea99d969b6c4ab78fccbe81\",\"name\":\"C.K.\",\"image\":{\"@type\":\"ImageObject\",\"inLanguage\":\"fr-FR\",\"@id\":\"https:\/\/vosgesinfo.fr\/epinalinfo\/#\/schema\/person\/image\/\",\"url\":\"https:\/\/secure.gravatar.com\/avatar\/48e3fc7f8421ba8942be6b74a2b7f014ca39bc00dece156b7a8e098ae7dc87bf?s=96&d=mm&r=g\",\"contentUrl\":\"https:\/\/secure.gravatar.com\/avatar\/48e3fc7f8421ba8942be6b74a2b7f014ca39bc00dece156b7a8e098ae7dc87bf?s=96&d=mm&r=g\",\"caption\":\"C.K.\"},\"url\":\"https:\/\/vosgesinfo.fr\/epinalinfo\/author\/celia-k-n\/\"}]}<\/script>\n<!-- \/ Yoast SEO plugin. -->","yoast_head_json":{"title":"Conseil d\u00e9partemental - Un budget suppl\u00e9mentaire de 3 250 000 \u20ac adopt\u00e9 \u00e0 l\u2019unanimit\u00e9 - Epinal Info","robots":{"index":"index","follow":"follow","max-snippet":"max-snippet:-1","max-image-preview":"max-image-preview:large","max-video-preview":"max-video-preview:-1"},"canonical":"https:\/\/vosgesinfo.fr\/epinalinfo\/2016\/10\/conseil-departemental-budget-supplementaire-de-3-250-000-e-adopte-a-lunanimite\/","twitter_card":"summary_large_image","twitter_title":"Conseil d\u00e9partemental - Un budget suppl\u00e9mentaire de 3 250 000 \u20ac adopt\u00e9 \u00e0 l\u2019unanimit\u00e9 - Epinal Info","twitter_description":"Ce vendredi, l\u2019assembl\u00e9e d\u00e9partementale a vot\u00e9 \u00e0\u00a0l\u2019unanimit\u00e9\u00a0un budget suppl\u00e9mentaire de\u00a03\u00a0250 000 \u20ac de moyens nouveaux, avec une \u00e9pargne renforc\u00e9e de [&hellip;]","twitter_image":"https:\/\/vosgesinfo.fr\/app\/uploads\/sites\/3\/2020\/04\/conseil-departemental.jpg","twitter_creator":"@VosgesInfo88","twitter_site":"@VosgesInfo88","twitter_misc":{"\u00c9crit par":"C.K.","Dur\u00e9e de lecture estim\u00e9e":"2 minutes"},"schema":{"@context":"https:\/\/schema.org","@graph":[{"@type":"Article","@id":"https:\/\/vosgesinfo.fr\/epinalinfo\/2016\/10\/conseil-departemental-budget-supplementaire-de-3-250-000-e-adopte-a-lunanimite\/#article","isPartOf":{"@id":"https:\/\/vosgesinfo.fr\/epinalinfo\/2016\/10\/conseil-departemental-budget-supplementaire-de-3-250-000-e-adopte-a-lunanimite\/"},"author":{"name":"C.K.","@id":"https:\/\/vosgesinfo.fr\/epinalinfo\/#\/schema\/person\/6f9a650eeea99d969b6c4ab78fccbe81"},"headline":"Conseil d\u00e9partemental &#8211; Un budget suppl\u00e9mentaire de 3 250 000 \u20ac adopt\u00e9 \u00e0 l\u2019unanimit\u00e9","datePublished":"2016-10-21T08:20:50+00:00","dateModified":"2016-10-21T08:20:50+00:00","mainEntityOfPage":{"@id":"https:\/\/vosgesinfo.fr\/epinalinfo\/2016\/10\/conseil-departemental-budget-supplementaire-de-3-250-000-e-adopte-a-lunanimite\/"},"wordCount":422,"commentCount":0,"publisher":{"@id":"https:\/\/vosgesinfo.fr\/epinalinfo\/#organization"},"image":{"@id":"https:\/\/vosgesinfo.fr\/epinalinfo\/2016\/10\/conseil-departemental-budget-supplementaire-de-3-250-000-e-adopte-a-lunanimite\/#primaryimage"},"thumbnailUrl":"https:\/\/vosgesinfo.fr\/app\/uploads\/sites\/3\/2020\/04\/conseil-departemental.jpg","keywords":["Conseil d\u00e9partemental","d\u00e9cision modificative","rapport","vosges"],"articleSection":["A la Une","\u00c9conomie","Vosges"],"inLanguage":"fr-FR","potentialAction":[{"@type":"CommentAction","name":"Comment","target":["https:\/\/vosgesinfo.fr\/epinalinfo\/2016\/10\/conseil-departemental-budget-supplementaire-de-3-250-000-e-adopte-a-lunanimite\/#respond"]}]},{"@type":"WebPage","@id":"https:\/\/vosgesinfo.fr\/epinalinfo\/2016\/10\/conseil-departemental-budget-supplementaire-de-3-250-000-e-adopte-a-lunanimite\/","url":"https:\/\/vosgesinfo.fr\/epinalinfo\/2016\/10\/conseil-departemental-budget-supplementaire-de-3-250-000-e-adopte-a-lunanimite\/","name":"Conseil d\u00e9partemental - Un budget suppl\u00e9mentaire de 3 250 000 \u20ac adopt\u00e9 \u00e0 l\u2019unanimit\u00e9 - Epinal Info","isPartOf":{"@id":"https:\/\/vosgesinfo.fr\/epinalinfo\/#website"},"primaryImageOfPage":{"@id":"https:\/\/vosgesinfo.fr\/epinalinfo\/2016\/10\/conseil-departemental-budget-supplementaire-de-3-250-000-e-adopte-a-lunanimite\/#primaryimage"},"image":{"@id":"https:\/\/vosgesinfo.fr\/epinalinfo\/2016\/10\/conseil-departemental-budget-supplementaire-de-3-250-000-e-adopte-a-lunanimite\/#primaryimage"},"thumbnailUrl":"https:\/\/vosgesinfo.fr\/app\/uploads\/sites\/3\/2020\/04\/conseil-departemental.jpg","datePublished":"2016-10-21T08:20:50+00:00","dateModified":"2016-10-21T08:20:50+00:00","breadcrumb":{"@id":"https:\/\/vosgesinfo.fr\/epinalinfo\/2016\/10\/conseil-departemental-budget-supplementaire-de-3-250-000-e-adopte-a-lunanimite\/#breadcrumb"},"inLanguage":"fr-FR","potentialAction":[{"@type":"ReadAction","target":["https:\/\/vosgesinfo.fr\/epinalinfo\/2016\/10\/conseil-departemental-budget-supplementaire-de-3-250-000-e-adopte-a-lunanimite\/"]}]},{"@type":"ImageObject","inLanguage":"fr-FR","@id":"https:\/\/vosgesinfo.fr\/epinalinfo\/2016\/10\/conseil-departemental-budget-supplementaire-de-3-250-000-e-adopte-a-lunanimite\/#primaryimage","url":"https:\/\/vosgesinfo.fr\/app\/uploads\/sites\/3\/2020\/04\/conseil-departemental.jpg","contentUrl":"https:\/\/vosgesinfo.fr\/app\/uploads\/sites\/3\/2020\/04\/conseil-departemental.jpg"},{"@type":"BreadcrumbList","@id":"https:\/\/vosgesinfo.fr\/epinalinfo\/2016\/10\/conseil-departemental-budget-supplementaire-de-3-250-000-e-adopte-a-lunanimite\/#breadcrumb","itemListElement":[{"@type":"ListItem","position":1,"name":"Home","item":"https:\/\/vosgesinfo.fr\/epinalinfo\/"},{"@type":"ListItem","position":2,"name":"Conseil d\u00e9partemental &#8211; Un budget suppl\u00e9mentaire de 3 250 000 \u20ac adopt\u00e9 \u00e0 l\u2019unanimit\u00e9"}]},{"@type":"WebSite","@id":"https:\/\/vosgesinfo.fr\/epinalinfo\/#website","url":"https:\/\/vosgesinfo.fr\/epinalinfo\/","name":"Epinal Info","description":"Toute l&#039;actualit\u00e9 d&#039;\u00c9pinal","publisher":{"@id":"https:\/\/vosgesinfo.fr\/epinalinfo\/#organization"},"alternateName":"Toute l'actualit\u00e9 d'\u00c9pinal","potentialAction":[{"@type":"SearchAction","target":{"@type":"EntryPoint","urlTemplate":"https:\/\/vosgesinfo.fr\/epinalinfo\/?s={search_term_string}"},"query-input":"required name=search_term_string"}],"inLanguage":"fr-FR"},{"@type":"Organization","@id":"https:\/\/vosgesinfo.fr\/epinalinfo\/#organization","name":"Epinal Info","url":"https:\/\/vosgesinfo.fr\/epinalinfo\/","logo":{"@type":"ImageObject","inLanguage":"fr-FR","@id":"https:\/\/vosgesinfo.fr\/epinalinfo\/#\/schema\/logo\/image\/","url":"https:\/\/vosgesinfo.fr\/app\/uploads\/sites\/3\/2023\/08\/logo-epinalinfos.svg","contentUrl":"https:\/\/vosgesinfo.fr\/app\/uploads\/sites\/3\/2023\/08\/logo-epinalinfos.svg","width":1,"height":1,"caption":"Epinal Info"},"image":{"@id":"https:\/\/vosgesinfo.fr\/epinalinfo\/#\/schema\/logo\/image\/"},"sameAs":["https:\/\/www.facebook.com\/Epinalinfos","https:\/\/x.com\/VosgesInfo88","https:\/\/www.youtube.com\/@vosgesinfo"]},{"@type":"Person","@id":"https:\/\/vosgesinfo.fr\/epinalinfo\/#\/schema\/person\/6f9a650eeea99d969b6c4ab78fccbe81","name":"C.K.","image":{"@type":"ImageObject","inLanguage":"fr-FR","@id":"https:\/\/vosgesinfo.fr\/epinalinfo\/#\/schema\/person\/image\/","url":"https:\/\/secure.gravatar.com\/avatar\/48e3fc7f8421ba8942be6b74a2b7f014ca39bc00dece156b7a8e098ae7dc87bf?s=96&d=mm&r=g","contentUrl":"https:\/\/secure.gravatar.com\/avatar\/48e3fc7f8421ba8942be6b74a2b7f014ca39bc00dece156b7a8e098ae7dc87bf?s=96&d=mm&r=g","caption":"C.K."},"url":"https:\/\/vosgesinfo.fr\/epinalinfo\/author\/celia-k-n\/"}]}},"_links":{"self":[{"href":"https:\/\/vosgesinfo.fr\/epinalinfo\/wp-json\/wp\/v2\/posts\/66396","targetHints":{"allow":["GET"]}}],"collection":[{"href":"https:\/\/vosgesinfo.fr\/epinalinfo\/wp-json\/wp\/v2\/posts"}],"about":[{"href":"https:\/\/vosgesinfo.fr\/epinalinfo\/wp-json\/wp\/v2\/types\/post"}],"author":[{"embeddable":true,"href":"https:\/\/vosgesinfo.fr\/epinalinfo\/wp-json\/wp\/v2\/users\/52"}],"replies":[{"embeddable":true,"href":"https:\/\/vosgesinfo.fr\/epinalinfo\/wp-json\/wp\/v2\/comments?post=66396"}],"version-history":[{"count":0,"href":"https:\/\/vosgesinfo.fr\/epinalinfo\/wp-json\/wp\/v2\/posts\/66396\/revisions"}],"wp:featuredmedia":[{"embeddable":true,"href":"https:\/\/vosgesinfo.fr\/epinalinfo\/wp-json\/wp\/v2\/media\/14297"}],"wp:attachment":[{"href":"https:\/\/vosgesinfo.fr\/epinalinfo\/wp-json\/wp\/v2\/media?parent=66396"}],"wp:term":[{"taxonomy":"category","embeddable":true,"href":"https:\/\/vosgesinfo.fr\/epinalinfo\/wp-json\/wp\/v2\/categories?post=66396"},{"taxonomy":"post_tag","embeddable":true,"href":"https:\/\/vosgesinfo.fr\/epinalinfo\/wp-json\/wp\/v2\/tags?post=66396"}],"curies":[{"name":"wp","href":"https:\/\/api.w.org\/{rel}","templated":true}]}}