{"id":66405,"date":"2016-10-22T07:47:28","date_gmt":"2016-10-22T05:47:28","guid":{"rendered":"https:\/\/vosgesinfo.fr\/epinalinfo\/2016\/10\/spinalienne-tombe-nez-a-nez-cambrioleur\/"},"modified":"2016-10-22T07:47:28","modified_gmt":"2016-10-22T05:47:28","slug":"spinalienne-tombe-nez-a-nez-cambrioleur","status":"publish","type":"post","link":"https:\/\/vosgesinfo.fr\/epinalinfo\/2016\/10\/spinalienne-tombe-nez-a-nez-cambrioleur\/","title":{"rendered":"Une Spinalienne tombe nez \u00e0 nez avec son cambrioleur !"},"content":{"rendered":"<p><strong><a href=\"http:\/\/epinalinfos.fr\/2015\/10\/epinal-ils-veulent-cambrioler-easy-cash-et-se-retrouvent-chez-xina\/cambrioleur\/\" rel=\"attachment wp-att-65857\"><img decoding=\"async\" class=\"aligncenter size-full wp-image-65857\" src=\"\/2015\/10\/cambrioleur.jpg\" alt=\"cambrioleur\" width=\"450\" height=\"300\" \/><\/a>Jeudi en fin de matin\u00e9e, une Spinalienne rentre \u00e0 son domicile situ\u00e9 dans le quartier de la Vierge \u00e0 Epinal quand elle aper\u00e7oit une voiture qui sort du chemin qui m\u00e8ne \u00e0 son habitation.\u00a0En arrivant chez elle, elle comprend tr\u00e8s vite qu\u2019elle a \u00e9t\u00e9 vol\u00e9e et que le v\u00e9hicule qu\u2019elle\u00a0vient de\u00a0croiser est celui son cambrioleur.<\/strong><\/p>\n<p>La porte-fen\u00eatre a \u00e9t\u00e9 fractur\u00e9e et \u00e0 l\u2019int\u00e9rieur la Spinalienne d\u00e9couvre que le voleur est parti avec un appareil photo, un t\u00e9l\u00e9viseur, du mat\u00e9riel Hifi ainsi que des bijoux. Au total, le pr\u00e9judice est estim\u00e9 \u00e0 2000 euros. Par chance, la victime a eu le bon r\u00e9flexe. Elle a relev\u00e9 la plaque d\u2019immatriculation et la marque du v\u00e9hicule, facilitant ainsi le travail des fonctionnaires de police.<\/p>\n<p>La Spinalienne pr\u00e9vient la police qui retrouve le v\u00e9hicule du suspect gar\u00e9 \u00e0 proximit\u00e9 de la maison de la victime.<\/p>\n<p>Ce vendredi, le voleur \u00e2g\u00e9 d\u2019une trentaine d\u2019ann\u00e9es se rend au commissariat. L\u2019homme d\u00e9j\u00e0 bien connu des services de police explique aux policiers qu\u2019il a cambriol\u00e9 la maison parce qu\u2019il avait besoin d\u2019argent pour s\u2019acheter de l\u2019alcool. Il est en effet d\u00e9pendant \u00e0 l&rsquo;alcool et vient de perdre son emploi. Entre temps, l\u2019homme a r\u00e9ussi \u00e0 revendre la totalit\u00e9 du butin.<\/p>\n<p>Il devra r\u00e9pondre de ses actes devant la justice au mois de f\u00e9vrier prochain.<\/p>\n<p>C.K.N.<\/p>\n<p>&nbsp;<\/p>\n","protected":false},"excerpt":{"rendered":"<p>Jeudi en fin de matin\u00e9e, une Spinalienne rentre \u00e0 son domicile situ\u00e9 dans le quartier de la Vierge \u00e0 Epinal [&hellip;]<\/p>\n","protected":false},"author":52,"featured_media":66406,"comment_status":"open","ping_status":"open","sticky":false,"template":"","format":"standard","meta":{"footnotes":""},"categories":[22,24,6],"tags":[267,70,5386,9227,8519,424],"class_list":["post-66405","post","type-post","status-publish","format-standard","has-post-thumbnail","hentry","category-a-la-une","category-epinal","category-faits-divers","tag-cambriolage","tag-epinal","tag-habitation","tag-quartier-de-la-vierge","tag-victime","tag-vol"],"acf":[],"yoast_head":"<!-- This site is optimized with the Yoast SEO plugin v22.5 - https:\/\/yoast.com\/wordpress\/plugins\/seo\/ -->\n<title>Une Spinalienne tombe nez \u00e0 nez avec son cambrioleur ! - Epinal Info<\/title>\n<meta name=\"robots\" content=\"index, follow, max-snippet:-1, max-image-preview:large, max-video-preview:-1\" \/>\n<link rel=\"canonical\" href=\"https:\/\/vosgesinfo.fr\/epinalinfo\/2016\/10\/spinalienne-tombe-nez-a-nez-cambrioleur\/\" \/>\n<meta name=\"twitter:card\" content=\"summary_large_image\" \/>\n<meta name=\"twitter:title\" content=\"Une Spinalienne tombe nez \u00e0 nez avec son cambrioleur ! - Epinal Info\" \/>\n<meta name=\"twitter:description\" content=\"Jeudi en fin de matin\u00e9e, une Spinalienne rentre \u00e0 son domicile situ\u00e9 dans le quartier de la Vierge \u00e0 Epinal [&hellip;]\" \/>\n<meta name=\"twitter:image\" content=\"https:\/\/vosgesinfo.fr\/app\/uploads\/sites\/3\/2024\/08\/201510cambrioleur-4.jpg\" \/>\n<meta name=\"twitter:creator\" content=\"@VosgesInfo88\" \/>\n<meta name=\"twitter:site\" content=\"@VosgesInfo88\" \/>\n<meta name=\"twitter:label1\" content=\"\u00c9crit par\" \/>\n\t<meta name=\"twitter:data1\" content=\"C.K.\" \/>\n\t<meta name=\"twitter:label2\" content=\"Dur\u00e9e de lecture estim\u00e9e\" \/>\n\t<meta name=\"twitter:data2\" content=\"1 minute\" \/>\n<script type=\"application\/ld+json\" class=\"yoast-schema-graph\">{\"@context\":\"https:\/\/schema.org\",\"@graph\":[{\"@type\":\"Article\",\"@id\":\"https:\/\/vosgesinfo.fr\/epinalinfo\/2016\/10\/spinalienne-tombe-nez-a-nez-cambrioleur\/#article\",\"isPartOf\":{\"@id\":\"https:\/\/vosgesinfo.fr\/epinalinfo\/2016\/10\/spinalienne-tombe-nez-a-nez-cambrioleur\/\"},\"author\":{\"name\":\"C.K.\",\"@id\":\"https:\/\/vosgesinfo.fr\/epinalinfo\/#\/schema\/person\/6f9a650eeea99d969b6c4ab78fccbe81\"},\"headline\":\"Une Spinalienne tombe nez \u00e0 nez avec son cambrioleur !\",\"datePublished\":\"2016-10-22T05:47:28+00:00\",\"dateModified\":\"2016-10-22T05:47:28+00:00\",\"mainEntityOfPage\":{\"@id\":\"https:\/\/vosgesinfo.fr\/epinalinfo\/2016\/10\/spinalienne-tombe-nez-a-nez-cambrioleur\/\"},\"wordCount\":260,\"commentCount\":0,\"publisher\":{\"@id\":\"https:\/\/vosgesinfo.fr\/epinalinfo\/#organization\"},\"image\":{\"@id\":\"https:\/\/vosgesinfo.fr\/epinalinfo\/2016\/10\/spinalienne-tombe-nez-a-nez-cambrioleur\/#primaryimage\"},\"thumbnailUrl\":\"https:\/\/vosgesinfo.fr\/app\/uploads\/sites\/3\/2024\/08\/201510cambrioleur-4.jpg\",\"keywords\":[\"cambriolage\",\"Epinal\",\"habitation\",\"quartier de la Vierge\",\"victime\",\"vol\"],\"articleSection\":[\"A la Une\",\"Epinal\",\"Faits-divers\"],\"inLanguage\":\"fr-FR\",\"potentialAction\":[{\"@type\":\"CommentAction\",\"name\":\"Comment\",\"target\":[\"https:\/\/vosgesinfo.fr\/epinalinfo\/2016\/10\/spinalienne-tombe-nez-a-nez-cambrioleur\/#respond\"]}]},{\"@type\":\"WebPage\",\"@id\":\"https:\/\/vosgesinfo.fr\/epinalinfo\/2016\/10\/spinalienne-tombe-nez-a-nez-cambrioleur\/\",\"url\":\"https:\/\/vosgesinfo.fr\/epinalinfo\/2016\/10\/spinalienne-tombe-nez-a-nez-cambrioleur\/\",\"name\":\"Une Spinalienne tombe nez \u00e0 nez avec son cambrioleur ! - Epinal Info\",\"isPartOf\":{\"@id\":\"https:\/\/vosgesinfo.fr\/epinalinfo\/#website\"},\"primaryImageOfPage\":{\"@id\":\"https:\/\/vosgesinfo.fr\/epinalinfo\/2016\/10\/spinalienne-tombe-nez-a-nez-cambrioleur\/#primaryimage\"},\"image\":{\"@id\":\"https:\/\/vosgesinfo.fr\/epinalinfo\/2016\/10\/spinalienne-tombe-nez-a-nez-cambrioleur\/#primaryimage\"},\"thumbnailUrl\":\"https:\/\/vosgesinfo.fr\/app\/uploads\/sites\/3\/2024\/08\/201510cambrioleur-4.jpg\",\"datePublished\":\"2016-10-22T05:47:28+00:00\",\"dateModified\":\"2016-10-22T05:47:28+00:00\",\"breadcrumb\":{\"@id\":\"https:\/\/vosgesinfo.fr\/epinalinfo\/2016\/10\/spinalienne-tombe-nez-a-nez-cambrioleur\/#breadcrumb\"},\"inLanguage\":\"fr-FR\",\"potentialAction\":[{\"@type\":\"ReadAction\",\"target\":[\"https:\/\/vosgesinfo.fr\/epinalinfo\/2016\/10\/spinalienne-tombe-nez-a-nez-cambrioleur\/\"]}]},{\"@type\":\"ImageObject\",\"inLanguage\":\"fr-FR\",\"@id\":\"https:\/\/vosgesinfo.fr\/epinalinfo\/2016\/10\/spinalienne-tombe-nez-a-nez-cambrioleur\/#primaryimage\",\"url\":\"https:\/\/vosgesinfo.fr\/app\/uploads\/sites\/3\/2024\/08\/201510cambrioleur-4.jpg\",\"contentUrl\":\"https:\/\/vosgesinfo.fr\/app\/uploads\/sites\/3\/2024\/08\/201510cambrioleur-4.jpg\",\"width\":450,\"height\":300},{\"@type\":\"BreadcrumbList\",\"@id\":\"https:\/\/vosgesinfo.fr\/epinalinfo\/2016\/10\/spinalienne-tombe-nez-a-nez-cambrioleur\/#breadcrumb\",\"itemListElement\":[{\"@type\":\"ListItem\",\"position\":1,\"name\":\"Home\",\"item\":\"https:\/\/vosgesinfo.fr\/epinalinfo\/\"},{\"@type\":\"ListItem\",\"position\":2,\"name\":\"Une Spinalienne tombe nez \u00e0 nez avec son cambrioleur !\"}]},{\"@type\":\"WebSite\",\"@id\":\"https:\/\/vosgesinfo.fr\/epinalinfo\/#website\",\"url\":\"https:\/\/vosgesinfo.fr\/epinalinfo\/\",\"name\":\"Epinal Info\",\"description\":\"Toute l&#039;actualit\u00e9 d&#039;\u00c9pinal\",\"publisher\":{\"@id\":\"https:\/\/vosgesinfo.fr\/epinalinfo\/#organization\"},\"alternateName\":\"Toute l'actualit\u00e9 d'\u00c9pinal\",\"potentialAction\":[{\"@type\":\"SearchAction\",\"target\":{\"@type\":\"EntryPoint\",\"urlTemplate\":\"https:\/\/vosgesinfo.fr\/epinalinfo\/?s={search_term_string}\"},\"query-input\":\"required name=search_term_string\"}],\"inLanguage\":\"fr-FR\"},{\"@type\":\"Organization\",\"@id\":\"https:\/\/vosgesinfo.fr\/epinalinfo\/#organization\",\"name\":\"Epinal Info\",\"url\":\"https:\/\/vosgesinfo.fr\/epinalinfo\/\",\"logo\":{\"@type\":\"ImageObject\",\"inLanguage\":\"fr-FR\",\"@id\":\"https:\/\/vosgesinfo.fr\/epinalinfo\/#\/schema\/logo\/image\/\",\"url\":\"https:\/\/vosgesinfo.fr\/app\/uploads\/sites\/3\/2023\/08\/logo-epinalinfos.svg\",\"contentUrl\":\"https:\/\/vosgesinfo.fr\/app\/uploads\/sites\/3\/2023\/08\/logo-epinalinfos.svg\",\"width\":1,\"height\":1,\"caption\":\"Epinal Info\"},\"image\":{\"@id\":\"https:\/\/vosgesinfo.fr\/epinalinfo\/#\/schema\/logo\/image\/\"},\"sameAs\":[\"https:\/\/www.facebook.com\/Epinalinfos\",\"https:\/\/x.com\/VosgesInfo88\",\"https:\/\/www.youtube.com\/@vosgesinfo\"]},{\"@type\":\"Person\",\"@id\":\"https:\/\/vosgesinfo.fr\/epinalinfo\/#\/schema\/person\/6f9a650eeea99d969b6c4ab78fccbe81\",\"name\":\"C.K.\",\"image\":{\"@type\":\"ImageObject\",\"inLanguage\":\"fr-FR\",\"@id\":\"https:\/\/vosgesinfo.fr\/epinalinfo\/#\/schema\/person\/image\/\",\"url\":\"https:\/\/secure.gravatar.com\/avatar\/48e3fc7f8421ba8942be6b74a2b7f014ca39bc00dece156b7a8e098ae7dc87bf?s=96&d=mm&r=g\",\"contentUrl\":\"https:\/\/secure.gravatar.com\/avatar\/48e3fc7f8421ba8942be6b74a2b7f014ca39bc00dece156b7a8e098ae7dc87bf?s=96&d=mm&r=g\",\"caption\":\"C.K.\"},\"url\":\"https:\/\/vosgesinfo.fr\/epinalinfo\/author\/celia-k-n\/\"}]}<\/script>\n<!-- \/ Yoast SEO plugin. -->","yoast_head_json":{"title":"Une Spinalienne tombe nez \u00e0 nez avec son cambrioleur ! - Epinal Info","robots":{"index":"index","follow":"follow","max-snippet":"max-snippet:-1","max-image-preview":"max-image-preview:large","max-video-preview":"max-video-preview:-1"},"canonical":"https:\/\/vosgesinfo.fr\/epinalinfo\/2016\/10\/spinalienne-tombe-nez-a-nez-cambrioleur\/","twitter_card":"summary_large_image","twitter_title":"Une Spinalienne tombe nez \u00e0 nez avec son cambrioleur ! - Epinal Info","twitter_description":"Jeudi en fin de matin\u00e9e, une Spinalienne rentre \u00e0 son domicile situ\u00e9 dans le quartier de la Vierge \u00e0 Epinal [&hellip;]","twitter_image":"https:\/\/vosgesinfo.fr\/app\/uploads\/sites\/3\/2024\/08\/201510cambrioleur-4.jpg","twitter_creator":"@VosgesInfo88","twitter_site":"@VosgesInfo88","twitter_misc":{"\u00c9crit par":"C.K.","Dur\u00e9e de lecture estim\u00e9e":"1 minute"},"schema":{"@context":"https:\/\/schema.org","@graph":[{"@type":"Article","@id":"https:\/\/vosgesinfo.fr\/epinalinfo\/2016\/10\/spinalienne-tombe-nez-a-nez-cambrioleur\/#article","isPartOf":{"@id":"https:\/\/vosgesinfo.fr\/epinalinfo\/2016\/10\/spinalienne-tombe-nez-a-nez-cambrioleur\/"},"author":{"name":"C.K.","@id":"https:\/\/vosgesinfo.fr\/epinalinfo\/#\/schema\/person\/6f9a650eeea99d969b6c4ab78fccbe81"},"headline":"Une Spinalienne tombe nez \u00e0 nez avec son cambrioleur !","datePublished":"2016-10-22T05:47:28+00:00","dateModified":"2016-10-22T05:47:28+00:00","mainEntityOfPage":{"@id":"https:\/\/vosgesinfo.fr\/epinalinfo\/2016\/10\/spinalienne-tombe-nez-a-nez-cambrioleur\/"},"wordCount":260,"commentCount":0,"publisher":{"@id":"https:\/\/vosgesinfo.fr\/epinalinfo\/#organization"},"image":{"@id":"https:\/\/vosgesinfo.fr\/epinalinfo\/2016\/10\/spinalienne-tombe-nez-a-nez-cambrioleur\/#primaryimage"},"thumbnailUrl":"https:\/\/vosgesinfo.fr\/app\/uploads\/sites\/3\/2024\/08\/201510cambrioleur-4.jpg","keywords":["cambriolage","Epinal","habitation","quartier de la Vierge","victime","vol"],"articleSection":["A la Une","Epinal","Faits-divers"],"inLanguage":"fr-FR","potentialAction":[{"@type":"CommentAction","name":"Comment","target":["https:\/\/vosgesinfo.fr\/epinalinfo\/2016\/10\/spinalienne-tombe-nez-a-nez-cambrioleur\/#respond"]}]},{"@type":"WebPage","@id":"https:\/\/vosgesinfo.fr\/epinalinfo\/2016\/10\/spinalienne-tombe-nez-a-nez-cambrioleur\/","url":"https:\/\/vosgesinfo.fr\/epinalinfo\/2016\/10\/spinalienne-tombe-nez-a-nez-cambrioleur\/","name":"Une Spinalienne tombe nez \u00e0 nez avec son cambrioleur ! - Epinal Info","isPartOf":{"@id":"https:\/\/vosgesinfo.fr\/epinalinfo\/#website"},"primaryImageOfPage":{"@id":"https:\/\/vosgesinfo.fr\/epinalinfo\/2016\/10\/spinalienne-tombe-nez-a-nez-cambrioleur\/#primaryimage"},"image":{"@id":"https:\/\/vosgesinfo.fr\/epinalinfo\/2016\/10\/spinalienne-tombe-nez-a-nez-cambrioleur\/#primaryimage"},"thumbnailUrl":"https:\/\/vosgesinfo.fr\/app\/uploads\/sites\/3\/2024\/08\/201510cambrioleur-4.jpg","datePublished":"2016-10-22T05:47:28+00:00","dateModified":"2016-10-22T05:47:28+00:00","breadcrumb":{"@id":"https:\/\/vosgesinfo.fr\/epinalinfo\/2016\/10\/spinalienne-tombe-nez-a-nez-cambrioleur\/#breadcrumb"},"inLanguage":"fr-FR","potentialAction":[{"@type":"ReadAction","target":["https:\/\/vosgesinfo.fr\/epinalinfo\/2016\/10\/spinalienne-tombe-nez-a-nez-cambrioleur\/"]}]},{"@type":"ImageObject","inLanguage":"fr-FR","@id":"https:\/\/vosgesinfo.fr\/epinalinfo\/2016\/10\/spinalienne-tombe-nez-a-nez-cambrioleur\/#primaryimage","url":"https:\/\/vosgesinfo.fr\/app\/uploads\/sites\/3\/2024\/08\/201510cambrioleur-4.jpg","contentUrl":"https:\/\/vosgesinfo.fr\/app\/uploads\/sites\/3\/2024\/08\/201510cambrioleur-4.jpg","width":450,"height":300},{"@type":"BreadcrumbList","@id":"https:\/\/vosgesinfo.fr\/epinalinfo\/2016\/10\/spinalienne-tombe-nez-a-nez-cambrioleur\/#breadcrumb","itemListElement":[{"@type":"ListItem","position":1,"name":"Home","item":"https:\/\/vosgesinfo.fr\/epinalinfo\/"},{"@type":"ListItem","position":2,"name":"Une Spinalienne tombe nez \u00e0 nez avec son cambrioleur !"}]},{"@type":"WebSite","@id":"https:\/\/vosgesinfo.fr\/epinalinfo\/#website","url":"https:\/\/vosgesinfo.fr\/epinalinfo\/","name":"Epinal Info","description":"Toute l&#039;actualit\u00e9 d&#039;\u00c9pinal","publisher":{"@id":"https:\/\/vosgesinfo.fr\/epinalinfo\/#organization"},"alternateName":"Toute l'actualit\u00e9 d'\u00c9pinal","potentialAction":[{"@type":"SearchAction","target":{"@type":"EntryPoint","urlTemplate":"https:\/\/vosgesinfo.fr\/epinalinfo\/?s={search_term_string}"},"query-input":"required name=search_term_string"}],"inLanguage":"fr-FR"},{"@type":"Organization","@id":"https:\/\/vosgesinfo.fr\/epinalinfo\/#organization","name":"Epinal Info","url":"https:\/\/vosgesinfo.fr\/epinalinfo\/","logo":{"@type":"ImageObject","inLanguage":"fr-FR","@id":"https:\/\/vosgesinfo.fr\/epinalinfo\/#\/schema\/logo\/image\/","url":"https:\/\/vosgesinfo.fr\/app\/uploads\/sites\/3\/2023\/08\/logo-epinalinfos.svg","contentUrl":"https:\/\/vosgesinfo.fr\/app\/uploads\/sites\/3\/2023\/08\/logo-epinalinfos.svg","width":1,"height":1,"caption":"Epinal Info"},"image":{"@id":"https:\/\/vosgesinfo.fr\/epinalinfo\/#\/schema\/logo\/image\/"},"sameAs":["https:\/\/www.facebook.com\/Epinalinfos","https:\/\/x.com\/VosgesInfo88","https:\/\/www.youtube.com\/@vosgesinfo"]},{"@type":"Person","@id":"https:\/\/vosgesinfo.fr\/epinalinfo\/#\/schema\/person\/6f9a650eeea99d969b6c4ab78fccbe81","name":"C.K.","image":{"@type":"ImageObject","inLanguage":"fr-FR","@id":"https:\/\/vosgesinfo.fr\/epinalinfo\/#\/schema\/person\/image\/","url":"https:\/\/secure.gravatar.com\/avatar\/48e3fc7f8421ba8942be6b74a2b7f014ca39bc00dece156b7a8e098ae7dc87bf?s=96&d=mm&r=g","contentUrl":"https:\/\/secure.gravatar.com\/avatar\/48e3fc7f8421ba8942be6b74a2b7f014ca39bc00dece156b7a8e098ae7dc87bf?s=96&d=mm&r=g","caption":"C.K."},"url":"https:\/\/vosgesinfo.fr\/epinalinfo\/author\/celia-k-n\/"}]}},"_links":{"self":[{"href":"https:\/\/vosgesinfo.fr\/epinalinfo\/wp-json\/wp\/v2\/posts\/66405","targetHints":{"allow":["GET"]}}],"collection":[{"href":"https:\/\/vosgesinfo.fr\/epinalinfo\/wp-json\/wp\/v2\/posts"}],"about":[{"href":"https:\/\/vosgesinfo.fr\/epinalinfo\/wp-json\/wp\/v2\/types\/post"}],"author":[{"embeddable":true,"href":"https:\/\/vosgesinfo.fr\/epinalinfo\/wp-json\/wp\/v2\/users\/52"}],"replies":[{"embeddable":true,"href":"https:\/\/vosgesinfo.fr\/epinalinfo\/wp-json\/wp\/v2\/comments?post=66405"}],"version-history":[{"count":0,"href":"https:\/\/vosgesinfo.fr\/epinalinfo\/wp-json\/wp\/v2\/posts\/66405\/revisions"}],"wp:featuredmedia":[{"embeddable":true,"href":"https:\/\/vosgesinfo.fr\/epinalinfo\/wp-json\/wp\/v2\/media\/66406"}],"wp:attachment":[{"href":"https:\/\/vosgesinfo.fr\/epinalinfo\/wp-json\/wp\/v2\/media?parent=66405"}],"wp:term":[{"taxonomy":"category","embeddable":true,"href":"https:\/\/vosgesinfo.fr\/epinalinfo\/wp-json\/wp\/v2\/categories?post=66405"},{"taxonomy":"post_tag","embeddable":true,"href":"https:\/\/vosgesinfo.fr\/epinalinfo\/wp-json\/wp\/v2\/tags?post=66405"}],"curies":[{"name":"wp","href":"https:\/\/api.w.org\/{rel}","templated":true}]}}