{"id":66615,"date":"2016-10-28T04:00:04","date_gmt":"2016-10-28T02:00:04","guid":{"rendered":"https:\/\/vosgesinfo.fr\/epinalinfo\/2016\/10\/carte-intercommunale-lurgence-dassouplir-dispositif-daniel-gremillet\/"},"modified":"2016-10-28T04:00:04","modified_gmt":"2016-10-28T02:00:04","slug":"carte-intercommunale-lurgence-dassouplir-dispositif-daniel-gremillet","status":"publish","type":"post","link":"https:\/\/vosgesinfo.fr\/epinalinfo\/2016\/10\/carte-intercommunale-lurgence-dassouplir-dispositif-daniel-gremillet\/","title":{"rendered":"Carte intercommunale : l\u2019urgence d\u2019assouplir le dispositif pour Daniel Gremillet"},"content":{"rendered":"<p align=\"CENTER\"><b><a href=\"http:\/\/epinalinfos.fr\/2015\/08\/epinal-le-senateur-daniel-gremillet-reagit-a-perte-de-la-chambre-regionale-des-comptes\/gremillet_daniel_trb\/\" rel=\"attachment wp-att-61602\"><img decoding=\"async\" class=\"aligncenter size-full wp-image-61602\" src=\"\/2015\/08\/GREMILLET_Daniel_TRB.jpg\" alt=\"GREMILLET_Daniel_TRB\" width=\"682\" height=\"1024\" \/><\/a>Mercredi 26 octobre 2016, au S\u00e9nat, Daniel Gremillet est intervenu en s\u00e9ance publique afin d\u2019assouplir la proc\u00e9dure de r\u00e9vision des sch\u00e9mas d\u00e9partementaux de coop\u00e9ration intercommunale (SDCI) prescrite par la loi du 7\u00a0ao\u00fbt 2015 portant nouvelle organisation territoriale de la R\u00e9publique<\/b><strong>, dite loi \u00ab\u00a0Notre\u00a0\u00bb en faveur d\u2019une plus grande capacit\u00e9 d\u2019action des maires et des \u00e9lus locaux.<\/strong><\/p>\n<p>\u00ab\u00a0<i>L\u2019appr\u00e9ciation des territoires doit pouvoir s\u2019op\u00e9rer au-del\u00e0 des calculs d\u00e9mographiques. Il est indispensable de desserrer le carcan et de permettre l\u2019\u00e9mergence d\u2019intercommunalit\u00e9s \u00e9manant des bassins de vie, des identit\u00e9s partag\u00e9es et des projets<\/i><i> en confortant la place des communes au sein de cette nouvelle gouvernance et en jouant sur la compl\u00e9mentarit\u00e9 entre les territoires<\/i>. \u00bb a soulign\u00e9 Daniel Gremillet.<\/p>\n<p>L\u2019\u00e9lu vosgien a, en effet, point\u00e9 du doigt les difficult\u00e9s rencontr\u00e9es par les \u00e9lus locaux, notamment dans la r\u00e9partition des si\u00e8ges du conseil communautaire, et le v\u00e9ritable sentiment d\u2019incompr\u00e9hension et d\u2019abandon qui anime souvent les territoires et leurs habitants.<\/p>\n<p>En ce sens, il a salu\u00e9 l\u2019initiative et vot\u00e9 pour la proposition de loi s\u00e9natoriale tendant \u00e0 faciliter la recomposition de la carte intercommunale. Cette derni\u00e8re garantit \u00e0 toutes les intercommunalit\u00e9s la capacit\u00e9 de proc\u00e9der \u00e0 une r\u00e9partition des si\u00e8ges entre communes sur le fondement d\u2019un accord local et l\u2019\u00e9quit\u00e9 de traitement des territoires. \u00ab\u00a0<i>Les \u00e9lus locaux auront une marge de man\u0153uvre plus large pour r\u00e9partir les si\u00e8ges dont le nombre pourra \u00eatre modul\u00e9 au besoin, dans des proportions toutefois raisonnables pour permettre le bon fonctionnement du conseil communautaire<\/i> \u00bb a estim\u00e9 Daniel Gremillet, qui a appel\u00e9 le Gouvernement \u00e0 une adoption rapide de ce texte.<\/p>\n","protected":false},"excerpt":{"rendered":"<p>Mercredi 26 octobre 2016, au S\u00e9nat, Daniel Gremillet est intervenu en s\u00e9ance publique afin d\u2019assouplir la proc\u00e9dure de r\u00e9vision des [&hellip;]<\/p>\n","protected":false},"author":52,"featured_media":49456,"comment_status":"open","ping_status":"open","sticky":false,"template":"","format":"standard","meta":{"footnotes":""},"categories":[9,5],"tags":[9286,964],"class_list":["post-66615","post","type-post","status-publish","format-standard","has-post-thumbnail","hentry","category-politique","category-vosges","tag-carte-intercommunale","tag-daniel-gremillet"],"acf":[],"yoast_head":"<!-- This site is optimized with the Yoast SEO plugin v22.5 - https:\/\/yoast.com\/wordpress\/plugins\/seo\/ -->\n<title>Carte intercommunale : l\u2019urgence d\u2019assouplir le dispositif pour Daniel Gremillet - Epinal Info<\/title>\n<meta name=\"robots\" content=\"index, follow, max-snippet:-1, max-image-preview:large, max-video-preview:-1\" \/>\n<link rel=\"canonical\" href=\"https:\/\/vosgesinfo.fr\/epinalinfo\/2016\/10\/carte-intercommunale-lurgence-dassouplir-dispositif-daniel-gremillet\/\" \/>\n<meta name=\"twitter:card\" content=\"summary_large_image\" \/>\n<meta name=\"twitter:title\" content=\"Carte intercommunale : l\u2019urgence d\u2019assouplir le dispositif pour Daniel Gremillet - Epinal Info\" \/>\n<meta name=\"twitter:description\" content=\"Mercredi 26 octobre 2016, au S\u00e9nat, Daniel Gremillet est intervenu en s\u00e9ance publique afin d\u2019assouplir la proc\u00e9dure de r\u00e9vision des [&hellip;]\" \/>\n<meta name=\"twitter:image\" content=\"https:\/\/vosgesinfo.fr\/app\/uploads\/sites\/3\/2015\/08\/gremillet-daniel-trb.jpg\" \/>\n<meta name=\"twitter:creator\" content=\"@VosgesInfo88\" \/>\n<meta name=\"twitter:site\" content=\"@VosgesInfo88\" \/>\n<meta name=\"twitter:label1\" content=\"\u00c9crit par\" \/>\n\t<meta name=\"twitter:data1\" content=\"C.K.\" \/>\n\t<meta name=\"twitter:label2\" content=\"Dur\u00e9e de lecture estim\u00e9e\" \/>\n\t<meta name=\"twitter:data2\" content=\"1 minute\" \/>\n<script type=\"application\/ld+json\" class=\"yoast-schema-graph\">{\"@context\":\"https:\/\/schema.org\",\"@graph\":[{\"@type\":\"Article\",\"@id\":\"https:\/\/vosgesinfo.fr\/epinalinfo\/2016\/10\/carte-intercommunale-lurgence-dassouplir-dispositif-daniel-gremillet\/#article\",\"isPartOf\":{\"@id\":\"https:\/\/vosgesinfo.fr\/epinalinfo\/2016\/10\/carte-intercommunale-lurgence-dassouplir-dispositif-daniel-gremillet\/\"},\"author\":{\"name\":\"C.K.\",\"@id\":\"https:\/\/vosgesinfo.fr\/epinalinfo\/#\/schema\/person\/6f9a650eeea99d969b6c4ab78fccbe81\"},\"headline\":\"Carte intercommunale : l\u2019urgence d\u2019assouplir le dispositif pour Daniel Gremillet\",\"datePublished\":\"2016-10-28T02:00:04+00:00\",\"dateModified\":\"2016-10-28T02:00:04+00:00\",\"mainEntityOfPage\":{\"@id\":\"https:\/\/vosgesinfo.fr\/epinalinfo\/2016\/10\/carte-intercommunale-lurgence-dassouplir-dispositif-daniel-gremillet\/\"},\"wordCount\":306,\"commentCount\":0,\"publisher\":{\"@id\":\"https:\/\/vosgesinfo.fr\/epinalinfo\/#organization\"},\"image\":{\"@id\":\"https:\/\/vosgesinfo.fr\/epinalinfo\/2016\/10\/carte-intercommunale-lurgence-dassouplir-dispositif-daniel-gremillet\/#primaryimage\"},\"thumbnailUrl\":\"https:\/\/vosgesinfo.fr\/app\/uploads\/sites\/3\/2015\/08\/gremillet-daniel-trb.jpg\",\"keywords\":[\"Carte intercommunale\",\"Daniel Gremillet\"],\"articleSection\":[\"Politique\",\"Vosges\"],\"inLanguage\":\"fr-FR\",\"potentialAction\":[{\"@type\":\"CommentAction\",\"name\":\"Comment\",\"target\":[\"https:\/\/vosgesinfo.fr\/epinalinfo\/2016\/10\/carte-intercommunale-lurgence-dassouplir-dispositif-daniel-gremillet\/#respond\"]}]},{\"@type\":\"WebPage\",\"@id\":\"https:\/\/vosgesinfo.fr\/epinalinfo\/2016\/10\/carte-intercommunale-lurgence-dassouplir-dispositif-daniel-gremillet\/\",\"url\":\"https:\/\/vosgesinfo.fr\/epinalinfo\/2016\/10\/carte-intercommunale-lurgence-dassouplir-dispositif-daniel-gremillet\/\",\"name\":\"Carte intercommunale : l\u2019urgence d\u2019assouplir le dispositif pour Daniel Gremillet - Epinal Info\",\"isPartOf\":{\"@id\":\"https:\/\/vosgesinfo.fr\/epinalinfo\/#website\"},\"primaryImageOfPage\":{\"@id\":\"https:\/\/vosgesinfo.fr\/epinalinfo\/2016\/10\/carte-intercommunale-lurgence-dassouplir-dispositif-daniel-gremillet\/#primaryimage\"},\"image\":{\"@id\":\"https:\/\/vosgesinfo.fr\/epinalinfo\/2016\/10\/carte-intercommunale-lurgence-dassouplir-dispositif-daniel-gremillet\/#primaryimage\"},\"thumbnailUrl\":\"https:\/\/vosgesinfo.fr\/app\/uploads\/sites\/3\/2015\/08\/gremillet-daniel-trb.jpg\",\"datePublished\":\"2016-10-28T02:00:04+00:00\",\"dateModified\":\"2016-10-28T02:00:04+00:00\",\"breadcrumb\":{\"@id\":\"https:\/\/vosgesinfo.fr\/epinalinfo\/2016\/10\/carte-intercommunale-lurgence-dassouplir-dispositif-daniel-gremillet\/#breadcrumb\"},\"inLanguage\":\"fr-FR\",\"potentialAction\":[{\"@type\":\"ReadAction\",\"target\":[\"https:\/\/vosgesinfo.fr\/epinalinfo\/2016\/10\/carte-intercommunale-lurgence-dassouplir-dispositif-daniel-gremillet\/\"]}]},{\"@type\":\"ImageObject\",\"inLanguage\":\"fr-FR\",\"@id\":\"https:\/\/vosgesinfo.fr\/epinalinfo\/2016\/10\/carte-intercommunale-lurgence-dassouplir-dispositif-daniel-gremillet\/#primaryimage\",\"url\":\"https:\/\/vosgesinfo.fr\/app\/uploads\/sites\/3\/2015\/08\/gremillet-daniel-trb.jpg\",\"contentUrl\":\"https:\/\/vosgesinfo.fr\/app\/uploads\/sites\/3\/2015\/08\/gremillet-daniel-trb.jpg\"},{\"@type\":\"BreadcrumbList\",\"@id\":\"https:\/\/vosgesinfo.fr\/epinalinfo\/2016\/10\/carte-intercommunale-lurgence-dassouplir-dispositif-daniel-gremillet\/#breadcrumb\",\"itemListElement\":[{\"@type\":\"ListItem\",\"position\":1,\"name\":\"Home\",\"item\":\"https:\/\/vosgesinfo.fr\/epinalinfo\/\"},{\"@type\":\"ListItem\",\"position\":2,\"name\":\"Carte intercommunale : l\u2019urgence d\u2019assouplir le dispositif pour Daniel Gremillet\"}]},{\"@type\":\"WebSite\",\"@id\":\"https:\/\/vosgesinfo.fr\/epinalinfo\/#website\",\"url\":\"https:\/\/vosgesinfo.fr\/epinalinfo\/\",\"name\":\"Epinal Info\",\"description\":\"Toute l&#039;actualit\u00e9 d&#039;\u00c9pinal\",\"publisher\":{\"@id\":\"https:\/\/vosgesinfo.fr\/epinalinfo\/#organization\"},\"alternateName\":\"Toute l'actualit\u00e9 d'\u00c9pinal\",\"potentialAction\":[{\"@type\":\"SearchAction\",\"target\":{\"@type\":\"EntryPoint\",\"urlTemplate\":\"https:\/\/vosgesinfo.fr\/epinalinfo\/?s={search_term_string}\"},\"query-input\":\"required name=search_term_string\"}],\"inLanguage\":\"fr-FR\"},{\"@type\":\"Organization\",\"@id\":\"https:\/\/vosgesinfo.fr\/epinalinfo\/#organization\",\"name\":\"Epinal Info\",\"url\":\"https:\/\/vosgesinfo.fr\/epinalinfo\/\",\"logo\":{\"@type\":\"ImageObject\",\"inLanguage\":\"fr-FR\",\"@id\":\"https:\/\/vosgesinfo.fr\/epinalinfo\/#\/schema\/logo\/image\/\",\"url\":\"https:\/\/vosgesinfo.fr\/app\/uploads\/sites\/3\/2023\/08\/logo-epinalinfos.svg\",\"contentUrl\":\"https:\/\/vosgesinfo.fr\/app\/uploads\/sites\/3\/2023\/08\/logo-epinalinfos.svg\",\"width\":1,\"height\":1,\"caption\":\"Epinal Info\"},\"image\":{\"@id\":\"https:\/\/vosgesinfo.fr\/epinalinfo\/#\/schema\/logo\/image\/\"},\"sameAs\":[\"https:\/\/www.facebook.com\/Epinalinfos\",\"https:\/\/x.com\/VosgesInfo88\",\"https:\/\/www.youtube.com\/@vosgesinfo\"]},{\"@type\":\"Person\",\"@id\":\"https:\/\/vosgesinfo.fr\/epinalinfo\/#\/schema\/person\/6f9a650eeea99d969b6c4ab78fccbe81\",\"name\":\"C.K.\",\"image\":{\"@type\":\"ImageObject\",\"inLanguage\":\"fr-FR\",\"@id\":\"https:\/\/vosgesinfo.fr\/epinalinfo\/#\/schema\/person\/image\/\",\"url\":\"https:\/\/secure.gravatar.com\/avatar\/48e3fc7f8421ba8942be6b74a2b7f014ca39bc00dece156b7a8e098ae7dc87bf?s=96&d=mm&r=g\",\"contentUrl\":\"https:\/\/secure.gravatar.com\/avatar\/48e3fc7f8421ba8942be6b74a2b7f014ca39bc00dece156b7a8e098ae7dc87bf?s=96&d=mm&r=g\",\"caption\":\"C.K.\"},\"url\":\"https:\/\/vosgesinfo.fr\/epinalinfo\/author\/celia-k-n\/\"}]}<\/script>\n<!-- \/ Yoast SEO plugin. -->","yoast_head_json":{"title":"Carte intercommunale : l\u2019urgence d\u2019assouplir le dispositif pour Daniel Gremillet - Epinal Info","robots":{"index":"index","follow":"follow","max-snippet":"max-snippet:-1","max-image-preview":"max-image-preview:large","max-video-preview":"max-video-preview:-1"},"canonical":"https:\/\/vosgesinfo.fr\/epinalinfo\/2016\/10\/carte-intercommunale-lurgence-dassouplir-dispositif-daniel-gremillet\/","twitter_card":"summary_large_image","twitter_title":"Carte intercommunale : l\u2019urgence d\u2019assouplir le dispositif pour Daniel Gremillet - Epinal Info","twitter_description":"Mercredi 26 octobre 2016, au S\u00e9nat, Daniel Gremillet est intervenu en s\u00e9ance publique afin d\u2019assouplir la proc\u00e9dure de r\u00e9vision des [&hellip;]","twitter_image":"https:\/\/vosgesinfo.fr\/app\/uploads\/sites\/3\/2015\/08\/gremillet-daniel-trb.jpg","twitter_creator":"@VosgesInfo88","twitter_site":"@VosgesInfo88","twitter_misc":{"\u00c9crit par":"C.K.","Dur\u00e9e de lecture estim\u00e9e":"1 minute"},"schema":{"@context":"https:\/\/schema.org","@graph":[{"@type":"Article","@id":"https:\/\/vosgesinfo.fr\/epinalinfo\/2016\/10\/carte-intercommunale-lurgence-dassouplir-dispositif-daniel-gremillet\/#article","isPartOf":{"@id":"https:\/\/vosgesinfo.fr\/epinalinfo\/2016\/10\/carte-intercommunale-lurgence-dassouplir-dispositif-daniel-gremillet\/"},"author":{"name":"C.K.","@id":"https:\/\/vosgesinfo.fr\/epinalinfo\/#\/schema\/person\/6f9a650eeea99d969b6c4ab78fccbe81"},"headline":"Carte intercommunale : l\u2019urgence d\u2019assouplir le dispositif pour Daniel Gremillet","datePublished":"2016-10-28T02:00:04+00:00","dateModified":"2016-10-28T02:00:04+00:00","mainEntityOfPage":{"@id":"https:\/\/vosgesinfo.fr\/epinalinfo\/2016\/10\/carte-intercommunale-lurgence-dassouplir-dispositif-daniel-gremillet\/"},"wordCount":306,"commentCount":0,"publisher":{"@id":"https:\/\/vosgesinfo.fr\/epinalinfo\/#organization"},"image":{"@id":"https:\/\/vosgesinfo.fr\/epinalinfo\/2016\/10\/carte-intercommunale-lurgence-dassouplir-dispositif-daniel-gremillet\/#primaryimage"},"thumbnailUrl":"https:\/\/vosgesinfo.fr\/app\/uploads\/sites\/3\/2015\/08\/gremillet-daniel-trb.jpg","keywords":["Carte intercommunale","Daniel Gremillet"],"articleSection":["Politique","Vosges"],"inLanguage":"fr-FR","potentialAction":[{"@type":"CommentAction","name":"Comment","target":["https:\/\/vosgesinfo.fr\/epinalinfo\/2016\/10\/carte-intercommunale-lurgence-dassouplir-dispositif-daniel-gremillet\/#respond"]}]},{"@type":"WebPage","@id":"https:\/\/vosgesinfo.fr\/epinalinfo\/2016\/10\/carte-intercommunale-lurgence-dassouplir-dispositif-daniel-gremillet\/","url":"https:\/\/vosgesinfo.fr\/epinalinfo\/2016\/10\/carte-intercommunale-lurgence-dassouplir-dispositif-daniel-gremillet\/","name":"Carte intercommunale : l\u2019urgence d\u2019assouplir le dispositif pour Daniel Gremillet - Epinal Info","isPartOf":{"@id":"https:\/\/vosgesinfo.fr\/epinalinfo\/#website"},"primaryImageOfPage":{"@id":"https:\/\/vosgesinfo.fr\/epinalinfo\/2016\/10\/carte-intercommunale-lurgence-dassouplir-dispositif-daniel-gremillet\/#primaryimage"},"image":{"@id":"https:\/\/vosgesinfo.fr\/epinalinfo\/2016\/10\/carte-intercommunale-lurgence-dassouplir-dispositif-daniel-gremillet\/#primaryimage"},"thumbnailUrl":"https:\/\/vosgesinfo.fr\/app\/uploads\/sites\/3\/2015\/08\/gremillet-daniel-trb.jpg","datePublished":"2016-10-28T02:00:04+00:00","dateModified":"2016-10-28T02:00:04+00:00","breadcrumb":{"@id":"https:\/\/vosgesinfo.fr\/epinalinfo\/2016\/10\/carte-intercommunale-lurgence-dassouplir-dispositif-daniel-gremillet\/#breadcrumb"},"inLanguage":"fr-FR","potentialAction":[{"@type":"ReadAction","target":["https:\/\/vosgesinfo.fr\/epinalinfo\/2016\/10\/carte-intercommunale-lurgence-dassouplir-dispositif-daniel-gremillet\/"]}]},{"@type":"ImageObject","inLanguage":"fr-FR","@id":"https:\/\/vosgesinfo.fr\/epinalinfo\/2016\/10\/carte-intercommunale-lurgence-dassouplir-dispositif-daniel-gremillet\/#primaryimage","url":"https:\/\/vosgesinfo.fr\/app\/uploads\/sites\/3\/2015\/08\/gremillet-daniel-trb.jpg","contentUrl":"https:\/\/vosgesinfo.fr\/app\/uploads\/sites\/3\/2015\/08\/gremillet-daniel-trb.jpg"},{"@type":"BreadcrumbList","@id":"https:\/\/vosgesinfo.fr\/epinalinfo\/2016\/10\/carte-intercommunale-lurgence-dassouplir-dispositif-daniel-gremillet\/#breadcrumb","itemListElement":[{"@type":"ListItem","position":1,"name":"Home","item":"https:\/\/vosgesinfo.fr\/epinalinfo\/"},{"@type":"ListItem","position":2,"name":"Carte intercommunale : l\u2019urgence d\u2019assouplir le dispositif pour Daniel Gremillet"}]},{"@type":"WebSite","@id":"https:\/\/vosgesinfo.fr\/epinalinfo\/#website","url":"https:\/\/vosgesinfo.fr\/epinalinfo\/","name":"Epinal Info","description":"Toute l&#039;actualit\u00e9 d&#039;\u00c9pinal","publisher":{"@id":"https:\/\/vosgesinfo.fr\/epinalinfo\/#organization"},"alternateName":"Toute l'actualit\u00e9 d'\u00c9pinal","potentialAction":[{"@type":"SearchAction","target":{"@type":"EntryPoint","urlTemplate":"https:\/\/vosgesinfo.fr\/epinalinfo\/?s={search_term_string}"},"query-input":"required name=search_term_string"}],"inLanguage":"fr-FR"},{"@type":"Organization","@id":"https:\/\/vosgesinfo.fr\/epinalinfo\/#organization","name":"Epinal Info","url":"https:\/\/vosgesinfo.fr\/epinalinfo\/","logo":{"@type":"ImageObject","inLanguage":"fr-FR","@id":"https:\/\/vosgesinfo.fr\/epinalinfo\/#\/schema\/logo\/image\/","url":"https:\/\/vosgesinfo.fr\/app\/uploads\/sites\/3\/2023\/08\/logo-epinalinfos.svg","contentUrl":"https:\/\/vosgesinfo.fr\/app\/uploads\/sites\/3\/2023\/08\/logo-epinalinfos.svg","width":1,"height":1,"caption":"Epinal Info"},"image":{"@id":"https:\/\/vosgesinfo.fr\/epinalinfo\/#\/schema\/logo\/image\/"},"sameAs":["https:\/\/www.facebook.com\/Epinalinfos","https:\/\/x.com\/VosgesInfo88","https:\/\/www.youtube.com\/@vosgesinfo"]},{"@type":"Person","@id":"https:\/\/vosgesinfo.fr\/epinalinfo\/#\/schema\/person\/6f9a650eeea99d969b6c4ab78fccbe81","name":"C.K.","image":{"@type":"ImageObject","inLanguage":"fr-FR","@id":"https:\/\/vosgesinfo.fr\/epinalinfo\/#\/schema\/person\/image\/","url":"https:\/\/secure.gravatar.com\/avatar\/48e3fc7f8421ba8942be6b74a2b7f014ca39bc00dece156b7a8e098ae7dc87bf?s=96&d=mm&r=g","contentUrl":"https:\/\/secure.gravatar.com\/avatar\/48e3fc7f8421ba8942be6b74a2b7f014ca39bc00dece156b7a8e098ae7dc87bf?s=96&d=mm&r=g","caption":"C.K."},"url":"https:\/\/vosgesinfo.fr\/epinalinfo\/author\/celia-k-n\/"}]}},"_links":{"self":[{"href":"https:\/\/vosgesinfo.fr\/epinalinfo\/wp-json\/wp\/v2\/posts\/66615","targetHints":{"allow":["GET"]}}],"collection":[{"href":"https:\/\/vosgesinfo.fr\/epinalinfo\/wp-json\/wp\/v2\/posts"}],"about":[{"href":"https:\/\/vosgesinfo.fr\/epinalinfo\/wp-json\/wp\/v2\/types\/post"}],"author":[{"embeddable":true,"href":"https:\/\/vosgesinfo.fr\/epinalinfo\/wp-json\/wp\/v2\/users\/52"}],"replies":[{"embeddable":true,"href":"https:\/\/vosgesinfo.fr\/epinalinfo\/wp-json\/wp\/v2\/comments?post=66615"}],"version-history":[{"count":0,"href":"https:\/\/vosgesinfo.fr\/epinalinfo\/wp-json\/wp\/v2\/posts\/66615\/revisions"}],"wp:featuredmedia":[{"embeddable":true,"href":"https:\/\/vosgesinfo.fr\/epinalinfo\/wp-json\/wp\/v2\/media\/49456"}],"wp:attachment":[{"href":"https:\/\/vosgesinfo.fr\/epinalinfo\/wp-json\/wp\/v2\/media?parent=66615"}],"wp:term":[{"taxonomy":"category","embeddable":true,"href":"https:\/\/vosgesinfo.fr\/epinalinfo\/wp-json\/wp\/v2\/categories?post=66615"},{"taxonomy":"post_tag","embeddable":true,"href":"https:\/\/vosgesinfo.fr\/epinalinfo\/wp-json\/wp\/v2\/tags?post=66615"}],"curies":[{"name":"wp","href":"https:\/\/api.w.org\/{rel}","templated":true}]}}