{"id":67525,"date":"2016-11-24T08:43:46","date_gmt":"2016-11-24T07:43:46","guid":{"rendered":"https:\/\/vosgesinfo.fr\/epinalinfo\/2016\/11\/primaire-ouverte-de-droite-centre-localisation-regroupement-bureaux-2e-tour\/"},"modified":"2016-11-24T08:43:46","modified_gmt":"2016-11-24T07:43:46","slug":"primaire-ouverte-de-droite-centre-localisation-regroupement-bureaux-2e-tour","status":"publish","type":"post","link":"https:\/\/vosgesinfo.fr\/epinalinfo\/2016\/11\/primaire-ouverte-de-droite-centre-localisation-regroupement-bureaux-2e-tour\/","title":{"rendered":"Primaire ouverte de la Droite et du Centre \u2013 Localisation et regroupement des bureaux pour le 2\u00e8 tour"},"content":{"rendered":"<p><strong><a href=\"http:\/\/epinalinfos.fr\/2016\/10\/gerardmer-elections-departementales-binome-valentinpoirot-sort-tete-4189-voix\/vote\/\" rel=\"attachment wp-att-101025\"><img decoding=\"async\" class=\"aligncenter size-full wp-image-101025\" src=\"\/2016\/10\/vote.jpg\" alt=\"vote\" width=\"640\" height=\"360\" \/><\/a>Le deuxi\u00e8me tour de la primaire de la droite et du centre aura lieu ce dimanche 27 novembre. O\u00f9 trouver mon bureau de vote ?\u00a0<\/strong><\/p>\n<p><strong><u>Bureaux Primaire \u2013 Circo 1\u00a0: 16<\/u><\/strong><strong><u> ouverts de 8h00 \u00e0 19h00<\/u><\/strong><\/p>\n<p><strong><u>1 changement (Rambervillers)<\/u><\/strong><\/p>\n<p><strong><u>\u00a0<\/u><\/strong><\/p>\n<p><strong>\u00a0<\/strong><strong>1 EPINAL <\/strong>&#8211; BOURSE DU TRAVAIL &#8211; 4 RUE ARISTIDE BRIAND<\/p>\n<p><u>Si vous votez habituellement dans un des bureaux de vote suivants\u00a0:<\/u><u> <strong>H\u00f4tel de Ville, Ambrail, Ravel, Cl\u00e9menceau, Tranch\u00e9e de Docelles\u00a0 ou Bourse du Travail<\/strong><\/u><\/p>\n<p><strong><u>\u00a0<\/u><\/strong><\/p>\n<p><strong>2 EPINAL <\/strong>&#8211; GROUPE SCOLAIRE DE LA LOGE BLANCHE &#8211; 9 RUE DES FUSILL\u00c9S DE LA RESISTANCE<\/p>\n<p><u>Si vous votez habituellement dans un des bureaux de vote suivants\u00a0:<\/u><u> <strong>Luc Escande, Jacquard Centre social + salle animation, Rimey, Centre Social Saint Laurent, Vieux Saint Laurent, Champbeauvert, Groupe Scolaire de la Loge Blanche<\/strong><\/u><\/p>\n<p><strong><u>\u00a0<\/u><\/strong><\/p>\n<p><strong>3 EPINAL\u00a0 <\/strong>&#8211; GROUPE SCOLAIRE JEAN MAC\u00c9 &#8211; 15 RUE CHARLES PERRAULT<\/p>\n<p><u>Si vous votez habituellement dans un des bureaux de vote suivants\u00a0:<\/u><u> <strong>Salle de spectacle Plateau de la Justice, Epinettes, Groupe Scolaire Jean Mac\u00e9<\/strong><\/u><\/p>\n<p><strong><u>\u00a0<\/u><\/strong><\/p>\n<p><strong>4 EPINAL\u00a0 <\/strong>&#8211; GROUPE SCOLAIRE VICTOR HUGO &#8211; 2 AVENUE VICTOR HUGO<\/p>\n<p><u>Si vous votez habituellement dans un des bureaux de vote suivants\u00a0: <\/u><strong><u>Durkheim, \u00a0Isa\u00ef, 149<sup>\u00e8me<\/sup>, Paul Emile Victor, Groupe Scolaire Victor Hugo<\/u><\/strong><\/p>\n<p><strong><u>\u00a0<\/u><\/strong><\/p>\n<p><strong>5\u00a0 EPINAL &#8211; <\/strong>GROUPE SCOLAIRE SAUT LE CERF &#8211; 4 RUE DU COUARAIL<\/p>\n<p><u>Si vous votez habituellement dans un des bureaux de vote suivants\u00a0:<\/u><u> <strong>Louis Pergaud, L\u00e9o Lagrange ou Groupe Scolaire Saut le Cerf<\/strong><\/u><\/p>\n<p><strong>\u00a0<\/strong><\/p>\n<p><strong>6 GOLBEY<\/strong> &#8211; SALLE DE R\u00c9UNION &#8211; : RUE DE GRANRUPT<br \/>\n<u>Si vous votez habituellement dans un des 7 bureaux de vote de <strong>Golbey<\/strong><\/u><\/p>\n<p>&nbsp;<\/p>\n<p><strong>7 CHANTRAINE<\/strong> &#8211; MAISON DES BROSSES &#8211; : 45 RUE JULES FERRY<br \/>\n<u>Si vous votez habituellement dans un des 3 bureaux de vote de <strong>Chantraine<\/strong> ou un des 2 bureaux de vote de <strong>Les Forges<\/strong><\/u><\/p>\n<p><u>\u00a0<\/u><\/p>\n<p><strong>8 THAON LES VOSGES<\/strong> &#8211; ARCHE BERNADETTE : : 1 AVENUE DES FUSILL\u00c9S<br \/>\n<u>Si vous votez habituellement dans un des 7 bureaux de vote de <strong>Thaon les Vosges<\/strong><br \/>\nOu \u00e0 <strong>Sercoeur<\/strong>, <strong>Girmont<\/strong>, <strong>Oncourt<\/strong>, <strong>Bayecourt<\/strong>, <strong>Chavelot<\/strong><\/u><\/p>\n<p>&nbsp;<\/p>\n<p><strong>9 DARNIEULLES<\/strong> \u2013 MAIRIE : 374 RUE DE MIRECOURT<br \/>\n<u>Si vous votez habituellement dans un des 2 bureaux de vote de <strong>Darnieulles<\/strong><br \/>\nOu un des 2 bureaux de vote d\u2019<strong>Uxegney &#8211; Sanchey<\/strong> ou \u00e0 <strong>Chaumousey, Dommartin aux Bois , Renauvoid, Mazeley, Gigney, Fomerey , Dom\u00e8vre sur Avi\u00e8re, Girancourt<\/strong><\/u><\/p>\n<p>&nbsp;<\/p>\n<p><strong><u>10 RAMBERVILLERS<\/u><\/strong><u> \u2013 Centre du Relais social : Rue Jules Ferry \u2013<\/u><\/p>\n<p><u>Si vous votez habituellement dans un des 4 bureaux de vote de <strong>Rambervillers<\/strong><br \/>\nOu \u00e0 <strong>Moyenmont, Romont, Vom\u00e9court , Bult, Saint-Gorgon, Jeanm\u00e9nil, Housseras, Br\u00fb , Roville aux Ch\u00eanes, Autrey,<\/strong><\/u><\/p>\n<p>&nbsp;<\/p>\n<p><strong>11 XERTIGNY<\/strong> \u2013 MAIRIE : 2 CANTON DE FIRMINY<br \/>\n<u>Si vous votez habituellement dans un 5 bureaux de vote de <strong>Xertigny<\/strong><br \/>\nOu \u00e0 <strong>Le Clerjus, La Chapelle aux Bois, Uzemain, Charmois l\u2019Orgueilleux<\/strong> ,<\/u><\/p>\n<p>&nbsp;<\/p>\n<p><strong>12 NOMEXY<\/strong> &#8211; MAISON DES ASSOCIATIONS : RUE DU DOCTEUR LOUVARD<br \/>\n<u>Si vous votez habituellement \u00e0 <strong>Nomexy,<\/strong> <strong>Frizon, Vaxoncourt, Dom\u00e8vre sur Durbion, Pallegney Badm\u00e9nil aux Bois, Zincourt, Hadigny les Verri\u00e8res, Ch\u00e2tel sur Moselle, Villoncourt, Igney<\/strong><\/u><\/p>\n<p>&nbsp;<\/p>\n<p><strong>13 REHAINCOURT<\/strong> \u2013 MAIRIE : PLACE DE LA MAIRIE<br \/>\n<u>Si vous votez habituellement \u00e0 Rehaincourt, <strong>Moriville Damas aux Bois Haillainville Ortoncourt Fauconcourt Clezentaine, Saint Genest, Deinvillers, Hardancourt, Saint Maurice sur Mortagne<\/strong><\/u><\/p>\n<p><u>\u00a0<\/u><\/p>\n<p><strong>14 ARCHES<\/strong> &#8211; ESPACE ASSOCIATIF : RUE DE LA COLOMBI\u00c8RE<br \/>\n<u>Si vous votez habituellement \u00e0 <strong>La Baffe Archettes Hadol Dounoux Dinoz\u00e9 Urim\u00e9nil<\/strong><\/u><\/p>\n<p>&nbsp;<\/p>\n<p><strong>15 DEYVILLERS<\/strong> \u2013 MAIRIE : 2 RUE DE LORRAINE<br \/>\n<u>Si vous votez habituellement \u00e0 <strong>Vaud\u00e9ville, Jeuxey, Dignonville, Longchamp, Dogneville<\/strong><\/u><\/p>\n<p><u>\u00a0<\/u><\/p>\n<p><strong>16 M\u00c9NIL SUR BELVITTE<\/strong> \u2013 MAIRIE : 10 ROUTE DE RAMBERVILLERS<br \/>\n<u>Si vous votez habituellement \u00e0 <strong>Saint-Benoit la Chipotte, Sainte Barbe, Anglemont, Nossoncourt \u00a0Bazien \u00a0Donci\u00e8res, Xaff\u00e9villers, M\u00e9narmont, Saint-Pierremont, Domptail<\/strong><\/u><\/p>\n<p>&nbsp;<\/p>\n<p>&nbsp;<\/p>\n","protected":false},"excerpt":{"rendered":"<p>Le deuxi\u00e8me tour de la primaire de la droite et du centre aura lieu ce dimanche 27 novembre. O\u00f9 trouver [&hellip;]<\/p>\n","protected":false},"author":52,"featured_media":12891,"comment_status":"open","ping_status":"open","sticky":false,"template":"","format":"standard","meta":{"footnotes":""},"categories":[22,9,5],"tags":[],"class_list":["post-67525","post","type-post","status-publish","format-standard","has-post-thumbnail","hentry","category-a-la-une","category-politique","category-vosges"],"acf":[],"yoast_head":"<!-- This site is optimized with the Yoast SEO plugin v22.5 - https:\/\/yoast.com\/wordpress\/plugins\/seo\/ -->\n<title>Primaire ouverte de la Droite et du Centre \u2013 Localisation et regroupement des bureaux pour le 2\u00e8 tour - Epinal Info<\/title>\n<meta name=\"robots\" content=\"index, follow, max-snippet:-1, max-image-preview:large, max-video-preview:-1\" \/>\n<link rel=\"canonical\" href=\"https:\/\/vosgesinfo.fr\/epinalinfo\/2016\/11\/primaire-ouverte-de-droite-centre-localisation-regroupement-bureaux-2e-tour\/\" \/>\n<meta name=\"twitter:card\" content=\"summary_large_image\" \/>\n<meta name=\"twitter:title\" content=\"Primaire ouverte de la Droite et du Centre \u2013 Localisation et regroupement des bureaux pour le 2\u00e8 tour - Epinal Info\" \/>\n<meta name=\"twitter:description\" content=\"Le deuxi\u00e8me tour de la primaire de la droite et du centre aura lieu ce dimanche 27 novembre. O\u00f9 trouver [&hellip;]\" \/>\n<meta name=\"twitter:image\" content=\"https:\/\/vosgesinfo.fr\/app\/uploads\/sites\/3\/2017\/04\/vote.jpg\" \/>\n<meta name=\"twitter:creator\" content=\"@VosgesInfo88\" \/>\n<meta name=\"twitter:site\" content=\"@VosgesInfo88\" \/>\n<meta name=\"twitter:label1\" content=\"\u00c9crit par\" \/>\n\t<meta name=\"twitter:data1\" content=\"C.K.\" \/>\n\t<meta name=\"twitter:label2\" content=\"Dur\u00e9e de lecture estim\u00e9e\" \/>\n\t<meta name=\"twitter:data2\" content=\"3 minutes\" \/>\n<script type=\"application\/ld+json\" class=\"yoast-schema-graph\">{\"@context\":\"https:\/\/schema.org\",\"@graph\":[{\"@type\":\"Article\",\"@id\":\"https:\/\/vosgesinfo.fr\/epinalinfo\/2016\/11\/primaire-ouverte-de-droite-centre-localisation-regroupement-bureaux-2e-tour\/#article\",\"isPartOf\":{\"@id\":\"https:\/\/vosgesinfo.fr\/epinalinfo\/2016\/11\/primaire-ouverte-de-droite-centre-localisation-regroupement-bureaux-2e-tour\/\"},\"author\":{\"name\":\"C.K.\",\"@id\":\"https:\/\/vosgesinfo.fr\/epinalinfo\/#\/schema\/person\/6f9a650eeea99d969b6c4ab78fccbe81\"},\"headline\":\"Primaire ouverte de la Droite et du Centre \u2013 Localisation et regroupement des bureaux pour le 2\u00e8 tour\",\"datePublished\":\"2016-11-24T07:43:46+00:00\",\"dateModified\":\"2016-11-24T07:43:46+00:00\",\"mainEntityOfPage\":{\"@id\":\"https:\/\/vosgesinfo.fr\/epinalinfo\/2016\/11\/primaire-ouverte-de-droite-centre-localisation-regroupement-bureaux-2e-tour\/\"},\"wordCount\":554,\"commentCount\":0,\"publisher\":{\"@id\":\"https:\/\/vosgesinfo.fr\/epinalinfo\/#organization\"},\"image\":{\"@id\":\"https:\/\/vosgesinfo.fr\/epinalinfo\/2016\/11\/primaire-ouverte-de-droite-centre-localisation-regroupement-bureaux-2e-tour\/#primaryimage\"},\"thumbnailUrl\":\"https:\/\/vosgesinfo.fr\/app\/uploads\/sites\/3\/2017\/04\/vote.jpg\",\"articleSection\":[\"A la Une\",\"Politique\",\"Vosges\"],\"inLanguage\":\"fr-FR\",\"potentialAction\":[{\"@type\":\"CommentAction\",\"name\":\"Comment\",\"target\":[\"https:\/\/vosgesinfo.fr\/epinalinfo\/2016\/11\/primaire-ouverte-de-droite-centre-localisation-regroupement-bureaux-2e-tour\/#respond\"]}]},{\"@type\":\"WebPage\",\"@id\":\"https:\/\/vosgesinfo.fr\/epinalinfo\/2016\/11\/primaire-ouverte-de-droite-centre-localisation-regroupement-bureaux-2e-tour\/\",\"url\":\"https:\/\/vosgesinfo.fr\/epinalinfo\/2016\/11\/primaire-ouverte-de-droite-centre-localisation-regroupement-bureaux-2e-tour\/\",\"name\":\"Primaire ouverte de la Droite et du Centre \u2013 Localisation et regroupement des bureaux pour le 2\u00e8 tour - Epinal Info\",\"isPartOf\":{\"@id\":\"https:\/\/vosgesinfo.fr\/epinalinfo\/#website\"},\"primaryImageOfPage\":{\"@id\":\"https:\/\/vosgesinfo.fr\/epinalinfo\/2016\/11\/primaire-ouverte-de-droite-centre-localisation-regroupement-bureaux-2e-tour\/#primaryimage\"},\"image\":{\"@id\":\"https:\/\/vosgesinfo.fr\/epinalinfo\/2016\/11\/primaire-ouverte-de-droite-centre-localisation-regroupement-bureaux-2e-tour\/#primaryimage\"},\"thumbnailUrl\":\"https:\/\/vosgesinfo.fr\/app\/uploads\/sites\/3\/2017\/04\/vote.jpg\",\"datePublished\":\"2016-11-24T07:43:46+00:00\",\"dateModified\":\"2016-11-24T07:43:46+00:00\",\"breadcrumb\":{\"@id\":\"https:\/\/vosgesinfo.fr\/epinalinfo\/2016\/11\/primaire-ouverte-de-droite-centre-localisation-regroupement-bureaux-2e-tour\/#breadcrumb\"},\"inLanguage\":\"fr-FR\",\"potentialAction\":[{\"@type\":\"ReadAction\",\"target\":[\"https:\/\/vosgesinfo.fr\/epinalinfo\/2016\/11\/primaire-ouverte-de-droite-centre-localisation-regroupement-bureaux-2e-tour\/\"]}]},{\"@type\":\"ImageObject\",\"inLanguage\":\"fr-FR\",\"@id\":\"https:\/\/vosgesinfo.fr\/epinalinfo\/2016\/11\/primaire-ouverte-de-droite-centre-localisation-regroupement-bureaux-2e-tour\/#primaryimage\",\"url\":\"https:\/\/vosgesinfo.fr\/app\/uploads\/sites\/3\/2017\/04\/vote.jpg\",\"contentUrl\":\"https:\/\/vosgesinfo.fr\/app\/uploads\/sites\/3\/2017\/04\/vote.jpg\"},{\"@type\":\"BreadcrumbList\",\"@id\":\"https:\/\/vosgesinfo.fr\/epinalinfo\/2016\/11\/primaire-ouverte-de-droite-centre-localisation-regroupement-bureaux-2e-tour\/#breadcrumb\",\"itemListElement\":[{\"@type\":\"ListItem\",\"position\":1,\"name\":\"Home\",\"item\":\"https:\/\/vosgesinfo.fr\/epinalinfo\/\"},{\"@type\":\"ListItem\",\"position\":2,\"name\":\"Primaire ouverte de la Droite et du Centre \u2013 Localisation et regroupement des bureaux pour le 2\u00e8 tour\"}]},{\"@type\":\"WebSite\",\"@id\":\"https:\/\/vosgesinfo.fr\/epinalinfo\/#website\",\"url\":\"https:\/\/vosgesinfo.fr\/epinalinfo\/\",\"name\":\"Epinal Info\",\"description\":\"Toute l&#039;actualit\u00e9 d&#039;\u00c9pinal\",\"publisher\":{\"@id\":\"https:\/\/vosgesinfo.fr\/epinalinfo\/#organization\"},\"alternateName\":\"Toute l'actualit\u00e9 d'\u00c9pinal\",\"potentialAction\":[{\"@type\":\"SearchAction\",\"target\":{\"@type\":\"EntryPoint\",\"urlTemplate\":\"https:\/\/vosgesinfo.fr\/epinalinfo\/?s={search_term_string}\"},\"query-input\":\"required name=search_term_string\"}],\"inLanguage\":\"fr-FR\"},{\"@type\":\"Organization\",\"@id\":\"https:\/\/vosgesinfo.fr\/epinalinfo\/#organization\",\"name\":\"Epinal Info\",\"url\":\"https:\/\/vosgesinfo.fr\/epinalinfo\/\",\"logo\":{\"@type\":\"ImageObject\",\"inLanguage\":\"fr-FR\",\"@id\":\"https:\/\/vosgesinfo.fr\/epinalinfo\/#\/schema\/logo\/image\/\",\"url\":\"https:\/\/vosgesinfo.fr\/app\/uploads\/sites\/3\/2023\/08\/logo-epinalinfos.svg\",\"contentUrl\":\"https:\/\/vosgesinfo.fr\/app\/uploads\/sites\/3\/2023\/08\/logo-epinalinfos.svg\",\"width\":1,\"height\":1,\"caption\":\"Epinal Info\"},\"image\":{\"@id\":\"https:\/\/vosgesinfo.fr\/epinalinfo\/#\/schema\/logo\/image\/\"},\"sameAs\":[\"https:\/\/www.facebook.com\/Epinalinfos\",\"https:\/\/x.com\/VosgesInfo88\",\"https:\/\/www.youtube.com\/@vosgesinfo\"]},{\"@type\":\"Person\",\"@id\":\"https:\/\/vosgesinfo.fr\/epinalinfo\/#\/schema\/person\/6f9a650eeea99d969b6c4ab78fccbe81\",\"name\":\"C.K.\",\"image\":{\"@type\":\"ImageObject\",\"inLanguage\":\"fr-FR\",\"@id\":\"https:\/\/vosgesinfo.fr\/epinalinfo\/#\/schema\/person\/image\/\",\"url\":\"https:\/\/secure.gravatar.com\/avatar\/48e3fc7f8421ba8942be6b74a2b7f014ca39bc00dece156b7a8e098ae7dc87bf?s=96&d=mm&r=g\",\"contentUrl\":\"https:\/\/secure.gravatar.com\/avatar\/48e3fc7f8421ba8942be6b74a2b7f014ca39bc00dece156b7a8e098ae7dc87bf?s=96&d=mm&r=g\",\"caption\":\"C.K.\"},\"url\":\"https:\/\/vosgesinfo.fr\/epinalinfo\/author\/celia-k-n\/\"}]}<\/script>\n<!-- \/ Yoast SEO plugin. -->","yoast_head_json":{"title":"Primaire ouverte de la Droite et du Centre \u2013 Localisation et regroupement des bureaux pour le 2\u00e8 tour - Epinal Info","robots":{"index":"index","follow":"follow","max-snippet":"max-snippet:-1","max-image-preview":"max-image-preview:large","max-video-preview":"max-video-preview:-1"},"canonical":"https:\/\/vosgesinfo.fr\/epinalinfo\/2016\/11\/primaire-ouverte-de-droite-centre-localisation-regroupement-bureaux-2e-tour\/","twitter_card":"summary_large_image","twitter_title":"Primaire ouverte de la Droite et du Centre \u2013 Localisation et regroupement des bureaux pour le 2\u00e8 tour - Epinal Info","twitter_description":"Le deuxi\u00e8me tour de la primaire de la droite et du centre aura lieu ce dimanche 27 novembre. O\u00f9 trouver [&hellip;]","twitter_image":"https:\/\/vosgesinfo.fr\/app\/uploads\/sites\/3\/2017\/04\/vote.jpg","twitter_creator":"@VosgesInfo88","twitter_site":"@VosgesInfo88","twitter_misc":{"\u00c9crit par":"C.K.","Dur\u00e9e de lecture estim\u00e9e":"3 minutes"},"schema":{"@context":"https:\/\/schema.org","@graph":[{"@type":"Article","@id":"https:\/\/vosgesinfo.fr\/epinalinfo\/2016\/11\/primaire-ouverte-de-droite-centre-localisation-regroupement-bureaux-2e-tour\/#article","isPartOf":{"@id":"https:\/\/vosgesinfo.fr\/epinalinfo\/2016\/11\/primaire-ouverte-de-droite-centre-localisation-regroupement-bureaux-2e-tour\/"},"author":{"name":"C.K.","@id":"https:\/\/vosgesinfo.fr\/epinalinfo\/#\/schema\/person\/6f9a650eeea99d969b6c4ab78fccbe81"},"headline":"Primaire ouverte de la Droite et du Centre \u2013 Localisation et regroupement des bureaux pour le 2\u00e8 tour","datePublished":"2016-11-24T07:43:46+00:00","dateModified":"2016-11-24T07:43:46+00:00","mainEntityOfPage":{"@id":"https:\/\/vosgesinfo.fr\/epinalinfo\/2016\/11\/primaire-ouverte-de-droite-centre-localisation-regroupement-bureaux-2e-tour\/"},"wordCount":554,"commentCount":0,"publisher":{"@id":"https:\/\/vosgesinfo.fr\/epinalinfo\/#organization"},"image":{"@id":"https:\/\/vosgesinfo.fr\/epinalinfo\/2016\/11\/primaire-ouverte-de-droite-centre-localisation-regroupement-bureaux-2e-tour\/#primaryimage"},"thumbnailUrl":"https:\/\/vosgesinfo.fr\/app\/uploads\/sites\/3\/2017\/04\/vote.jpg","articleSection":["A la Une","Politique","Vosges"],"inLanguage":"fr-FR","potentialAction":[{"@type":"CommentAction","name":"Comment","target":["https:\/\/vosgesinfo.fr\/epinalinfo\/2016\/11\/primaire-ouverte-de-droite-centre-localisation-regroupement-bureaux-2e-tour\/#respond"]}]},{"@type":"WebPage","@id":"https:\/\/vosgesinfo.fr\/epinalinfo\/2016\/11\/primaire-ouverte-de-droite-centre-localisation-regroupement-bureaux-2e-tour\/","url":"https:\/\/vosgesinfo.fr\/epinalinfo\/2016\/11\/primaire-ouverte-de-droite-centre-localisation-regroupement-bureaux-2e-tour\/","name":"Primaire ouverte de la Droite et du Centre \u2013 Localisation et regroupement des bureaux pour le 2\u00e8 tour - Epinal Info","isPartOf":{"@id":"https:\/\/vosgesinfo.fr\/epinalinfo\/#website"},"primaryImageOfPage":{"@id":"https:\/\/vosgesinfo.fr\/epinalinfo\/2016\/11\/primaire-ouverte-de-droite-centre-localisation-regroupement-bureaux-2e-tour\/#primaryimage"},"image":{"@id":"https:\/\/vosgesinfo.fr\/epinalinfo\/2016\/11\/primaire-ouverte-de-droite-centre-localisation-regroupement-bureaux-2e-tour\/#primaryimage"},"thumbnailUrl":"https:\/\/vosgesinfo.fr\/app\/uploads\/sites\/3\/2017\/04\/vote.jpg","datePublished":"2016-11-24T07:43:46+00:00","dateModified":"2016-11-24T07:43:46+00:00","breadcrumb":{"@id":"https:\/\/vosgesinfo.fr\/epinalinfo\/2016\/11\/primaire-ouverte-de-droite-centre-localisation-regroupement-bureaux-2e-tour\/#breadcrumb"},"inLanguage":"fr-FR","potentialAction":[{"@type":"ReadAction","target":["https:\/\/vosgesinfo.fr\/epinalinfo\/2016\/11\/primaire-ouverte-de-droite-centre-localisation-regroupement-bureaux-2e-tour\/"]}]},{"@type":"ImageObject","inLanguage":"fr-FR","@id":"https:\/\/vosgesinfo.fr\/epinalinfo\/2016\/11\/primaire-ouverte-de-droite-centre-localisation-regroupement-bureaux-2e-tour\/#primaryimage","url":"https:\/\/vosgesinfo.fr\/app\/uploads\/sites\/3\/2017\/04\/vote.jpg","contentUrl":"https:\/\/vosgesinfo.fr\/app\/uploads\/sites\/3\/2017\/04\/vote.jpg"},{"@type":"BreadcrumbList","@id":"https:\/\/vosgesinfo.fr\/epinalinfo\/2016\/11\/primaire-ouverte-de-droite-centre-localisation-regroupement-bureaux-2e-tour\/#breadcrumb","itemListElement":[{"@type":"ListItem","position":1,"name":"Home","item":"https:\/\/vosgesinfo.fr\/epinalinfo\/"},{"@type":"ListItem","position":2,"name":"Primaire ouverte de la Droite et du Centre \u2013 Localisation et regroupement des bureaux pour le 2\u00e8 tour"}]},{"@type":"WebSite","@id":"https:\/\/vosgesinfo.fr\/epinalinfo\/#website","url":"https:\/\/vosgesinfo.fr\/epinalinfo\/","name":"Epinal Info","description":"Toute l&#039;actualit\u00e9 d&#039;\u00c9pinal","publisher":{"@id":"https:\/\/vosgesinfo.fr\/epinalinfo\/#organization"},"alternateName":"Toute l'actualit\u00e9 d'\u00c9pinal","potentialAction":[{"@type":"SearchAction","target":{"@type":"EntryPoint","urlTemplate":"https:\/\/vosgesinfo.fr\/epinalinfo\/?s={search_term_string}"},"query-input":"required name=search_term_string"}],"inLanguage":"fr-FR"},{"@type":"Organization","@id":"https:\/\/vosgesinfo.fr\/epinalinfo\/#organization","name":"Epinal Info","url":"https:\/\/vosgesinfo.fr\/epinalinfo\/","logo":{"@type":"ImageObject","inLanguage":"fr-FR","@id":"https:\/\/vosgesinfo.fr\/epinalinfo\/#\/schema\/logo\/image\/","url":"https:\/\/vosgesinfo.fr\/app\/uploads\/sites\/3\/2023\/08\/logo-epinalinfos.svg","contentUrl":"https:\/\/vosgesinfo.fr\/app\/uploads\/sites\/3\/2023\/08\/logo-epinalinfos.svg","width":1,"height":1,"caption":"Epinal Info"},"image":{"@id":"https:\/\/vosgesinfo.fr\/epinalinfo\/#\/schema\/logo\/image\/"},"sameAs":["https:\/\/www.facebook.com\/Epinalinfos","https:\/\/x.com\/VosgesInfo88","https:\/\/www.youtube.com\/@vosgesinfo"]},{"@type":"Person","@id":"https:\/\/vosgesinfo.fr\/epinalinfo\/#\/schema\/person\/6f9a650eeea99d969b6c4ab78fccbe81","name":"C.K.","image":{"@type":"ImageObject","inLanguage":"fr-FR","@id":"https:\/\/vosgesinfo.fr\/epinalinfo\/#\/schema\/person\/image\/","url":"https:\/\/secure.gravatar.com\/avatar\/48e3fc7f8421ba8942be6b74a2b7f014ca39bc00dece156b7a8e098ae7dc87bf?s=96&d=mm&r=g","contentUrl":"https:\/\/secure.gravatar.com\/avatar\/48e3fc7f8421ba8942be6b74a2b7f014ca39bc00dece156b7a8e098ae7dc87bf?s=96&d=mm&r=g","caption":"C.K."},"url":"https:\/\/vosgesinfo.fr\/epinalinfo\/author\/celia-k-n\/"}]}},"_links":{"self":[{"href":"https:\/\/vosgesinfo.fr\/epinalinfo\/wp-json\/wp\/v2\/posts\/67525","targetHints":{"allow":["GET"]}}],"collection":[{"href":"https:\/\/vosgesinfo.fr\/epinalinfo\/wp-json\/wp\/v2\/posts"}],"about":[{"href":"https:\/\/vosgesinfo.fr\/epinalinfo\/wp-json\/wp\/v2\/types\/post"}],"author":[{"embeddable":true,"href":"https:\/\/vosgesinfo.fr\/epinalinfo\/wp-json\/wp\/v2\/users\/52"}],"replies":[{"embeddable":true,"href":"https:\/\/vosgesinfo.fr\/epinalinfo\/wp-json\/wp\/v2\/comments?post=67525"}],"version-history":[{"count":0,"href":"https:\/\/vosgesinfo.fr\/epinalinfo\/wp-json\/wp\/v2\/posts\/67525\/revisions"}],"wp:featuredmedia":[{"embeddable":true,"href":"https:\/\/vosgesinfo.fr\/epinalinfo\/wp-json\/wp\/v2\/media\/12891"}],"wp:attachment":[{"href":"https:\/\/vosgesinfo.fr\/epinalinfo\/wp-json\/wp\/v2\/media?parent=67525"}],"wp:term":[{"taxonomy":"category","embeddable":true,"href":"https:\/\/vosgesinfo.fr\/epinalinfo\/wp-json\/wp\/v2\/categories?post=67525"},{"taxonomy":"post_tag","embeddable":true,"href":"https:\/\/vosgesinfo.fr\/epinalinfo\/wp-json\/wp\/v2\/tags?post=67525"}],"curies":[{"name":"wp","href":"https:\/\/api.w.org\/{rel}","templated":true}]}}