{"id":67526,"date":"2016-11-24T09:28:08","date_gmt":"2016-11-24T08:28:08","guid":{"rendered":"https:\/\/vosgesinfo.fr\/epinalinfo\/2016\/11\/poules-ecolos-a-villa-spinal\/"},"modified":"2016-11-24T09:28:08","modified_gmt":"2016-11-24T08:28:08","slug":"poules-ecolos-a-villa-spinal","status":"publish","type":"post","link":"https:\/\/vosgesinfo.fr\/epinalinfo\/2016\/11\/poules-ecolos-a-villa-spinal\/","title":{"rendered":"Des poules \u00e9colos \u00e0 la Villa Spinal"},"content":{"rendered":"<p><strong><a href=\"http:\/\/epinalinfos.fr\/2016\/11\/poules-ecolos-a-villa-spinal\/p1240049\/\" rel=\"attachment wp-att-104146\"><img decoding=\"async\" class=\"aligncenter size-full wp-image-104146\" src=\"\/2016\/11\/P1240049.jpg\" alt=\"P1240049\" width=\"800\" height=\"600\" \/><\/a>Apr\u00e8s avoir exp\u00e9riment\u00e9 \u00ab\u00a0les poules \u00e0 la maison\u00a0\u00bb le SICOVAD va plus loin en d\u00e9veloppant \u00ab\u00a0les poulaillers collectifs\u00a0\u00bb. Ce jeudi, la maison de retraite Korian Villa Spinale \u00e0 Epinal a inaugur\u00e9 son poulailler compos\u00e9 de 5 poules.<\/strong><\/p>\n<div id=\"attachment_104147\" style=\"width: 419px\" class=\"wp-caption alignright\"><a href=\"http:\/\/epinalinfos.fr\/2016\/11\/poules-ecolos-a-villa-spinal\/p1240062\/\" rel=\"attachment wp-att-104147\"><img decoding=\"async\" aria-describedby=\"caption-attachment-104147\" class=\"wp-image-104147\" src=\"\/2016\/11\/P1240062.jpg\" alt=\"P1240062\" width=\"409\" height=\"307\" \/><\/a><p id=\"caption-attachment-104147\" class=\"wp-caption-text\">Blandine Viry, g\u00e9rante de l\u2019exploitation avicole d\u2019Hadol<\/p><\/div>\n<p>Adopter une poule c\u2019est possible. La SICOVAD veut toujours aller plus loin dans la r\u00e9duction des d\u00e9chets et propose maintenant de mettre en place des poulaillers collectifs. La maison de retraite Villa Spinale et la maison familiale et rurale de Hadol ont d\u00e9j\u00e0 adopt\u00e9 plusieurs poules. En \u00e9change, les structures s\u2019engagent \u00e0 peser les d\u00e9chets d\u00e9tourn\u00e9s et \u00e0 transmettre les r\u00e9sultats durant trois mois. <em>\u00ab\u00a0Apr\u00e8s trois mois de pes\u00e9es quotidiennes, le SICOVAD pourra estimer la quantit\u00e9 de d\u00e9chets retir\u00e9s de la collecte et du traitement. Le bilan devrait \u00eatre positif dans la mesure o\u00f9 l\u2019exp\u00e9rience avait d\u00e9j\u00e0 \u00e9t\u00e9 men\u00e9e aupr\u00e8s de quinze familles.\u00a0\u00bb <\/em>explique le pr\u00e9sident du SICOVAD, Beno\u00eet Jourdain.<\/p>\n<p>Une poule consomme entre 5 et 10kg de restes alimentaires par mois. <em>\u00ab\u00a0 Un poule peut ingurgiter \u00e0 peu pr\u00e8s les d\u00e9chets produits par personne\u00a0\u00bb<\/em> compl\u00e8te Beno\u00eet Jourdain.<\/p>\n<h4><strong>Une douzaine d\u2019\u0153ufs\u00a0<\/strong><\/h4>\n<p>Au sein de la maison de retraite, les poules ont \u00e9t\u00e9 tr\u00e8s bien accueillies. Les r\u00e9sidents attendent avec impatience les \u0153ufs. Ils ont d\u00e9j\u00e0 pu r\u00e9colter une douzaine d\u2019\u0153ufs. <em>\u00ab\u00a0Il faut qu\u2019elles s\u2019habituent au changement d\u2019habitation. Elles vont pondre de plus en plus d\u2019\u0153ufs\u00a0\u00bb<\/em> explique Blandine Viry, g\u00e9rante de l\u2019exploitation avicole d\u2019Hadol qui fournit les poules au SICOVAD.<\/p>\n<h4><strong>Service poules\u00a0<\/strong><\/h4>\n<p>Les r\u00e9sidents de la maison de retraite trouvent un contact quotidien avec ces gallinac\u00e9s et pour certains cela \u00e9voque des souvenirs d\u2019exp\u00e9riences pass\u00e9es. <em>\u00ab\u00a0J\u2019habitais \u00e0 la campagne et il y avait des poules. \u00c7a me rappelle mon enfance\u00a0\u00bb<\/em> explique une r\u00e9sidente. Les \u00e9l\u00e8ves de la maison familiale rurale de Hadol se voient quant \u00e0 eux confier un nouveau service comme il existe d\u00e9j\u00e0 le service de table ou le service de vaisselle\u2026 L\u00e0 il s\u2019agira d\u2019un service poules ! Un principe qui permet de responsabiliser chaque \u00e9l\u00e8ve aussi bien sur un plan mat\u00e9riel que relationnel.<\/p>\n<p>L\u2019exp\u00e9rimentation devrait s\u2019\u00e9tendre \u00e0 cinq \u00e9tablissements t\u00e9moins.<\/p>\n<p>C.K.N.<\/p>\n\n\t\t<style type=\"text\/css\">\n\t\t\t#gallery-1 {\n\t\t\t\tmargin: auto;\n\t\t\t}\n\t\t\t#gallery-1 .gallery-item {\n\t\t\t\tfloat: left;\n\t\t\t\tmargin-top: 10px;\n\t\t\t\ttext-align: center;\n\t\t\t\twidth: 33%;\n\t\t\t}\n\t\t\t#gallery-1 img {\n\t\t\t\tborder: 2px solid #cfcfcf;\n\t\t\t}\n\t\t\t#gallery-1 .gallery-caption {\n\t\t\t\tmargin-left: 0;\n\t\t\t}\n\t\t\t\/* see gallery_shortcode() in wp-includes\/media.php *\/\n\t\t<\/style>\n\t\t<div id='gallery-1' class='gallery galleryid-67526 gallery-columns-3 gallery-size-medium'><dl class='gallery-item'>\n\t\t\t<dt class='gallery-icon landscape'>\n\t\t\t\t<a href='https:\/\/vosgesinfo.fr\/app\/uploads\/sites\/3\/2024\/08\/202105marc-vieillefon-4-13.jpg'><img decoding=\"async\" width=\"300\" height=\"225\" src=\"https:\/\/vosgesinfo.fr\/app\/uploads\/sites\/3\/2024\/08\/202105marc-vieillefon-4-13-300x225.jpg\" class=\"attachment-medium size-medium\" alt=\"\" srcset=\"https:\/\/vosgesinfo.fr\/app\/uploads\/sites\/3\/2024\/08\/202105marc-vieillefon-4-13-300x225.jpg 300w, https:\/\/vosgesinfo.fr\/app\/uploads\/sites\/3\/2024\/08\/202105marc-vieillefon-4-13-768x576.jpg 768w, https:\/\/vosgesinfo.fr\/app\/uploads\/sites\/3\/2024\/08\/202105marc-vieillefon-4-13.jpg 800w\" sizes=\"(max-width: 300px) 100vw, 300px\" \/><\/a>\n\t\t\t<\/dt><\/dl><dl class='gallery-item'>\n\t\t\t<dt class='gallery-icon landscape'>\n\t\t\t\t<a href='https:\/\/vosgesinfo.fr\/app\/uploads\/sites\/3\/2024\/08\/202105marc-vieillefon-3-8.jpg'><img decoding=\"async\" width=\"300\" height=\"225\" src=\"https:\/\/vosgesinfo.fr\/app\/uploads\/sites\/3\/2024\/08\/202105marc-vieillefon-3-8-300x225.jpg\" class=\"attachment-medium size-medium\" alt=\"\" srcset=\"https:\/\/vosgesinfo.fr\/app\/uploads\/sites\/3\/2024\/08\/202105marc-vieillefon-3-8-300x225.jpg 300w, https:\/\/vosgesinfo.fr\/app\/uploads\/sites\/3\/2024\/08\/202105marc-vieillefon-3-8-768x576.jpg 768w, https:\/\/vosgesinfo.fr\/app\/uploads\/sites\/3\/2024\/08\/202105marc-vieillefon-3-8.jpg 800w\" sizes=\"(max-width: 300px) 100vw, 300px\" \/><\/a>\n\t\t\t<\/dt><\/dl><dl class='gallery-item'>\n\t\t\t<dt class='gallery-icon landscape'>\n\t\t\t\t<a href='https:\/\/vosgesinfo.fr\/app\/uploads\/sites\/3\/2024\/08\/202105marc-vieillefon-4-13.jpg'><img decoding=\"async\" width=\"300\" height=\"225\" src=\"https:\/\/vosgesinfo.fr\/app\/uploads\/sites\/3\/2024\/08\/202105marc-vieillefon-4-13-300x225.jpg\" class=\"attachment-medium size-medium\" alt=\"\" srcset=\"https:\/\/vosgesinfo.fr\/app\/uploads\/sites\/3\/2024\/08\/202105marc-vieillefon-4-13-300x225.jpg 300w, https:\/\/vosgesinfo.fr\/app\/uploads\/sites\/3\/2024\/08\/202105marc-vieillefon-4-13-768x576.jpg 768w, https:\/\/vosgesinfo.fr\/app\/uploads\/sites\/3\/2024\/08\/202105marc-vieillefon-4-13.jpg 800w\" sizes=\"(max-width: 300px) 100vw, 300px\" \/><\/a>\n\t\t\t<\/dt><\/dl><br style=\"clear: both\" \/><dl class='gallery-item'>\n\t\t\t<dt class='gallery-icon landscape'>\n\t\t\t\t<a href='https:\/\/vosgesinfo.fr\/app\/uploads\/sites\/3\/2024\/08\/202105marc-vieillefon-4-13.jpg'><img decoding=\"async\" width=\"300\" height=\"225\" src=\"https:\/\/vosgesinfo.fr\/app\/uploads\/sites\/3\/2024\/08\/202105marc-vieillefon-4-13-300x225.jpg\" class=\"attachment-medium size-medium\" alt=\"\" srcset=\"https:\/\/vosgesinfo.fr\/app\/uploads\/sites\/3\/2024\/08\/202105marc-vieillefon-4-13-300x225.jpg 300w, https:\/\/vosgesinfo.fr\/app\/uploads\/sites\/3\/2024\/08\/202105marc-vieillefon-4-13-768x576.jpg 768w, https:\/\/vosgesinfo.fr\/app\/uploads\/sites\/3\/2024\/08\/202105marc-vieillefon-4-13.jpg 800w\" sizes=\"(max-width: 300px) 100vw, 300px\" \/><\/a>\n\t\t\t<\/dt><\/dl>\n\t\t\t<br style='clear: both' \/>\n\t\t<\/div>\n\n","protected":false},"excerpt":{"rendered":"<p>Apr\u00e8s avoir exp\u00e9riment\u00e9 \u00ab\u00a0les poules \u00e0 la maison\u00a0\u00bb le SICOVAD va plus loin en d\u00e9veloppant \u00ab\u00a0les poulaillers collectifs\u00a0\u00bb. Ce jeudi, [&hellip;]<\/p>\n","protected":false},"author":52,"featured_media":67527,"comment_status":"open","ping_status":"open","sticky":false,"template":"","format":"standard","meta":{"footnotes":""},"categories":[22,24],"tags":[462,9512,6996,1496],"class_list":["post-67526","post","type-post","status-publish","format-standard","has-post-thumbnail","hentry","category-a-la-une","category-epinal","tag-dechets","tag-poulailler","tag-poules","tag-sicovad"],"acf":[],"yoast_head":"<!-- This site is optimized with the Yoast SEO plugin v22.5 - https:\/\/yoast.com\/wordpress\/plugins\/seo\/ -->\n<title>Des poules \u00e9colos \u00e0 la Villa Spinal - Epinal Info<\/title>\n<meta name=\"robots\" content=\"index, follow, max-snippet:-1, max-image-preview:large, max-video-preview:-1\" \/>\n<link rel=\"canonical\" href=\"https:\/\/vosgesinfo.fr\/epinalinfo\/2016\/11\/poules-ecolos-a-villa-spinal\/\" \/>\n<meta name=\"twitter:card\" content=\"summary_large_image\" \/>\n<meta name=\"twitter:title\" content=\"Des poules \u00e9colos \u00e0 la Villa Spinal - Epinal Info\" \/>\n<meta name=\"twitter:description\" content=\"Apr\u00e8s avoir exp\u00e9riment\u00e9 \u00ab\u00a0les poules \u00e0 la maison\u00a0\u00bb le SICOVAD va plus loin en d\u00e9veloppant \u00ab\u00a0les poulaillers collectifs\u00a0\u00bb. Ce jeudi, [&hellip;]\" \/>\n<meta name=\"twitter:image\" content=\"https:\/\/vosgesinfo.fr\/app\/uploads\/sites\/3\/2024\/08\/201611p1240049.jpg\" \/>\n<meta name=\"twitter:creator\" content=\"@VosgesInfo88\" \/>\n<meta name=\"twitter:site\" content=\"@VosgesInfo88\" \/>\n<meta name=\"twitter:label1\" content=\"\u00c9crit par\" \/>\n\t<meta name=\"twitter:data1\" content=\"C.K.\" \/>\n\t<meta name=\"twitter:label2\" content=\"Dur\u00e9e de lecture estim\u00e9e\" \/>\n\t<meta name=\"twitter:data2\" content=\"2 minutes\" \/>\n<script type=\"application\/ld+json\" class=\"yoast-schema-graph\">{\"@context\":\"https:\/\/schema.org\",\"@graph\":[{\"@type\":\"Article\",\"@id\":\"https:\/\/vosgesinfo.fr\/epinalinfo\/2016\/11\/poules-ecolos-a-villa-spinal\/#article\",\"isPartOf\":{\"@id\":\"https:\/\/vosgesinfo.fr\/epinalinfo\/2016\/11\/poules-ecolos-a-villa-spinal\/\"},\"author\":{\"name\":\"C.K.\",\"@id\":\"https:\/\/vosgesinfo.fr\/epinalinfo\/#\/schema\/person\/6f9a650eeea99d969b6c4ab78fccbe81\"},\"headline\":\"Des poules \u00e9colos \u00e0 la Villa Spinal\",\"datePublished\":\"2016-11-24T08:28:08+00:00\",\"dateModified\":\"2016-11-24T08:28:08+00:00\",\"mainEntityOfPage\":{\"@id\":\"https:\/\/vosgesinfo.fr\/epinalinfo\/2016\/11\/poules-ecolos-a-villa-spinal\/\"},\"wordCount\":419,\"commentCount\":0,\"publisher\":{\"@id\":\"https:\/\/vosgesinfo.fr\/epinalinfo\/#organization\"},\"image\":{\"@id\":\"https:\/\/vosgesinfo.fr\/epinalinfo\/2016\/11\/poules-ecolos-a-villa-spinal\/#primaryimage\"},\"thumbnailUrl\":\"https:\/\/vosgesinfo.fr\/app\/uploads\/sites\/3\/2024\/08\/201611p1240049.jpg\",\"keywords\":[\"d\u00e9chets\",\"poulailler\",\"poules\",\"Sicovad\"],\"articleSection\":[\"A la Une\",\"Epinal\"],\"inLanguage\":\"fr-FR\",\"potentialAction\":[{\"@type\":\"CommentAction\",\"name\":\"Comment\",\"target\":[\"https:\/\/vosgesinfo.fr\/epinalinfo\/2016\/11\/poules-ecolos-a-villa-spinal\/#respond\"]}]},{\"@type\":\"WebPage\",\"@id\":\"https:\/\/vosgesinfo.fr\/epinalinfo\/2016\/11\/poules-ecolos-a-villa-spinal\/\",\"url\":\"https:\/\/vosgesinfo.fr\/epinalinfo\/2016\/11\/poules-ecolos-a-villa-spinal\/\",\"name\":\"Des poules \u00e9colos \u00e0 la Villa Spinal - Epinal Info\",\"isPartOf\":{\"@id\":\"https:\/\/vosgesinfo.fr\/epinalinfo\/#website\"},\"primaryImageOfPage\":{\"@id\":\"https:\/\/vosgesinfo.fr\/epinalinfo\/2016\/11\/poules-ecolos-a-villa-spinal\/#primaryimage\"},\"image\":{\"@id\":\"https:\/\/vosgesinfo.fr\/epinalinfo\/2016\/11\/poules-ecolos-a-villa-spinal\/#primaryimage\"},\"thumbnailUrl\":\"https:\/\/vosgesinfo.fr\/app\/uploads\/sites\/3\/2024\/08\/201611p1240049.jpg\",\"datePublished\":\"2016-11-24T08:28:08+00:00\",\"dateModified\":\"2016-11-24T08:28:08+00:00\",\"breadcrumb\":{\"@id\":\"https:\/\/vosgesinfo.fr\/epinalinfo\/2016\/11\/poules-ecolos-a-villa-spinal\/#breadcrumb\"},\"inLanguage\":\"fr-FR\",\"potentialAction\":[{\"@type\":\"ReadAction\",\"target\":[\"https:\/\/vosgesinfo.fr\/epinalinfo\/2016\/11\/poules-ecolos-a-villa-spinal\/\"]}]},{\"@type\":\"ImageObject\",\"inLanguage\":\"fr-FR\",\"@id\":\"https:\/\/vosgesinfo.fr\/epinalinfo\/2016\/11\/poules-ecolos-a-villa-spinal\/#primaryimage\",\"url\":\"https:\/\/vosgesinfo.fr\/app\/uploads\/sites\/3\/2024\/08\/201611p1240049.jpg\",\"contentUrl\":\"https:\/\/vosgesinfo.fr\/app\/uploads\/sites\/3\/2024\/08\/201611p1240049.jpg\",\"width\":800,\"height\":600},{\"@type\":\"BreadcrumbList\",\"@id\":\"https:\/\/vosgesinfo.fr\/epinalinfo\/2016\/11\/poules-ecolos-a-villa-spinal\/#breadcrumb\",\"itemListElement\":[{\"@type\":\"ListItem\",\"position\":1,\"name\":\"Home\",\"item\":\"https:\/\/vosgesinfo.fr\/epinalinfo\/\"},{\"@type\":\"ListItem\",\"position\":2,\"name\":\"Des poules \u00e9colos \u00e0 la Villa Spinal\"}]},{\"@type\":\"WebSite\",\"@id\":\"https:\/\/vosgesinfo.fr\/epinalinfo\/#website\",\"url\":\"https:\/\/vosgesinfo.fr\/epinalinfo\/\",\"name\":\"Epinal Info\",\"description\":\"Toute l&#039;actualit\u00e9 d&#039;\u00c9pinal\",\"publisher\":{\"@id\":\"https:\/\/vosgesinfo.fr\/epinalinfo\/#organization\"},\"alternateName\":\"Toute l'actualit\u00e9 d'\u00c9pinal\",\"potentialAction\":[{\"@type\":\"SearchAction\",\"target\":{\"@type\":\"EntryPoint\",\"urlTemplate\":\"https:\/\/vosgesinfo.fr\/epinalinfo\/?s={search_term_string}\"},\"query-input\":\"required name=search_term_string\"}],\"inLanguage\":\"fr-FR\"},{\"@type\":\"Organization\",\"@id\":\"https:\/\/vosgesinfo.fr\/epinalinfo\/#organization\",\"name\":\"Epinal Info\",\"url\":\"https:\/\/vosgesinfo.fr\/epinalinfo\/\",\"logo\":{\"@type\":\"ImageObject\",\"inLanguage\":\"fr-FR\",\"@id\":\"https:\/\/vosgesinfo.fr\/epinalinfo\/#\/schema\/logo\/image\/\",\"url\":\"https:\/\/vosgesinfo.fr\/app\/uploads\/sites\/3\/2023\/08\/logo-epinalinfos.svg\",\"contentUrl\":\"https:\/\/vosgesinfo.fr\/app\/uploads\/sites\/3\/2023\/08\/logo-epinalinfos.svg\",\"width\":1,\"height\":1,\"caption\":\"Epinal Info\"},\"image\":{\"@id\":\"https:\/\/vosgesinfo.fr\/epinalinfo\/#\/schema\/logo\/image\/\"},\"sameAs\":[\"https:\/\/www.facebook.com\/Epinalinfos\",\"https:\/\/x.com\/VosgesInfo88\",\"https:\/\/www.youtube.com\/@vosgesinfo\"]},{\"@type\":\"Person\",\"@id\":\"https:\/\/vosgesinfo.fr\/epinalinfo\/#\/schema\/person\/6f9a650eeea99d969b6c4ab78fccbe81\",\"name\":\"C.K.\",\"image\":{\"@type\":\"ImageObject\",\"inLanguage\":\"fr-FR\",\"@id\":\"https:\/\/vosgesinfo.fr\/epinalinfo\/#\/schema\/person\/image\/\",\"url\":\"https:\/\/secure.gravatar.com\/avatar\/48e3fc7f8421ba8942be6b74a2b7f014ca39bc00dece156b7a8e098ae7dc87bf?s=96&d=mm&r=g\",\"contentUrl\":\"https:\/\/secure.gravatar.com\/avatar\/48e3fc7f8421ba8942be6b74a2b7f014ca39bc00dece156b7a8e098ae7dc87bf?s=96&d=mm&r=g\",\"caption\":\"C.K.\"},\"url\":\"https:\/\/vosgesinfo.fr\/epinalinfo\/author\/celia-k-n\/\"}]}<\/script>\n<!-- \/ Yoast SEO plugin. -->","yoast_head_json":{"title":"Des poules \u00e9colos \u00e0 la Villa Spinal - Epinal Info","robots":{"index":"index","follow":"follow","max-snippet":"max-snippet:-1","max-image-preview":"max-image-preview:large","max-video-preview":"max-video-preview:-1"},"canonical":"https:\/\/vosgesinfo.fr\/epinalinfo\/2016\/11\/poules-ecolos-a-villa-spinal\/","twitter_card":"summary_large_image","twitter_title":"Des poules \u00e9colos \u00e0 la Villa Spinal - Epinal Info","twitter_description":"Apr\u00e8s avoir exp\u00e9riment\u00e9 \u00ab\u00a0les poules \u00e0 la maison\u00a0\u00bb le SICOVAD va plus loin en d\u00e9veloppant \u00ab\u00a0les poulaillers collectifs\u00a0\u00bb. Ce jeudi, [&hellip;]","twitter_image":"https:\/\/vosgesinfo.fr\/app\/uploads\/sites\/3\/2024\/08\/201611p1240049.jpg","twitter_creator":"@VosgesInfo88","twitter_site":"@VosgesInfo88","twitter_misc":{"\u00c9crit par":"C.K.","Dur\u00e9e de lecture estim\u00e9e":"2 minutes"},"schema":{"@context":"https:\/\/schema.org","@graph":[{"@type":"Article","@id":"https:\/\/vosgesinfo.fr\/epinalinfo\/2016\/11\/poules-ecolos-a-villa-spinal\/#article","isPartOf":{"@id":"https:\/\/vosgesinfo.fr\/epinalinfo\/2016\/11\/poules-ecolos-a-villa-spinal\/"},"author":{"name":"C.K.","@id":"https:\/\/vosgesinfo.fr\/epinalinfo\/#\/schema\/person\/6f9a650eeea99d969b6c4ab78fccbe81"},"headline":"Des poules \u00e9colos \u00e0 la Villa Spinal","datePublished":"2016-11-24T08:28:08+00:00","dateModified":"2016-11-24T08:28:08+00:00","mainEntityOfPage":{"@id":"https:\/\/vosgesinfo.fr\/epinalinfo\/2016\/11\/poules-ecolos-a-villa-spinal\/"},"wordCount":419,"commentCount":0,"publisher":{"@id":"https:\/\/vosgesinfo.fr\/epinalinfo\/#organization"},"image":{"@id":"https:\/\/vosgesinfo.fr\/epinalinfo\/2016\/11\/poules-ecolos-a-villa-spinal\/#primaryimage"},"thumbnailUrl":"https:\/\/vosgesinfo.fr\/app\/uploads\/sites\/3\/2024\/08\/201611p1240049.jpg","keywords":["d\u00e9chets","poulailler","poules","Sicovad"],"articleSection":["A la Une","Epinal"],"inLanguage":"fr-FR","potentialAction":[{"@type":"CommentAction","name":"Comment","target":["https:\/\/vosgesinfo.fr\/epinalinfo\/2016\/11\/poules-ecolos-a-villa-spinal\/#respond"]}]},{"@type":"WebPage","@id":"https:\/\/vosgesinfo.fr\/epinalinfo\/2016\/11\/poules-ecolos-a-villa-spinal\/","url":"https:\/\/vosgesinfo.fr\/epinalinfo\/2016\/11\/poules-ecolos-a-villa-spinal\/","name":"Des poules \u00e9colos \u00e0 la Villa Spinal - Epinal Info","isPartOf":{"@id":"https:\/\/vosgesinfo.fr\/epinalinfo\/#website"},"primaryImageOfPage":{"@id":"https:\/\/vosgesinfo.fr\/epinalinfo\/2016\/11\/poules-ecolos-a-villa-spinal\/#primaryimage"},"image":{"@id":"https:\/\/vosgesinfo.fr\/epinalinfo\/2016\/11\/poules-ecolos-a-villa-spinal\/#primaryimage"},"thumbnailUrl":"https:\/\/vosgesinfo.fr\/app\/uploads\/sites\/3\/2024\/08\/201611p1240049.jpg","datePublished":"2016-11-24T08:28:08+00:00","dateModified":"2016-11-24T08:28:08+00:00","breadcrumb":{"@id":"https:\/\/vosgesinfo.fr\/epinalinfo\/2016\/11\/poules-ecolos-a-villa-spinal\/#breadcrumb"},"inLanguage":"fr-FR","potentialAction":[{"@type":"ReadAction","target":["https:\/\/vosgesinfo.fr\/epinalinfo\/2016\/11\/poules-ecolos-a-villa-spinal\/"]}]},{"@type":"ImageObject","inLanguage":"fr-FR","@id":"https:\/\/vosgesinfo.fr\/epinalinfo\/2016\/11\/poules-ecolos-a-villa-spinal\/#primaryimage","url":"https:\/\/vosgesinfo.fr\/app\/uploads\/sites\/3\/2024\/08\/201611p1240049.jpg","contentUrl":"https:\/\/vosgesinfo.fr\/app\/uploads\/sites\/3\/2024\/08\/201611p1240049.jpg","width":800,"height":600},{"@type":"BreadcrumbList","@id":"https:\/\/vosgesinfo.fr\/epinalinfo\/2016\/11\/poules-ecolos-a-villa-spinal\/#breadcrumb","itemListElement":[{"@type":"ListItem","position":1,"name":"Home","item":"https:\/\/vosgesinfo.fr\/epinalinfo\/"},{"@type":"ListItem","position":2,"name":"Des poules \u00e9colos \u00e0 la Villa Spinal"}]},{"@type":"WebSite","@id":"https:\/\/vosgesinfo.fr\/epinalinfo\/#website","url":"https:\/\/vosgesinfo.fr\/epinalinfo\/","name":"Epinal Info","description":"Toute l&#039;actualit\u00e9 d&#039;\u00c9pinal","publisher":{"@id":"https:\/\/vosgesinfo.fr\/epinalinfo\/#organization"},"alternateName":"Toute l'actualit\u00e9 d'\u00c9pinal","potentialAction":[{"@type":"SearchAction","target":{"@type":"EntryPoint","urlTemplate":"https:\/\/vosgesinfo.fr\/epinalinfo\/?s={search_term_string}"},"query-input":"required name=search_term_string"}],"inLanguage":"fr-FR"},{"@type":"Organization","@id":"https:\/\/vosgesinfo.fr\/epinalinfo\/#organization","name":"Epinal Info","url":"https:\/\/vosgesinfo.fr\/epinalinfo\/","logo":{"@type":"ImageObject","inLanguage":"fr-FR","@id":"https:\/\/vosgesinfo.fr\/epinalinfo\/#\/schema\/logo\/image\/","url":"https:\/\/vosgesinfo.fr\/app\/uploads\/sites\/3\/2023\/08\/logo-epinalinfos.svg","contentUrl":"https:\/\/vosgesinfo.fr\/app\/uploads\/sites\/3\/2023\/08\/logo-epinalinfos.svg","width":1,"height":1,"caption":"Epinal Info"},"image":{"@id":"https:\/\/vosgesinfo.fr\/epinalinfo\/#\/schema\/logo\/image\/"},"sameAs":["https:\/\/www.facebook.com\/Epinalinfos","https:\/\/x.com\/VosgesInfo88","https:\/\/www.youtube.com\/@vosgesinfo"]},{"@type":"Person","@id":"https:\/\/vosgesinfo.fr\/epinalinfo\/#\/schema\/person\/6f9a650eeea99d969b6c4ab78fccbe81","name":"C.K.","image":{"@type":"ImageObject","inLanguage":"fr-FR","@id":"https:\/\/vosgesinfo.fr\/epinalinfo\/#\/schema\/person\/image\/","url":"https:\/\/secure.gravatar.com\/avatar\/48e3fc7f8421ba8942be6b74a2b7f014ca39bc00dece156b7a8e098ae7dc87bf?s=96&d=mm&r=g","contentUrl":"https:\/\/secure.gravatar.com\/avatar\/48e3fc7f8421ba8942be6b74a2b7f014ca39bc00dece156b7a8e098ae7dc87bf?s=96&d=mm&r=g","caption":"C.K."},"url":"https:\/\/vosgesinfo.fr\/epinalinfo\/author\/celia-k-n\/"}]}},"_links":{"self":[{"href":"https:\/\/vosgesinfo.fr\/epinalinfo\/wp-json\/wp\/v2\/posts\/67526","targetHints":{"allow":["GET"]}}],"collection":[{"href":"https:\/\/vosgesinfo.fr\/epinalinfo\/wp-json\/wp\/v2\/posts"}],"about":[{"href":"https:\/\/vosgesinfo.fr\/epinalinfo\/wp-json\/wp\/v2\/types\/post"}],"author":[{"embeddable":true,"href":"https:\/\/vosgesinfo.fr\/epinalinfo\/wp-json\/wp\/v2\/users\/52"}],"replies":[{"embeddable":true,"href":"https:\/\/vosgesinfo.fr\/epinalinfo\/wp-json\/wp\/v2\/comments?post=67526"}],"version-history":[{"count":0,"href":"https:\/\/vosgesinfo.fr\/epinalinfo\/wp-json\/wp\/v2\/posts\/67526\/revisions"}],"wp:featuredmedia":[{"embeddable":true,"href":"https:\/\/vosgesinfo.fr\/epinalinfo\/wp-json\/wp\/v2\/media\/67527"}],"wp:attachment":[{"href":"https:\/\/vosgesinfo.fr\/epinalinfo\/wp-json\/wp\/v2\/media?parent=67526"}],"wp:term":[{"taxonomy":"category","embeddable":true,"href":"https:\/\/vosgesinfo.fr\/epinalinfo\/wp-json\/wp\/v2\/categories?post=67526"},{"taxonomy":"post_tag","embeddable":true,"href":"https:\/\/vosgesinfo.fr\/epinalinfo\/wp-json\/wp\/v2\/tags?post=67526"}],"curies":[{"name":"wp","href":"https:\/\/api.w.org\/{rel}","templated":true}]}}