{"id":67538,"date":"2016-11-24T14:21:02","date_gmt":"2016-11-24T13:21:02","guid":{"rendered":"https:\/\/vosgesinfo.fr\/epinalinfo\/2016\/11\/gastro-enterite-se-propage-region\/"},"modified":"2016-11-24T14:21:02","modified_gmt":"2016-11-24T13:21:02","slug":"gastro-enterite-se-propage-region","status":"publish","type":"post","link":"https:\/\/vosgesinfo.fr\/epinalinfo\/2016\/11\/gastro-enterite-se-propage-region\/","title":{"rendered":"La gastro-ent\u00e9rite se propage dans la r\u00e9gion"},"content":{"rendered":"<p><strong><a href=\"http:\/\/epinalinfos.fr\/2016\/11\/gastro-enterite-se-propage-region\/21355-norm\/\" rel=\"attachment wp-att-104168\"><img decoding=\"async\" class=\"aligncenter size-full wp-image-104168\" src=\"\/2016\/11\/21355-norm.png\" alt=\"21355-norm\" width=\"544\" height=\"552\" \/><\/a>Arriv\u00e9e avec trois mois d\u2019avance, l\u2019\u00e9pid\u00e9mie de gastro-ent\u00e9rite a atteint le seuil \u00e9pid\u00e9mique. La r\u00e9gion est la deuxi\u00e8me la plus atteinte par des cas de diarrh\u00e9es aig\u00fces selon le r\u00e9seau de surveillance Sentinelles.<\/strong><\/p>\n<p>L\u2019infection s\u2019installe dans le Grand Est. Les zones les plus touch\u00e9es sont les r\u00e9gions Provence-Alpes-C\u00f4te d&rsquo;Azur avec 297 car pour 100\u00a0000 habitants, puis la r\u00e9gion Grand Est (262) et Ile-de-France (257). \u00a0<em>\u00ab<\/em><em>\u00a0<\/em><em>En France m\u00e9tropolitaine, la semaine derni\u00e8re, le taux d\u2019incidence des cas de diarrh\u00e9e aigu\u00eb vus en consultation de m\u00e9decine g\u00e9n\u00e9rale a \u00e9t\u00e9 estim\u00e9 \u00e0 194 cas pour 100 000 habitants\u00a0\u00bb<\/em> d\u00e9clare le r\u00e9seau Sentinelle.<\/p>\n<p>Le r\u00e9seau pr\u00e9cise que le niveau de l\u2019\u00e9pid\u00e9mie devrait <em>\u00ab\u00a0rester stable\u00a0\u00bb<\/em> la semaine prochaine et <em>\u00ab\u00a0pourrait augmenter dans les prochaines semaines\u00a0\u00bb<\/em>.<\/p>\n<p>C.K.N.<\/p>\n","protected":false},"excerpt":{"rendered":"<p>Arriv\u00e9e avec trois mois d\u2019avance, l\u2019\u00e9pid\u00e9mie de gastro-ent\u00e9rite a atteint le seuil \u00e9pid\u00e9mique. La r\u00e9gion est la deuxi\u00e8me la plus [&hellip;]<\/p>\n","protected":false},"author":52,"featured_media":67539,"comment_status":"open","ping_status":"open","sticky":false,"template":"","format":"standard","meta":{"footnotes":""},"categories":[22,14,5],"tags":[9513,9174,2150],"class_list":["post-67538","post","type-post","status-publish","format-standard","has-post-thumbnail","hentry","category-a-la-une","category-sante","category-vosges","tag-diarrhee-aigue","tag-gastro-enterite","tag-region-grand-est"],"acf":[],"yoast_head":"<!-- This site is optimized with the Yoast SEO plugin v22.5 - https:\/\/yoast.com\/wordpress\/plugins\/seo\/ -->\n<title>La gastro-ent\u00e9rite se propage dans la r\u00e9gion - Epinal Info<\/title>\n<meta name=\"robots\" content=\"index, follow, max-snippet:-1, max-image-preview:large, max-video-preview:-1\" \/>\n<link rel=\"canonical\" href=\"https:\/\/vosgesinfo.fr\/epinalinfo\/2016\/11\/gastro-enterite-se-propage-region\/\" \/>\n<meta name=\"twitter:card\" content=\"summary_large_image\" \/>\n<meta name=\"twitter:title\" content=\"La gastro-ent\u00e9rite se propage dans la r\u00e9gion - Epinal Info\" \/>\n<meta name=\"twitter:description\" content=\"Arriv\u00e9e avec trois mois d\u2019avance, l\u2019\u00e9pid\u00e9mie de gastro-ent\u00e9rite a atteint le seuil \u00e9pid\u00e9mique. La r\u00e9gion est la deuxi\u00e8me la plus [&hellip;]\" \/>\n<meta name=\"twitter:image\" content=\"https:\/\/vosgesinfo.fr\/app\/uploads\/sites\/3\/2024\/08\/20161121355-norm.png\" \/>\n<meta name=\"twitter:creator\" content=\"@VosgesInfo88\" \/>\n<meta name=\"twitter:site\" content=\"@VosgesInfo88\" \/>\n<meta name=\"twitter:label1\" content=\"\u00c9crit par\" \/>\n\t<meta name=\"twitter:data1\" content=\"C.K.\" \/>\n\t<meta name=\"twitter:label2\" content=\"Dur\u00e9e de lecture estim\u00e9e\" \/>\n\t<meta name=\"twitter:data2\" content=\"1 minute\" \/>\n<script type=\"application\/ld+json\" class=\"yoast-schema-graph\">{\"@context\":\"https:\/\/schema.org\",\"@graph\":[{\"@type\":\"Article\",\"@id\":\"https:\/\/vosgesinfo.fr\/epinalinfo\/2016\/11\/gastro-enterite-se-propage-region\/#article\",\"isPartOf\":{\"@id\":\"https:\/\/vosgesinfo.fr\/epinalinfo\/2016\/11\/gastro-enterite-se-propage-region\/\"},\"author\":{\"name\":\"C.K.\",\"@id\":\"https:\/\/vosgesinfo.fr\/epinalinfo\/#\/schema\/person\/6f9a650eeea99d969b6c4ab78fccbe81\"},\"headline\":\"La gastro-ent\u00e9rite se propage dans la r\u00e9gion\",\"datePublished\":\"2016-11-24T13:21:02+00:00\",\"dateModified\":\"2016-11-24T13:21:02+00:00\",\"mainEntityOfPage\":{\"@id\":\"https:\/\/vosgesinfo.fr\/epinalinfo\/2016\/11\/gastro-enterite-se-propage-region\/\"},\"wordCount\":154,\"commentCount\":0,\"publisher\":{\"@id\":\"https:\/\/vosgesinfo.fr\/epinalinfo\/#organization\"},\"image\":{\"@id\":\"https:\/\/vosgesinfo.fr\/epinalinfo\/2016\/11\/gastro-enterite-se-propage-region\/#primaryimage\"},\"thumbnailUrl\":\"https:\/\/vosgesinfo.fr\/app\/uploads\/sites\/3\/2024\/08\/20161121355-norm.png\",\"keywords\":[\"diarrh\u00e9e aigu\u00eb\",\"gastro-ent\u00e9rite\",\"R\u00e9gion Grand Est\"],\"articleSection\":[\"A la Une\",\"Sant\u00e9\",\"Vosges\"],\"inLanguage\":\"fr-FR\",\"potentialAction\":[{\"@type\":\"CommentAction\",\"name\":\"Comment\",\"target\":[\"https:\/\/vosgesinfo.fr\/epinalinfo\/2016\/11\/gastro-enterite-se-propage-region\/#respond\"]}]},{\"@type\":\"WebPage\",\"@id\":\"https:\/\/vosgesinfo.fr\/epinalinfo\/2016\/11\/gastro-enterite-se-propage-region\/\",\"url\":\"https:\/\/vosgesinfo.fr\/epinalinfo\/2016\/11\/gastro-enterite-se-propage-region\/\",\"name\":\"La gastro-ent\u00e9rite se propage dans la r\u00e9gion - Epinal Info\",\"isPartOf\":{\"@id\":\"https:\/\/vosgesinfo.fr\/epinalinfo\/#website\"},\"primaryImageOfPage\":{\"@id\":\"https:\/\/vosgesinfo.fr\/epinalinfo\/2016\/11\/gastro-enterite-se-propage-region\/#primaryimage\"},\"image\":{\"@id\":\"https:\/\/vosgesinfo.fr\/epinalinfo\/2016\/11\/gastro-enterite-se-propage-region\/#primaryimage\"},\"thumbnailUrl\":\"https:\/\/vosgesinfo.fr\/app\/uploads\/sites\/3\/2024\/08\/20161121355-norm.png\",\"datePublished\":\"2016-11-24T13:21:02+00:00\",\"dateModified\":\"2016-11-24T13:21:02+00:00\",\"breadcrumb\":{\"@id\":\"https:\/\/vosgesinfo.fr\/epinalinfo\/2016\/11\/gastro-enterite-se-propage-region\/#breadcrumb\"},\"inLanguage\":\"fr-FR\",\"potentialAction\":[{\"@type\":\"ReadAction\",\"target\":[\"https:\/\/vosgesinfo.fr\/epinalinfo\/2016\/11\/gastro-enterite-se-propage-region\/\"]}]},{\"@type\":\"ImageObject\",\"inLanguage\":\"fr-FR\",\"@id\":\"https:\/\/vosgesinfo.fr\/epinalinfo\/2016\/11\/gastro-enterite-se-propage-region\/#primaryimage\",\"url\":\"https:\/\/vosgesinfo.fr\/app\/uploads\/sites\/3\/2024\/08\/20161121355-norm.png\",\"contentUrl\":\"https:\/\/vosgesinfo.fr\/app\/uploads\/sites\/3\/2024\/08\/20161121355-norm.png\",\"width\":544,\"height\":552},{\"@type\":\"BreadcrumbList\",\"@id\":\"https:\/\/vosgesinfo.fr\/epinalinfo\/2016\/11\/gastro-enterite-se-propage-region\/#breadcrumb\",\"itemListElement\":[{\"@type\":\"ListItem\",\"position\":1,\"name\":\"Home\",\"item\":\"https:\/\/vosgesinfo.fr\/epinalinfo\/\"},{\"@type\":\"ListItem\",\"position\":2,\"name\":\"La gastro-ent\u00e9rite se propage dans la r\u00e9gion\"}]},{\"@type\":\"WebSite\",\"@id\":\"https:\/\/vosgesinfo.fr\/epinalinfo\/#website\",\"url\":\"https:\/\/vosgesinfo.fr\/epinalinfo\/\",\"name\":\"Epinal Info\",\"description\":\"Toute l&#039;actualit\u00e9 d&#039;\u00c9pinal\",\"publisher\":{\"@id\":\"https:\/\/vosgesinfo.fr\/epinalinfo\/#organization\"},\"alternateName\":\"Toute l'actualit\u00e9 d'\u00c9pinal\",\"potentialAction\":[{\"@type\":\"SearchAction\",\"target\":{\"@type\":\"EntryPoint\",\"urlTemplate\":\"https:\/\/vosgesinfo.fr\/epinalinfo\/?s={search_term_string}\"},\"query-input\":\"required name=search_term_string\"}],\"inLanguage\":\"fr-FR\"},{\"@type\":\"Organization\",\"@id\":\"https:\/\/vosgesinfo.fr\/epinalinfo\/#organization\",\"name\":\"Epinal Info\",\"url\":\"https:\/\/vosgesinfo.fr\/epinalinfo\/\",\"logo\":{\"@type\":\"ImageObject\",\"inLanguage\":\"fr-FR\",\"@id\":\"https:\/\/vosgesinfo.fr\/epinalinfo\/#\/schema\/logo\/image\/\",\"url\":\"https:\/\/vosgesinfo.fr\/app\/uploads\/sites\/3\/2023\/08\/logo-epinalinfos.svg\",\"contentUrl\":\"https:\/\/vosgesinfo.fr\/app\/uploads\/sites\/3\/2023\/08\/logo-epinalinfos.svg\",\"width\":1,\"height\":1,\"caption\":\"Epinal Info\"},\"image\":{\"@id\":\"https:\/\/vosgesinfo.fr\/epinalinfo\/#\/schema\/logo\/image\/\"},\"sameAs\":[\"https:\/\/www.facebook.com\/Epinalinfos\",\"https:\/\/x.com\/VosgesInfo88\",\"https:\/\/www.youtube.com\/@vosgesinfo\"]},{\"@type\":\"Person\",\"@id\":\"https:\/\/vosgesinfo.fr\/epinalinfo\/#\/schema\/person\/6f9a650eeea99d969b6c4ab78fccbe81\",\"name\":\"C.K.\",\"image\":{\"@type\":\"ImageObject\",\"inLanguage\":\"fr-FR\",\"@id\":\"https:\/\/vosgesinfo.fr\/epinalinfo\/#\/schema\/person\/image\/\",\"url\":\"https:\/\/secure.gravatar.com\/avatar\/48e3fc7f8421ba8942be6b74a2b7f014ca39bc00dece156b7a8e098ae7dc87bf?s=96&d=mm&r=g\",\"contentUrl\":\"https:\/\/secure.gravatar.com\/avatar\/48e3fc7f8421ba8942be6b74a2b7f014ca39bc00dece156b7a8e098ae7dc87bf?s=96&d=mm&r=g\",\"caption\":\"C.K.\"},\"url\":\"https:\/\/vosgesinfo.fr\/epinalinfo\/author\/celia-k-n\/\"}]}<\/script>\n<!-- \/ Yoast SEO plugin. -->","yoast_head_json":{"title":"La gastro-ent\u00e9rite se propage dans la r\u00e9gion - Epinal Info","robots":{"index":"index","follow":"follow","max-snippet":"max-snippet:-1","max-image-preview":"max-image-preview:large","max-video-preview":"max-video-preview:-1"},"canonical":"https:\/\/vosgesinfo.fr\/epinalinfo\/2016\/11\/gastro-enterite-se-propage-region\/","twitter_card":"summary_large_image","twitter_title":"La gastro-ent\u00e9rite se propage dans la r\u00e9gion - Epinal Info","twitter_description":"Arriv\u00e9e avec trois mois d\u2019avance, l\u2019\u00e9pid\u00e9mie de gastro-ent\u00e9rite a atteint le seuil \u00e9pid\u00e9mique. La r\u00e9gion est la deuxi\u00e8me la plus [&hellip;]","twitter_image":"https:\/\/vosgesinfo.fr\/app\/uploads\/sites\/3\/2024\/08\/20161121355-norm.png","twitter_creator":"@VosgesInfo88","twitter_site":"@VosgesInfo88","twitter_misc":{"\u00c9crit par":"C.K.","Dur\u00e9e de lecture estim\u00e9e":"1 minute"},"schema":{"@context":"https:\/\/schema.org","@graph":[{"@type":"Article","@id":"https:\/\/vosgesinfo.fr\/epinalinfo\/2016\/11\/gastro-enterite-se-propage-region\/#article","isPartOf":{"@id":"https:\/\/vosgesinfo.fr\/epinalinfo\/2016\/11\/gastro-enterite-se-propage-region\/"},"author":{"name":"C.K.","@id":"https:\/\/vosgesinfo.fr\/epinalinfo\/#\/schema\/person\/6f9a650eeea99d969b6c4ab78fccbe81"},"headline":"La gastro-ent\u00e9rite se propage dans la r\u00e9gion","datePublished":"2016-11-24T13:21:02+00:00","dateModified":"2016-11-24T13:21:02+00:00","mainEntityOfPage":{"@id":"https:\/\/vosgesinfo.fr\/epinalinfo\/2016\/11\/gastro-enterite-se-propage-region\/"},"wordCount":154,"commentCount":0,"publisher":{"@id":"https:\/\/vosgesinfo.fr\/epinalinfo\/#organization"},"image":{"@id":"https:\/\/vosgesinfo.fr\/epinalinfo\/2016\/11\/gastro-enterite-se-propage-region\/#primaryimage"},"thumbnailUrl":"https:\/\/vosgesinfo.fr\/app\/uploads\/sites\/3\/2024\/08\/20161121355-norm.png","keywords":["diarrh\u00e9e aigu\u00eb","gastro-ent\u00e9rite","R\u00e9gion Grand Est"],"articleSection":["A la Une","Sant\u00e9","Vosges"],"inLanguage":"fr-FR","potentialAction":[{"@type":"CommentAction","name":"Comment","target":["https:\/\/vosgesinfo.fr\/epinalinfo\/2016\/11\/gastro-enterite-se-propage-region\/#respond"]}]},{"@type":"WebPage","@id":"https:\/\/vosgesinfo.fr\/epinalinfo\/2016\/11\/gastro-enterite-se-propage-region\/","url":"https:\/\/vosgesinfo.fr\/epinalinfo\/2016\/11\/gastro-enterite-se-propage-region\/","name":"La gastro-ent\u00e9rite se propage dans la r\u00e9gion - Epinal Info","isPartOf":{"@id":"https:\/\/vosgesinfo.fr\/epinalinfo\/#website"},"primaryImageOfPage":{"@id":"https:\/\/vosgesinfo.fr\/epinalinfo\/2016\/11\/gastro-enterite-se-propage-region\/#primaryimage"},"image":{"@id":"https:\/\/vosgesinfo.fr\/epinalinfo\/2016\/11\/gastro-enterite-se-propage-region\/#primaryimage"},"thumbnailUrl":"https:\/\/vosgesinfo.fr\/app\/uploads\/sites\/3\/2024\/08\/20161121355-norm.png","datePublished":"2016-11-24T13:21:02+00:00","dateModified":"2016-11-24T13:21:02+00:00","breadcrumb":{"@id":"https:\/\/vosgesinfo.fr\/epinalinfo\/2016\/11\/gastro-enterite-se-propage-region\/#breadcrumb"},"inLanguage":"fr-FR","potentialAction":[{"@type":"ReadAction","target":["https:\/\/vosgesinfo.fr\/epinalinfo\/2016\/11\/gastro-enterite-se-propage-region\/"]}]},{"@type":"ImageObject","inLanguage":"fr-FR","@id":"https:\/\/vosgesinfo.fr\/epinalinfo\/2016\/11\/gastro-enterite-se-propage-region\/#primaryimage","url":"https:\/\/vosgesinfo.fr\/app\/uploads\/sites\/3\/2024\/08\/20161121355-norm.png","contentUrl":"https:\/\/vosgesinfo.fr\/app\/uploads\/sites\/3\/2024\/08\/20161121355-norm.png","width":544,"height":552},{"@type":"BreadcrumbList","@id":"https:\/\/vosgesinfo.fr\/epinalinfo\/2016\/11\/gastro-enterite-se-propage-region\/#breadcrumb","itemListElement":[{"@type":"ListItem","position":1,"name":"Home","item":"https:\/\/vosgesinfo.fr\/epinalinfo\/"},{"@type":"ListItem","position":2,"name":"La gastro-ent\u00e9rite se propage dans la r\u00e9gion"}]},{"@type":"WebSite","@id":"https:\/\/vosgesinfo.fr\/epinalinfo\/#website","url":"https:\/\/vosgesinfo.fr\/epinalinfo\/","name":"Epinal Info","description":"Toute l&#039;actualit\u00e9 d&#039;\u00c9pinal","publisher":{"@id":"https:\/\/vosgesinfo.fr\/epinalinfo\/#organization"},"alternateName":"Toute l'actualit\u00e9 d'\u00c9pinal","potentialAction":[{"@type":"SearchAction","target":{"@type":"EntryPoint","urlTemplate":"https:\/\/vosgesinfo.fr\/epinalinfo\/?s={search_term_string}"},"query-input":"required name=search_term_string"}],"inLanguage":"fr-FR"},{"@type":"Organization","@id":"https:\/\/vosgesinfo.fr\/epinalinfo\/#organization","name":"Epinal Info","url":"https:\/\/vosgesinfo.fr\/epinalinfo\/","logo":{"@type":"ImageObject","inLanguage":"fr-FR","@id":"https:\/\/vosgesinfo.fr\/epinalinfo\/#\/schema\/logo\/image\/","url":"https:\/\/vosgesinfo.fr\/app\/uploads\/sites\/3\/2023\/08\/logo-epinalinfos.svg","contentUrl":"https:\/\/vosgesinfo.fr\/app\/uploads\/sites\/3\/2023\/08\/logo-epinalinfos.svg","width":1,"height":1,"caption":"Epinal Info"},"image":{"@id":"https:\/\/vosgesinfo.fr\/epinalinfo\/#\/schema\/logo\/image\/"},"sameAs":["https:\/\/www.facebook.com\/Epinalinfos","https:\/\/x.com\/VosgesInfo88","https:\/\/www.youtube.com\/@vosgesinfo"]},{"@type":"Person","@id":"https:\/\/vosgesinfo.fr\/epinalinfo\/#\/schema\/person\/6f9a650eeea99d969b6c4ab78fccbe81","name":"C.K.","image":{"@type":"ImageObject","inLanguage":"fr-FR","@id":"https:\/\/vosgesinfo.fr\/epinalinfo\/#\/schema\/person\/image\/","url":"https:\/\/secure.gravatar.com\/avatar\/48e3fc7f8421ba8942be6b74a2b7f014ca39bc00dece156b7a8e098ae7dc87bf?s=96&d=mm&r=g","contentUrl":"https:\/\/secure.gravatar.com\/avatar\/48e3fc7f8421ba8942be6b74a2b7f014ca39bc00dece156b7a8e098ae7dc87bf?s=96&d=mm&r=g","caption":"C.K."},"url":"https:\/\/vosgesinfo.fr\/epinalinfo\/author\/celia-k-n\/"}]}},"_links":{"self":[{"href":"https:\/\/vosgesinfo.fr\/epinalinfo\/wp-json\/wp\/v2\/posts\/67538","targetHints":{"allow":["GET"]}}],"collection":[{"href":"https:\/\/vosgesinfo.fr\/epinalinfo\/wp-json\/wp\/v2\/posts"}],"about":[{"href":"https:\/\/vosgesinfo.fr\/epinalinfo\/wp-json\/wp\/v2\/types\/post"}],"author":[{"embeddable":true,"href":"https:\/\/vosgesinfo.fr\/epinalinfo\/wp-json\/wp\/v2\/users\/52"}],"replies":[{"embeddable":true,"href":"https:\/\/vosgesinfo.fr\/epinalinfo\/wp-json\/wp\/v2\/comments?post=67538"}],"version-history":[{"count":0,"href":"https:\/\/vosgesinfo.fr\/epinalinfo\/wp-json\/wp\/v2\/posts\/67538\/revisions"}],"wp:featuredmedia":[{"embeddable":true,"href":"https:\/\/vosgesinfo.fr\/epinalinfo\/wp-json\/wp\/v2\/media\/67539"}],"wp:attachment":[{"href":"https:\/\/vosgesinfo.fr\/epinalinfo\/wp-json\/wp\/v2\/media?parent=67538"}],"wp:term":[{"taxonomy":"category","embeddable":true,"href":"https:\/\/vosgesinfo.fr\/epinalinfo\/wp-json\/wp\/v2\/categories?post=67538"},{"taxonomy":"post_tag","embeddable":true,"href":"https:\/\/vosgesinfo.fr\/epinalinfo\/wp-json\/wp\/v2\/tags?post=67538"}],"curies":[{"name":"wp","href":"https:\/\/api.w.org\/{rel}","templated":true}]}}