{"id":67557,"date":"2016-11-24T17:28:08","date_gmt":"2016-11-24T16:28:08","guid":{"rendered":"https:\/\/vosgesinfo.fr\/epinalinfo\/2016\/11\/boules-de-noel-musee-de-limage\/"},"modified":"2016-11-24T17:28:08","modified_gmt":"2016-11-24T16:28:08","slug":"boules-de-noel-musee-de-limage","status":"publish","type":"post","link":"https:\/\/vosgesinfo.fr\/epinalinfo\/2016\/11\/boules-de-noel-musee-de-limage\/","title":{"rendered":"Les boules de No\u00ebl sont au mus\u00e9e de l&rsquo;Image"},"content":{"rendered":"<div id=\"attachment_104188\" style=\"width: 718px\" class=\"wp-caption aligncenter\"><a href=\"http:\/\/epinalinfos.fr\/2016\/11\/boules-de-noel-musee-de-limage\/fizz\/\" rel=\"attachment wp-att-104188\"><img decoding=\"async\" aria-describedby=\"caption-attachment-104188\" class=\"wp-image-104188 size-full\" src=\"\/2016\/11\/fizz.jpg\" alt=\"fizz\" width=\"708\" height=\"543\" \/><\/a><p id=\"caption-attachment-104188\" class=\"wp-caption-text\">Photographie Centre International d\u2019Art Verrier (CIAV) de Meisenthal<\/p><\/div>\n<p><strong>Comme toutes les expositions du Mus\u00e9e de l\u2019image, \u00ab\u00a0En for\u00eat, des boules de No\u00ebl\u00a0\u00bb a pour point de d\u00e9part une image de la collection, \u00e9dit\u00e9e en 1908 par l\u2019Imagerie d\u2019Epinal. Intitul\u00e9e \u00ab\u00a0No\u00eal\u00a0\u00bb, cette image-jeu met en sc\u00e8ne une famille, attabl\u00e9e sous un sapin d\u00e9cor\u00e9 d\u2019une boule rouge. Du 3 d\u00e9cembre au 26 f\u00e9vrier 2017, le mus\u00e9e de l\u2019image vous emm\u00e8ne \u00e0 la d\u00e9couverte des boules de No\u00ebl.<\/strong><\/p>\n<div id=\"attachment_104189\" style=\"width: 121px\" class=\"wp-caption alignleft\"><a href=\"http:\/\/epinalinfos.fr\/2016\/11\/boules-de-noel-musee-de-limage\/b\/\" rel=\"attachment wp-att-104189\"><img decoding=\"async\" aria-describedby=\"caption-attachment-104189\" class=\"wp-image-104189\" src=\"\/2016\/11\/b.jpg\" alt=\"b\" width=\"111\" height=\"428\" \/><\/a><p id=\"caption-attachment-104189\" class=\"wp-caption-text\">photographie Centre International d\u2019Art Verrier (CIAV) de Meisenthal<\/p><\/div>\n<p>Cette ann\u00e9e, \u00e0 c\u00f4t\u00e9 de cette image, le public pourra d\u00e9couvrir les boules de No\u00ebl contemporaines \u00e9dit\u00e9es par le Centre International d\u2019Art Verrier (CIAV) de Meisenthal. L\u2019occasion de d\u00e9couvrir les mod\u00e8les de boules. La boule 2016 \u00ab\u00a0FIZZ\u00a0\u00bb\u00a0 du CIAV sera visible au mus\u00e9e de l\u2019Image.<\/p>\n<p>Le presse-citron en verre, accessoire d\u2019art m\u00e9nager produit autrefois par la verrerie de Meisenthal, ne s\u2019\u00e9tait sans doute jamais imagin\u00e9 un jour pouvoir changer de vie. C\u2019\u00e9tait sans compter sur la designer Rafa\u00eble David, qui lui a fait sa f\u00eate ! Elle sera vendue au mus\u00e9e dans le cadre de l\u2019exposition.<\/p>\n<p><strong>Du 3 d\u00e9cembre au 26 f\u00e9vrier 2017 au mus\u00e9e de l&rsquo;image.\u00a0<\/strong><\/p>\n","protected":false},"excerpt":{"rendered":"<p>Comme toutes les expositions du Mus\u00e9e de l\u2019image, \u00ab\u00a0En for\u00eat, des boules de No\u00ebl\u00a0\u00bb a pour point de d\u00e9part une [&hellip;]<\/p>\n","protected":false},"author":52,"featured_media":67558,"comment_status":"open","ping_status":"open","sticky":false,"template":"","format":"standard","meta":{"footnotes":""},"categories":[22,20,24],"tags":[9307,9515,9309,9310,9516,1595],"class_list":["post-67557","post","type-post","status-publish","format-standard","has-post-thumbnail","hentry","category-a-la-une","category-divertissement","category-epinal","tag-boules-de-noel","tag-centre-international-dart-verrier-ciav-de-meisenthal","tag-des-boules-de-noel","tag-en-foret","tag-fizz","tag-musee-de-limage-depinal"],"acf":[],"yoast_head":"<!-- This site is optimized with the Yoast SEO plugin v22.5 - https:\/\/yoast.com\/wordpress\/plugins\/seo\/ -->\n<title>Les boules de No\u00ebl sont au mus\u00e9e de l&#039;Image - Epinal Info<\/title>\n<meta name=\"robots\" content=\"index, follow, max-snippet:-1, max-image-preview:large, max-video-preview:-1\" \/>\n<link rel=\"canonical\" href=\"https:\/\/vosgesinfo.fr\/epinalinfo\/2016\/11\/boules-de-noel-musee-de-limage\/\" \/>\n<meta name=\"twitter:card\" content=\"summary_large_image\" \/>\n<meta name=\"twitter:title\" content=\"Les boules de No\u00ebl sont au mus\u00e9e de l&#039;Image - Epinal Info\" \/>\n<meta name=\"twitter:description\" content=\"Comme toutes les expositions du Mus\u00e9e de l\u2019image, \u00ab\u00a0En for\u00eat, des boules de No\u00ebl\u00a0\u00bb a pour point de d\u00e9part une [&hellip;]\" \/>\n<meta name=\"twitter:image\" content=\"https:\/\/vosgesinfo.fr\/app\/uploads\/sites\/3\/2024\/08\/201611fizz.jpg\" \/>\n<meta name=\"twitter:creator\" content=\"@VosgesInfo88\" \/>\n<meta name=\"twitter:site\" content=\"@VosgesInfo88\" \/>\n<meta name=\"twitter:label1\" content=\"\u00c9crit par\" \/>\n\t<meta name=\"twitter:data1\" content=\"C.K.\" \/>\n\t<meta name=\"twitter:label2\" content=\"Dur\u00e9e de lecture estim\u00e9e\" \/>\n\t<meta name=\"twitter:data2\" content=\"1 minute\" \/>\n<script type=\"application\/ld+json\" class=\"yoast-schema-graph\">{\"@context\":\"https:\/\/schema.org\",\"@graph\":[{\"@type\":\"Article\",\"@id\":\"https:\/\/vosgesinfo.fr\/epinalinfo\/2016\/11\/boules-de-noel-musee-de-limage\/#article\",\"isPartOf\":{\"@id\":\"https:\/\/vosgesinfo.fr\/epinalinfo\/2016\/11\/boules-de-noel-musee-de-limage\/\"},\"author\":{\"name\":\"C.K.\",\"@id\":\"https:\/\/vosgesinfo.fr\/epinalinfo\/#\/schema\/person\/6f9a650eeea99d969b6c4ab78fccbe81\"},\"headline\":\"Les boules de No\u00ebl sont au mus\u00e9e de l&rsquo;Image\",\"datePublished\":\"2016-11-24T16:28:08+00:00\",\"dateModified\":\"2016-11-24T16:28:08+00:00\",\"mainEntityOfPage\":{\"@id\":\"https:\/\/vosgesinfo.fr\/epinalinfo\/2016\/11\/boules-de-noel-musee-de-limage\/\"},\"wordCount\":251,\"commentCount\":0,\"publisher\":{\"@id\":\"https:\/\/vosgesinfo.fr\/epinalinfo\/#organization\"},\"image\":{\"@id\":\"https:\/\/vosgesinfo.fr\/epinalinfo\/2016\/11\/boules-de-noel-musee-de-limage\/#primaryimage\"},\"thumbnailUrl\":\"https:\/\/vosgesinfo.fr\/app\/uploads\/sites\/3\/2024\/08\/201611fizz.jpg\",\"keywords\":[\"boules de No\u00ebl\",\"Centre International d\u2019Art Verrier (CIAV) de Meisenthal\",\"des boules de No\u00ebl\u2026\",\"En for\u00eat\",\"FIZZ\",\"mus\u00e9e de l'Image d'Epinal\"],\"articleSection\":[\"A la Une\",\"Divertissement\",\"Epinal\"],\"inLanguage\":\"fr-FR\",\"potentialAction\":[{\"@type\":\"CommentAction\",\"name\":\"Comment\",\"target\":[\"https:\/\/vosgesinfo.fr\/epinalinfo\/2016\/11\/boules-de-noel-musee-de-limage\/#respond\"]}]},{\"@type\":\"WebPage\",\"@id\":\"https:\/\/vosgesinfo.fr\/epinalinfo\/2016\/11\/boules-de-noel-musee-de-limage\/\",\"url\":\"https:\/\/vosgesinfo.fr\/epinalinfo\/2016\/11\/boules-de-noel-musee-de-limage\/\",\"name\":\"Les boules de No\u00ebl sont au mus\u00e9e de l'Image - Epinal Info\",\"isPartOf\":{\"@id\":\"https:\/\/vosgesinfo.fr\/epinalinfo\/#website\"},\"primaryImageOfPage\":{\"@id\":\"https:\/\/vosgesinfo.fr\/epinalinfo\/2016\/11\/boules-de-noel-musee-de-limage\/#primaryimage\"},\"image\":{\"@id\":\"https:\/\/vosgesinfo.fr\/epinalinfo\/2016\/11\/boules-de-noel-musee-de-limage\/#primaryimage\"},\"thumbnailUrl\":\"https:\/\/vosgesinfo.fr\/app\/uploads\/sites\/3\/2024\/08\/201611fizz.jpg\",\"datePublished\":\"2016-11-24T16:28:08+00:00\",\"dateModified\":\"2016-11-24T16:28:08+00:00\",\"breadcrumb\":{\"@id\":\"https:\/\/vosgesinfo.fr\/epinalinfo\/2016\/11\/boules-de-noel-musee-de-limage\/#breadcrumb\"},\"inLanguage\":\"fr-FR\",\"potentialAction\":[{\"@type\":\"ReadAction\",\"target\":[\"https:\/\/vosgesinfo.fr\/epinalinfo\/2016\/11\/boules-de-noel-musee-de-limage\/\"]}]},{\"@type\":\"ImageObject\",\"inLanguage\":\"fr-FR\",\"@id\":\"https:\/\/vosgesinfo.fr\/epinalinfo\/2016\/11\/boules-de-noel-musee-de-limage\/#primaryimage\",\"url\":\"https:\/\/vosgesinfo.fr\/app\/uploads\/sites\/3\/2024\/08\/201611fizz.jpg\",\"contentUrl\":\"https:\/\/vosgesinfo.fr\/app\/uploads\/sites\/3\/2024\/08\/201611fizz.jpg\",\"width\":708,\"height\":543},{\"@type\":\"BreadcrumbList\",\"@id\":\"https:\/\/vosgesinfo.fr\/epinalinfo\/2016\/11\/boules-de-noel-musee-de-limage\/#breadcrumb\",\"itemListElement\":[{\"@type\":\"ListItem\",\"position\":1,\"name\":\"Home\",\"item\":\"https:\/\/vosgesinfo.fr\/epinalinfo\/\"},{\"@type\":\"ListItem\",\"position\":2,\"name\":\"Les boules de No\u00ebl sont au mus\u00e9e de l&rsquo;Image\"}]},{\"@type\":\"WebSite\",\"@id\":\"https:\/\/vosgesinfo.fr\/epinalinfo\/#website\",\"url\":\"https:\/\/vosgesinfo.fr\/epinalinfo\/\",\"name\":\"Epinal Info\",\"description\":\"Toute l&#039;actualit\u00e9 d&#039;\u00c9pinal\",\"publisher\":{\"@id\":\"https:\/\/vosgesinfo.fr\/epinalinfo\/#organization\"},\"alternateName\":\"Toute l'actualit\u00e9 d'\u00c9pinal\",\"potentialAction\":[{\"@type\":\"SearchAction\",\"target\":{\"@type\":\"EntryPoint\",\"urlTemplate\":\"https:\/\/vosgesinfo.fr\/epinalinfo\/?s={search_term_string}\"},\"query-input\":\"required name=search_term_string\"}],\"inLanguage\":\"fr-FR\"},{\"@type\":\"Organization\",\"@id\":\"https:\/\/vosgesinfo.fr\/epinalinfo\/#organization\",\"name\":\"Epinal Info\",\"url\":\"https:\/\/vosgesinfo.fr\/epinalinfo\/\",\"logo\":{\"@type\":\"ImageObject\",\"inLanguage\":\"fr-FR\",\"@id\":\"https:\/\/vosgesinfo.fr\/epinalinfo\/#\/schema\/logo\/image\/\",\"url\":\"https:\/\/vosgesinfo.fr\/app\/uploads\/sites\/3\/2023\/08\/logo-epinalinfos.svg\",\"contentUrl\":\"https:\/\/vosgesinfo.fr\/app\/uploads\/sites\/3\/2023\/08\/logo-epinalinfos.svg\",\"width\":1,\"height\":1,\"caption\":\"Epinal Info\"},\"image\":{\"@id\":\"https:\/\/vosgesinfo.fr\/epinalinfo\/#\/schema\/logo\/image\/\"},\"sameAs\":[\"https:\/\/www.facebook.com\/Epinalinfos\",\"https:\/\/x.com\/VosgesInfo88\",\"https:\/\/www.youtube.com\/@vosgesinfo\"]},{\"@type\":\"Person\",\"@id\":\"https:\/\/vosgesinfo.fr\/epinalinfo\/#\/schema\/person\/6f9a650eeea99d969b6c4ab78fccbe81\",\"name\":\"C.K.\",\"image\":{\"@type\":\"ImageObject\",\"inLanguage\":\"fr-FR\",\"@id\":\"https:\/\/vosgesinfo.fr\/epinalinfo\/#\/schema\/person\/image\/\",\"url\":\"https:\/\/secure.gravatar.com\/avatar\/48e3fc7f8421ba8942be6b74a2b7f014ca39bc00dece156b7a8e098ae7dc87bf?s=96&d=mm&r=g\",\"contentUrl\":\"https:\/\/secure.gravatar.com\/avatar\/48e3fc7f8421ba8942be6b74a2b7f014ca39bc00dece156b7a8e098ae7dc87bf?s=96&d=mm&r=g\",\"caption\":\"C.K.\"},\"url\":\"https:\/\/vosgesinfo.fr\/epinalinfo\/author\/celia-k-n\/\"}]}<\/script>\n<!-- \/ Yoast SEO plugin. -->","yoast_head_json":{"title":"Les boules de No\u00ebl sont au mus\u00e9e de l'Image - Epinal Info","robots":{"index":"index","follow":"follow","max-snippet":"max-snippet:-1","max-image-preview":"max-image-preview:large","max-video-preview":"max-video-preview:-1"},"canonical":"https:\/\/vosgesinfo.fr\/epinalinfo\/2016\/11\/boules-de-noel-musee-de-limage\/","twitter_card":"summary_large_image","twitter_title":"Les boules de No\u00ebl sont au mus\u00e9e de l'Image - Epinal Info","twitter_description":"Comme toutes les expositions du Mus\u00e9e de l\u2019image, \u00ab\u00a0En for\u00eat, des boules de No\u00ebl\u00a0\u00bb a pour point de d\u00e9part une [&hellip;]","twitter_image":"https:\/\/vosgesinfo.fr\/app\/uploads\/sites\/3\/2024\/08\/201611fizz.jpg","twitter_creator":"@VosgesInfo88","twitter_site":"@VosgesInfo88","twitter_misc":{"\u00c9crit par":"C.K.","Dur\u00e9e de lecture estim\u00e9e":"1 minute"},"schema":{"@context":"https:\/\/schema.org","@graph":[{"@type":"Article","@id":"https:\/\/vosgesinfo.fr\/epinalinfo\/2016\/11\/boules-de-noel-musee-de-limage\/#article","isPartOf":{"@id":"https:\/\/vosgesinfo.fr\/epinalinfo\/2016\/11\/boules-de-noel-musee-de-limage\/"},"author":{"name":"C.K.","@id":"https:\/\/vosgesinfo.fr\/epinalinfo\/#\/schema\/person\/6f9a650eeea99d969b6c4ab78fccbe81"},"headline":"Les boules de No\u00ebl sont au mus\u00e9e de l&rsquo;Image","datePublished":"2016-11-24T16:28:08+00:00","dateModified":"2016-11-24T16:28:08+00:00","mainEntityOfPage":{"@id":"https:\/\/vosgesinfo.fr\/epinalinfo\/2016\/11\/boules-de-noel-musee-de-limage\/"},"wordCount":251,"commentCount":0,"publisher":{"@id":"https:\/\/vosgesinfo.fr\/epinalinfo\/#organization"},"image":{"@id":"https:\/\/vosgesinfo.fr\/epinalinfo\/2016\/11\/boules-de-noel-musee-de-limage\/#primaryimage"},"thumbnailUrl":"https:\/\/vosgesinfo.fr\/app\/uploads\/sites\/3\/2024\/08\/201611fizz.jpg","keywords":["boules de No\u00ebl","Centre International d\u2019Art Verrier (CIAV) de Meisenthal","des boules de No\u00ebl\u2026","En for\u00eat","FIZZ","mus\u00e9e de l'Image d'Epinal"],"articleSection":["A la Une","Divertissement","Epinal"],"inLanguage":"fr-FR","potentialAction":[{"@type":"CommentAction","name":"Comment","target":["https:\/\/vosgesinfo.fr\/epinalinfo\/2016\/11\/boules-de-noel-musee-de-limage\/#respond"]}]},{"@type":"WebPage","@id":"https:\/\/vosgesinfo.fr\/epinalinfo\/2016\/11\/boules-de-noel-musee-de-limage\/","url":"https:\/\/vosgesinfo.fr\/epinalinfo\/2016\/11\/boules-de-noel-musee-de-limage\/","name":"Les boules de No\u00ebl sont au mus\u00e9e de l'Image - Epinal Info","isPartOf":{"@id":"https:\/\/vosgesinfo.fr\/epinalinfo\/#website"},"primaryImageOfPage":{"@id":"https:\/\/vosgesinfo.fr\/epinalinfo\/2016\/11\/boules-de-noel-musee-de-limage\/#primaryimage"},"image":{"@id":"https:\/\/vosgesinfo.fr\/epinalinfo\/2016\/11\/boules-de-noel-musee-de-limage\/#primaryimage"},"thumbnailUrl":"https:\/\/vosgesinfo.fr\/app\/uploads\/sites\/3\/2024\/08\/201611fizz.jpg","datePublished":"2016-11-24T16:28:08+00:00","dateModified":"2016-11-24T16:28:08+00:00","breadcrumb":{"@id":"https:\/\/vosgesinfo.fr\/epinalinfo\/2016\/11\/boules-de-noel-musee-de-limage\/#breadcrumb"},"inLanguage":"fr-FR","potentialAction":[{"@type":"ReadAction","target":["https:\/\/vosgesinfo.fr\/epinalinfo\/2016\/11\/boules-de-noel-musee-de-limage\/"]}]},{"@type":"ImageObject","inLanguage":"fr-FR","@id":"https:\/\/vosgesinfo.fr\/epinalinfo\/2016\/11\/boules-de-noel-musee-de-limage\/#primaryimage","url":"https:\/\/vosgesinfo.fr\/app\/uploads\/sites\/3\/2024\/08\/201611fizz.jpg","contentUrl":"https:\/\/vosgesinfo.fr\/app\/uploads\/sites\/3\/2024\/08\/201611fizz.jpg","width":708,"height":543},{"@type":"BreadcrumbList","@id":"https:\/\/vosgesinfo.fr\/epinalinfo\/2016\/11\/boules-de-noel-musee-de-limage\/#breadcrumb","itemListElement":[{"@type":"ListItem","position":1,"name":"Home","item":"https:\/\/vosgesinfo.fr\/epinalinfo\/"},{"@type":"ListItem","position":2,"name":"Les boules de No\u00ebl sont au mus\u00e9e de l&rsquo;Image"}]},{"@type":"WebSite","@id":"https:\/\/vosgesinfo.fr\/epinalinfo\/#website","url":"https:\/\/vosgesinfo.fr\/epinalinfo\/","name":"Epinal Info","description":"Toute l&#039;actualit\u00e9 d&#039;\u00c9pinal","publisher":{"@id":"https:\/\/vosgesinfo.fr\/epinalinfo\/#organization"},"alternateName":"Toute l'actualit\u00e9 d'\u00c9pinal","potentialAction":[{"@type":"SearchAction","target":{"@type":"EntryPoint","urlTemplate":"https:\/\/vosgesinfo.fr\/epinalinfo\/?s={search_term_string}"},"query-input":"required name=search_term_string"}],"inLanguage":"fr-FR"},{"@type":"Organization","@id":"https:\/\/vosgesinfo.fr\/epinalinfo\/#organization","name":"Epinal Info","url":"https:\/\/vosgesinfo.fr\/epinalinfo\/","logo":{"@type":"ImageObject","inLanguage":"fr-FR","@id":"https:\/\/vosgesinfo.fr\/epinalinfo\/#\/schema\/logo\/image\/","url":"https:\/\/vosgesinfo.fr\/app\/uploads\/sites\/3\/2023\/08\/logo-epinalinfos.svg","contentUrl":"https:\/\/vosgesinfo.fr\/app\/uploads\/sites\/3\/2023\/08\/logo-epinalinfos.svg","width":1,"height":1,"caption":"Epinal Info"},"image":{"@id":"https:\/\/vosgesinfo.fr\/epinalinfo\/#\/schema\/logo\/image\/"},"sameAs":["https:\/\/www.facebook.com\/Epinalinfos","https:\/\/x.com\/VosgesInfo88","https:\/\/www.youtube.com\/@vosgesinfo"]},{"@type":"Person","@id":"https:\/\/vosgesinfo.fr\/epinalinfo\/#\/schema\/person\/6f9a650eeea99d969b6c4ab78fccbe81","name":"C.K.","image":{"@type":"ImageObject","inLanguage":"fr-FR","@id":"https:\/\/vosgesinfo.fr\/epinalinfo\/#\/schema\/person\/image\/","url":"https:\/\/secure.gravatar.com\/avatar\/48e3fc7f8421ba8942be6b74a2b7f014ca39bc00dece156b7a8e098ae7dc87bf?s=96&d=mm&r=g","contentUrl":"https:\/\/secure.gravatar.com\/avatar\/48e3fc7f8421ba8942be6b74a2b7f014ca39bc00dece156b7a8e098ae7dc87bf?s=96&d=mm&r=g","caption":"C.K."},"url":"https:\/\/vosgesinfo.fr\/epinalinfo\/author\/celia-k-n\/"}]}},"_links":{"self":[{"href":"https:\/\/vosgesinfo.fr\/epinalinfo\/wp-json\/wp\/v2\/posts\/67557","targetHints":{"allow":["GET"]}}],"collection":[{"href":"https:\/\/vosgesinfo.fr\/epinalinfo\/wp-json\/wp\/v2\/posts"}],"about":[{"href":"https:\/\/vosgesinfo.fr\/epinalinfo\/wp-json\/wp\/v2\/types\/post"}],"author":[{"embeddable":true,"href":"https:\/\/vosgesinfo.fr\/epinalinfo\/wp-json\/wp\/v2\/users\/52"}],"replies":[{"embeddable":true,"href":"https:\/\/vosgesinfo.fr\/epinalinfo\/wp-json\/wp\/v2\/comments?post=67557"}],"version-history":[{"count":0,"href":"https:\/\/vosgesinfo.fr\/epinalinfo\/wp-json\/wp\/v2\/posts\/67557\/revisions"}],"wp:featuredmedia":[{"embeddable":true,"href":"https:\/\/vosgesinfo.fr\/epinalinfo\/wp-json\/wp\/v2\/media\/67558"}],"wp:attachment":[{"href":"https:\/\/vosgesinfo.fr\/epinalinfo\/wp-json\/wp\/v2\/media?parent=67557"}],"wp:term":[{"taxonomy":"category","embeddable":true,"href":"https:\/\/vosgesinfo.fr\/epinalinfo\/wp-json\/wp\/v2\/categories?post=67557"},{"taxonomy":"post_tag","embeddable":true,"href":"https:\/\/vosgesinfo.fr\/epinalinfo\/wp-json\/wp\/v2\/tags?post=67557"}],"curies":[{"name":"wp","href":"https:\/\/api.w.org\/{rel}","templated":true}]}}