{"id":67560,"date":"2016-11-30T08:06:19","date_gmt":"2016-11-30T07:06:19","guid":{"rendered":"https:\/\/vosgesinfo.fr\/epinalinfo\/2016\/11\/vosgelis-inaugure-residence-de-6-logements-a-golbey\/"},"modified":"2016-11-30T08:06:19","modified_gmt":"2016-11-30T07:06:19","slug":"vosgelis-inaugure-residence-de-6-logements-a-golbey","status":"publish","type":"post","link":"https:\/\/vosgesinfo.fr\/epinalinfo\/2016\/11\/vosgelis-inaugure-residence-de-6-logements-a-golbey\/","title":{"rendered":"Vosgelis inaugure une r\u00e9sidence de 6 logements \u00e0 Golbey"},"content":{"rendered":"<div id=\"attachment_104526\" style=\"width: 810px\" class=\"wp-caption aligncenter\"><a href=\"http:\/\/epinalinfos.fr\/2016\/11\/vosgelis-inaugure-residence-de-6-logements-a-golbey\/imgp4179\/\" rel=\"attachment wp-att-104526\"><img decoding=\"async\" aria-describedby=\"caption-attachment-104526\" class=\"size-full wp-image-104526\" src=\"\/2016\/11\/IMGP4179.jpg\" alt=\"(photographies Michel Conraud)\" width=\"800\" height=\"533\" \/><\/a><p id=\"caption-attachment-104526\" class=\"wp-caption-text\">(photographies Michel Conraud)<\/p><\/div>\n<p><strong>Ce mardi , Pascal Larri\u00e8re, 1er adjoint \u00e0 la mairie de Golbey, <\/strong><strong>a remis les cl\u00e9s aux nouveaux locataires d&rsquo;une r\u00e9sidence de 6 logements situ\u00e9s 7 bis, all\u00e9e des Marronniers \u00e0 Golbey.<\/strong><\/p>\n<p><strong>\u00a0<\/strong>10 mois de travaux ont \u00e9t\u00e9 n\u00e9cessaires \u00e0 la construction de ces 6 logements, avec un budget avoisinant les 650\u00a0000\u20ac.<\/p>\n<p>Pascal Larri\u00e8re, 1er adjoint, Martine Gimmillaro, vice-pr\u00e9sidente de Vosgelis et Vincent Henneron, directeur G\u00e9n\u00e9ral de Vosgelis, ont remis les cl\u00e9s aux locataires de ces appartements labellis\u00e9s RT 2012, l\u2019\u00e9quivalent du label B\u00e2timent Basse Consommation (BBC).<\/p>\n<p>Les logements sont adapt\u00e9s aux personnes \u00e0 mobilit\u00e9 r\u00e9duite (PMR) mais aussi respectueux de l\u2019environnement et peu \u00e9nergivores.<\/p>\n<p>La typologie destine principalement ces logements aux personnes seules ou aux couples. Trois d\u2019entre eux situ\u00e9s en rez-de-chauss\u00e9e sont accessibles aux personnes \u00e0 mobilit\u00e9 r\u00e9duite. Le b\u00e2timent est compos\u00e9 d\u2019un rez-de-chauss\u00e9e et d\u2019un \u00e9tage. Les logements disposent d\u2019une cuisine, d\u2019un s\u00e9jour, d\u2019une ou plusieurs chambres et d\u2019une salle de bain. Chacun b\u00e9n\u00e9ficie d\u2019une remise accessible depuis la coursive ext\u00e9rieure.<\/p>\n\n","protected":false},"excerpt":{"rendered":"<p>Ce mardi , Pascal Larri\u00e8re, 1er adjoint \u00e0 la mairie de Golbey, a remis les cl\u00e9s aux nouveaux locataires d&rsquo;une [&hellip;]<\/p>\n","protected":false},"author":52,"featured_media":67561,"comment_status":"open","ping_status":"open","sticky":false,"template":"","format":"standard","meta":{"footnotes":""},"categories":[22,148],"tags":[9517,205,1762],"class_list":["post-67560","post","type-post","status-publish","format-standard","has-post-thumbnail","hentry","category-a-la-une","category-golbey","tag-appartements","tag-golbey","tag-vosgelis"],"acf":[],"yoast_head":"<!-- This site is optimized with the Yoast SEO plugin v22.5 - https:\/\/yoast.com\/wordpress\/plugins\/seo\/ -->\n<title>Vosgelis inaugure une r\u00e9sidence de 6 logements \u00e0 Golbey - Epinal Info<\/title>\n<meta name=\"robots\" content=\"index, follow, max-snippet:-1, max-image-preview:large, max-video-preview:-1\" \/>\n<link rel=\"canonical\" href=\"https:\/\/vosgesinfo.fr\/epinalinfo\/2016\/11\/vosgelis-inaugure-residence-de-6-logements-a-golbey\/\" \/>\n<meta name=\"twitter:card\" content=\"summary_large_image\" \/>\n<meta name=\"twitter:title\" content=\"Vosgelis inaugure une r\u00e9sidence de 6 logements \u00e0 Golbey - Epinal Info\" \/>\n<meta name=\"twitter:description\" content=\"Ce mardi , Pascal Larri\u00e8re, 1er adjoint \u00e0 la mairie de Golbey, a remis les cl\u00e9s aux nouveaux locataires d&rsquo;une [&hellip;]\" \/>\n<meta name=\"twitter:image\" content=\"https:\/\/vosgesinfo.fr\/app\/uploads\/sites\/3\/2024\/08\/201611imgp4179.jpg\" \/>\n<meta name=\"twitter:creator\" content=\"@VosgesInfo88\" \/>\n<meta name=\"twitter:site\" content=\"@VosgesInfo88\" \/>\n<meta name=\"twitter:label1\" content=\"\u00c9crit par\" \/>\n\t<meta name=\"twitter:data1\" content=\"C.K.\" \/>\n\t<meta name=\"twitter:label2\" content=\"Dur\u00e9e de lecture estim\u00e9e\" \/>\n\t<meta name=\"twitter:data2\" content=\"1 minute\" \/>\n<script type=\"application\/ld+json\" class=\"yoast-schema-graph\">{\"@context\":\"https:\/\/schema.org\",\"@graph\":[{\"@type\":\"Article\",\"@id\":\"https:\/\/vosgesinfo.fr\/epinalinfo\/2016\/11\/vosgelis-inaugure-residence-de-6-logements-a-golbey\/#article\",\"isPartOf\":{\"@id\":\"https:\/\/vosgesinfo.fr\/epinalinfo\/2016\/11\/vosgelis-inaugure-residence-de-6-logements-a-golbey\/\"},\"author\":{\"name\":\"C.K.\",\"@id\":\"https:\/\/vosgesinfo.fr\/epinalinfo\/#\/schema\/person\/6f9a650eeea99d969b6c4ab78fccbe81\"},\"headline\":\"Vosgelis inaugure une r\u00e9sidence de 6 logements \u00e0 Golbey\",\"datePublished\":\"2016-11-30T07:06:19+00:00\",\"dateModified\":\"2016-11-30T07:06:19+00:00\",\"mainEntityOfPage\":{\"@id\":\"https:\/\/vosgesinfo.fr\/epinalinfo\/2016\/11\/vosgelis-inaugure-residence-de-6-logements-a-golbey\/\"},\"wordCount\":213,\"commentCount\":0,\"publisher\":{\"@id\":\"https:\/\/vosgesinfo.fr\/epinalinfo\/#organization\"},\"image\":{\"@id\":\"https:\/\/vosgesinfo.fr\/epinalinfo\/2016\/11\/vosgelis-inaugure-residence-de-6-logements-a-golbey\/#primaryimage\"},\"thumbnailUrl\":\"https:\/\/vosgesinfo.fr\/app\/uploads\/sites\/3\/2024\/08\/201611imgp4179.jpg\",\"keywords\":[\"appartements\",\"Golbey\",\"Vosgelis\"],\"articleSection\":[\"A la Une\",\"Golbey\"],\"inLanguage\":\"fr-FR\",\"potentialAction\":[{\"@type\":\"CommentAction\",\"name\":\"Comment\",\"target\":[\"https:\/\/vosgesinfo.fr\/epinalinfo\/2016\/11\/vosgelis-inaugure-residence-de-6-logements-a-golbey\/#respond\"]}]},{\"@type\":\"WebPage\",\"@id\":\"https:\/\/vosgesinfo.fr\/epinalinfo\/2016\/11\/vosgelis-inaugure-residence-de-6-logements-a-golbey\/\",\"url\":\"https:\/\/vosgesinfo.fr\/epinalinfo\/2016\/11\/vosgelis-inaugure-residence-de-6-logements-a-golbey\/\",\"name\":\"Vosgelis inaugure une r\u00e9sidence de 6 logements \u00e0 Golbey - Epinal Info\",\"isPartOf\":{\"@id\":\"https:\/\/vosgesinfo.fr\/epinalinfo\/#website\"},\"primaryImageOfPage\":{\"@id\":\"https:\/\/vosgesinfo.fr\/epinalinfo\/2016\/11\/vosgelis-inaugure-residence-de-6-logements-a-golbey\/#primaryimage\"},\"image\":{\"@id\":\"https:\/\/vosgesinfo.fr\/epinalinfo\/2016\/11\/vosgelis-inaugure-residence-de-6-logements-a-golbey\/#primaryimage\"},\"thumbnailUrl\":\"https:\/\/vosgesinfo.fr\/app\/uploads\/sites\/3\/2024\/08\/201611imgp4179.jpg\",\"datePublished\":\"2016-11-30T07:06:19+00:00\",\"dateModified\":\"2016-11-30T07:06:19+00:00\",\"breadcrumb\":{\"@id\":\"https:\/\/vosgesinfo.fr\/epinalinfo\/2016\/11\/vosgelis-inaugure-residence-de-6-logements-a-golbey\/#breadcrumb\"},\"inLanguage\":\"fr-FR\",\"potentialAction\":[{\"@type\":\"ReadAction\",\"target\":[\"https:\/\/vosgesinfo.fr\/epinalinfo\/2016\/11\/vosgelis-inaugure-residence-de-6-logements-a-golbey\/\"]}]},{\"@type\":\"ImageObject\",\"inLanguage\":\"fr-FR\",\"@id\":\"https:\/\/vosgesinfo.fr\/epinalinfo\/2016\/11\/vosgelis-inaugure-residence-de-6-logements-a-golbey\/#primaryimage\",\"url\":\"https:\/\/vosgesinfo.fr\/app\/uploads\/sites\/3\/2024\/08\/201611imgp4179.jpg\",\"contentUrl\":\"https:\/\/vosgesinfo.fr\/app\/uploads\/sites\/3\/2024\/08\/201611imgp4179.jpg\",\"width\":800,\"height\":533},{\"@type\":\"BreadcrumbList\",\"@id\":\"https:\/\/vosgesinfo.fr\/epinalinfo\/2016\/11\/vosgelis-inaugure-residence-de-6-logements-a-golbey\/#breadcrumb\",\"itemListElement\":[{\"@type\":\"ListItem\",\"position\":1,\"name\":\"Home\",\"item\":\"https:\/\/vosgesinfo.fr\/epinalinfo\/\"},{\"@type\":\"ListItem\",\"position\":2,\"name\":\"Vosgelis inaugure une r\u00e9sidence de 6 logements \u00e0 Golbey\"}]},{\"@type\":\"WebSite\",\"@id\":\"https:\/\/vosgesinfo.fr\/epinalinfo\/#website\",\"url\":\"https:\/\/vosgesinfo.fr\/epinalinfo\/\",\"name\":\"Epinal Info\",\"description\":\"Toute l&#039;actualit\u00e9 d&#039;\u00c9pinal\",\"publisher\":{\"@id\":\"https:\/\/vosgesinfo.fr\/epinalinfo\/#organization\"},\"alternateName\":\"Toute l'actualit\u00e9 d'\u00c9pinal\",\"potentialAction\":[{\"@type\":\"SearchAction\",\"target\":{\"@type\":\"EntryPoint\",\"urlTemplate\":\"https:\/\/vosgesinfo.fr\/epinalinfo\/?s={search_term_string}\"},\"query-input\":\"required name=search_term_string\"}],\"inLanguage\":\"fr-FR\"},{\"@type\":\"Organization\",\"@id\":\"https:\/\/vosgesinfo.fr\/epinalinfo\/#organization\",\"name\":\"Epinal Info\",\"url\":\"https:\/\/vosgesinfo.fr\/epinalinfo\/\",\"logo\":{\"@type\":\"ImageObject\",\"inLanguage\":\"fr-FR\",\"@id\":\"https:\/\/vosgesinfo.fr\/epinalinfo\/#\/schema\/logo\/image\/\",\"url\":\"https:\/\/vosgesinfo.fr\/app\/uploads\/sites\/3\/2023\/08\/logo-epinalinfos.svg\",\"contentUrl\":\"https:\/\/vosgesinfo.fr\/app\/uploads\/sites\/3\/2023\/08\/logo-epinalinfos.svg\",\"width\":1,\"height\":1,\"caption\":\"Epinal Info\"},\"image\":{\"@id\":\"https:\/\/vosgesinfo.fr\/epinalinfo\/#\/schema\/logo\/image\/\"},\"sameAs\":[\"https:\/\/www.facebook.com\/Epinalinfos\",\"https:\/\/x.com\/VosgesInfo88\",\"https:\/\/www.youtube.com\/@vosgesinfo\"]},{\"@type\":\"Person\",\"@id\":\"https:\/\/vosgesinfo.fr\/epinalinfo\/#\/schema\/person\/6f9a650eeea99d969b6c4ab78fccbe81\",\"name\":\"C.K.\",\"image\":{\"@type\":\"ImageObject\",\"inLanguage\":\"fr-FR\",\"@id\":\"https:\/\/vosgesinfo.fr\/epinalinfo\/#\/schema\/person\/image\/\",\"url\":\"https:\/\/secure.gravatar.com\/avatar\/48e3fc7f8421ba8942be6b74a2b7f014ca39bc00dece156b7a8e098ae7dc87bf?s=96&d=mm&r=g\",\"contentUrl\":\"https:\/\/secure.gravatar.com\/avatar\/48e3fc7f8421ba8942be6b74a2b7f014ca39bc00dece156b7a8e098ae7dc87bf?s=96&d=mm&r=g\",\"caption\":\"C.K.\"},\"url\":\"https:\/\/vosgesinfo.fr\/epinalinfo\/author\/celia-k-n\/\"}]}<\/script>\n<!-- \/ Yoast SEO plugin. -->","yoast_head_json":{"title":"Vosgelis inaugure une r\u00e9sidence de 6 logements \u00e0 Golbey - Epinal Info","robots":{"index":"index","follow":"follow","max-snippet":"max-snippet:-1","max-image-preview":"max-image-preview:large","max-video-preview":"max-video-preview:-1"},"canonical":"https:\/\/vosgesinfo.fr\/epinalinfo\/2016\/11\/vosgelis-inaugure-residence-de-6-logements-a-golbey\/","twitter_card":"summary_large_image","twitter_title":"Vosgelis inaugure une r\u00e9sidence de 6 logements \u00e0 Golbey - Epinal Info","twitter_description":"Ce mardi , Pascal Larri\u00e8re, 1er adjoint \u00e0 la mairie de Golbey, a remis les cl\u00e9s aux nouveaux locataires d&rsquo;une [&hellip;]","twitter_image":"https:\/\/vosgesinfo.fr\/app\/uploads\/sites\/3\/2024\/08\/201611imgp4179.jpg","twitter_creator":"@VosgesInfo88","twitter_site":"@VosgesInfo88","twitter_misc":{"\u00c9crit par":"C.K.","Dur\u00e9e de lecture estim\u00e9e":"1 minute"},"schema":{"@context":"https:\/\/schema.org","@graph":[{"@type":"Article","@id":"https:\/\/vosgesinfo.fr\/epinalinfo\/2016\/11\/vosgelis-inaugure-residence-de-6-logements-a-golbey\/#article","isPartOf":{"@id":"https:\/\/vosgesinfo.fr\/epinalinfo\/2016\/11\/vosgelis-inaugure-residence-de-6-logements-a-golbey\/"},"author":{"name":"C.K.","@id":"https:\/\/vosgesinfo.fr\/epinalinfo\/#\/schema\/person\/6f9a650eeea99d969b6c4ab78fccbe81"},"headline":"Vosgelis inaugure une r\u00e9sidence de 6 logements \u00e0 Golbey","datePublished":"2016-11-30T07:06:19+00:00","dateModified":"2016-11-30T07:06:19+00:00","mainEntityOfPage":{"@id":"https:\/\/vosgesinfo.fr\/epinalinfo\/2016\/11\/vosgelis-inaugure-residence-de-6-logements-a-golbey\/"},"wordCount":213,"commentCount":0,"publisher":{"@id":"https:\/\/vosgesinfo.fr\/epinalinfo\/#organization"},"image":{"@id":"https:\/\/vosgesinfo.fr\/epinalinfo\/2016\/11\/vosgelis-inaugure-residence-de-6-logements-a-golbey\/#primaryimage"},"thumbnailUrl":"https:\/\/vosgesinfo.fr\/app\/uploads\/sites\/3\/2024\/08\/201611imgp4179.jpg","keywords":["appartements","Golbey","Vosgelis"],"articleSection":["A la Une","Golbey"],"inLanguage":"fr-FR","potentialAction":[{"@type":"CommentAction","name":"Comment","target":["https:\/\/vosgesinfo.fr\/epinalinfo\/2016\/11\/vosgelis-inaugure-residence-de-6-logements-a-golbey\/#respond"]}]},{"@type":"WebPage","@id":"https:\/\/vosgesinfo.fr\/epinalinfo\/2016\/11\/vosgelis-inaugure-residence-de-6-logements-a-golbey\/","url":"https:\/\/vosgesinfo.fr\/epinalinfo\/2016\/11\/vosgelis-inaugure-residence-de-6-logements-a-golbey\/","name":"Vosgelis inaugure une r\u00e9sidence de 6 logements \u00e0 Golbey - Epinal Info","isPartOf":{"@id":"https:\/\/vosgesinfo.fr\/epinalinfo\/#website"},"primaryImageOfPage":{"@id":"https:\/\/vosgesinfo.fr\/epinalinfo\/2016\/11\/vosgelis-inaugure-residence-de-6-logements-a-golbey\/#primaryimage"},"image":{"@id":"https:\/\/vosgesinfo.fr\/epinalinfo\/2016\/11\/vosgelis-inaugure-residence-de-6-logements-a-golbey\/#primaryimage"},"thumbnailUrl":"https:\/\/vosgesinfo.fr\/app\/uploads\/sites\/3\/2024\/08\/201611imgp4179.jpg","datePublished":"2016-11-30T07:06:19+00:00","dateModified":"2016-11-30T07:06:19+00:00","breadcrumb":{"@id":"https:\/\/vosgesinfo.fr\/epinalinfo\/2016\/11\/vosgelis-inaugure-residence-de-6-logements-a-golbey\/#breadcrumb"},"inLanguage":"fr-FR","potentialAction":[{"@type":"ReadAction","target":["https:\/\/vosgesinfo.fr\/epinalinfo\/2016\/11\/vosgelis-inaugure-residence-de-6-logements-a-golbey\/"]}]},{"@type":"ImageObject","inLanguage":"fr-FR","@id":"https:\/\/vosgesinfo.fr\/epinalinfo\/2016\/11\/vosgelis-inaugure-residence-de-6-logements-a-golbey\/#primaryimage","url":"https:\/\/vosgesinfo.fr\/app\/uploads\/sites\/3\/2024\/08\/201611imgp4179.jpg","contentUrl":"https:\/\/vosgesinfo.fr\/app\/uploads\/sites\/3\/2024\/08\/201611imgp4179.jpg","width":800,"height":533},{"@type":"BreadcrumbList","@id":"https:\/\/vosgesinfo.fr\/epinalinfo\/2016\/11\/vosgelis-inaugure-residence-de-6-logements-a-golbey\/#breadcrumb","itemListElement":[{"@type":"ListItem","position":1,"name":"Home","item":"https:\/\/vosgesinfo.fr\/epinalinfo\/"},{"@type":"ListItem","position":2,"name":"Vosgelis inaugure une r\u00e9sidence de 6 logements \u00e0 Golbey"}]},{"@type":"WebSite","@id":"https:\/\/vosgesinfo.fr\/epinalinfo\/#website","url":"https:\/\/vosgesinfo.fr\/epinalinfo\/","name":"Epinal Info","description":"Toute l&#039;actualit\u00e9 d&#039;\u00c9pinal","publisher":{"@id":"https:\/\/vosgesinfo.fr\/epinalinfo\/#organization"},"alternateName":"Toute l'actualit\u00e9 d'\u00c9pinal","potentialAction":[{"@type":"SearchAction","target":{"@type":"EntryPoint","urlTemplate":"https:\/\/vosgesinfo.fr\/epinalinfo\/?s={search_term_string}"},"query-input":"required name=search_term_string"}],"inLanguage":"fr-FR"},{"@type":"Organization","@id":"https:\/\/vosgesinfo.fr\/epinalinfo\/#organization","name":"Epinal Info","url":"https:\/\/vosgesinfo.fr\/epinalinfo\/","logo":{"@type":"ImageObject","inLanguage":"fr-FR","@id":"https:\/\/vosgesinfo.fr\/epinalinfo\/#\/schema\/logo\/image\/","url":"https:\/\/vosgesinfo.fr\/app\/uploads\/sites\/3\/2023\/08\/logo-epinalinfos.svg","contentUrl":"https:\/\/vosgesinfo.fr\/app\/uploads\/sites\/3\/2023\/08\/logo-epinalinfos.svg","width":1,"height":1,"caption":"Epinal Info"},"image":{"@id":"https:\/\/vosgesinfo.fr\/epinalinfo\/#\/schema\/logo\/image\/"},"sameAs":["https:\/\/www.facebook.com\/Epinalinfos","https:\/\/x.com\/VosgesInfo88","https:\/\/www.youtube.com\/@vosgesinfo"]},{"@type":"Person","@id":"https:\/\/vosgesinfo.fr\/epinalinfo\/#\/schema\/person\/6f9a650eeea99d969b6c4ab78fccbe81","name":"C.K.","image":{"@type":"ImageObject","inLanguage":"fr-FR","@id":"https:\/\/vosgesinfo.fr\/epinalinfo\/#\/schema\/person\/image\/","url":"https:\/\/secure.gravatar.com\/avatar\/48e3fc7f8421ba8942be6b74a2b7f014ca39bc00dece156b7a8e098ae7dc87bf?s=96&d=mm&r=g","contentUrl":"https:\/\/secure.gravatar.com\/avatar\/48e3fc7f8421ba8942be6b74a2b7f014ca39bc00dece156b7a8e098ae7dc87bf?s=96&d=mm&r=g","caption":"C.K."},"url":"https:\/\/vosgesinfo.fr\/epinalinfo\/author\/celia-k-n\/"}]}},"_links":{"self":[{"href":"https:\/\/vosgesinfo.fr\/epinalinfo\/wp-json\/wp\/v2\/posts\/67560","targetHints":{"allow":["GET"]}}],"collection":[{"href":"https:\/\/vosgesinfo.fr\/epinalinfo\/wp-json\/wp\/v2\/posts"}],"about":[{"href":"https:\/\/vosgesinfo.fr\/epinalinfo\/wp-json\/wp\/v2\/types\/post"}],"author":[{"embeddable":true,"href":"https:\/\/vosgesinfo.fr\/epinalinfo\/wp-json\/wp\/v2\/users\/52"}],"replies":[{"embeddable":true,"href":"https:\/\/vosgesinfo.fr\/epinalinfo\/wp-json\/wp\/v2\/comments?post=67560"}],"version-history":[{"count":0,"href":"https:\/\/vosgesinfo.fr\/epinalinfo\/wp-json\/wp\/v2\/posts\/67560\/revisions"}],"wp:featuredmedia":[{"embeddable":true,"href":"https:\/\/vosgesinfo.fr\/epinalinfo\/wp-json\/wp\/v2\/media\/67561"}],"wp:attachment":[{"href":"https:\/\/vosgesinfo.fr\/epinalinfo\/wp-json\/wp\/v2\/media?parent=67560"}],"wp:term":[{"taxonomy":"category","embeddable":true,"href":"https:\/\/vosgesinfo.fr\/epinalinfo\/wp-json\/wp\/v2\/categories?post=67560"},{"taxonomy":"post_tag","embeddable":true,"href":"https:\/\/vosgesinfo.fr\/epinalinfo\/wp-json\/wp\/v2\/tags?post=67560"}],"curies":[{"name":"wp","href":"https:\/\/api.w.org\/{rel}","templated":true}]}}