{"id":67580,"date":"2016-11-25T06:04:09","date_gmt":"2016-11-25T05:04:09","guid":{"rendered":"https:\/\/vosgesinfo.fr\/epinalinfo\/2016\/11\/104208\/"},"modified":"2016-11-25T06:04:09","modified_gmt":"2016-11-25T05:04:09","slug":"104208","status":"publish","type":"post","link":"https:\/\/vosgesinfo.fr\/epinalinfo\/2016\/11\/104208\/","title":{"rendered":"Le quartet du saxophoniste Eric S\u00e9va au Lavoir-Th\u00e9\u00e2tre"},"content":{"rendered":"<p><strong><a href=\"http:\/\/epinalinfos.fr\/2016\/11\/104208\/seva-_2_300\/\" rel=\"attachment wp-att-104209\"><img decoding=\"async\" class=\"aligncenter size-full wp-image-104209\" src=\"\/2016\/11\/seva-_2_300.jpg\" alt=\"seva _2_300\" width=\"800\" height=\"632\" \/><\/a>Le prochain \u00ab\u00a0Caf\u00e9 Jazz\u00a0\u00bb aura lieu le vendredi 9 d\u00e9cembre au Lavoir-Th\u00e9\u00e2tre Georges Brassens, avec le quartet du saxophoniste Eric S\u00e9va qui revient avec \u00ab\u00a0Nomades Sonores\u00a0\u00bb.<\/strong><\/p>\n<p>Apr\u00e8s avoir enregistr\u00e9 plus de 100 albums, Eric S\u00e9va multiplie depuis 25 ans les \u00e9changes avec d\u2019autres musiciens, d\u2019autres cultures, d\u2019autres sons. Il s&rsquo;est forg\u00e9 une r\u00e9putation aux c\u00f4t\u00e9s de nombreux jazzmen mais aussi d\u2019artistes de pop ou de la chanson.<\/p>\n<p>On peut dire aujourd\u2019hui que le son d\u2019Eric S\u00e9va est l\u2019un des plus singuliers sons de la sc\u00e8ne contemporaine, un son pur et intense, centr\u00e9 et lyrique avec une capacit\u00e9 d&rsquo;\u00e9motion tout \u00e0 fait exceptionnelle.<\/p>\n<p>Avec ce nouveau groupe, et des partenaires de haut-vol, il r\u00e9affirme l&rsquo;id\u00e9e qu&rsquo;il se fait du jazz, et au-del\u00e0, d&rsquo;une musique qui n&rsquo;appartient qu&rsquo;\u00e0 lui. Eric S\u00e9va est un cr\u00e9ateur d\u2019univers pluriels et singuliers, sa musique est une errance, un authentique jazz nomade, une musique cosmopolite et chantante, la rencontre d\u2019un jazz en devenir et de sons\u00a0 qui touchent \u00e0 l\u2019inconscient collectif&#8230;<\/p>\n<p><em>\u00c0 l\u2019image du r\u00eave, la musique d\u2019\u00c9ric S\u00e9va est un condens\u00e9 d\u2019imaginaire qui autorise ce partenaire essentiel qu\u2019est le public \u00e0 voyager librement dans son sillage. Avec un bonheur jouissif constamment renouvel\u00e9<\/em> &#8211; <strong>Sebastian Danchin<\/strong> (homme de radio et de t\u00e9l\u00e9vision, musicien et producteur artistique)<\/p>\n<p><em>\u2026. S\u00e9va s&rsquo;est r\u00e9ellement install\u00e9 dans une cat\u00e9gorie assez restreinte : celle de ceux qui jouent le saxophone (tous les types en fait pour S\u00e9va, t\u00e9nor, soprano, sopranino, baryton) de mani\u00e8re absolument intraitable sur un plan technique. Quant \u00e0 la musique, le multi-saxophoniste confirme dans ce troisi\u00e8me album en leader l&rsquo;approche qui a toujours \u00e9t\u00e9 la sienne : de la beaut\u00e9 et du raffinement avant tout, et un esprit tr\u00e8s ouvert o\u00f9 le jazz est constamment impr\u00e9gn\u00e9 d&rsquo;accents folkloriques<\/em>. <strong>\u00c9ric Quenot &#8211; JAZZMAG &#8211; novembre 2015<\/strong><\/p>\n<p><em>\u2026. Au bavardage des vanit\u00e9s, le saxophoniste oppose un art de la conversation sensible et bienveillante. Dans sa musique, c&rsquo;est la rencontre qui compte d&rsquo;abord\u2026<\/em><\/p>\n<p><strong>Les Inrocks &#8211; parmi \u00ab\u00a0les 10 albums\u00a0 de jazz fran\u00e7ais \u00e0 \u00e9couter de toute urgence\u00a0\u00bb\u00a0<\/strong><\/p>\n<p><strong>Vendredi 9 d\u00e9cembre 2016 \u00e0 20h30 au Lavoir-Th\u00e9\u00e2tre<\/strong><\/p>\n<p><strong>Eric S\u00c9VA Quartet \u2013 \u201cNomade Sonore\u201d<\/strong><\/p>\n<p><strong>Quartet compos\u00e9 de\u00a0:<\/strong><\/p>\n<p><strong>Eric S\u00e9va<\/strong> : saxophones soprano, baryton, compositions et arrangements<\/p>\n<p><strong>Daniel Zimmerman <\/strong>: trombone,<strong>\u00a0 Bruno Schorp\u00a0: <\/strong>contrebasse et <strong>Matthieu Chazarenc <\/strong>: batterie<\/p>\n","protected":false},"excerpt":{"rendered":"<p>Le prochain \u00ab\u00a0Caf\u00e9 Jazz\u00a0\u00bb aura lieu le vendredi 9 d\u00e9cembre au Lavoir-Th\u00e9\u00e2tre Georges Brassens, avec le quartet du saxophoniste Eric [&hellip;]<\/p>\n","protected":false},"author":52,"featured_media":67581,"comment_status":"open","ping_status":"open","sticky":false,"template":"","format":"standard","meta":{"footnotes":""},"categories":[22,12,24,28],"tags":[70,9521,9522],"class_list":["post-67580","post","type-post","status-publish","format-standard","has-post-thumbnail","hentry","category-a-la-une","category-culture","category-epinal","category-musique","tag-epinal","tag-lavoir-theatre","tag-saxophoniste"],"acf":[],"yoast_head":"<!-- This site is optimized with the Yoast SEO plugin v22.5 - https:\/\/yoast.com\/wordpress\/plugins\/seo\/ -->\n<title>Le quartet du saxophoniste Eric S\u00e9va au Lavoir-Th\u00e9\u00e2tre - Epinal Info<\/title>\n<meta name=\"robots\" content=\"index, follow, max-snippet:-1, max-image-preview:large, max-video-preview:-1\" \/>\n<link rel=\"canonical\" href=\"https:\/\/vosgesinfo.fr\/epinalinfo\/2016\/11\/104208\/\" \/>\n<meta name=\"twitter:card\" content=\"summary_large_image\" \/>\n<meta name=\"twitter:title\" content=\"Le quartet du saxophoniste Eric S\u00e9va au Lavoir-Th\u00e9\u00e2tre - Epinal Info\" \/>\n<meta name=\"twitter:description\" content=\"Le prochain \u00ab\u00a0Caf\u00e9 Jazz\u00a0\u00bb aura lieu le vendredi 9 d\u00e9cembre au Lavoir-Th\u00e9\u00e2tre Georges Brassens, avec le quartet du saxophoniste Eric [&hellip;]\" \/>\n<meta name=\"twitter:image\" content=\"https:\/\/vosgesinfo.fr\/app\/uploads\/sites\/3\/2024\/08\/201611seva--2-300.jpg\" \/>\n<meta name=\"twitter:creator\" content=\"@VosgesInfo88\" \/>\n<meta name=\"twitter:site\" content=\"@VosgesInfo88\" \/>\n<meta name=\"twitter:label1\" content=\"\u00c9crit par\" \/>\n\t<meta name=\"twitter:data1\" content=\"C.K.\" \/>\n\t<meta name=\"twitter:label2\" content=\"Dur\u00e9e de lecture estim\u00e9e\" \/>\n\t<meta name=\"twitter:data2\" content=\"2 minutes\" \/>\n<script type=\"application\/ld+json\" class=\"yoast-schema-graph\">{\"@context\":\"https:\/\/schema.org\",\"@graph\":[{\"@type\":\"Article\",\"@id\":\"https:\/\/vosgesinfo.fr\/epinalinfo\/2016\/11\/104208\/#article\",\"isPartOf\":{\"@id\":\"https:\/\/vosgesinfo.fr\/epinalinfo\/2016\/11\/104208\/\"},\"author\":{\"name\":\"C.K.\",\"@id\":\"https:\/\/vosgesinfo.fr\/epinalinfo\/#\/schema\/person\/6f9a650eeea99d969b6c4ab78fccbe81\"},\"headline\":\"Le quartet du saxophoniste Eric S\u00e9va au Lavoir-Th\u00e9\u00e2tre\",\"datePublished\":\"2016-11-25T05:04:09+00:00\",\"dateModified\":\"2016-11-25T05:04:09+00:00\",\"mainEntityOfPage\":{\"@id\":\"https:\/\/vosgesinfo.fr\/epinalinfo\/2016\/11\/104208\/\"},\"wordCount\":419,\"commentCount\":0,\"publisher\":{\"@id\":\"https:\/\/vosgesinfo.fr\/epinalinfo\/#organization\"},\"image\":{\"@id\":\"https:\/\/vosgesinfo.fr\/epinalinfo\/2016\/11\/104208\/#primaryimage\"},\"thumbnailUrl\":\"https:\/\/vosgesinfo.fr\/app\/uploads\/sites\/3\/2024\/08\/201611seva--2-300.jpg\",\"keywords\":[\"Epinal\",\"Lavoir Th\u00e9\u00e2tre\",\"saxophoniste\"],\"articleSection\":[\"A la Une\",\"Culture\",\"Epinal\",\"Musique\"],\"inLanguage\":\"fr-FR\",\"potentialAction\":[{\"@type\":\"CommentAction\",\"name\":\"Comment\",\"target\":[\"https:\/\/vosgesinfo.fr\/epinalinfo\/2016\/11\/104208\/#respond\"]}]},{\"@type\":\"WebPage\",\"@id\":\"https:\/\/vosgesinfo.fr\/epinalinfo\/2016\/11\/104208\/\",\"url\":\"https:\/\/vosgesinfo.fr\/epinalinfo\/2016\/11\/104208\/\",\"name\":\"Le quartet du saxophoniste Eric S\u00e9va au Lavoir-Th\u00e9\u00e2tre - Epinal Info\",\"isPartOf\":{\"@id\":\"https:\/\/vosgesinfo.fr\/epinalinfo\/#website\"},\"primaryImageOfPage\":{\"@id\":\"https:\/\/vosgesinfo.fr\/epinalinfo\/2016\/11\/104208\/#primaryimage\"},\"image\":{\"@id\":\"https:\/\/vosgesinfo.fr\/epinalinfo\/2016\/11\/104208\/#primaryimage\"},\"thumbnailUrl\":\"https:\/\/vosgesinfo.fr\/app\/uploads\/sites\/3\/2024\/08\/201611seva--2-300.jpg\",\"datePublished\":\"2016-11-25T05:04:09+00:00\",\"dateModified\":\"2016-11-25T05:04:09+00:00\",\"breadcrumb\":{\"@id\":\"https:\/\/vosgesinfo.fr\/epinalinfo\/2016\/11\/104208\/#breadcrumb\"},\"inLanguage\":\"fr-FR\",\"potentialAction\":[{\"@type\":\"ReadAction\",\"target\":[\"https:\/\/vosgesinfo.fr\/epinalinfo\/2016\/11\/104208\/\"]}]},{\"@type\":\"ImageObject\",\"inLanguage\":\"fr-FR\",\"@id\":\"https:\/\/vosgesinfo.fr\/epinalinfo\/2016\/11\/104208\/#primaryimage\",\"url\":\"https:\/\/vosgesinfo.fr\/app\/uploads\/sites\/3\/2024\/08\/201611seva--2-300.jpg\",\"contentUrl\":\"https:\/\/vosgesinfo.fr\/app\/uploads\/sites\/3\/2024\/08\/201611seva--2-300.jpg\",\"width\":800,\"height\":632},{\"@type\":\"BreadcrumbList\",\"@id\":\"https:\/\/vosgesinfo.fr\/epinalinfo\/2016\/11\/104208\/#breadcrumb\",\"itemListElement\":[{\"@type\":\"ListItem\",\"position\":1,\"name\":\"Home\",\"item\":\"https:\/\/vosgesinfo.fr\/epinalinfo\/\"},{\"@type\":\"ListItem\",\"position\":2,\"name\":\"Le quartet du saxophoniste Eric S\u00e9va au Lavoir-Th\u00e9\u00e2tre\"}]},{\"@type\":\"WebSite\",\"@id\":\"https:\/\/vosgesinfo.fr\/epinalinfo\/#website\",\"url\":\"https:\/\/vosgesinfo.fr\/epinalinfo\/\",\"name\":\"Epinal Info\",\"description\":\"Toute l&#039;actualit\u00e9 d&#039;\u00c9pinal\",\"publisher\":{\"@id\":\"https:\/\/vosgesinfo.fr\/epinalinfo\/#organization\"},\"alternateName\":\"Toute l'actualit\u00e9 d'\u00c9pinal\",\"potentialAction\":[{\"@type\":\"SearchAction\",\"target\":{\"@type\":\"EntryPoint\",\"urlTemplate\":\"https:\/\/vosgesinfo.fr\/epinalinfo\/?s={search_term_string}\"},\"query-input\":\"required name=search_term_string\"}],\"inLanguage\":\"fr-FR\"},{\"@type\":\"Organization\",\"@id\":\"https:\/\/vosgesinfo.fr\/epinalinfo\/#organization\",\"name\":\"Epinal Info\",\"url\":\"https:\/\/vosgesinfo.fr\/epinalinfo\/\",\"logo\":{\"@type\":\"ImageObject\",\"inLanguage\":\"fr-FR\",\"@id\":\"https:\/\/vosgesinfo.fr\/epinalinfo\/#\/schema\/logo\/image\/\",\"url\":\"https:\/\/vosgesinfo.fr\/app\/uploads\/sites\/3\/2023\/08\/logo-epinalinfos.svg\",\"contentUrl\":\"https:\/\/vosgesinfo.fr\/app\/uploads\/sites\/3\/2023\/08\/logo-epinalinfos.svg\",\"width\":1,\"height\":1,\"caption\":\"Epinal Info\"},\"image\":{\"@id\":\"https:\/\/vosgesinfo.fr\/epinalinfo\/#\/schema\/logo\/image\/\"},\"sameAs\":[\"https:\/\/www.facebook.com\/Epinalinfos\",\"https:\/\/x.com\/VosgesInfo88\",\"https:\/\/www.youtube.com\/@vosgesinfo\"]},{\"@type\":\"Person\",\"@id\":\"https:\/\/vosgesinfo.fr\/epinalinfo\/#\/schema\/person\/6f9a650eeea99d969b6c4ab78fccbe81\",\"name\":\"C.K.\",\"image\":{\"@type\":\"ImageObject\",\"inLanguage\":\"fr-FR\",\"@id\":\"https:\/\/vosgesinfo.fr\/epinalinfo\/#\/schema\/person\/image\/\",\"url\":\"https:\/\/secure.gravatar.com\/avatar\/48e3fc7f8421ba8942be6b74a2b7f014ca39bc00dece156b7a8e098ae7dc87bf?s=96&d=mm&r=g\",\"contentUrl\":\"https:\/\/secure.gravatar.com\/avatar\/48e3fc7f8421ba8942be6b74a2b7f014ca39bc00dece156b7a8e098ae7dc87bf?s=96&d=mm&r=g\",\"caption\":\"C.K.\"},\"url\":\"https:\/\/vosgesinfo.fr\/epinalinfo\/author\/celia-k-n\/\"}]}<\/script>\n<!-- \/ Yoast SEO plugin. -->","yoast_head_json":{"title":"Le quartet du saxophoniste Eric S\u00e9va au Lavoir-Th\u00e9\u00e2tre - Epinal Info","robots":{"index":"index","follow":"follow","max-snippet":"max-snippet:-1","max-image-preview":"max-image-preview:large","max-video-preview":"max-video-preview:-1"},"canonical":"https:\/\/vosgesinfo.fr\/epinalinfo\/2016\/11\/104208\/","twitter_card":"summary_large_image","twitter_title":"Le quartet du saxophoniste Eric S\u00e9va au Lavoir-Th\u00e9\u00e2tre - Epinal Info","twitter_description":"Le prochain \u00ab\u00a0Caf\u00e9 Jazz\u00a0\u00bb aura lieu le vendredi 9 d\u00e9cembre au Lavoir-Th\u00e9\u00e2tre Georges Brassens, avec le quartet du saxophoniste Eric [&hellip;]","twitter_image":"https:\/\/vosgesinfo.fr\/app\/uploads\/sites\/3\/2024\/08\/201611seva--2-300.jpg","twitter_creator":"@VosgesInfo88","twitter_site":"@VosgesInfo88","twitter_misc":{"\u00c9crit par":"C.K.","Dur\u00e9e de lecture estim\u00e9e":"2 minutes"},"schema":{"@context":"https:\/\/schema.org","@graph":[{"@type":"Article","@id":"https:\/\/vosgesinfo.fr\/epinalinfo\/2016\/11\/104208\/#article","isPartOf":{"@id":"https:\/\/vosgesinfo.fr\/epinalinfo\/2016\/11\/104208\/"},"author":{"name":"C.K.","@id":"https:\/\/vosgesinfo.fr\/epinalinfo\/#\/schema\/person\/6f9a650eeea99d969b6c4ab78fccbe81"},"headline":"Le quartet du saxophoniste Eric S\u00e9va au Lavoir-Th\u00e9\u00e2tre","datePublished":"2016-11-25T05:04:09+00:00","dateModified":"2016-11-25T05:04:09+00:00","mainEntityOfPage":{"@id":"https:\/\/vosgesinfo.fr\/epinalinfo\/2016\/11\/104208\/"},"wordCount":419,"commentCount":0,"publisher":{"@id":"https:\/\/vosgesinfo.fr\/epinalinfo\/#organization"},"image":{"@id":"https:\/\/vosgesinfo.fr\/epinalinfo\/2016\/11\/104208\/#primaryimage"},"thumbnailUrl":"https:\/\/vosgesinfo.fr\/app\/uploads\/sites\/3\/2024\/08\/201611seva--2-300.jpg","keywords":["Epinal","Lavoir Th\u00e9\u00e2tre","saxophoniste"],"articleSection":["A la Une","Culture","Epinal","Musique"],"inLanguage":"fr-FR","potentialAction":[{"@type":"CommentAction","name":"Comment","target":["https:\/\/vosgesinfo.fr\/epinalinfo\/2016\/11\/104208\/#respond"]}]},{"@type":"WebPage","@id":"https:\/\/vosgesinfo.fr\/epinalinfo\/2016\/11\/104208\/","url":"https:\/\/vosgesinfo.fr\/epinalinfo\/2016\/11\/104208\/","name":"Le quartet du saxophoniste Eric S\u00e9va au Lavoir-Th\u00e9\u00e2tre - Epinal Info","isPartOf":{"@id":"https:\/\/vosgesinfo.fr\/epinalinfo\/#website"},"primaryImageOfPage":{"@id":"https:\/\/vosgesinfo.fr\/epinalinfo\/2016\/11\/104208\/#primaryimage"},"image":{"@id":"https:\/\/vosgesinfo.fr\/epinalinfo\/2016\/11\/104208\/#primaryimage"},"thumbnailUrl":"https:\/\/vosgesinfo.fr\/app\/uploads\/sites\/3\/2024\/08\/201611seva--2-300.jpg","datePublished":"2016-11-25T05:04:09+00:00","dateModified":"2016-11-25T05:04:09+00:00","breadcrumb":{"@id":"https:\/\/vosgesinfo.fr\/epinalinfo\/2016\/11\/104208\/#breadcrumb"},"inLanguage":"fr-FR","potentialAction":[{"@type":"ReadAction","target":["https:\/\/vosgesinfo.fr\/epinalinfo\/2016\/11\/104208\/"]}]},{"@type":"ImageObject","inLanguage":"fr-FR","@id":"https:\/\/vosgesinfo.fr\/epinalinfo\/2016\/11\/104208\/#primaryimage","url":"https:\/\/vosgesinfo.fr\/app\/uploads\/sites\/3\/2024\/08\/201611seva--2-300.jpg","contentUrl":"https:\/\/vosgesinfo.fr\/app\/uploads\/sites\/3\/2024\/08\/201611seva--2-300.jpg","width":800,"height":632},{"@type":"BreadcrumbList","@id":"https:\/\/vosgesinfo.fr\/epinalinfo\/2016\/11\/104208\/#breadcrumb","itemListElement":[{"@type":"ListItem","position":1,"name":"Home","item":"https:\/\/vosgesinfo.fr\/epinalinfo\/"},{"@type":"ListItem","position":2,"name":"Le quartet du saxophoniste Eric S\u00e9va au Lavoir-Th\u00e9\u00e2tre"}]},{"@type":"WebSite","@id":"https:\/\/vosgesinfo.fr\/epinalinfo\/#website","url":"https:\/\/vosgesinfo.fr\/epinalinfo\/","name":"Epinal Info","description":"Toute l&#039;actualit\u00e9 d&#039;\u00c9pinal","publisher":{"@id":"https:\/\/vosgesinfo.fr\/epinalinfo\/#organization"},"alternateName":"Toute l'actualit\u00e9 d'\u00c9pinal","potentialAction":[{"@type":"SearchAction","target":{"@type":"EntryPoint","urlTemplate":"https:\/\/vosgesinfo.fr\/epinalinfo\/?s={search_term_string}"},"query-input":"required name=search_term_string"}],"inLanguage":"fr-FR"},{"@type":"Organization","@id":"https:\/\/vosgesinfo.fr\/epinalinfo\/#organization","name":"Epinal Info","url":"https:\/\/vosgesinfo.fr\/epinalinfo\/","logo":{"@type":"ImageObject","inLanguage":"fr-FR","@id":"https:\/\/vosgesinfo.fr\/epinalinfo\/#\/schema\/logo\/image\/","url":"https:\/\/vosgesinfo.fr\/app\/uploads\/sites\/3\/2023\/08\/logo-epinalinfos.svg","contentUrl":"https:\/\/vosgesinfo.fr\/app\/uploads\/sites\/3\/2023\/08\/logo-epinalinfos.svg","width":1,"height":1,"caption":"Epinal Info"},"image":{"@id":"https:\/\/vosgesinfo.fr\/epinalinfo\/#\/schema\/logo\/image\/"},"sameAs":["https:\/\/www.facebook.com\/Epinalinfos","https:\/\/x.com\/VosgesInfo88","https:\/\/www.youtube.com\/@vosgesinfo"]},{"@type":"Person","@id":"https:\/\/vosgesinfo.fr\/epinalinfo\/#\/schema\/person\/6f9a650eeea99d969b6c4ab78fccbe81","name":"C.K.","image":{"@type":"ImageObject","inLanguage":"fr-FR","@id":"https:\/\/vosgesinfo.fr\/epinalinfo\/#\/schema\/person\/image\/","url":"https:\/\/secure.gravatar.com\/avatar\/48e3fc7f8421ba8942be6b74a2b7f014ca39bc00dece156b7a8e098ae7dc87bf?s=96&d=mm&r=g","contentUrl":"https:\/\/secure.gravatar.com\/avatar\/48e3fc7f8421ba8942be6b74a2b7f014ca39bc00dece156b7a8e098ae7dc87bf?s=96&d=mm&r=g","caption":"C.K."},"url":"https:\/\/vosgesinfo.fr\/epinalinfo\/author\/celia-k-n\/"}]}},"_links":{"self":[{"href":"https:\/\/vosgesinfo.fr\/epinalinfo\/wp-json\/wp\/v2\/posts\/67580","targetHints":{"allow":["GET"]}}],"collection":[{"href":"https:\/\/vosgesinfo.fr\/epinalinfo\/wp-json\/wp\/v2\/posts"}],"about":[{"href":"https:\/\/vosgesinfo.fr\/epinalinfo\/wp-json\/wp\/v2\/types\/post"}],"author":[{"embeddable":true,"href":"https:\/\/vosgesinfo.fr\/epinalinfo\/wp-json\/wp\/v2\/users\/52"}],"replies":[{"embeddable":true,"href":"https:\/\/vosgesinfo.fr\/epinalinfo\/wp-json\/wp\/v2\/comments?post=67580"}],"version-history":[{"count":0,"href":"https:\/\/vosgesinfo.fr\/epinalinfo\/wp-json\/wp\/v2\/posts\/67580\/revisions"}],"wp:featuredmedia":[{"embeddable":true,"href":"https:\/\/vosgesinfo.fr\/epinalinfo\/wp-json\/wp\/v2\/media\/67581"}],"wp:attachment":[{"href":"https:\/\/vosgesinfo.fr\/epinalinfo\/wp-json\/wp\/v2\/media?parent=67580"}],"wp:term":[{"taxonomy":"category","embeddable":true,"href":"https:\/\/vosgesinfo.fr\/epinalinfo\/wp-json\/wp\/v2\/categories?post=67580"},{"taxonomy":"post_tag","embeddable":true,"href":"https:\/\/vosgesinfo.fr\/epinalinfo\/wp-json\/wp\/v2\/tags?post=67580"}],"curies":[{"name":"wp","href":"https:\/\/api.w.org\/{rel}","templated":true}]}}