{"id":67741,"date":"2016-11-30T05:38:14","date_gmt":"2016-11-30T04:38:14","guid":{"rendered":"https:\/\/vosgesinfo.fr\/epinalinfo\/2016\/11\/novembre-plus-de-13-000-personnes-ont-releve-defi-de-larret-tabac-grand\/"},"modified":"2016-11-30T05:38:14","modified_gmt":"2016-11-30T04:38:14","slug":"novembre-plus-de-13-000-personnes-ont-releve-defi-de-larret-tabac-grand","status":"publish","type":"post","link":"https:\/\/vosgesinfo.fr\/epinalinfo\/2016\/11\/novembre-plus-de-13-000-personnes-ont-releve-defi-de-larret-tabac-grand\/","title":{"rendered":"En novembre, plus de 13 000 personnes ont relev\u00e9 le d\u00e9fi de l\u2019arr\u00eat du tabac dans le Grand Est !"},"content":{"rendered":"<p><a href=\"http:\/\/epinalinfos.fr\/2016\/06\/buraliste-profession-danger\/cigarette-box-1313470_960_720\/\" rel=\"attachment wp-att-92316\"><img decoding=\"async\" class=\"aligncenter size-full wp-image-92316\" src=\"\/2016\/06\/cigarette-box-1313470_960_720.jpg\" alt=\"cigarette-box-1313470_960_720\" width=\"960\" height=\"643\" \/><\/a>On estime \u00e0 55% la proportion des fumeurs quotidiens ayant envie d\u2019arr\u00eater de fumer. Du 1er au 30 novembre 2016, l\u2019op\u00e9ration \u00ab Moi(s) sans tabac \u00bb visait non seulement \u00e0 les aider dans leur d\u00e9marche mais \u00e9galement \u00e0 sensibiliser leur entourage.<\/p>\n<p>Un premier bilan, fin novembre, \u00e9tablit \u00e0 plus de 13 000 le nombre de personnes qui se sont inscrites pour relever le d\u00e9fi en r\u00e9gion Grand Est !<\/p>\n","protected":false},"excerpt":{"rendered":"<p>On estime \u00e0 55% la proportion des fumeurs quotidiens ayant envie d\u2019arr\u00eater de fumer. Du 1er au 30 novembre 2016, [&hellip;]<\/p>\n","protected":false},"author":52,"featured_media":67742,"comment_status":"open","ping_status":"open","sticky":false,"template":"","format":"standard","meta":{"footnotes":""},"categories":[22,144,14],"tags":[],"class_list":["post-67741","post","type-post","status-publish","format-standard","has-post-thumbnail","hentry","category-a-la-une","category-region","category-sante"],"acf":[],"yoast_head":"<!-- This site is optimized with the Yoast SEO plugin v22.5 - https:\/\/yoast.com\/wordpress\/plugins\/seo\/ -->\n<title>En novembre, plus de 13 000 personnes ont relev\u00e9 le d\u00e9fi de l\u2019arr\u00eat du tabac dans le Grand Est ! - Epinal Info<\/title>\n<meta name=\"robots\" content=\"index, follow, max-snippet:-1, max-image-preview:large, max-video-preview:-1\" \/>\n<link rel=\"canonical\" href=\"https:\/\/vosgesinfo.fr\/epinalinfo\/2016\/11\/novembre-plus-de-13-000-personnes-ont-releve-defi-de-larret-tabac-grand\/\" \/>\n<meta name=\"twitter:card\" content=\"summary_large_image\" \/>\n<meta name=\"twitter:title\" content=\"En novembre, plus de 13 000 personnes ont relev\u00e9 le d\u00e9fi de l\u2019arr\u00eat du tabac dans le Grand Est ! - Epinal Info\" \/>\n<meta name=\"twitter:description\" content=\"On estime \u00e0 55% la proportion des fumeurs quotidiens ayant envie d\u2019arr\u00eater de fumer. Du 1er au 30 novembre 2016, [&hellip;]\" \/>\n<meta name=\"twitter:image\" content=\"https:\/\/vosgesinfo.fr\/app\/uploads\/sites\/3\/2024\/08\/201606cigarette-box-1313470-960-720-1.jpg\" \/>\n<meta name=\"twitter:creator\" content=\"@VosgesInfo88\" \/>\n<meta name=\"twitter:site\" content=\"@VosgesInfo88\" \/>\n<meta name=\"twitter:label1\" content=\"\u00c9crit par\" \/>\n\t<meta name=\"twitter:data1\" content=\"C.K.\" \/>\n<script type=\"application\/ld+json\" class=\"yoast-schema-graph\">{\"@context\":\"https:\/\/schema.org\",\"@graph\":[{\"@type\":\"Article\",\"@id\":\"https:\/\/vosgesinfo.fr\/epinalinfo\/2016\/11\/novembre-plus-de-13-000-personnes-ont-releve-defi-de-larret-tabac-grand\/#article\",\"isPartOf\":{\"@id\":\"https:\/\/vosgesinfo.fr\/epinalinfo\/2016\/11\/novembre-plus-de-13-000-personnes-ont-releve-defi-de-larret-tabac-grand\/\"},\"author\":{\"name\":\"C.K.\",\"@id\":\"https:\/\/vosgesinfo.fr\/epinalinfo\/#\/schema\/person\/6f9a650eeea99d969b6c4ab78fccbe81\"},\"headline\":\"En novembre, plus de 13 000 personnes ont relev\u00e9 le d\u00e9fi de l\u2019arr\u00eat du tabac dans le Grand Est !\",\"datePublished\":\"2016-11-30T04:38:14+00:00\",\"dateModified\":\"2016-11-30T04:38:14+00:00\",\"mainEntityOfPage\":{\"@id\":\"https:\/\/vosgesinfo.fr\/epinalinfo\/2016\/11\/novembre-plus-de-13-000-personnes-ont-releve-defi-de-larret-tabac-grand\/\"},\"wordCount\":85,\"commentCount\":0,\"publisher\":{\"@id\":\"https:\/\/vosgesinfo.fr\/epinalinfo\/#organization\"},\"image\":{\"@id\":\"https:\/\/vosgesinfo.fr\/epinalinfo\/2016\/11\/novembre-plus-de-13-000-personnes-ont-releve-defi-de-larret-tabac-grand\/#primaryimage\"},\"thumbnailUrl\":\"https:\/\/vosgesinfo.fr\/app\/uploads\/sites\/3\/2024\/08\/201606cigarette-box-1313470-960-720-1.jpg\",\"articleSection\":[\"A la Une\",\"R\u00e9gion\",\"Sant\u00e9\"],\"inLanguage\":\"fr-FR\",\"potentialAction\":[{\"@type\":\"CommentAction\",\"name\":\"Comment\",\"target\":[\"https:\/\/vosgesinfo.fr\/epinalinfo\/2016\/11\/novembre-plus-de-13-000-personnes-ont-releve-defi-de-larret-tabac-grand\/#respond\"]}]},{\"@type\":\"WebPage\",\"@id\":\"https:\/\/vosgesinfo.fr\/epinalinfo\/2016\/11\/novembre-plus-de-13-000-personnes-ont-releve-defi-de-larret-tabac-grand\/\",\"url\":\"https:\/\/vosgesinfo.fr\/epinalinfo\/2016\/11\/novembre-plus-de-13-000-personnes-ont-releve-defi-de-larret-tabac-grand\/\",\"name\":\"En novembre, plus de 13 000 personnes ont relev\u00e9 le d\u00e9fi de l\u2019arr\u00eat du tabac dans le Grand Est ! - Epinal Info\",\"isPartOf\":{\"@id\":\"https:\/\/vosgesinfo.fr\/epinalinfo\/#website\"},\"primaryImageOfPage\":{\"@id\":\"https:\/\/vosgesinfo.fr\/epinalinfo\/2016\/11\/novembre-plus-de-13-000-personnes-ont-releve-defi-de-larret-tabac-grand\/#primaryimage\"},\"image\":{\"@id\":\"https:\/\/vosgesinfo.fr\/epinalinfo\/2016\/11\/novembre-plus-de-13-000-personnes-ont-releve-defi-de-larret-tabac-grand\/#primaryimage\"},\"thumbnailUrl\":\"https:\/\/vosgesinfo.fr\/app\/uploads\/sites\/3\/2024\/08\/201606cigarette-box-1313470-960-720-1.jpg\",\"datePublished\":\"2016-11-30T04:38:14+00:00\",\"dateModified\":\"2016-11-30T04:38:14+00:00\",\"breadcrumb\":{\"@id\":\"https:\/\/vosgesinfo.fr\/epinalinfo\/2016\/11\/novembre-plus-de-13-000-personnes-ont-releve-defi-de-larret-tabac-grand\/#breadcrumb\"},\"inLanguage\":\"fr-FR\",\"potentialAction\":[{\"@type\":\"ReadAction\",\"target\":[\"https:\/\/vosgesinfo.fr\/epinalinfo\/2016\/11\/novembre-plus-de-13-000-personnes-ont-releve-defi-de-larret-tabac-grand\/\"]}]},{\"@type\":\"ImageObject\",\"inLanguage\":\"fr-FR\",\"@id\":\"https:\/\/vosgesinfo.fr\/epinalinfo\/2016\/11\/novembre-plus-de-13-000-personnes-ont-releve-defi-de-larret-tabac-grand\/#primaryimage\",\"url\":\"https:\/\/vosgesinfo.fr\/app\/uploads\/sites\/3\/2024\/08\/201606cigarette-box-1313470-960-720-1.jpg\",\"contentUrl\":\"https:\/\/vosgesinfo.fr\/app\/uploads\/sites\/3\/2024\/08\/201606cigarette-box-1313470-960-720-1.jpg\",\"width\":960,\"height\":643},{\"@type\":\"BreadcrumbList\",\"@id\":\"https:\/\/vosgesinfo.fr\/epinalinfo\/2016\/11\/novembre-plus-de-13-000-personnes-ont-releve-defi-de-larret-tabac-grand\/#breadcrumb\",\"itemListElement\":[{\"@type\":\"ListItem\",\"position\":1,\"name\":\"Home\",\"item\":\"https:\/\/vosgesinfo.fr\/epinalinfo\/\"},{\"@type\":\"ListItem\",\"position\":2,\"name\":\"En novembre, plus de 13 000 personnes ont relev\u00e9 le d\u00e9fi de l\u2019arr\u00eat du tabac dans le Grand Est !\"}]},{\"@type\":\"WebSite\",\"@id\":\"https:\/\/vosgesinfo.fr\/epinalinfo\/#website\",\"url\":\"https:\/\/vosgesinfo.fr\/epinalinfo\/\",\"name\":\"Epinal Info\",\"description\":\"Toute l&#039;actualit\u00e9 d&#039;\u00c9pinal\",\"publisher\":{\"@id\":\"https:\/\/vosgesinfo.fr\/epinalinfo\/#organization\"},\"alternateName\":\"Toute l'actualit\u00e9 d'\u00c9pinal\",\"potentialAction\":[{\"@type\":\"SearchAction\",\"target\":{\"@type\":\"EntryPoint\",\"urlTemplate\":\"https:\/\/vosgesinfo.fr\/epinalinfo\/?s={search_term_string}\"},\"query-input\":\"required name=search_term_string\"}],\"inLanguage\":\"fr-FR\"},{\"@type\":\"Organization\",\"@id\":\"https:\/\/vosgesinfo.fr\/epinalinfo\/#organization\",\"name\":\"Epinal Info\",\"url\":\"https:\/\/vosgesinfo.fr\/epinalinfo\/\",\"logo\":{\"@type\":\"ImageObject\",\"inLanguage\":\"fr-FR\",\"@id\":\"https:\/\/vosgesinfo.fr\/epinalinfo\/#\/schema\/logo\/image\/\",\"url\":\"https:\/\/vosgesinfo.fr\/app\/uploads\/sites\/3\/2023\/08\/logo-epinalinfos.svg\",\"contentUrl\":\"https:\/\/vosgesinfo.fr\/app\/uploads\/sites\/3\/2023\/08\/logo-epinalinfos.svg\",\"width\":1,\"height\":1,\"caption\":\"Epinal Info\"},\"image\":{\"@id\":\"https:\/\/vosgesinfo.fr\/epinalinfo\/#\/schema\/logo\/image\/\"},\"sameAs\":[\"https:\/\/www.facebook.com\/Epinalinfos\",\"https:\/\/x.com\/VosgesInfo88\",\"https:\/\/www.youtube.com\/@vosgesinfo\"]},{\"@type\":\"Person\",\"@id\":\"https:\/\/vosgesinfo.fr\/epinalinfo\/#\/schema\/person\/6f9a650eeea99d969b6c4ab78fccbe81\",\"name\":\"C.K.\",\"image\":{\"@type\":\"ImageObject\",\"inLanguage\":\"fr-FR\",\"@id\":\"https:\/\/vosgesinfo.fr\/epinalinfo\/#\/schema\/person\/image\/\",\"url\":\"https:\/\/secure.gravatar.com\/avatar\/48e3fc7f8421ba8942be6b74a2b7f014ca39bc00dece156b7a8e098ae7dc87bf?s=96&d=mm&r=g\",\"contentUrl\":\"https:\/\/secure.gravatar.com\/avatar\/48e3fc7f8421ba8942be6b74a2b7f014ca39bc00dece156b7a8e098ae7dc87bf?s=96&d=mm&r=g\",\"caption\":\"C.K.\"},\"url\":\"https:\/\/vosgesinfo.fr\/epinalinfo\/author\/celia-k-n\/\"}]}<\/script>\n<!-- \/ Yoast SEO plugin. -->","yoast_head_json":{"title":"En novembre, plus de 13 000 personnes ont relev\u00e9 le d\u00e9fi de l\u2019arr\u00eat du tabac dans le Grand Est ! - Epinal Info","robots":{"index":"index","follow":"follow","max-snippet":"max-snippet:-1","max-image-preview":"max-image-preview:large","max-video-preview":"max-video-preview:-1"},"canonical":"https:\/\/vosgesinfo.fr\/epinalinfo\/2016\/11\/novembre-plus-de-13-000-personnes-ont-releve-defi-de-larret-tabac-grand\/","twitter_card":"summary_large_image","twitter_title":"En novembre, plus de 13 000 personnes ont relev\u00e9 le d\u00e9fi de l\u2019arr\u00eat du tabac dans le Grand Est ! - Epinal Info","twitter_description":"On estime \u00e0 55% la proportion des fumeurs quotidiens ayant envie d\u2019arr\u00eater de fumer. Du 1er au 30 novembre 2016, [&hellip;]","twitter_image":"https:\/\/vosgesinfo.fr\/app\/uploads\/sites\/3\/2024\/08\/201606cigarette-box-1313470-960-720-1.jpg","twitter_creator":"@VosgesInfo88","twitter_site":"@VosgesInfo88","twitter_misc":{"\u00c9crit par":"C.K."},"schema":{"@context":"https:\/\/schema.org","@graph":[{"@type":"Article","@id":"https:\/\/vosgesinfo.fr\/epinalinfo\/2016\/11\/novembre-plus-de-13-000-personnes-ont-releve-defi-de-larret-tabac-grand\/#article","isPartOf":{"@id":"https:\/\/vosgesinfo.fr\/epinalinfo\/2016\/11\/novembre-plus-de-13-000-personnes-ont-releve-defi-de-larret-tabac-grand\/"},"author":{"name":"C.K.","@id":"https:\/\/vosgesinfo.fr\/epinalinfo\/#\/schema\/person\/6f9a650eeea99d969b6c4ab78fccbe81"},"headline":"En novembre, plus de 13 000 personnes ont relev\u00e9 le d\u00e9fi de l\u2019arr\u00eat du tabac dans le Grand Est !","datePublished":"2016-11-30T04:38:14+00:00","dateModified":"2016-11-30T04:38:14+00:00","mainEntityOfPage":{"@id":"https:\/\/vosgesinfo.fr\/epinalinfo\/2016\/11\/novembre-plus-de-13-000-personnes-ont-releve-defi-de-larret-tabac-grand\/"},"wordCount":85,"commentCount":0,"publisher":{"@id":"https:\/\/vosgesinfo.fr\/epinalinfo\/#organization"},"image":{"@id":"https:\/\/vosgesinfo.fr\/epinalinfo\/2016\/11\/novembre-plus-de-13-000-personnes-ont-releve-defi-de-larret-tabac-grand\/#primaryimage"},"thumbnailUrl":"https:\/\/vosgesinfo.fr\/app\/uploads\/sites\/3\/2024\/08\/201606cigarette-box-1313470-960-720-1.jpg","articleSection":["A la Une","R\u00e9gion","Sant\u00e9"],"inLanguage":"fr-FR","potentialAction":[{"@type":"CommentAction","name":"Comment","target":["https:\/\/vosgesinfo.fr\/epinalinfo\/2016\/11\/novembre-plus-de-13-000-personnes-ont-releve-defi-de-larret-tabac-grand\/#respond"]}]},{"@type":"WebPage","@id":"https:\/\/vosgesinfo.fr\/epinalinfo\/2016\/11\/novembre-plus-de-13-000-personnes-ont-releve-defi-de-larret-tabac-grand\/","url":"https:\/\/vosgesinfo.fr\/epinalinfo\/2016\/11\/novembre-plus-de-13-000-personnes-ont-releve-defi-de-larret-tabac-grand\/","name":"En novembre, plus de 13 000 personnes ont relev\u00e9 le d\u00e9fi de l\u2019arr\u00eat du tabac dans le Grand Est ! - Epinal Info","isPartOf":{"@id":"https:\/\/vosgesinfo.fr\/epinalinfo\/#website"},"primaryImageOfPage":{"@id":"https:\/\/vosgesinfo.fr\/epinalinfo\/2016\/11\/novembre-plus-de-13-000-personnes-ont-releve-defi-de-larret-tabac-grand\/#primaryimage"},"image":{"@id":"https:\/\/vosgesinfo.fr\/epinalinfo\/2016\/11\/novembre-plus-de-13-000-personnes-ont-releve-defi-de-larret-tabac-grand\/#primaryimage"},"thumbnailUrl":"https:\/\/vosgesinfo.fr\/app\/uploads\/sites\/3\/2024\/08\/201606cigarette-box-1313470-960-720-1.jpg","datePublished":"2016-11-30T04:38:14+00:00","dateModified":"2016-11-30T04:38:14+00:00","breadcrumb":{"@id":"https:\/\/vosgesinfo.fr\/epinalinfo\/2016\/11\/novembre-plus-de-13-000-personnes-ont-releve-defi-de-larret-tabac-grand\/#breadcrumb"},"inLanguage":"fr-FR","potentialAction":[{"@type":"ReadAction","target":["https:\/\/vosgesinfo.fr\/epinalinfo\/2016\/11\/novembre-plus-de-13-000-personnes-ont-releve-defi-de-larret-tabac-grand\/"]}]},{"@type":"ImageObject","inLanguage":"fr-FR","@id":"https:\/\/vosgesinfo.fr\/epinalinfo\/2016\/11\/novembre-plus-de-13-000-personnes-ont-releve-defi-de-larret-tabac-grand\/#primaryimage","url":"https:\/\/vosgesinfo.fr\/app\/uploads\/sites\/3\/2024\/08\/201606cigarette-box-1313470-960-720-1.jpg","contentUrl":"https:\/\/vosgesinfo.fr\/app\/uploads\/sites\/3\/2024\/08\/201606cigarette-box-1313470-960-720-1.jpg","width":960,"height":643},{"@type":"BreadcrumbList","@id":"https:\/\/vosgesinfo.fr\/epinalinfo\/2016\/11\/novembre-plus-de-13-000-personnes-ont-releve-defi-de-larret-tabac-grand\/#breadcrumb","itemListElement":[{"@type":"ListItem","position":1,"name":"Home","item":"https:\/\/vosgesinfo.fr\/epinalinfo\/"},{"@type":"ListItem","position":2,"name":"En novembre, plus de 13 000 personnes ont relev\u00e9 le d\u00e9fi de l\u2019arr\u00eat du tabac dans le Grand Est !"}]},{"@type":"WebSite","@id":"https:\/\/vosgesinfo.fr\/epinalinfo\/#website","url":"https:\/\/vosgesinfo.fr\/epinalinfo\/","name":"Epinal Info","description":"Toute l&#039;actualit\u00e9 d&#039;\u00c9pinal","publisher":{"@id":"https:\/\/vosgesinfo.fr\/epinalinfo\/#organization"},"alternateName":"Toute l'actualit\u00e9 d'\u00c9pinal","potentialAction":[{"@type":"SearchAction","target":{"@type":"EntryPoint","urlTemplate":"https:\/\/vosgesinfo.fr\/epinalinfo\/?s={search_term_string}"},"query-input":"required name=search_term_string"}],"inLanguage":"fr-FR"},{"@type":"Organization","@id":"https:\/\/vosgesinfo.fr\/epinalinfo\/#organization","name":"Epinal Info","url":"https:\/\/vosgesinfo.fr\/epinalinfo\/","logo":{"@type":"ImageObject","inLanguage":"fr-FR","@id":"https:\/\/vosgesinfo.fr\/epinalinfo\/#\/schema\/logo\/image\/","url":"https:\/\/vosgesinfo.fr\/app\/uploads\/sites\/3\/2023\/08\/logo-epinalinfos.svg","contentUrl":"https:\/\/vosgesinfo.fr\/app\/uploads\/sites\/3\/2023\/08\/logo-epinalinfos.svg","width":1,"height":1,"caption":"Epinal Info"},"image":{"@id":"https:\/\/vosgesinfo.fr\/epinalinfo\/#\/schema\/logo\/image\/"},"sameAs":["https:\/\/www.facebook.com\/Epinalinfos","https:\/\/x.com\/VosgesInfo88","https:\/\/www.youtube.com\/@vosgesinfo"]},{"@type":"Person","@id":"https:\/\/vosgesinfo.fr\/epinalinfo\/#\/schema\/person\/6f9a650eeea99d969b6c4ab78fccbe81","name":"C.K.","image":{"@type":"ImageObject","inLanguage":"fr-FR","@id":"https:\/\/vosgesinfo.fr\/epinalinfo\/#\/schema\/person\/image\/","url":"https:\/\/secure.gravatar.com\/avatar\/48e3fc7f8421ba8942be6b74a2b7f014ca39bc00dece156b7a8e098ae7dc87bf?s=96&d=mm&r=g","contentUrl":"https:\/\/secure.gravatar.com\/avatar\/48e3fc7f8421ba8942be6b74a2b7f014ca39bc00dece156b7a8e098ae7dc87bf?s=96&d=mm&r=g","caption":"C.K."},"url":"https:\/\/vosgesinfo.fr\/epinalinfo\/author\/celia-k-n\/"}]}},"_links":{"self":[{"href":"https:\/\/vosgesinfo.fr\/epinalinfo\/wp-json\/wp\/v2\/posts\/67741","targetHints":{"allow":["GET"]}}],"collection":[{"href":"https:\/\/vosgesinfo.fr\/epinalinfo\/wp-json\/wp\/v2\/posts"}],"about":[{"href":"https:\/\/vosgesinfo.fr\/epinalinfo\/wp-json\/wp\/v2\/types\/post"}],"author":[{"embeddable":true,"href":"https:\/\/vosgesinfo.fr\/epinalinfo\/wp-json\/wp\/v2\/users\/52"}],"replies":[{"embeddable":true,"href":"https:\/\/vosgesinfo.fr\/epinalinfo\/wp-json\/wp\/v2\/comments?post=67741"}],"version-history":[{"count":0,"href":"https:\/\/vosgesinfo.fr\/epinalinfo\/wp-json\/wp\/v2\/posts\/67741\/revisions"}],"wp:featuredmedia":[{"embeddable":true,"href":"https:\/\/vosgesinfo.fr\/epinalinfo\/wp-json\/wp\/v2\/media\/67742"}],"wp:attachment":[{"href":"https:\/\/vosgesinfo.fr\/epinalinfo\/wp-json\/wp\/v2\/media?parent=67741"}],"wp:term":[{"taxonomy":"category","embeddable":true,"href":"https:\/\/vosgesinfo.fr\/epinalinfo\/wp-json\/wp\/v2\/categories?post=67741"},{"taxonomy":"post_tag","embeddable":true,"href":"https:\/\/vosgesinfo.fr\/epinalinfo\/wp-json\/wp\/v2\/tags?post=67741"}],"curies":[{"name":"wp","href":"https:\/\/api.w.org\/{rel}","templated":true}]}}