{"id":67981,"date":"2016-12-06T07:39:22","date_gmt":"2016-12-06T06:39:22","guid":{"rendered":"https:\/\/vosgesinfo.fr\/epinalinfo\/2016\/12\/ligne-14-region-grand-mobilisee\/"},"modified":"2016-12-06T07:39:22","modified_gmt":"2016-12-06T06:39:22","slug":"ligne-14-region-grand-mobilisee","status":"publish","type":"post","link":"https:\/\/vosgesinfo.fr\/epinalinfo\/2016\/12\/ligne-14-region-grand-mobilisee\/","title":{"rendered":"Ligne 14 : la R\u00e9gion Grand Est mobilis\u00e9e"},"content":{"rendered":"<p class=\"x_MsoListParagraphCxSpMiddle\"><b><a href=\"http:\/\/epinalinfos.fr\/2015\/12\/nancy-plusieurs-trains-vers-vosges-annules-suite-a-tentative-de-suicide\/train-ter-nancy\/\" rel=\"attachment wp-att-72060\"><img decoding=\"async\" class=\"aligncenter size-full wp-image-72060\" src=\"\/2015\/12\/train-ter-Nancy.jpg\" alt=\"train-ter-Nancy\" width=\"1000\" height=\"620\" \/><\/a>La ligne ferroviaire Nancy \u2013 Pont Saint Vincent \u2013 Mirecourt \u2013 Vittel \u2013 Contrex\u00e9ville \u2013 Merrey, dite \u00ab\u00a0ligne 14\u00a0\u00bb, accuse un lourd d\u00e9ficit de maintenance depuis plusieurs d\u00e9cennies.<\/b><\/p>\n<p class=\"x_MsoListParagraphCxSpMiddle\">Lors du Comit\u00e9 r\u00e9gional des services de transport (COREST) de Nancy Sud Vosges, le 18 octobre \u00e0 Lun\u00e9ville, SNCF R\u00e9seau a annonc\u00e9 un ralentissement de la vitesse \u00e0 40\u00a0km\/h sur 38 km \u00e0 compter du 18 d\u00e9cembre 2016.<\/p>\n<p class=\"x_MsoListParagraphCxSpLast\">D\u2019apr\u00e8s SNCF R\u00e9seau, ces mesures sont dues au manque d\u2019entretien des voies ferr\u00e9es et de leur structure (rails, traverses et ballast)\u00a0: seules les r\u00e9ductions de vitesses permettent alors de conserver les conditions n\u00e9cessaires \u00e0 une circulation des trains en toute s\u00e9curit\u00e9. Le caract\u00e8re obligatoire de ces mesures a \u00e9t\u00e9 amplifi\u00e9 depuis des accidents ferroviaires r\u00e9cents.<\/p>\n<p class=\"x_MsoNormal\"><b>Mise devant le fait accompli sur un d\u00e9faut d\u2019entretien qui ne rel\u00e8ve pas de sa comp\u00e9tence, la R\u00e9gion a demand\u00e9 dans l\u2019urgence \u00e0 SNCF Mobilit\u00e9s de travailler un plan de transport adapt\u00e9.<\/b> Cette desserte sera mise en place \u00e0 compter du 18 d\u00e9cembre 2016.<\/p>\n<p class=\"x_MsoNormal\"><b>Il appara\u00eet que l\u2019impact du ralentissement sur le temps de parcours ne rend plus viable le maintien d\u2019un service ferroviaire tant que des travaux ne sont pas r\u00e9alis\u00e9s.<\/b>C\u2019est pourquoi le plan de transport adapt\u00e9 qui a \u00e9t\u00e9 \u00e9labor\u00e9 avec la SNCF est compos\u00e9 de trains entre Nancy et Pont St Vincent, et d\u2019autocars au-del\u00e0 de Pont Saint Vincent.<\/p>\n<p class=\"x_MsoNormal\">Une r\u00e9union de travail technique associant les services de la R\u00e9gion, de la SNCF, trois repr\u00e9sentants de l\u2019association ADLF Nancy\/Merrey et un usager de la ligne s\u2019est tenue le 3 novembre dernier afin de permettre tout de m\u00eame une concertation autour de ce plan de transport adapt\u00e9. <b>Mais les membres de l\u2019association n\u2019ont pas souhait\u00e9 prendre part aux \u00e9changes sur cette desserte de substitution.<\/b><\/p>\n<p class=\"x_MsoNormal\"><b>Afin d\u2019assurer le meilleur service possible, la mise en place d\u2019autocars directs offrira, pour les principales destinations, des temps de parcours comp\u00e9titifs.<\/b> A titre d\u2019exemple, certains services express relieront Nancy \u00e0 Contrex\u00e9ville en 1h20\/25 contre 2h00 en train ou encore Mirecourt en 1h00\/1h05 contre 1H36 si les trains avaient \u00e9t\u00e9 maintenus. Par ailleurs, <b>les autocars assureront la desserte directe des centre-villes.<\/b><\/p>\n<p class=\"x_MsoNormal\">Pour lever le ralentissement et permettre la circulation des trains en toute s\u00e9curit\u00e9, il convient, selon SNCF R\u00e9seau, d\u2019entreprendre des travaux sur l\u2019ensemble des composants d\u00e9grad\u00e9s de l\u2019infrastructure\u00a0: traverses, voies, ballast, etc. A ce sujet, des informations erron\u00e9es font \u00e9tat d\u2019un co\u00fbt de travaux estim\u00e9 \u00e0 450 000 \u20ac entre V\u00e9zelise et Vittel, auxquels s\u2019ajouteraient<br \/>\n6,48 M\u20ac entre Xeuilley et V\u00e9zelise.<\/p>\n<p class=\"x_MsoNormal\">Or, il est n\u00e9cessaire de pr\u00e9voir des travaux sur les 108 km de voies ferr\u00e9es entre Pont-Saint-Vincent et Vittel, la section Xeuilley \u2013 Vittel n\u2019\u00e9tant pas la seule \u00e0 pr\u00e9senter des d\u00e9gradations.<\/p>\n<p class=\"x_MsoNormal\"><b>Les co\u00fbts habituels de r\u00e9habilitation d\u2019une voie ferr\u00e9e en mauvais \u00e9tat oscillent entre 500\u00a0000 \u20ac et 1\u00a0000\u00a0000 \u20ac par kilom\u00e8tre, ce qui aboutit \u00e0 un co\u00fbt de l\u2019ordre de 100 millions d\u2019euros en premi\u00e8re approche pour r\u00e9g\u00e9n\u00e9rer totalement cette ligne ferroviaire.<\/b> Pour rappel, le renouvellement de la seule section Nancy \u2013 Pont St Vincent \u00e0 l\u2019\u00e9t\u00e9 2016 a n\u00e9cessit\u00e9 un investissement, partag\u00e9 entre SNCF R\u00e9seau, l\u2019Etat, le Grand Nancy et la R\u00e9gion, de 19\u00a0M\u20ac pour 26 km de voies. En comparaison, seuls 6,5 M\u20ac de travaux avaient \u00e9t\u00e9 r\u00e9alis\u00e9s en 2014 et 2015 sur la section Pont Saint Vincent \u2013 Vittel par SNCF R\u00e9seau.<\/p>\n<p class=\"x_MsoNormal\"><b>La poursuite des \u00e9tudes techniques sur les diff\u00e9rents axes concern\u00e9s, dont la ligne n\u00b014, permettra donc de pr\u00e9ciser le contenu des op\u00e9rations et les budgets cr\u00e9dibles pour les r\u00e9aliser.<\/b><\/p>\n<p class=\"x_MsoNormal\"><b>Plus que jamais, la R\u00e9gion Grand Est continue de se mobiliser pour apporter les meilleures r\u00e9ponses aux usagers des transports, y compris en s\u2019engageant au-del\u00e0 de son strict p\u00e9rim\u00e8tre de comp\u00e9tence<\/b> sur des travaux dont le financement incombe au propri\u00e9taire des voies ferr\u00e9es (SNCF R\u00e9seau). La R\u00e9gion a ainsi obtenu lors de la revoyure des Contrats de Plan Etat R\u00e9gion (CPER) une premi\u00e8re enveloppe de 65 M\u20ac pour engager, sur la p\u00e9riode 2017 \u2013 2020, les travaux les plus urgents, en vue de r\u00e9duire au maximum les impacts sur la circulation des trains r\u00e9gionaux.<\/p>\n<p class=\"x_MsoNormal\"><b>Un protocole tripartite Etat \/ R\u00e9gion \/ SNCF R\u00e9seau sera pr\u00e9sent\u00e9 \u00e0 l\u2019Assembl\u00e9e pl\u00e9ni\u00e8re du Conseil r\u00e9gional les 15 et 16 d\u00e9cembre prochains pour cibler les premi\u00e8res lignes concern\u00e9es par des interventions, dont la ligne 14 fera partie.<\/b><\/p>\n<p class=\"x_MsoNormal\">\n","protected":false},"excerpt":{"rendered":"<p>La ligne ferroviaire Nancy \u2013 Pont Saint Vincent \u2013 Mirecourt \u2013 Vittel \u2013 Contrex\u00e9ville \u2013 Merrey, dite \u00ab\u00a0ligne 14\u00a0\u00bb, accuse [&hellip;]<\/p>\n","protected":false},"author":52,"featured_media":67982,"comment_status":"open","ping_status":"open","sticky":false,"template":"","format":"standard","meta":{"footnotes":""},"categories":[22,144],"tags":[],"class_list":["post-67981","post","type-post","status-publish","format-standard","has-post-thumbnail","hentry","category-a-la-une","category-region"],"acf":[],"yoast_head":"<!-- This site is optimized with the Yoast SEO plugin v22.5 - https:\/\/yoast.com\/wordpress\/plugins\/seo\/ -->\n<title>Ligne 14 : la R\u00e9gion Grand Est mobilis\u00e9e - Epinal Info<\/title>\n<meta name=\"robots\" content=\"index, follow, max-snippet:-1, max-image-preview:large, max-video-preview:-1\" \/>\n<link rel=\"canonical\" href=\"https:\/\/vosgesinfo.fr\/epinalinfo\/2016\/12\/ligne-14-region-grand-mobilisee\/\" \/>\n<meta name=\"twitter:card\" content=\"summary_large_image\" \/>\n<meta name=\"twitter:title\" content=\"Ligne 14 : la R\u00e9gion Grand Est mobilis\u00e9e - Epinal Info\" \/>\n<meta name=\"twitter:description\" content=\"La ligne ferroviaire Nancy \u2013 Pont Saint Vincent \u2013 Mirecourt \u2013 Vittel \u2013 Contrex\u00e9ville \u2013 Merrey, dite \u00ab\u00a0ligne 14\u00a0\u00bb, accuse [&hellip;]\" \/>\n<meta name=\"twitter:image\" content=\"https:\/\/vosgesinfo.fr\/app\/uploads\/sites\/3\/2024\/08\/201512train-ter-nancy-3.jpg\" \/>\n<meta name=\"twitter:creator\" content=\"@VosgesInfo88\" \/>\n<meta name=\"twitter:site\" content=\"@VosgesInfo88\" \/>\n<meta name=\"twitter:label1\" content=\"\u00c9crit par\" \/>\n\t<meta name=\"twitter:data1\" content=\"C.K.\" \/>\n\t<meta name=\"twitter:label2\" content=\"Dur\u00e9e de lecture estim\u00e9e\" \/>\n\t<meta name=\"twitter:data2\" content=\"4 minutes\" \/>\n<script type=\"application\/ld+json\" class=\"yoast-schema-graph\">{\"@context\":\"https:\/\/schema.org\",\"@graph\":[{\"@type\":\"Article\",\"@id\":\"https:\/\/vosgesinfo.fr\/epinalinfo\/2016\/12\/ligne-14-region-grand-mobilisee\/#article\",\"isPartOf\":{\"@id\":\"https:\/\/vosgesinfo.fr\/epinalinfo\/2016\/12\/ligne-14-region-grand-mobilisee\/\"},\"author\":{\"name\":\"C.K.\",\"@id\":\"https:\/\/vosgesinfo.fr\/epinalinfo\/#\/schema\/person\/6f9a650eeea99d969b6c4ab78fccbe81\"},\"headline\":\"Ligne 14 : la R\u00e9gion Grand Est mobilis\u00e9e\",\"datePublished\":\"2016-12-06T06:39:22+00:00\",\"dateModified\":\"2016-12-06T06:39:22+00:00\",\"mainEntityOfPage\":{\"@id\":\"https:\/\/vosgesinfo.fr\/epinalinfo\/2016\/12\/ligne-14-region-grand-mobilisee\/\"},\"wordCount\":782,\"commentCount\":0,\"publisher\":{\"@id\":\"https:\/\/vosgesinfo.fr\/epinalinfo\/#organization\"},\"image\":{\"@id\":\"https:\/\/vosgesinfo.fr\/epinalinfo\/2016\/12\/ligne-14-region-grand-mobilisee\/#primaryimage\"},\"thumbnailUrl\":\"https:\/\/vosgesinfo.fr\/app\/uploads\/sites\/3\/2024\/08\/201512train-ter-nancy-3.jpg\",\"articleSection\":[\"A la Une\",\"R\u00e9gion\"],\"inLanguage\":\"fr-FR\",\"potentialAction\":[{\"@type\":\"CommentAction\",\"name\":\"Comment\",\"target\":[\"https:\/\/vosgesinfo.fr\/epinalinfo\/2016\/12\/ligne-14-region-grand-mobilisee\/#respond\"]}]},{\"@type\":\"WebPage\",\"@id\":\"https:\/\/vosgesinfo.fr\/epinalinfo\/2016\/12\/ligne-14-region-grand-mobilisee\/\",\"url\":\"https:\/\/vosgesinfo.fr\/epinalinfo\/2016\/12\/ligne-14-region-grand-mobilisee\/\",\"name\":\"Ligne 14 : la R\u00e9gion Grand Est mobilis\u00e9e - Epinal Info\",\"isPartOf\":{\"@id\":\"https:\/\/vosgesinfo.fr\/epinalinfo\/#website\"},\"primaryImageOfPage\":{\"@id\":\"https:\/\/vosgesinfo.fr\/epinalinfo\/2016\/12\/ligne-14-region-grand-mobilisee\/#primaryimage\"},\"image\":{\"@id\":\"https:\/\/vosgesinfo.fr\/epinalinfo\/2016\/12\/ligne-14-region-grand-mobilisee\/#primaryimage\"},\"thumbnailUrl\":\"https:\/\/vosgesinfo.fr\/app\/uploads\/sites\/3\/2024\/08\/201512train-ter-nancy-3.jpg\",\"datePublished\":\"2016-12-06T06:39:22+00:00\",\"dateModified\":\"2016-12-06T06:39:22+00:00\",\"breadcrumb\":{\"@id\":\"https:\/\/vosgesinfo.fr\/epinalinfo\/2016\/12\/ligne-14-region-grand-mobilisee\/#breadcrumb\"},\"inLanguage\":\"fr-FR\",\"potentialAction\":[{\"@type\":\"ReadAction\",\"target\":[\"https:\/\/vosgesinfo.fr\/epinalinfo\/2016\/12\/ligne-14-region-grand-mobilisee\/\"]}]},{\"@type\":\"ImageObject\",\"inLanguage\":\"fr-FR\",\"@id\":\"https:\/\/vosgesinfo.fr\/epinalinfo\/2016\/12\/ligne-14-region-grand-mobilisee\/#primaryimage\",\"url\":\"https:\/\/vosgesinfo.fr\/app\/uploads\/sites\/3\/2024\/08\/201512train-ter-nancy-3.jpg\",\"contentUrl\":\"https:\/\/vosgesinfo.fr\/app\/uploads\/sites\/3\/2024\/08\/201512train-ter-nancy-3.jpg\",\"width\":1000,\"height\":620},{\"@type\":\"BreadcrumbList\",\"@id\":\"https:\/\/vosgesinfo.fr\/epinalinfo\/2016\/12\/ligne-14-region-grand-mobilisee\/#breadcrumb\",\"itemListElement\":[{\"@type\":\"ListItem\",\"position\":1,\"name\":\"Home\",\"item\":\"https:\/\/vosgesinfo.fr\/epinalinfo\/\"},{\"@type\":\"ListItem\",\"position\":2,\"name\":\"Ligne 14 : la R\u00e9gion Grand Est mobilis\u00e9e\"}]},{\"@type\":\"WebSite\",\"@id\":\"https:\/\/vosgesinfo.fr\/epinalinfo\/#website\",\"url\":\"https:\/\/vosgesinfo.fr\/epinalinfo\/\",\"name\":\"Epinal Info\",\"description\":\"Toute l&#039;actualit\u00e9 d&#039;\u00c9pinal\",\"publisher\":{\"@id\":\"https:\/\/vosgesinfo.fr\/epinalinfo\/#organization\"},\"alternateName\":\"Toute l'actualit\u00e9 d'\u00c9pinal\",\"potentialAction\":[{\"@type\":\"SearchAction\",\"target\":{\"@type\":\"EntryPoint\",\"urlTemplate\":\"https:\/\/vosgesinfo.fr\/epinalinfo\/?s={search_term_string}\"},\"query-input\":\"required name=search_term_string\"}],\"inLanguage\":\"fr-FR\"},{\"@type\":\"Organization\",\"@id\":\"https:\/\/vosgesinfo.fr\/epinalinfo\/#organization\",\"name\":\"Epinal Info\",\"url\":\"https:\/\/vosgesinfo.fr\/epinalinfo\/\",\"logo\":{\"@type\":\"ImageObject\",\"inLanguage\":\"fr-FR\",\"@id\":\"https:\/\/vosgesinfo.fr\/epinalinfo\/#\/schema\/logo\/image\/\",\"url\":\"https:\/\/vosgesinfo.fr\/app\/uploads\/sites\/3\/2023\/08\/logo-epinalinfos.svg\",\"contentUrl\":\"https:\/\/vosgesinfo.fr\/app\/uploads\/sites\/3\/2023\/08\/logo-epinalinfos.svg\",\"width\":1,\"height\":1,\"caption\":\"Epinal Info\"},\"image\":{\"@id\":\"https:\/\/vosgesinfo.fr\/epinalinfo\/#\/schema\/logo\/image\/\"},\"sameAs\":[\"https:\/\/www.facebook.com\/Epinalinfos\",\"https:\/\/x.com\/VosgesInfo88\",\"https:\/\/www.youtube.com\/@vosgesinfo\"]},{\"@type\":\"Person\",\"@id\":\"https:\/\/vosgesinfo.fr\/epinalinfo\/#\/schema\/person\/6f9a650eeea99d969b6c4ab78fccbe81\",\"name\":\"C.K.\",\"image\":{\"@type\":\"ImageObject\",\"inLanguage\":\"fr-FR\",\"@id\":\"https:\/\/vosgesinfo.fr\/epinalinfo\/#\/schema\/person\/image\/\",\"url\":\"https:\/\/secure.gravatar.com\/avatar\/48e3fc7f8421ba8942be6b74a2b7f014ca39bc00dece156b7a8e098ae7dc87bf?s=96&d=mm&r=g\",\"contentUrl\":\"https:\/\/secure.gravatar.com\/avatar\/48e3fc7f8421ba8942be6b74a2b7f014ca39bc00dece156b7a8e098ae7dc87bf?s=96&d=mm&r=g\",\"caption\":\"C.K.\"},\"url\":\"https:\/\/vosgesinfo.fr\/epinalinfo\/author\/celia-k-n\/\"}]}<\/script>\n<!-- \/ Yoast SEO plugin. -->","yoast_head_json":{"title":"Ligne 14 : la R\u00e9gion Grand Est mobilis\u00e9e - Epinal Info","robots":{"index":"index","follow":"follow","max-snippet":"max-snippet:-1","max-image-preview":"max-image-preview:large","max-video-preview":"max-video-preview:-1"},"canonical":"https:\/\/vosgesinfo.fr\/epinalinfo\/2016\/12\/ligne-14-region-grand-mobilisee\/","twitter_card":"summary_large_image","twitter_title":"Ligne 14 : la R\u00e9gion Grand Est mobilis\u00e9e - Epinal Info","twitter_description":"La ligne ferroviaire Nancy \u2013 Pont Saint Vincent \u2013 Mirecourt \u2013 Vittel \u2013 Contrex\u00e9ville \u2013 Merrey, dite \u00ab\u00a0ligne 14\u00a0\u00bb, accuse [&hellip;]","twitter_image":"https:\/\/vosgesinfo.fr\/app\/uploads\/sites\/3\/2024\/08\/201512train-ter-nancy-3.jpg","twitter_creator":"@VosgesInfo88","twitter_site":"@VosgesInfo88","twitter_misc":{"\u00c9crit par":"C.K.","Dur\u00e9e de lecture estim\u00e9e":"4 minutes"},"schema":{"@context":"https:\/\/schema.org","@graph":[{"@type":"Article","@id":"https:\/\/vosgesinfo.fr\/epinalinfo\/2016\/12\/ligne-14-region-grand-mobilisee\/#article","isPartOf":{"@id":"https:\/\/vosgesinfo.fr\/epinalinfo\/2016\/12\/ligne-14-region-grand-mobilisee\/"},"author":{"name":"C.K.","@id":"https:\/\/vosgesinfo.fr\/epinalinfo\/#\/schema\/person\/6f9a650eeea99d969b6c4ab78fccbe81"},"headline":"Ligne 14 : la R\u00e9gion Grand Est mobilis\u00e9e","datePublished":"2016-12-06T06:39:22+00:00","dateModified":"2016-12-06T06:39:22+00:00","mainEntityOfPage":{"@id":"https:\/\/vosgesinfo.fr\/epinalinfo\/2016\/12\/ligne-14-region-grand-mobilisee\/"},"wordCount":782,"commentCount":0,"publisher":{"@id":"https:\/\/vosgesinfo.fr\/epinalinfo\/#organization"},"image":{"@id":"https:\/\/vosgesinfo.fr\/epinalinfo\/2016\/12\/ligne-14-region-grand-mobilisee\/#primaryimage"},"thumbnailUrl":"https:\/\/vosgesinfo.fr\/app\/uploads\/sites\/3\/2024\/08\/201512train-ter-nancy-3.jpg","articleSection":["A la Une","R\u00e9gion"],"inLanguage":"fr-FR","potentialAction":[{"@type":"CommentAction","name":"Comment","target":["https:\/\/vosgesinfo.fr\/epinalinfo\/2016\/12\/ligne-14-region-grand-mobilisee\/#respond"]}]},{"@type":"WebPage","@id":"https:\/\/vosgesinfo.fr\/epinalinfo\/2016\/12\/ligne-14-region-grand-mobilisee\/","url":"https:\/\/vosgesinfo.fr\/epinalinfo\/2016\/12\/ligne-14-region-grand-mobilisee\/","name":"Ligne 14 : la R\u00e9gion Grand Est mobilis\u00e9e - Epinal Info","isPartOf":{"@id":"https:\/\/vosgesinfo.fr\/epinalinfo\/#website"},"primaryImageOfPage":{"@id":"https:\/\/vosgesinfo.fr\/epinalinfo\/2016\/12\/ligne-14-region-grand-mobilisee\/#primaryimage"},"image":{"@id":"https:\/\/vosgesinfo.fr\/epinalinfo\/2016\/12\/ligne-14-region-grand-mobilisee\/#primaryimage"},"thumbnailUrl":"https:\/\/vosgesinfo.fr\/app\/uploads\/sites\/3\/2024\/08\/201512train-ter-nancy-3.jpg","datePublished":"2016-12-06T06:39:22+00:00","dateModified":"2016-12-06T06:39:22+00:00","breadcrumb":{"@id":"https:\/\/vosgesinfo.fr\/epinalinfo\/2016\/12\/ligne-14-region-grand-mobilisee\/#breadcrumb"},"inLanguage":"fr-FR","potentialAction":[{"@type":"ReadAction","target":["https:\/\/vosgesinfo.fr\/epinalinfo\/2016\/12\/ligne-14-region-grand-mobilisee\/"]}]},{"@type":"ImageObject","inLanguage":"fr-FR","@id":"https:\/\/vosgesinfo.fr\/epinalinfo\/2016\/12\/ligne-14-region-grand-mobilisee\/#primaryimage","url":"https:\/\/vosgesinfo.fr\/app\/uploads\/sites\/3\/2024\/08\/201512train-ter-nancy-3.jpg","contentUrl":"https:\/\/vosgesinfo.fr\/app\/uploads\/sites\/3\/2024\/08\/201512train-ter-nancy-3.jpg","width":1000,"height":620},{"@type":"BreadcrumbList","@id":"https:\/\/vosgesinfo.fr\/epinalinfo\/2016\/12\/ligne-14-region-grand-mobilisee\/#breadcrumb","itemListElement":[{"@type":"ListItem","position":1,"name":"Home","item":"https:\/\/vosgesinfo.fr\/epinalinfo\/"},{"@type":"ListItem","position":2,"name":"Ligne 14 : la R\u00e9gion Grand Est mobilis\u00e9e"}]},{"@type":"WebSite","@id":"https:\/\/vosgesinfo.fr\/epinalinfo\/#website","url":"https:\/\/vosgesinfo.fr\/epinalinfo\/","name":"Epinal Info","description":"Toute l&#039;actualit\u00e9 d&#039;\u00c9pinal","publisher":{"@id":"https:\/\/vosgesinfo.fr\/epinalinfo\/#organization"},"alternateName":"Toute l'actualit\u00e9 d'\u00c9pinal","potentialAction":[{"@type":"SearchAction","target":{"@type":"EntryPoint","urlTemplate":"https:\/\/vosgesinfo.fr\/epinalinfo\/?s={search_term_string}"},"query-input":"required name=search_term_string"}],"inLanguage":"fr-FR"},{"@type":"Organization","@id":"https:\/\/vosgesinfo.fr\/epinalinfo\/#organization","name":"Epinal Info","url":"https:\/\/vosgesinfo.fr\/epinalinfo\/","logo":{"@type":"ImageObject","inLanguage":"fr-FR","@id":"https:\/\/vosgesinfo.fr\/epinalinfo\/#\/schema\/logo\/image\/","url":"https:\/\/vosgesinfo.fr\/app\/uploads\/sites\/3\/2023\/08\/logo-epinalinfos.svg","contentUrl":"https:\/\/vosgesinfo.fr\/app\/uploads\/sites\/3\/2023\/08\/logo-epinalinfos.svg","width":1,"height":1,"caption":"Epinal Info"},"image":{"@id":"https:\/\/vosgesinfo.fr\/epinalinfo\/#\/schema\/logo\/image\/"},"sameAs":["https:\/\/www.facebook.com\/Epinalinfos","https:\/\/x.com\/VosgesInfo88","https:\/\/www.youtube.com\/@vosgesinfo"]},{"@type":"Person","@id":"https:\/\/vosgesinfo.fr\/epinalinfo\/#\/schema\/person\/6f9a650eeea99d969b6c4ab78fccbe81","name":"C.K.","image":{"@type":"ImageObject","inLanguage":"fr-FR","@id":"https:\/\/vosgesinfo.fr\/epinalinfo\/#\/schema\/person\/image\/","url":"https:\/\/secure.gravatar.com\/avatar\/48e3fc7f8421ba8942be6b74a2b7f014ca39bc00dece156b7a8e098ae7dc87bf?s=96&d=mm&r=g","contentUrl":"https:\/\/secure.gravatar.com\/avatar\/48e3fc7f8421ba8942be6b74a2b7f014ca39bc00dece156b7a8e098ae7dc87bf?s=96&d=mm&r=g","caption":"C.K."},"url":"https:\/\/vosgesinfo.fr\/epinalinfo\/author\/celia-k-n\/"}]}},"_links":{"self":[{"href":"https:\/\/vosgesinfo.fr\/epinalinfo\/wp-json\/wp\/v2\/posts\/67981","targetHints":{"allow":["GET"]}}],"collection":[{"href":"https:\/\/vosgesinfo.fr\/epinalinfo\/wp-json\/wp\/v2\/posts"}],"about":[{"href":"https:\/\/vosgesinfo.fr\/epinalinfo\/wp-json\/wp\/v2\/types\/post"}],"author":[{"embeddable":true,"href":"https:\/\/vosgesinfo.fr\/epinalinfo\/wp-json\/wp\/v2\/users\/52"}],"replies":[{"embeddable":true,"href":"https:\/\/vosgesinfo.fr\/epinalinfo\/wp-json\/wp\/v2\/comments?post=67981"}],"version-history":[{"count":0,"href":"https:\/\/vosgesinfo.fr\/epinalinfo\/wp-json\/wp\/v2\/posts\/67981\/revisions"}],"wp:featuredmedia":[{"embeddable":true,"href":"https:\/\/vosgesinfo.fr\/epinalinfo\/wp-json\/wp\/v2\/media\/67982"}],"wp:attachment":[{"href":"https:\/\/vosgesinfo.fr\/epinalinfo\/wp-json\/wp\/v2\/media?parent=67981"}],"wp:term":[{"taxonomy":"category","embeddable":true,"href":"https:\/\/vosgesinfo.fr\/epinalinfo\/wp-json\/wp\/v2\/categories?post=67981"},{"taxonomy":"post_tag","embeddable":true,"href":"https:\/\/vosgesinfo.fr\/epinalinfo\/wp-json\/wp\/v2\/tags?post=67981"}],"curies":[{"name":"wp","href":"https:\/\/api.w.org\/{rel}","templated":true}]}}