{"id":68179,"date":"2016-12-12T13:30:35","date_gmt":"2016-12-12T12:30:35","guid":{"rendered":"https:\/\/vosgesinfo.fr\/epinalinfo\/2016\/12\/secteur-depinal-routes-travaux-lundi-12-dimanche-18-decembre-2016\/"},"modified":"2016-12-12T13:30:35","modified_gmt":"2016-12-12T12:30:35","slug":"secteur-depinal-routes-travaux-lundi-12-dimanche-18-decembre-2016","status":"publish","type":"post","link":"https:\/\/vosgesinfo.fr\/epinalinfo\/2016\/12\/secteur-depinal-routes-travaux-lundi-12-dimanche-18-decembre-2016\/","title":{"rendered":"Secteur d&rsquo;Epinal &#8211; Les routes en travaux du lundi 12 au dimanche 18 d\u00e9cembre 2016"},"content":{"rendered":"<p>Vous trouverez: le tableau pr\u00e9visionnel de synth\u00e8se des chantiers pour la semaine du lundi 5 au dimanche 11 d\u00e9cembre 2016 sur les routes d\u00e9partementales. Ces informations sont fournies sous r\u00e9serve des conditions climatiques et des al\u00e9as de chantier.\u00a0Dans le secteur de Remiremont et de ses vall\u00e9es, les\u00a0travaux concernent les communes d&rsquo;Epinal, Bruy\u00e8res, Dompaire, G\u00e9rardmer, Neufch\u00e2teau, Remiremont, Saint-Di\u00e9-des-Vosges.<\/p>\n<p>Le lien vers les travaux :<a href=\"http:\/\/epinalinfos.fr\/2016\/12\/secteur-depinal-routes-travaux-lundi-12-dimanche-18-decembre-2016\/prevision-restrictions-semaine-50-2016-2\/\" rel=\"attachment wp-att-105295\">Pr\u00e9vision restrictions &#8211; Semaine 50 &#8211; 2016<\/a><\/p>\n","protected":false},"excerpt":{"rendered":"<p>Vous trouverez: le tableau pr\u00e9visionnel de synth\u00e8se des chantiers pour la semaine du lundi 5 au dimanche 11 d\u00e9cembre 2016 [&hellip;]<\/p>\n","protected":false},"author":52,"featured_media":4073,"comment_status":"open","ping_status":"open","sticky":false,"template":"","format":"standard","meta":{"footnotes":""},"categories":[22,16,5],"tags":[9652],"class_list":["post-68179","post","type-post","status-publish","format-standard","has-post-thumbnail","hentry","category-a-la-une","category-environnement","category-vosges","tag-routes-en-travaux"],"acf":[],"yoast_head":"<!-- This site is optimized with the Yoast SEO plugin v22.5 - https:\/\/yoast.com\/wordpress\/plugins\/seo\/ -->\n<title>Secteur d&#039;Epinal - Les routes en travaux du lundi 12 au dimanche 18 d\u00e9cembre 2016 - Epinal Info<\/title>\n<meta name=\"robots\" content=\"index, follow, max-snippet:-1, max-image-preview:large, max-video-preview:-1\" \/>\n<link rel=\"canonical\" href=\"https:\/\/vosgesinfo.fr\/epinalinfo\/2016\/12\/secteur-depinal-routes-travaux-lundi-12-dimanche-18-decembre-2016\/\" \/>\n<meta name=\"twitter:card\" content=\"summary_large_image\" \/>\n<meta name=\"twitter:title\" content=\"Secteur d&#039;Epinal - Les routes en travaux du lundi 12 au dimanche 18 d\u00e9cembre 2016 - Epinal Info\" \/>\n<meta name=\"twitter:description\" content=\"Vous trouverez: le tableau pr\u00e9visionnel de synth\u00e8se des chantiers pour la semaine du lundi 5 au dimanche 11 d\u00e9cembre 2016 [&hellip;]\" \/>\n<meta name=\"twitter:image\" content=\"https:\/\/vosgesinfo.fr\/app\/uploads\/sites\/3\/2024\/01\/travaux.jpg\" \/>\n<meta name=\"twitter:creator\" content=\"@VosgesInfo88\" \/>\n<meta name=\"twitter:site\" content=\"@VosgesInfo88\" \/>\n<meta name=\"twitter:label1\" content=\"\u00c9crit par\" \/>\n\t<meta name=\"twitter:data1\" content=\"C.K.\" \/>\n<script type=\"application\/ld+json\" class=\"yoast-schema-graph\">{\"@context\":\"https:\/\/schema.org\",\"@graph\":[{\"@type\":\"Article\",\"@id\":\"https:\/\/vosgesinfo.fr\/epinalinfo\/2016\/12\/secteur-depinal-routes-travaux-lundi-12-dimanche-18-decembre-2016\/#article\",\"isPartOf\":{\"@id\":\"https:\/\/vosgesinfo.fr\/epinalinfo\/2016\/12\/secteur-depinal-routes-travaux-lundi-12-dimanche-18-decembre-2016\/\"},\"author\":{\"name\":\"C.K.\",\"@id\":\"https:\/\/vosgesinfo.fr\/epinalinfo\/#\/schema\/person\/6f9a650eeea99d969b6c4ab78fccbe81\"},\"headline\":\"Secteur d&rsquo;Epinal &#8211; Les routes en travaux du lundi 12 au dimanche 18 d\u00e9cembre 2016\",\"datePublished\":\"2016-12-12T12:30:35+00:00\",\"dateModified\":\"2016-12-12T12:30:35+00:00\",\"mainEntityOfPage\":{\"@id\":\"https:\/\/vosgesinfo.fr\/epinalinfo\/2016\/12\/secteur-depinal-routes-travaux-lundi-12-dimanche-18-decembre-2016\/\"},\"wordCount\":93,\"commentCount\":0,\"publisher\":{\"@id\":\"https:\/\/vosgesinfo.fr\/epinalinfo\/#organization\"},\"image\":{\"@id\":\"https:\/\/vosgesinfo.fr\/epinalinfo\/2016\/12\/secteur-depinal-routes-travaux-lundi-12-dimanche-18-decembre-2016\/#primaryimage\"},\"thumbnailUrl\":\"https:\/\/vosgesinfo.fr\/app\/uploads\/sites\/3\/2024\/01\/travaux.jpg\",\"keywords\":[\"routes en travaux\"],\"articleSection\":[\"A la Une\",\"Environnement\",\"Vosges\"],\"inLanguage\":\"fr-FR\",\"potentialAction\":[{\"@type\":\"CommentAction\",\"name\":\"Comment\",\"target\":[\"https:\/\/vosgesinfo.fr\/epinalinfo\/2016\/12\/secteur-depinal-routes-travaux-lundi-12-dimanche-18-decembre-2016\/#respond\"]}]},{\"@type\":\"WebPage\",\"@id\":\"https:\/\/vosgesinfo.fr\/epinalinfo\/2016\/12\/secteur-depinal-routes-travaux-lundi-12-dimanche-18-decembre-2016\/\",\"url\":\"https:\/\/vosgesinfo.fr\/epinalinfo\/2016\/12\/secteur-depinal-routes-travaux-lundi-12-dimanche-18-decembre-2016\/\",\"name\":\"Secteur d'Epinal - Les routes en travaux du lundi 12 au dimanche 18 d\u00e9cembre 2016 - Epinal Info\",\"isPartOf\":{\"@id\":\"https:\/\/vosgesinfo.fr\/epinalinfo\/#website\"},\"primaryImageOfPage\":{\"@id\":\"https:\/\/vosgesinfo.fr\/epinalinfo\/2016\/12\/secteur-depinal-routes-travaux-lundi-12-dimanche-18-decembre-2016\/#primaryimage\"},\"image\":{\"@id\":\"https:\/\/vosgesinfo.fr\/epinalinfo\/2016\/12\/secteur-depinal-routes-travaux-lundi-12-dimanche-18-decembre-2016\/#primaryimage\"},\"thumbnailUrl\":\"https:\/\/vosgesinfo.fr\/app\/uploads\/sites\/3\/2024\/01\/travaux.jpg\",\"datePublished\":\"2016-12-12T12:30:35+00:00\",\"dateModified\":\"2016-12-12T12:30:35+00:00\",\"breadcrumb\":{\"@id\":\"https:\/\/vosgesinfo.fr\/epinalinfo\/2016\/12\/secteur-depinal-routes-travaux-lundi-12-dimanche-18-decembre-2016\/#breadcrumb\"},\"inLanguage\":\"fr-FR\",\"potentialAction\":[{\"@type\":\"ReadAction\",\"target\":[\"https:\/\/vosgesinfo.fr\/epinalinfo\/2016\/12\/secteur-depinal-routes-travaux-lundi-12-dimanche-18-decembre-2016\/\"]}]},{\"@type\":\"ImageObject\",\"inLanguage\":\"fr-FR\",\"@id\":\"https:\/\/vosgesinfo.fr\/epinalinfo\/2016\/12\/secteur-depinal-routes-travaux-lundi-12-dimanche-18-decembre-2016\/#primaryimage\",\"url\":\"https:\/\/vosgesinfo.fr\/app\/uploads\/sites\/3\/2024\/01\/travaux.jpg\",\"contentUrl\":\"https:\/\/vosgesinfo.fr\/app\/uploads\/sites\/3\/2024\/01\/travaux.jpg\",\"width\":540,\"height\":720},{\"@type\":\"BreadcrumbList\",\"@id\":\"https:\/\/vosgesinfo.fr\/epinalinfo\/2016\/12\/secteur-depinal-routes-travaux-lundi-12-dimanche-18-decembre-2016\/#breadcrumb\",\"itemListElement\":[{\"@type\":\"ListItem\",\"position\":1,\"name\":\"Home\",\"item\":\"https:\/\/vosgesinfo.fr\/epinalinfo\/\"},{\"@type\":\"ListItem\",\"position\":2,\"name\":\"Secteur d&rsquo;Epinal &#8211; Les routes en travaux du lundi 12 au dimanche 18 d\u00e9cembre 2016\"}]},{\"@type\":\"WebSite\",\"@id\":\"https:\/\/vosgesinfo.fr\/epinalinfo\/#website\",\"url\":\"https:\/\/vosgesinfo.fr\/epinalinfo\/\",\"name\":\"Epinal Info\",\"description\":\"Toute l&#039;actualit\u00e9 d&#039;\u00c9pinal\",\"publisher\":{\"@id\":\"https:\/\/vosgesinfo.fr\/epinalinfo\/#organization\"},\"alternateName\":\"Toute l'actualit\u00e9 d'\u00c9pinal\",\"potentialAction\":[{\"@type\":\"SearchAction\",\"target\":{\"@type\":\"EntryPoint\",\"urlTemplate\":\"https:\/\/vosgesinfo.fr\/epinalinfo\/?s={search_term_string}\"},\"query-input\":\"required name=search_term_string\"}],\"inLanguage\":\"fr-FR\"},{\"@type\":\"Organization\",\"@id\":\"https:\/\/vosgesinfo.fr\/epinalinfo\/#organization\",\"name\":\"Epinal Info\",\"url\":\"https:\/\/vosgesinfo.fr\/epinalinfo\/\",\"logo\":{\"@type\":\"ImageObject\",\"inLanguage\":\"fr-FR\",\"@id\":\"https:\/\/vosgesinfo.fr\/epinalinfo\/#\/schema\/logo\/image\/\",\"url\":\"https:\/\/vosgesinfo.fr\/app\/uploads\/sites\/3\/2023\/08\/logo-epinalinfos.svg\",\"contentUrl\":\"https:\/\/vosgesinfo.fr\/app\/uploads\/sites\/3\/2023\/08\/logo-epinalinfos.svg\",\"width\":1,\"height\":1,\"caption\":\"Epinal Info\"},\"image\":{\"@id\":\"https:\/\/vosgesinfo.fr\/epinalinfo\/#\/schema\/logo\/image\/\"},\"sameAs\":[\"https:\/\/www.facebook.com\/Epinalinfos\",\"https:\/\/x.com\/VosgesInfo88\",\"https:\/\/www.youtube.com\/@vosgesinfo\"]},{\"@type\":\"Person\",\"@id\":\"https:\/\/vosgesinfo.fr\/epinalinfo\/#\/schema\/person\/6f9a650eeea99d969b6c4ab78fccbe81\",\"name\":\"C.K.\",\"image\":{\"@type\":\"ImageObject\",\"inLanguage\":\"fr-FR\",\"@id\":\"https:\/\/vosgesinfo.fr\/epinalinfo\/#\/schema\/person\/image\/\",\"url\":\"https:\/\/secure.gravatar.com\/avatar\/48e3fc7f8421ba8942be6b74a2b7f014ca39bc00dece156b7a8e098ae7dc87bf?s=96&d=mm&r=g\",\"contentUrl\":\"https:\/\/secure.gravatar.com\/avatar\/48e3fc7f8421ba8942be6b74a2b7f014ca39bc00dece156b7a8e098ae7dc87bf?s=96&d=mm&r=g\",\"caption\":\"C.K.\"},\"url\":\"https:\/\/vosgesinfo.fr\/epinalinfo\/author\/celia-k-n\/\"}]}<\/script>\n<!-- \/ Yoast SEO plugin. -->","yoast_head_json":{"title":"Secteur d'Epinal - Les routes en travaux du lundi 12 au dimanche 18 d\u00e9cembre 2016 - Epinal Info","robots":{"index":"index","follow":"follow","max-snippet":"max-snippet:-1","max-image-preview":"max-image-preview:large","max-video-preview":"max-video-preview:-1"},"canonical":"https:\/\/vosgesinfo.fr\/epinalinfo\/2016\/12\/secteur-depinal-routes-travaux-lundi-12-dimanche-18-decembre-2016\/","twitter_card":"summary_large_image","twitter_title":"Secteur d'Epinal - Les routes en travaux du lundi 12 au dimanche 18 d\u00e9cembre 2016 - Epinal Info","twitter_description":"Vous trouverez: le tableau pr\u00e9visionnel de synth\u00e8se des chantiers pour la semaine du lundi 5 au dimanche 11 d\u00e9cembre 2016 [&hellip;]","twitter_image":"https:\/\/vosgesinfo.fr\/app\/uploads\/sites\/3\/2024\/01\/travaux.jpg","twitter_creator":"@VosgesInfo88","twitter_site":"@VosgesInfo88","twitter_misc":{"\u00c9crit par":"C.K."},"schema":{"@context":"https:\/\/schema.org","@graph":[{"@type":"Article","@id":"https:\/\/vosgesinfo.fr\/epinalinfo\/2016\/12\/secteur-depinal-routes-travaux-lundi-12-dimanche-18-decembre-2016\/#article","isPartOf":{"@id":"https:\/\/vosgesinfo.fr\/epinalinfo\/2016\/12\/secteur-depinal-routes-travaux-lundi-12-dimanche-18-decembre-2016\/"},"author":{"name":"C.K.","@id":"https:\/\/vosgesinfo.fr\/epinalinfo\/#\/schema\/person\/6f9a650eeea99d969b6c4ab78fccbe81"},"headline":"Secteur d&rsquo;Epinal &#8211; Les routes en travaux du lundi 12 au dimanche 18 d\u00e9cembre 2016","datePublished":"2016-12-12T12:30:35+00:00","dateModified":"2016-12-12T12:30:35+00:00","mainEntityOfPage":{"@id":"https:\/\/vosgesinfo.fr\/epinalinfo\/2016\/12\/secteur-depinal-routes-travaux-lundi-12-dimanche-18-decembre-2016\/"},"wordCount":93,"commentCount":0,"publisher":{"@id":"https:\/\/vosgesinfo.fr\/epinalinfo\/#organization"},"image":{"@id":"https:\/\/vosgesinfo.fr\/epinalinfo\/2016\/12\/secteur-depinal-routes-travaux-lundi-12-dimanche-18-decembre-2016\/#primaryimage"},"thumbnailUrl":"https:\/\/vosgesinfo.fr\/app\/uploads\/sites\/3\/2024\/01\/travaux.jpg","keywords":["routes en travaux"],"articleSection":["A la Une","Environnement","Vosges"],"inLanguage":"fr-FR","potentialAction":[{"@type":"CommentAction","name":"Comment","target":["https:\/\/vosgesinfo.fr\/epinalinfo\/2016\/12\/secteur-depinal-routes-travaux-lundi-12-dimanche-18-decembre-2016\/#respond"]}]},{"@type":"WebPage","@id":"https:\/\/vosgesinfo.fr\/epinalinfo\/2016\/12\/secteur-depinal-routes-travaux-lundi-12-dimanche-18-decembre-2016\/","url":"https:\/\/vosgesinfo.fr\/epinalinfo\/2016\/12\/secteur-depinal-routes-travaux-lundi-12-dimanche-18-decembre-2016\/","name":"Secteur d'Epinal - Les routes en travaux du lundi 12 au dimanche 18 d\u00e9cembre 2016 - Epinal Info","isPartOf":{"@id":"https:\/\/vosgesinfo.fr\/epinalinfo\/#website"},"primaryImageOfPage":{"@id":"https:\/\/vosgesinfo.fr\/epinalinfo\/2016\/12\/secteur-depinal-routes-travaux-lundi-12-dimanche-18-decembre-2016\/#primaryimage"},"image":{"@id":"https:\/\/vosgesinfo.fr\/epinalinfo\/2016\/12\/secteur-depinal-routes-travaux-lundi-12-dimanche-18-decembre-2016\/#primaryimage"},"thumbnailUrl":"https:\/\/vosgesinfo.fr\/app\/uploads\/sites\/3\/2024\/01\/travaux.jpg","datePublished":"2016-12-12T12:30:35+00:00","dateModified":"2016-12-12T12:30:35+00:00","breadcrumb":{"@id":"https:\/\/vosgesinfo.fr\/epinalinfo\/2016\/12\/secteur-depinal-routes-travaux-lundi-12-dimanche-18-decembre-2016\/#breadcrumb"},"inLanguage":"fr-FR","potentialAction":[{"@type":"ReadAction","target":["https:\/\/vosgesinfo.fr\/epinalinfo\/2016\/12\/secteur-depinal-routes-travaux-lundi-12-dimanche-18-decembre-2016\/"]}]},{"@type":"ImageObject","inLanguage":"fr-FR","@id":"https:\/\/vosgesinfo.fr\/epinalinfo\/2016\/12\/secteur-depinal-routes-travaux-lundi-12-dimanche-18-decembre-2016\/#primaryimage","url":"https:\/\/vosgesinfo.fr\/app\/uploads\/sites\/3\/2024\/01\/travaux.jpg","contentUrl":"https:\/\/vosgesinfo.fr\/app\/uploads\/sites\/3\/2024\/01\/travaux.jpg","width":540,"height":720},{"@type":"BreadcrumbList","@id":"https:\/\/vosgesinfo.fr\/epinalinfo\/2016\/12\/secteur-depinal-routes-travaux-lundi-12-dimanche-18-decembre-2016\/#breadcrumb","itemListElement":[{"@type":"ListItem","position":1,"name":"Home","item":"https:\/\/vosgesinfo.fr\/epinalinfo\/"},{"@type":"ListItem","position":2,"name":"Secteur d&rsquo;Epinal &#8211; Les routes en travaux du lundi 12 au dimanche 18 d\u00e9cembre 2016"}]},{"@type":"WebSite","@id":"https:\/\/vosgesinfo.fr\/epinalinfo\/#website","url":"https:\/\/vosgesinfo.fr\/epinalinfo\/","name":"Epinal Info","description":"Toute l&#039;actualit\u00e9 d&#039;\u00c9pinal","publisher":{"@id":"https:\/\/vosgesinfo.fr\/epinalinfo\/#organization"},"alternateName":"Toute l'actualit\u00e9 d'\u00c9pinal","potentialAction":[{"@type":"SearchAction","target":{"@type":"EntryPoint","urlTemplate":"https:\/\/vosgesinfo.fr\/epinalinfo\/?s={search_term_string}"},"query-input":"required name=search_term_string"}],"inLanguage":"fr-FR"},{"@type":"Organization","@id":"https:\/\/vosgesinfo.fr\/epinalinfo\/#organization","name":"Epinal Info","url":"https:\/\/vosgesinfo.fr\/epinalinfo\/","logo":{"@type":"ImageObject","inLanguage":"fr-FR","@id":"https:\/\/vosgesinfo.fr\/epinalinfo\/#\/schema\/logo\/image\/","url":"https:\/\/vosgesinfo.fr\/app\/uploads\/sites\/3\/2023\/08\/logo-epinalinfos.svg","contentUrl":"https:\/\/vosgesinfo.fr\/app\/uploads\/sites\/3\/2023\/08\/logo-epinalinfos.svg","width":1,"height":1,"caption":"Epinal Info"},"image":{"@id":"https:\/\/vosgesinfo.fr\/epinalinfo\/#\/schema\/logo\/image\/"},"sameAs":["https:\/\/www.facebook.com\/Epinalinfos","https:\/\/x.com\/VosgesInfo88","https:\/\/www.youtube.com\/@vosgesinfo"]},{"@type":"Person","@id":"https:\/\/vosgesinfo.fr\/epinalinfo\/#\/schema\/person\/6f9a650eeea99d969b6c4ab78fccbe81","name":"C.K.","image":{"@type":"ImageObject","inLanguage":"fr-FR","@id":"https:\/\/vosgesinfo.fr\/epinalinfo\/#\/schema\/person\/image\/","url":"https:\/\/secure.gravatar.com\/avatar\/48e3fc7f8421ba8942be6b74a2b7f014ca39bc00dece156b7a8e098ae7dc87bf?s=96&d=mm&r=g","contentUrl":"https:\/\/secure.gravatar.com\/avatar\/48e3fc7f8421ba8942be6b74a2b7f014ca39bc00dece156b7a8e098ae7dc87bf?s=96&d=mm&r=g","caption":"C.K."},"url":"https:\/\/vosgesinfo.fr\/epinalinfo\/author\/celia-k-n\/"}]}},"_links":{"self":[{"href":"https:\/\/vosgesinfo.fr\/epinalinfo\/wp-json\/wp\/v2\/posts\/68179","targetHints":{"allow":["GET"]}}],"collection":[{"href":"https:\/\/vosgesinfo.fr\/epinalinfo\/wp-json\/wp\/v2\/posts"}],"about":[{"href":"https:\/\/vosgesinfo.fr\/epinalinfo\/wp-json\/wp\/v2\/types\/post"}],"author":[{"embeddable":true,"href":"https:\/\/vosgesinfo.fr\/epinalinfo\/wp-json\/wp\/v2\/users\/52"}],"replies":[{"embeddable":true,"href":"https:\/\/vosgesinfo.fr\/epinalinfo\/wp-json\/wp\/v2\/comments?post=68179"}],"version-history":[{"count":0,"href":"https:\/\/vosgesinfo.fr\/epinalinfo\/wp-json\/wp\/v2\/posts\/68179\/revisions"}],"wp:featuredmedia":[{"embeddable":true,"href":"https:\/\/vosgesinfo.fr\/epinalinfo\/wp-json\/wp\/v2\/media\/4073"}],"wp:attachment":[{"href":"https:\/\/vosgesinfo.fr\/epinalinfo\/wp-json\/wp\/v2\/media?parent=68179"}],"wp:term":[{"taxonomy":"category","embeddable":true,"href":"https:\/\/vosgesinfo.fr\/epinalinfo\/wp-json\/wp\/v2\/categories?post=68179"},{"taxonomy":"post_tag","embeddable":true,"href":"https:\/\/vosgesinfo.fr\/epinalinfo\/wp-json\/wp\/v2\/tags?post=68179"}],"curies":[{"name":"wp","href":"https:\/\/api.w.org\/{rel}","templated":true}]}}