{"id":68396,"date":"2016-12-17T14:09:47","date_gmt":"2016-12-17T13:09:47","guid":{"rendered":"https:\/\/vosgesinfo.fr\/epinalinfo\/2016\/12\/choc-manifestation-anti-foie-gras-centre-depinal\/"},"modified":"2016-12-17T14:09:47","modified_gmt":"2016-12-17T13:09:47","slug":"choc-manifestation-anti-foie-gras-centre-depinal","status":"publish","type":"post","link":"https:\/\/vosgesinfo.fr\/epinalinfo\/2016\/12\/choc-manifestation-anti-foie-gras-centre-depinal\/","title":{"rendered":"Choc &#8211; Manifestation anti foie gras au centre d&rsquo;Epinal"},"content":{"rendered":"<p><strong><a href=\"http:\/\/epinalinfos.fr\/2016\/12\/choc-manifestation-anti-foie-gras-centre-depinal\/p1250144\/\" rel=\"attachment wp-att-105643\"><img decoding=\"async\" class=\"aligncenter size-full wp-image-105643\" src=\"\/2016\/12\/P1250144.jpg\" alt=\"P1250144\" width=\"800\" height=\"600\" \/><\/a>A quelques jours des f\u00eates de fin d&rsquo;ann\u00e9e, les associations \u00ab\u00a0L214 Ethique et Animaux\u00a0\u00bb et \u00ab\u00a0ADAE\u00a0\u00bb ont r\u00e9alis\u00e9 une action dans le centre-ville d\u2019Epinal pour sensibiliser les passants \u00e0 ce qu\u2019implique la production de foie gras pour les animaux. <\/strong><\/p>\n<p><a href=\"http:\/\/epinalinfos.fr\/2016\/12\/choc-manifestation-anti-foie-gras-centre-depinal\/p1250146\/\" rel=\"attachment wp-att-105644\"><img decoding=\"async\" class=\" wp-image-105644 alignright\" src=\"\/2016\/12\/P1250146.jpg\" alt=\"P1250146\" width=\"467\" height=\"350\" \/><\/a>Les manifestants install\u00e9s rue des Minimes \u00e0 Epinal ont d\u00e9nonc\u00e9 \u00ab\u00a0le paradoxe de ce produit de f\u00eate\u00a0\u00bb. \u00a0Pour l&rsquo;occasion, des activistes avaient sortie la tenue de gala assortie de serviettes de service macul\u00e9es de sang.\u00a0 Les visuels rappellent de quelles fa\u00e7ons sont enferm\u00e9s et gav\u00e9s 40 millions de canards chaque ann\u00e9e pour ce produit exceptionnel.<\/p>\n<p><em>\u00ab\u00a0En France, chaque ann\u00e9e, plus de 40 millions de canards et d&rsquo;oies sont gav\u00e9s sous la contrainte et sont tu\u00e9s, leur foie ayant atteint jusqu&rsquo;\u00e0 dix fois son volume normal. En plus du gavage, le foie gras de canard implique le broyage des canetons femelles, au foie moins pr\u00e9sentable.\u00a0\u00bb<\/em> expliquent les associations \u00a0\u00ab\u00a0L214 Ethique et Animaux\u00a0\u00bb et \u00ab\u00a0ADAE\u00a0\u00bb.<\/p>\n<p><a href=\"http:\/\/epinalinfos.fr\/2016\/12\/choc-manifestation-anti-foie-gras-centre-depinal\/p1250148\/\" rel=\"attachment wp-att-105645\"><img decoding=\"async\" class=\" wp-image-105645 alignleft\" src=\"\/2016\/12\/P1250148.jpg\" alt=\"P1250148\" width=\"420\" height=\"315\" \/><\/a>Brigitte Gothi\u00e8re, porte-parole de l&rsquo;association L214 explique : <em>\u00ab\u00a0La question animale s&rsquo;impose aujourd&rsquo;hui comme un v\u00e9ritable sujet de soci\u00e9t\u00e9 et le foie gras est un symbole de la souffrance inutile que nous sommes capable d&rsquo;infliger aux animaux, pour notre unique plaisir gustatif. L&rsquo;an dernier, un sondage montrait qu&rsquo;un consommateur sur trois refusait d&rsquo;acheter du foie gras pour des raisons \u00e9thiques. La part des personnes ayant fait ce choix a continuellement augment\u00e9 depuis 2013.\u00a0\u00bb<\/em><\/p>\n<p>L&rsquo;an dernier, l\u2019association r\u00e9v\u00e9lait les images de deux enqu\u00eates men\u00e9es dans la production de foie gras. La premi\u00e8re plonge dans l\u2019univers industriel d\u2019un couvoir des Pays de la Loire. La deuxi\u00e8me montre l\u2019ins\u00e9mination artificielle de canes dans un \u00e9levage du Sud Ouest. Deux \u00e9tapes cruciales et inh\u00e9rentes \u00e0 la production de foie gras.<\/p>\n<p><em>\u00ab\u00a0Ces images exposent une fois de plus la violence des pratiques d\u2019\u00e9levage et de mise \u00e0 mort dans la production de foie gras : des milliers de canetons broy\u00e9s, certains encore vivants en sortie de broyeuse, les becs syst\u00e9matiquement mutil\u00e9s, les canes ins\u00e9min\u00e9es de force, des animaux exploit\u00e9s jusqu\u2019\u00e0 \u00e9puisement et des mises \u00e0 mort brutales en \u00e9levage.\u00a0\u00bb<\/em> commente les associations.<\/p>\n<p>Un Fran\u00e7ais sur trois refuse d\u2019acheter du foie gras pour des raisons \u00e9thiques li\u00e9es \u00e0 la souffrance animale, c&rsquo;est ce que montre un sondage YouGov sur le gavage et le foie gras, r\u00e9alis\u00e9 du 8 au 10 d\u00e9cembre 2015 aupr\u00e8s de 1016 personnes. 62% des sond\u00e9s consid\u00e8rent que le gavage des canards et des oies pour la production de foie gras est source de souffrance pour les animaux.\u00a0Premiers consommateurs mondiaux, les Fran\u00e7ais engloutissent en moyenne plus de 18.000 tonnes par an.<\/p>\n<p>C.K.N.<\/p>\n","protected":false},"excerpt":{"rendered":"<p>A quelques jours des f\u00eates de fin d&rsquo;ann\u00e9e, les associations \u00ab\u00a0L214 Ethique et Animaux\u00a0\u00bb et \u00ab\u00a0ADAE\u00a0\u00bb ont r\u00e9alis\u00e9 une action [&hellip;]<\/p>\n","protected":false},"author":52,"featured_media":68397,"comment_status":"open","ping_status":"open","sticky":false,"template":"","format":"standard","meta":{"footnotes":""},"categories":[22,24],"tags":[9697],"class_list":["post-68396","post","type-post","status-publish","format-standard","has-post-thumbnail","hentry","category-a-la-une","category-epinal","tag-foie-gras"],"acf":[],"yoast_head":"<!-- This site is optimized with the Yoast SEO plugin v22.5 - https:\/\/yoast.com\/wordpress\/plugins\/seo\/ -->\n<title>Choc - Manifestation anti foie gras au centre d&#039;Epinal - Epinal Info<\/title>\n<meta name=\"robots\" content=\"index, follow, max-snippet:-1, max-image-preview:large, max-video-preview:-1\" \/>\n<link rel=\"canonical\" href=\"https:\/\/vosgesinfo.fr\/epinalinfo\/2016\/12\/choc-manifestation-anti-foie-gras-centre-depinal\/\" \/>\n<meta name=\"twitter:card\" content=\"summary_large_image\" \/>\n<meta name=\"twitter:title\" content=\"Choc - Manifestation anti foie gras au centre d&#039;Epinal - Epinal Info\" \/>\n<meta name=\"twitter:description\" content=\"A quelques jours des f\u00eates de fin d&rsquo;ann\u00e9e, les associations \u00ab\u00a0L214 Ethique et Animaux\u00a0\u00bb et \u00ab\u00a0ADAE\u00a0\u00bb ont r\u00e9alis\u00e9 une action [&hellip;]\" \/>\n<meta name=\"twitter:image\" content=\"https:\/\/vosgesinfo.fr\/app\/uploads\/sites\/3\/2024\/08\/201612p1250144.jpg\" \/>\n<meta name=\"twitter:creator\" content=\"@VosgesInfo88\" \/>\n<meta name=\"twitter:site\" content=\"@VosgesInfo88\" \/>\n<meta name=\"twitter:label1\" content=\"\u00c9crit par\" \/>\n\t<meta name=\"twitter:data1\" content=\"C.K.\" \/>\n\t<meta name=\"twitter:label2\" content=\"Dur\u00e9e de lecture estim\u00e9e\" \/>\n\t<meta name=\"twitter:data2\" content=\"2 minutes\" \/>\n<script type=\"application\/ld+json\" class=\"yoast-schema-graph\">{\"@context\":\"https:\/\/schema.org\",\"@graph\":[{\"@type\":\"Article\",\"@id\":\"https:\/\/vosgesinfo.fr\/epinalinfo\/2016\/12\/choc-manifestation-anti-foie-gras-centre-depinal\/#article\",\"isPartOf\":{\"@id\":\"https:\/\/vosgesinfo.fr\/epinalinfo\/2016\/12\/choc-manifestation-anti-foie-gras-centre-depinal\/\"},\"author\":{\"name\":\"C.K.\",\"@id\":\"https:\/\/vosgesinfo.fr\/epinalinfo\/#\/schema\/person\/6f9a650eeea99d969b6c4ab78fccbe81\"},\"headline\":\"Choc &#8211; Manifestation anti foie gras au centre d&rsquo;Epinal\",\"datePublished\":\"2016-12-17T13:09:47+00:00\",\"dateModified\":\"2016-12-17T13:09:47+00:00\",\"mainEntityOfPage\":{\"@id\":\"https:\/\/vosgesinfo.fr\/epinalinfo\/2016\/12\/choc-manifestation-anti-foie-gras-centre-depinal\/\"},\"wordCount\":477,\"commentCount\":0,\"publisher\":{\"@id\":\"https:\/\/vosgesinfo.fr\/epinalinfo\/#organization\"},\"image\":{\"@id\":\"https:\/\/vosgesinfo.fr\/epinalinfo\/2016\/12\/choc-manifestation-anti-foie-gras-centre-depinal\/#primaryimage\"},\"thumbnailUrl\":\"https:\/\/vosgesinfo.fr\/app\/uploads\/sites\/3\/2024\/08\/201612p1250144.jpg\",\"keywords\":[\"foie gras\"],\"articleSection\":[\"A la Une\",\"Epinal\"],\"inLanguage\":\"fr-FR\",\"potentialAction\":[{\"@type\":\"CommentAction\",\"name\":\"Comment\",\"target\":[\"https:\/\/vosgesinfo.fr\/epinalinfo\/2016\/12\/choc-manifestation-anti-foie-gras-centre-depinal\/#respond\"]}]},{\"@type\":\"WebPage\",\"@id\":\"https:\/\/vosgesinfo.fr\/epinalinfo\/2016\/12\/choc-manifestation-anti-foie-gras-centre-depinal\/\",\"url\":\"https:\/\/vosgesinfo.fr\/epinalinfo\/2016\/12\/choc-manifestation-anti-foie-gras-centre-depinal\/\",\"name\":\"Choc - Manifestation anti foie gras au centre d'Epinal - Epinal Info\",\"isPartOf\":{\"@id\":\"https:\/\/vosgesinfo.fr\/epinalinfo\/#website\"},\"primaryImageOfPage\":{\"@id\":\"https:\/\/vosgesinfo.fr\/epinalinfo\/2016\/12\/choc-manifestation-anti-foie-gras-centre-depinal\/#primaryimage\"},\"image\":{\"@id\":\"https:\/\/vosgesinfo.fr\/epinalinfo\/2016\/12\/choc-manifestation-anti-foie-gras-centre-depinal\/#primaryimage\"},\"thumbnailUrl\":\"https:\/\/vosgesinfo.fr\/app\/uploads\/sites\/3\/2024\/08\/201612p1250144.jpg\",\"datePublished\":\"2016-12-17T13:09:47+00:00\",\"dateModified\":\"2016-12-17T13:09:47+00:00\",\"breadcrumb\":{\"@id\":\"https:\/\/vosgesinfo.fr\/epinalinfo\/2016\/12\/choc-manifestation-anti-foie-gras-centre-depinal\/#breadcrumb\"},\"inLanguage\":\"fr-FR\",\"potentialAction\":[{\"@type\":\"ReadAction\",\"target\":[\"https:\/\/vosgesinfo.fr\/epinalinfo\/2016\/12\/choc-manifestation-anti-foie-gras-centre-depinal\/\"]}]},{\"@type\":\"ImageObject\",\"inLanguage\":\"fr-FR\",\"@id\":\"https:\/\/vosgesinfo.fr\/epinalinfo\/2016\/12\/choc-manifestation-anti-foie-gras-centre-depinal\/#primaryimage\",\"url\":\"https:\/\/vosgesinfo.fr\/app\/uploads\/sites\/3\/2024\/08\/201612p1250144.jpg\",\"contentUrl\":\"https:\/\/vosgesinfo.fr\/app\/uploads\/sites\/3\/2024\/08\/201612p1250144.jpg\",\"width\":800,\"height\":600},{\"@type\":\"BreadcrumbList\",\"@id\":\"https:\/\/vosgesinfo.fr\/epinalinfo\/2016\/12\/choc-manifestation-anti-foie-gras-centre-depinal\/#breadcrumb\",\"itemListElement\":[{\"@type\":\"ListItem\",\"position\":1,\"name\":\"Home\",\"item\":\"https:\/\/vosgesinfo.fr\/epinalinfo\/\"},{\"@type\":\"ListItem\",\"position\":2,\"name\":\"Choc &#8211; Manifestation anti foie gras au centre d&rsquo;Epinal\"}]},{\"@type\":\"WebSite\",\"@id\":\"https:\/\/vosgesinfo.fr\/epinalinfo\/#website\",\"url\":\"https:\/\/vosgesinfo.fr\/epinalinfo\/\",\"name\":\"Epinal Info\",\"description\":\"Toute l&#039;actualit\u00e9 d&#039;\u00c9pinal\",\"publisher\":{\"@id\":\"https:\/\/vosgesinfo.fr\/epinalinfo\/#organization\"},\"alternateName\":\"Toute l'actualit\u00e9 d'\u00c9pinal\",\"potentialAction\":[{\"@type\":\"SearchAction\",\"target\":{\"@type\":\"EntryPoint\",\"urlTemplate\":\"https:\/\/vosgesinfo.fr\/epinalinfo\/?s={search_term_string}\"},\"query-input\":\"required name=search_term_string\"}],\"inLanguage\":\"fr-FR\"},{\"@type\":\"Organization\",\"@id\":\"https:\/\/vosgesinfo.fr\/epinalinfo\/#organization\",\"name\":\"Epinal Info\",\"url\":\"https:\/\/vosgesinfo.fr\/epinalinfo\/\",\"logo\":{\"@type\":\"ImageObject\",\"inLanguage\":\"fr-FR\",\"@id\":\"https:\/\/vosgesinfo.fr\/epinalinfo\/#\/schema\/logo\/image\/\",\"url\":\"https:\/\/vosgesinfo.fr\/app\/uploads\/sites\/3\/2023\/08\/logo-epinalinfos.svg\",\"contentUrl\":\"https:\/\/vosgesinfo.fr\/app\/uploads\/sites\/3\/2023\/08\/logo-epinalinfos.svg\",\"width\":1,\"height\":1,\"caption\":\"Epinal Info\"},\"image\":{\"@id\":\"https:\/\/vosgesinfo.fr\/epinalinfo\/#\/schema\/logo\/image\/\"},\"sameAs\":[\"https:\/\/www.facebook.com\/Epinalinfos\",\"https:\/\/x.com\/VosgesInfo88\",\"https:\/\/www.youtube.com\/@vosgesinfo\"]},{\"@type\":\"Person\",\"@id\":\"https:\/\/vosgesinfo.fr\/epinalinfo\/#\/schema\/person\/6f9a650eeea99d969b6c4ab78fccbe81\",\"name\":\"C.K.\",\"image\":{\"@type\":\"ImageObject\",\"inLanguage\":\"fr-FR\",\"@id\":\"https:\/\/vosgesinfo.fr\/epinalinfo\/#\/schema\/person\/image\/\",\"url\":\"https:\/\/secure.gravatar.com\/avatar\/48e3fc7f8421ba8942be6b74a2b7f014ca39bc00dece156b7a8e098ae7dc87bf?s=96&d=mm&r=g\",\"contentUrl\":\"https:\/\/secure.gravatar.com\/avatar\/48e3fc7f8421ba8942be6b74a2b7f014ca39bc00dece156b7a8e098ae7dc87bf?s=96&d=mm&r=g\",\"caption\":\"C.K.\"},\"url\":\"https:\/\/vosgesinfo.fr\/epinalinfo\/author\/celia-k-n\/\"}]}<\/script>\n<!-- \/ Yoast SEO plugin. -->","yoast_head_json":{"title":"Choc - Manifestation anti foie gras au centre d'Epinal - Epinal Info","robots":{"index":"index","follow":"follow","max-snippet":"max-snippet:-1","max-image-preview":"max-image-preview:large","max-video-preview":"max-video-preview:-1"},"canonical":"https:\/\/vosgesinfo.fr\/epinalinfo\/2016\/12\/choc-manifestation-anti-foie-gras-centre-depinal\/","twitter_card":"summary_large_image","twitter_title":"Choc - Manifestation anti foie gras au centre d'Epinal - Epinal Info","twitter_description":"A quelques jours des f\u00eates de fin d&rsquo;ann\u00e9e, les associations \u00ab\u00a0L214 Ethique et Animaux\u00a0\u00bb et \u00ab\u00a0ADAE\u00a0\u00bb ont r\u00e9alis\u00e9 une action [&hellip;]","twitter_image":"https:\/\/vosgesinfo.fr\/app\/uploads\/sites\/3\/2024\/08\/201612p1250144.jpg","twitter_creator":"@VosgesInfo88","twitter_site":"@VosgesInfo88","twitter_misc":{"\u00c9crit par":"C.K.","Dur\u00e9e de lecture estim\u00e9e":"2 minutes"},"schema":{"@context":"https:\/\/schema.org","@graph":[{"@type":"Article","@id":"https:\/\/vosgesinfo.fr\/epinalinfo\/2016\/12\/choc-manifestation-anti-foie-gras-centre-depinal\/#article","isPartOf":{"@id":"https:\/\/vosgesinfo.fr\/epinalinfo\/2016\/12\/choc-manifestation-anti-foie-gras-centre-depinal\/"},"author":{"name":"C.K.","@id":"https:\/\/vosgesinfo.fr\/epinalinfo\/#\/schema\/person\/6f9a650eeea99d969b6c4ab78fccbe81"},"headline":"Choc &#8211; Manifestation anti foie gras au centre d&rsquo;Epinal","datePublished":"2016-12-17T13:09:47+00:00","dateModified":"2016-12-17T13:09:47+00:00","mainEntityOfPage":{"@id":"https:\/\/vosgesinfo.fr\/epinalinfo\/2016\/12\/choc-manifestation-anti-foie-gras-centre-depinal\/"},"wordCount":477,"commentCount":0,"publisher":{"@id":"https:\/\/vosgesinfo.fr\/epinalinfo\/#organization"},"image":{"@id":"https:\/\/vosgesinfo.fr\/epinalinfo\/2016\/12\/choc-manifestation-anti-foie-gras-centre-depinal\/#primaryimage"},"thumbnailUrl":"https:\/\/vosgesinfo.fr\/app\/uploads\/sites\/3\/2024\/08\/201612p1250144.jpg","keywords":["foie gras"],"articleSection":["A la Une","Epinal"],"inLanguage":"fr-FR","potentialAction":[{"@type":"CommentAction","name":"Comment","target":["https:\/\/vosgesinfo.fr\/epinalinfo\/2016\/12\/choc-manifestation-anti-foie-gras-centre-depinal\/#respond"]}]},{"@type":"WebPage","@id":"https:\/\/vosgesinfo.fr\/epinalinfo\/2016\/12\/choc-manifestation-anti-foie-gras-centre-depinal\/","url":"https:\/\/vosgesinfo.fr\/epinalinfo\/2016\/12\/choc-manifestation-anti-foie-gras-centre-depinal\/","name":"Choc - Manifestation anti foie gras au centre d'Epinal - Epinal Info","isPartOf":{"@id":"https:\/\/vosgesinfo.fr\/epinalinfo\/#website"},"primaryImageOfPage":{"@id":"https:\/\/vosgesinfo.fr\/epinalinfo\/2016\/12\/choc-manifestation-anti-foie-gras-centre-depinal\/#primaryimage"},"image":{"@id":"https:\/\/vosgesinfo.fr\/epinalinfo\/2016\/12\/choc-manifestation-anti-foie-gras-centre-depinal\/#primaryimage"},"thumbnailUrl":"https:\/\/vosgesinfo.fr\/app\/uploads\/sites\/3\/2024\/08\/201612p1250144.jpg","datePublished":"2016-12-17T13:09:47+00:00","dateModified":"2016-12-17T13:09:47+00:00","breadcrumb":{"@id":"https:\/\/vosgesinfo.fr\/epinalinfo\/2016\/12\/choc-manifestation-anti-foie-gras-centre-depinal\/#breadcrumb"},"inLanguage":"fr-FR","potentialAction":[{"@type":"ReadAction","target":["https:\/\/vosgesinfo.fr\/epinalinfo\/2016\/12\/choc-manifestation-anti-foie-gras-centre-depinal\/"]}]},{"@type":"ImageObject","inLanguage":"fr-FR","@id":"https:\/\/vosgesinfo.fr\/epinalinfo\/2016\/12\/choc-manifestation-anti-foie-gras-centre-depinal\/#primaryimage","url":"https:\/\/vosgesinfo.fr\/app\/uploads\/sites\/3\/2024\/08\/201612p1250144.jpg","contentUrl":"https:\/\/vosgesinfo.fr\/app\/uploads\/sites\/3\/2024\/08\/201612p1250144.jpg","width":800,"height":600},{"@type":"BreadcrumbList","@id":"https:\/\/vosgesinfo.fr\/epinalinfo\/2016\/12\/choc-manifestation-anti-foie-gras-centre-depinal\/#breadcrumb","itemListElement":[{"@type":"ListItem","position":1,"name":"Home","item":"https:\/\/vosgesinfo.fr\/epinalinfo\/"},{"@type":"ListItem","position":2,"name":"Choc &#8211; Manifestation anti foie gras au centre d&rsquo;Epinal"}]},{"@type":"WebSite","@id":"https:\/\/vosgesinfo.fr\/epinalinfo\/#website","url":"https:\/\/vosgesinfo.fr\/epinalinfo\/","name":"Epinal Info","description":"Toute l&#039;actualit\u00e9 d&#039;\u00c9pinal","publisher":{"@id":"https:\/\/vosgesinfo.fr\/epinalinfo\/#organization"},"alternateName":"Toute l'actualit\u00e9 d'\u00c9pinal","potentialAction":[{"@type":"SearchAction","target":{"@type":"EntryPoint","urlTemplate":"https:\/\/vosgesinfo.fr\/epinalinfo\/?s={search_term_string}"},"query-input":"required name=search_term_string"}],"inLanguage":"fr-FR"},{"@type":"Organization","@id":"https:\/\/vosgesinfo.fr\/epinalinfo\/#organization","name":"Epinal Info","url":"https:\/\/vosgesinfo.fr\/epinalinfo\/","logo":{"@type":"ImageObject","inLanguage":"fr-FR","@id":"https:\/\/vosgesinfo.fr\/epinalinfo\/#\/schema\/logo\/image\/","url":"https:\/\/vosgesinfo.fr\/app\/uploads\/sites\/3\/2023\/08\/logo-epinalinfos.svg","contentUrl":"https:\/\/vosgesinfo.fr\/app\/uploads\/sites\/3\/2023\/08\/logo-epinalinfos.svg","width":1,"height":1,"caption":"Epinal Info"},"image":{"@id":"https:\/\/vosgesinfo.fr\/epinalinfo\/#\/schema\/logo\/image\/"},"sameAs":["https:\/\/www.facebook.com\/Epinalinfos","https:\/\/x.com\/VosgesInfo88","https:\/\/www.youtube.com\/@vosgesinfo"]},{"@type":"Person","@id":"https:\/\/vosgesinfo.fr\/epinalinfo\/#\/schema\/person\/6f9a650eeea99d969b6c4ab78fccbe81","name":"C.K.","image":{"@type":"ImageObject","inLanguage":"fr-FR","@id":"https:\/\/vosgesinfo.fr\/epinalinfo\/#\/schema\/person\/image\/","url":"https:\/\/secure.gravatar.com\/avatar\/48e3fc7f8421ba8942be6b74a2b7f014ca39bc00dece156b7a8e098ae7dc87bf?s=96&d=mm&r=g","contentUrl":"https:\/\/secure.gravatar.com\/avatar\/48e3fc7f8421ba8942be6b74a2b7f014ca39bc00dece156b7a8e098ae7dc87bf?s=96&d=mm&r=g","caption":"C.K."},"url":"https:\/\/vosgesinfo.fr\/epinalinfo\/author\/celia-k-n\/"}]}},"_links":{"self":[{"href":"https:\/\/vosgesinfo.fr\/epinalinfo\/wp-json\/wp\/v2\/posts\/68396","targetHints":{"allow":["GET"]}}],"collection":[{"href":"https:\/\/vosgesinfo.fr\/epinalinfo\/wp-json\/wp\/v2\/posts"}],"about":[{"href":"https:\/\/vosgesinfo.fr\/epinalinfo\/wp-json\/wp\/v2\/types\/post"}],"author":[{"embeddable":true,"href":"https:\/\/vosgesinfo.fr\/epinalinfo\/wp-json\/wp\/v2\/users\/52"}],"replies":[{"embeddable":true,"href":"https:\/\/vosgesinfo.fr\/epinalinfo\/wp-json\/wp\/v2\/comments?post=68396"}],"version-history":[{"count":0,"href":"https:\/\/vosgesinfo.fr\/epinalinfo\/wp-json\/wp\/v2\/posts\/68396\/revisions"}],"wp:featuredmedia":[{"embeddable":true,"href":"https:\/\/vosgesinfo.fr\/epinalinfo\/wp-json\/wp\/v2\/media\/68397"}],"wp:attachment":[{"href":"https:\/\/vosgesinfo.fr\/epinalinfo\/wp-json\/wp\/v2\/media?parent=68396"}],"wp:term":[{"taxonomy":"category","embeddable":true,"href":"https:\/\/vosgesinfo.fr\/epinalinfo\/wp-json\/wp\/v2\/categories?post=68396"},{"taxonomy":"post_tag","embeddable":true,"href":"https:\/\/vosgesinfo.fr\/epinalinfo\/wp-json\/wp\/v2\/tags?post=68396"}],"curies":[{"name":"wp","href":"https:\/\/api.w.org\/{rel}","templated":true}]}}