{"id":68722,"date":"2024-08-02T23:54:35","date_gmt":"2024-08-02T21:54:35","guid":{"rendered":"https:\/\/vosgesinfo.fr\/epinalinfo\/2024\/08\/du-jazz-a-la-louviere-avec-o-de-mon-cheri\/"},"modified":"2024-08-02T23:54:35","modified_gmt":"2024-08-02T21:54:35","slug":"du-jazz-a-la-louviere-avec-o-de-mon-cheri","status":"publish","type":"post","link":"https:\/\/vosgesinfo.fr\/epinalinfo\/2024\/08\/du-jazz-a-la-louviere-avec-o-de-mon-cheri\/","title":{"rendered":"Du Jazz \u00e0 la Louvi\u00e8re avec \u00ab \u00f4 de mon Ch\u00e9ri \u00bb"},"content":{"rendered":"<p><span style=\"font-size: 12pt;\">L\u2019\u00e9v\u00e9nement musical de la soir\u00e9e du 2 ao\u00fbt 2024 dans la salle de la Louvi\u00e8re a marqu\u00e9 les esprits et r\u00e9chauff\u00e9 les c\u0153urs. Le groupe de jazz swing \u00d4 de Mon Ch\u00e9ri a offert une performance qui restera grav\u00e9e dans les m\u00e9moires des spectateurs pr\u00e9sents ce soir-l\u00e0. La salle, pourtant modeste, s\u2019est transform\u00e9e en un v\u00e9ritable temple du jazz, rappelant les clubs intimes des ann\u00e9es 1930 o\u00f9 la musique et l\u2019\u00e9motion r\u00e9gnaient en ma\u00eetres.<br \/>\nMais c\u2019est la voix de la chanteuse qui a v\u00e9ritablement conquis le public. Chaude, enveloppante, elle a offert un voyage musical alternant entre classiques du jazz et chansons fran\u00e7aises. Chaque membre du groupe, dans son domaine, brillait par son talent et sa passion, cr\u00e9ant une harmonie parfaite et un spectacle d\u2019une belle intensit\u00e9.<\/span><\/p>\n<div id=\"attachment_1508\" style=\"width: 1034px\" class=\"wp-caption aligncenter\"><a href=\"https:\/\/vosgesinfo.fr\/app\/uploads\/2024\/08\/o-de-mon-cherie-10-scaled.jpg\"><img decoding=\"async\" aria-describedby=\"caption-attachment-1508\" class=\"size-large wp-image-1508\" src=\"https:\/\/vosgesinfo.fr\/app\/uploads\/2024\/08\/o-de-mon-cherie-10-1024x684.jpg\" alt=\"\" width=\"1024\" height=\"684\" \/><\/a><p id=\"caption-attachment-1508\" class=\"wp-caption-text\">PBP-PHOTOGRAPHIE<\/p><\/div>\n<div id=\"attachment_1506\" style=\"width: 1034px\" class=\"wp-caption aligncenter\"><a href=\"https:\/\/vosgesinfo.fr\/app\/uploads\/2024\/08\/o-de-mon-cherie-01-scaled.jpg\"><img decoding=\"async\" aria-describedby=\"caption-attachment-1506\" class=\"size-large wp-image-1506\" src=\"https:\/\/vosgesinfo.fr\/app\/uploads\/2024\/08\/o-de-mon-cherie-01-1024x684.jpg\" alt=\"\" width=\"1024\" height=\"684\" \/><\/a><p id=\"caption-attachment-1506\" class=\"wp-caption-text\">PBP-PHOTOGRAPHIE<\/p><\/div>\n<div id=\"attachment_1512\" style=\"width: 693px\" class=\"wp-caption aligncenter\"><a href=\"https:\/\/vosgesinfo.fr\/app\/uploads\/2024\/08\/o-de-mon-cherie-30-scaled.jpg\"><img decoding=\"async\" aria-describedby=\"caption-attachment-1512\" class=\"size-large wp-image-1512\" src=\"https:\/\/vosgesinfo.fr\/app\/uploads\/2024\/08\/o-de-mon-cherie-30-683x1024.jpg\" alt=\"\" width=\"683\" height=\"1024\" \/><\/a><p id=\"caption-attachment-1512\" class=\"wp-caption-text\">PBP-PHOTOGRAPHIE<\/p><\/div>\n<div id=\"attachment_1509\" style=\"width: 1034px\" class=\"wp-caption aligncenter\"><a href=\"https:\/\/vosgesinfo.fr\/app\/uploads\/2024\/08\/o-de-mon-cherie-12-scaled.jpg\"><img decoding=\"async\" aria-describedby=\"caption-attachment-1509\" class=\"size-large wp-image-1509\" src=\"https:\/\/vosgesinfo.fr\/app\/uploads\/2024\/08\/o-de-mon-cherie-12-1024x684.jpg\" alt=\"\" width=\"1024\" height=\"684\" \/><\/a><p id=\"caption-attachment-1509\" class=\"wp-caption-text\">PBP-PHOTOGRAPHIE<\/p><\/div>\n<div id=\"attachment_1520\" style=\"width: 1034px\" class=\"wp-caption aligncenter\"><a href=\"https:\/\/vosgesinfo.fr\/app\/uploads\/2024\/08\/o-de-mon-cherie-15-scaled.jpg\"><img decoding=\"async\" aria-describedby=\"caption-attachment-1520\" class=\"size-large wp-image-1520\" src=\"https:\/\/vosgesinfo.fr\/app\/uploads\/2024\/08\/o-de-mon-cherie-15-1024x683.jpg\" alt=\"\" width=\"1024\" height=\"683\" \/><\/a><p id=\"caption-attachment-1520\" class=\"wp-caption-text\">PBP-PHOTOGRAPHIE<\/p><\/div>\n<div id=\"attachment_1511\" style=\"width: 1034px\" class=\"wp-caption aligncenter\"><a href=\"https:\/\/vosgesinfo.fr\/app\/uploads\/2024\/08\/o-de-mon-cherie-21-scaled.jpg\"><img decoding=\"async\" aria-describedby=\"caption-attachment-1511\" class=\"size-large wp-image-1511\" src=\"https:\/\/vosgesinfo.fr\/app\/uploads\/2024\/08\/o-de-mon-cherie-21-1024x683.jpg\" alt=\"\" width=\"1024\" height=\"683\" \/><\/a><p id=\"caption-attachment-1511\" class=\"wp-caption-text\">PBP-PHOTOGRAPHIE<\/p><\/div>\n<div id=\"attachment_1510\" style=\"width: 1034px\" class=\"wp-caption aligncenter\"><a href=\"https:\/\/vosgesinfo.fr\/app\/uploads\/2024\/08\/o-de-mon-cherie-13-scaled.jpg\"><img decoding=\"async\" aria-describedby=\"caption-attachment-1510\" class=\"size-large wp-image-1510\" src=\"https:\/\/vosgesinfo.fr\/app\/uploads\/2024\/08\/o-de-mon-cherie-13-1024x684.jpg\" alt=\"\" width=\"1024\" height=\"684\" \/><\/a><p id=\"caption-attachment-1510\" class=\"wp-caption-text\">PBP-PHOTOGRAPHIE<\/p><\/div>\n<div id=\"attachment_1507\" style=\"width: 1034px\" class=\"wp-caption aligncenter\"><a href=\"https:\/\/vosgesinfo.fr\/app\/uploads\/2024\/08\/o-de-mon-cherie-05-scaled.jpg\"><img decoding=\"async\" aria-describedby=\"caption-attachment-1507\" class=\"size-large wp-image-1507\" src=\"https:\/\/vosgesinfo.fr\/app\/uploads\/2024\/08\/o-de-mon-cherie-05-1024x684.jpg\" alt=\"\" width=\"1024\" height=\"684\" \/><\/a><p id=\"caption-attachment-1507\" class=\"wp-caption-text\">PBP-PHOTOGRAPHIE<\/p><\/div>\n","protected":false},"excerpt":{"rendered":"<p>L\u2019\u00e9v\u00e9nement musical de la soir\u00e9e du 2 ao\u00fbt 2024 dans la salle de la Louvi\u00e8re a marqu\u00e9 les esprits et [&hellip;]<\/p>\n","protected":false},"author":52,"featured_media":68723,"comment_status":"open","ping_status":"open","sticky":false,"template":"","format":"standard","meta":{"footnotes":""},"categories":[22,24],"tags":[],"class_list":["post-68722","post","type-post","status-publish","format-standard","has-post-thumbnail","hentry","category-a-la-une","category-epinal"],"acf":[],"yoast_head":"<!-- This site is optimized with the Yoast SEO plugin v22.5 - https:\/\/yoast.com\/wordpress\/plugins\/seo\/ -->\n<title>Du Jazz \u00e0 la Louvi\u00e8re avec \u00ab \u00f4 de mon Ch\u00e9ri \u00bb - Epinal Info<\/title>\n<meta name=\"robots\" content=\"index, follow, max-snippet:-1, max-image-preview:large, max-video-preview:-1\" \/>\n<link rel=\"canonical\" href=\"https:\/\/vosgesinfo.fr\/epinalinfo\/2024\/08\/du-jazz-a-la-louviere-avec-o-de-mon-cheri\/\" \/>\n<meta name=\"twitter:card\" content=\"summary_large_image\" \/>\n<meta name=\"twitter:title\" content=\"Du Jazz \u00e0 la Louvi\u00e8re avec \u00ab \u00f4 de mon Ch\u00e9ri \u00bb - Epinal Info\" \/>\n<meta name=\"twitter:description\" content=\"L\u2019\u00e9v\u00e9nement musical de la soir\u00e9e du 2 ao\u00fbt 2024 dans la salle de la Louvi\u00e8re a marqu\u00e9 les esprits et [&hellip;]\" \/>\n<meta name=\"twitter:image\" content=\"https:\/\/vosgesinfo.fr\/app\/uploads\/sites\/3\/2024\/08\/o-de-mon-cherie-10-scaled-1.jpg\" \/>\n<meta name=\"twitter:creator\" content=\"@VosgesInfo88\" \/>\n<meta name=\"twitter:site\" content=\"@VosgesInfo88\" \/>\n<meta name=\"twitter:label1\" content=\"\u00c9crit par\" \/>\n\t<meta name=\"twitter:data1\" content=\"C.K.\" \/>\n\t<meta name=\"twitter:label2\" content=\"Dur\u00e9e de lecture estim\u00e9e\" \/>\n\t<meta name=\"twitter:data2\" content=\"1 minute\" \/>\n<script type=\"application\/ld+json\" class=\"yoast-schema-graph\">{\"@context\":\"https:\/\/schema.org\",\"@graph\":[{\"@type\":\"Article\",\"@id\":\"https:\/\/vosgesinfo.fr\/epinalinfo\/2024\/08\/du-jazz-a-la-louviere-avec-o-de-mon-cheri\/#article\",\"isPartOf\":{\"@id\":\"https:\/\/vosgesinfo.fr\/epinalinfo\/2024\/08\/du-jazz-a-la-louviere-avec-o-de-mon-cheri\/\"},\"author\":{\"name\":\"C.K.\",\"@id\":\"https:\/\/vosgesinfo.fr\/epinalinfo\/#\/schema\/person\/6f9a650eeea99d969b6c4ab78fccbe81\"},\"headline\":\"Du Jazz \u00e0 la Louvi\u00e8re avec \u00ab \u00f4 de mon Ch\u00e9ri \u00bb\",\"datePublished\":\"2024-08-02T21:54:35+00:00\",\"dateModified\":\"2024-08-02T21:54:35+00:00\",\"mainEntityOfPage\":{\"@id\":\"https:\/\/vosgesinfo.fr\/epinalinfo\/2024\/08\/du-jazz-a-la-louviere-avec-o-de-mon-cheri\/\"},\"wordCount\":220,\"commentCount\":1,\"publisher\":{\"@id\":\"https:\/\/vosgesinfo.fr\/epinalinfo\/#organization\"},\"image\":{\"@id\":\"https:\/\/vosgesinfo.fr\/epinalinfo\/2024\/08\/du-jazz-a-la-louviere-avec-o-de-mon-cheri\/#primaryimage\"},\"thumbnailUrl\":\"https:\/\/vosgesinfo.fr\/app\/uploads\/sites\/3\/2024\/08\/o-de-mon-cherie-10-scaled-1.jpg\",\"articleSection\":[\"A la Une\",\"Epinal\"],\"inLanguage\":\"fr-FR\",\"potentialAction\":[{\"@type\":\"CommentAction\",\"name\":\"Comment\",\"target\":[\"https:\/\/vosgesinfo.fr\/epinalinfo\/2024\/08\/du-jazz-a-la-louviere-avec-o-de-mon-cheri\/#respond\"]}]},{\"@type\":\"WebPage\",\"@id\":\"https:\/\/vosgesinfo.fr\/epinalinfo\/2024\/08\/du-jazz-a-la-louviere-avec-o-de-mon-cheri\/\",\"url\":\"https:\/\/vosgesinfo.fr\/epinalinfo\/2024\/08\/du-jazz-a-la-louviere-avec-o-de-mon-cheri\/\",\"name\":\"Du Jazz \u00e0 la Louvi\u00e8re avec \u00ab \u00f4 de mon Ch\u00e9ri \u00bb - Epinal Info\",\"isPartOf\":{\"@id\":\"https:\/\/vosgesinfo.fr\/epinalinfo\/#website\"},\"primaryImageOfPage\":{\"@id\":\"https:\/\/vosgesinfo.fr\/epinalinfo\/2024\/08\/du-jazz-a-la-louviere-avec-o-de-mon-cheri\/#primaryimage\"},\"image\":{\"@id\":\"https:\/\/vosgesinfo.fr\/epinalinfo\/2024\/08\/du-jazz-a-la-louviere-avec-o-de-mon-cheri\/#primaryimage\"},\"thumbnailUrl\":\"https:\/\/vosgesinfo.fr\/app\/uploads\/sites\/3\/2024\/08\/o-de-mon-cherie-10-scaled-1.jpg\",\"datePublished\":\"2024-08-02T21:54:35+00:00\",\"dateModified\":\"2024-08-02T21:54:35+00:00\",\"breadcrumb\":{\"@id\":\"https:\/\/vosgesinfo.fr\/epinalinfo\/2024\/08\/du-jazz-a-la-louviere-avec-o-de-mon-cheri\/#breadcrumb\"},\"inLanguage\":\"fr-FR\",\"potentialAction\":[{\"@type\":\"ReadAction\",\"target\":[\"https:\/\/vosgesinfo.fr\/epinalinfo\/2024\/08\/du-jazz-a-la-louviere-avec-o-de-mon-cheri\/\"]}]},{\"@type\":\"ImageObject\",\"inLanguage\":\"fr-FR\",\"@id\":\"https:\/\/vosgesinfo.fr\/epinalinfo\/2024\/08\/du-jazz-a-la-louviere-avec-o-de-mon-cheri\/#primaryimage\",\"url\":\"https:\/\/vosgesinfo.fr\/app\/uploads\/sites\/3\/2024\/08\/o-de-mon-cherie-10-scaled-1.jpg\",\"contentUrl\":\"https:\/\/vosgesinfo.fr\/app\/uploads\/sites\/3\/2024\/08\/o-de-mon-cherie-10-scaled-1.jpg\",\"width\":2560,\"height\":1709},{\"@type\":\"BreadcrumbList\",\"@id\":\"https:\/\/vosgesinfo.fr\/epinalinfo\/2024\/08\/du-jazz-a-la-louviere-avec-o-de-mon-cheri\/#breadcrumb\",\"itemListElement\":[{\"@type\":\"ListItem\",\"position\":1,\"name\":\"Home\",\"item\":\"https:\/\/vosgesinfo.fr\/epinalinfo\/\"},{\"@type\":\"ListItem\",\"position\":2,\"name\":\"Du Jazz \u00e0 la Louvi\u00e8re avec \u00ab \u00f4 de mon Ch\u00e9ri \u00bb\"}]},{\"@type\":\"WebSite\",\"@id\":\"https:\/\/vosgesinfo.fr\/epinalinfo\/#website\",\"url\":\"https:\/\/vosgesinfo.fr\/epinalinfo\/\",\"name\":\"Epinal Info\",\"description\":\"Toute l&#039;actualit\u00e9 d&#039;\u00c9pinal\",\"publisher\":{\"@id\":\"https:\/\/vosgesinfo.fr\/epinalinfo\/#organization\"},\"alternateName\":\"Toute l'actualit\u00e9 d'\u00c9pinal\",\"potentialAction\":[{\"@type\":\"SearchAction\",\"target\":{\"@type\":\"EntryPoint\",\"urlTemplate\":\"https:\/\/vosgesinfo.fr\/epinalinfo\/?s={search_term_string}\"},\"query-input\":\"required name=search_term_string\"}],\"inLanguage\":\"fr-FR\"},{\"@type\":\"Organization\",\"@id\":\"https:\/\/vosgesinfo.fr\/epinalinfo\/#organization\",\"name\":\"Epinal Info\",\"url\":\"https:\/\/vosgesinfo.fr\/epinalinfo\/\",\"logo\":{\"@type\":\"ImageObject\",\"inLanguage\":\"fr-FR\",\"@id\":\"https:\/\/vosgesinfo.fr\/epinalinfo\/#\/schema\/logo\/image\/\",\"url\":\"https:\/\/vosgesinfo.fr\/app\/uploads\/sites\/3\/2023\/08\/logo-epinalinfos.svg\",\"contentUrl\":\"https:\/\/vosgesinfo.fr\/app\/uploads\/sites\/3\/2023\/08\/logo-epinalinfos.svg\",\"width\":1,\"height\":1,\"caption\":\"Epinal Info\"},\"image\":{\"@id\":\"https:\/\/vosgesinfo.fr\/epinalinfo\/#\/schema\/logo\/image\/\"},\"sameAs\":[\"https:\/\/www.facebook.com\/Epinalinfos\",\"https:\/\/x.com\/VosgesInfo88\",\"https:\/\/www.youtube.com\/@vosgesinfo\"]},{\"@type\":\"Person\",\"@id\":\"https:\/\/vosgesinfo.fr\/epinalinfo\/#\/schema\/person\/6f9a650eeea99d969b6c4ab78fccbe81\",\"name\":\"C.K.\",\"image\":{\"@type\":\"ImageObject\",\"inLanguage\":\"fr-FR\",\"@id\":\"https:\/\/vosgesinfo.fr\/epinalinfo\/#\/schema\/person\/image\/\",\"url\":\"https:\/\/secure.gravatar.com\/avatar\/48e3fc7f8421ba8942be6b74a2b7f014ca39bc00dece156b7a8e098ae7dc87bf?s=96&d=mm&r=g\",\"contentUrl\":\"https:\/\/secure.gravatar.com\/avatar\/48e3fc7f8421ba8942be6b74a2b7f014ca39bc00dece156b7a8e098ae7dc87bf?s=96&d=mm&r=g\",\"caption\":\"C.K.\"},\"url\":\"https:\/\/vosgesinfo.fr\/epinalinfo\/author\/celia-k-n\/\"}]}<\/script>\n<!-- \/ Yoast SEO plugin. -->","yoast_head_json":{"title":"Du Jazz \u00e0 la Louvi\u00e8re avec \u00ab \u00f4 de mon Ch\u00e9ri \u00bb - Epinal Info","robots":{"index":"index","follow":"follow","max-snippet":"max-snippet:-1","max-image-preview":"max-image-preview:large","max-video-preview":"max-video-preview:-1"},"canonical":"https:\/\/vosgesinfo.fr\/epinalinfo\/2024\/08\/du-jazz-a-la-louviere-avec-o-de-mon-cheri\/","twitter_card":"summary_large_image","twitter_title":"Du Jazz \u00e0 la Louvi\u00e8re avec \u00ab \u00f4 de mon Ch\u00e9ri \u00bb - Epinal Info","twitter_description":"L\u2019\u00e9v\u00e9nement musical de la soir\u00e9e du 2 ao\u00fbt 2024 dans la salle de la Louvi\u00e8re a marqu\u00e9 les esprits et [&hellip;]","twitter_image":"https:\/\/vosgesinfo.fr\/app\/uploads\/sites\/3\/2024\/08\/o-de-mon-cherie-10-scaled-1.jpg","twitter_creator":"@VosgesInfo88","twitter_site":"@VosgesInfo88","twitter_misc":{"\u00c9crit par":"C.K.","Dur\u00e9e de lecture estim\u00e9e":"1 minute"},"schema":{"@context":"https:\/\/schema.org","@graph":[{"@type":"Article","@id":"https:\/\/vosgesinfo.fr\/epinalinfo\/2024\/08\/du-jazz-a-la-louviere-avec-o-de-mon-cheri\/#article","isPartOf":{"@id":"https:\/\/vosgesinfo.fr\/epinalinfo\/2024\/08\/du-jazz-a-la-louviere-avec-o-de-mon-cheri\/"},"author":{"name":"C.K.","@id":"https:\/\/vosgesinfo.fr\/epinalinfo\/#\/schema\/person\/6f9a650eeea99d969b6c4ab78fccbe81"},"headline":"Du Jazz \u00e0 la Louvi\u00e8re avec \u00ab \u00f4 de mon Ch\u00e9ri \u00bb","datePublished":"2024-08-02T21:54:35+00:00","dateModified":"2024-08-02T21:54:35+00:00","mainEntityOfPage":{"@id":"https:\/\/vosgesinfo.fr\/epinalinfo\/2024\/08\/du-jazz-a-la-louviere-avec-o-de-mon-cheri\/"},"wordCount":220,"commentCount":1,"publisher":{"@id":"https:\/\/vosgesinfo.fr\/epinalinfo\/#organization"},"image":{"@id":"https:\/\/vosgesinfo.fr\/epinalinfo\/2024\/08\/du-jazz-a-la-louviere-avec-o-de-mon-cheri\/#primaryimage"},"thumbnailUrl":"https:\/\/vosgesinfo.fr\/app\/uploads\/sites\/3\/2024\/08\/o-de-mon-cherie-10-scaled-1.jpg","articleSection":["A la Une","Epinal"],"inLanguage":"fr-FR","potentialAction":[{"@type":"CommentAction","name":"Comment","target":["https:\/\/vosgesinfo.fr\/epinalinfo\/2024\/08\/du-jazz-a-la-louviere-avec-o-de-mon-cheri\/#respond"]}]},{"@type":"WebPage","@id":"https:\/\/vosgesinfo.fr\/epinalinfo\/2024\/08\/du-jazz-a-la-louviere-avec-o-de-mon-cheri\/","url":"https:\/\/vosgesinfo.fr\/epinalinfo\/2024\/08\/du-jazz-a-la-louviere-avec-o-de-mon-cheri\/","name":"Du Jazz \u00e0 la Louvi\u00e8re avec \u00ab \u00f4 de mon Ch\u00e9ri \u00bb - Epinal Info","isPartOf":{"@id":"https:\/\/vosgesinfo.fr\/epinalinfo\/#website"},"primaryImageOfPage":{"@id":"https:\/\/vosgesinfo.fr\/epinalinfo\/2024\/08\/du-jazz-a-la-louviere-avec-o-de-mon-cheri\/#primaryimage"},"image":{"@id":"https:\/\/vosgesinfo.fr\/epinalinfo\/2024\/08\/du-jazz-a-la-louviere-avec-o-de-mon-cheri\/#primaryimage"},"thumbnailUrl":"https:\/\/vosgesinfo.fr\/app\/uploads\/sites\/3\/2024\/08\/o-de-mon-cherie-10-scaled-1.jpg","datePublished":"2024-08-02T21:54:35+00:00","dateModified":"2024-08-02T21:54:35+00:00","breadcrumb":{"@id":"https:\/\/vosgesinfo.fr\/epinalinfo\/2024\/08\/du-jazz-a-la-louviere-avec-o-de-mon-cheri\/#breadcrumb"},"inLanguage":"fr-FR","potentialAction":[{"@type":"ReadAction","target":["https:\/\/vosgesinfo.fr\/epinalinfo\/2024\/08\/du-jazz-a-la-louviere-avec-o-de-mon-cheri\/"]}]},{"@type":"ImageObject","inLanguage":"fr-FR","@id":"https:\/\/vosgesinfo.fr\/epinalinfo\/2024\/08\/du-jazz-a-la-louviere-avec-o-de-mon-cheri\/#primaryimage","url":"https:\/\/vosgesinfo.fr\/app\/uploads\/sites\/3\/2024\/08\/o-de-mon-cherie-10-scaled-1.jpg","contentUrl":"https:\/\/vosgesinfo.fr\/app\/uploads\/sites\/3\/2024\/08\/o-de-mon-cherie-10-scaled-1.jpg","width":2560,"height":1709},{"@type":"BreadcrumbList","@id":"https:\/\/vosgesinfo.fr\/epinalinfo\/2024\/08\/du-jazz-a-la-louviere-avec-o-de-mon-cheri\/#breadcrumb","itemListElement":[{"@type":"ListItem","position":1,"name":"Home","item":"https:\/\/vosgesinfo.fr\/epinalinfo\/"},{"@type":"ListItem","position":2,"name":"Du Jazz \u00e0 la Louvi\u00e8re avec \u00ab \u00f4 de mon Ch\u00e9ri \u00bb"}]},{"@type":"WebSite","@id":"https:\/\/vosgesinfo.fr\/epinalinfo\/#website","url":"https:\/\/vosgesinfo.fr\/epinalinfo\/","name":"Epinal Info","description":"Toute l&#039;actualit\u00e9 d&#039;\u00c9pinal","publisher":{"@id":"https:\/\/vosgesinfo.fr\/epinalinfo\/#organization"},"alternateName":"Toute l'actualit\u00e9 d'\u00c9pinal","potentialAction":[{"@type":"SearchAction","target":{"@type":"EntryPoint","urlTemplate":"https:\/\/vosgesinfo.fr\/epinalinfo\/?s={search_term_string}"},"query-input":"required name=search_term_string"}],"inLanguage":"fr-FR"},{"@type":"Organization","@id":"https:\/\/vosgesinfo.fr\/epinalinfo\/#organization","name":"Epinal Info","url":"https:\/\/vosgesinfo.fr\/epinalinfo\/","logo":{"@type":"ImageObject","inLanguage":"fr-FR","@id":"https:\/\/vosgesinfo.fr\/epinalinfo\/#\/schema\/logo\/image\/","url":"https:\/\/vosgesinfo.fr\/app\/uploads\/sites\/3\/2023\/08\/logo-epinalinfos.svg","contentUrl":"https:\/\/vosgesinfo.fr\/app\/uploads\/sites\/3\/2023\/08\/logo-epinalinfos.svg","width":1,"height":1,"caption":"Epinal Info"},"image":{"@id":"https:\/\/vosgesinfo.fr\/epinalinfo\/#\/schema\/logo\/image\/"},"sameAs":["https:\/\/www.facebook.com\/Epinalinfos","https:\/\/x.com\/VosgesInfo88","https:\/\/www.youtube.com\/@vosgesinfo"]},{"@type":"Person","@id":"https:\/\/vosgesinfo.fr\/epinalinfo\/#\/schema\/person\/6f9a650eeea99d969b6c4ab78fccbe81","name":"C.K.","image":{"@type":"ImageObject","inLanguage":"fr-FR","@id":"https:\/\/vosgesinfo.fr\/epinalinfo\/#\/schema\/person\/image\/","url":"https:\/\/secure.gravatar.com\/avatar\/48e3fc7f8421ba8942be6b74a2b7f014ca39bc00dece156b7a8e098ae7dc87bf?s=96&d=mm&r=g","contentUrl":"https:\/\/secure.gravatar.com\/avatar\/48e3fc7f8421ba8942be6b74a2b7f014ca39bc00dece156b7a8e098ae7dc87bf?s=96&d=mm&r=g","caption":"C.K."},"url":"https:\/\/vosgesinfo.fr\/epinalinfo\/author\/celia-k-n\/"}]}},"_links":{"self":[{"href":"https:\/\/vosgesinfo.fr\/epinalinfo\/wp-json\/wp\/v2\/posts\/68722","targetHints":{"allow":["GET"]}}],"collection":[{"href":"https:\/\/vosgesinfo.fr\/epinalinfo\/wp-json\/wp\/v2\/posts"}],"about":[{"href":"https:\/\/vosgesinfo.fr\/epinalinfo\/wp-json\/wp\/v2\/types\/post"}],"author":[{"embeddable":true,"href":"https:\/\/vosgesinfo.fr\/epinalinfo\/wp-json\/wp\/v2\/users\/52"}],"replies":[{"embeddable":true,"href":"https:\/\/vosgesinfo.fr\/epinalinfo\/wp-json\/wp\/v2\/comments?post=68722"}],"version-history":[{"count":0,"href":"https:\/\/vosgesinfo.fr\/epinalinfo\/wp-json\/wp\/v2\/posts\/68722\/revisions"}],"wp:featuredmedia":[{"embeddable":true,"href":"https:\/\/vosgesinfo.fr\/epinalinfo\/wp-json\/wp\/v2\/media\/68723"}],"wp:attachment":[{"href":"https:\/\/vosgesinfo.fr\/epinalinfo\/wp-json\/wp\/v2\/media?parent=68722"}],"wp:term":[{"taxonomy":"category","embeddable":true,"href":"https:\/\/vosgesinfo.fr\/epinalinfo\/wp-json\/wp\/v2\/categories?post=68722"},{"taxonomy":"post_tag","embeddable":true,"href":"https:\/\/vosgesinfo.fr\/epinalinfo\/wp-json\/wp\/v2\/tags?post=68722"}],"curies":[{"name":"wp","href":"https:\/\/api.w.org\/{rel}","templated":true}]}}