{"id":68753,"date":"2017-01-03T07:43:05","date_gmt":"2017-01-03T06:43:05","guid":{"rendered":"https:\/\/vosgesinfo.fr\/epinalinfo\/2017\/01\/pouxeux-deces-de-maurice-mauffrey-createur-transports-mauffrey\/"},"modified":"2017-01-03T07:43:05","modified_gmt":"2017-01-03T06:43:05","slug":"pouxeux-deces-de-maurice-mauffrey-createur-transports-mauffrey","status":"publish","type":"post","link":"https:\/\/vosgesinfo.fr\/epinalinfo\/2017\/01\/pouxeux-deces-de-maurice-mauffrey-createur-transports-mauffrey\/","title":{"rendered":"Pouxeux \u2013 Le d\u00e9c\u00e8s de Maurice Mauffrey, cr\u00e9ateur des Transports Mauffrey"},"content":{"rendered":"<p><strong>Le monde du transport routier est en deuil. Maurice Mauffrey nous a quitt\u00e9s ce lundi 2 janvier 2017 \u00e0 l\u2019\u00e2ge de 89 ans. Mari\u00e9 \u00e0 Simone, il \u00e9tait le p\u00e8re de quatre fils qui dirigent aujourd\u2019hui son entreprise.<\/strong><\/p>\n<p><a href=\"https:\/\/vosgesinfo.fr\/app\/uploads\/sites\/3\/2017\/01\/maurice-mauffrey.jpg\" data-featherlight=\"image\"><img decoding=\"async\" class=\"alignleft wp-image-180036 size-full\" src=\"https:\/\/vosgesinfo.fr\/app\/uploads\/sites\/3\/2017\/01\/maurice-mauffrey.jpg\" alt=\"Maurice Mauffrey\" width=\"355\" height=\"563\" \/><\/a>N\u00e9 le 11 septembre 1927, Maurice Mauffrey se lance, comme beaucoup de jeunes Vosgiens, dans le m\u00e9tier de d\u00e9bardeur forestier \u00e0 son retour du service militaire.<\/p>\n<p>C\u2019est en 1954 que devant le besoin des scieries de transporter la marchandise, depuis les Vosges \u00e0 Paris, Maurice Mauffrey cr\u00e9e les Transports Maurice Mauffrey. Situ\u00e9 \u00e0 Pouxeux, il est sp\u00e9cialis\u00e9 dans le transport des produits forestiers. La soci\u00e9t\u00e9 comprend 3 employ\u00e9s.<\/p>\n<p>En 1964, il fonde la soci\u00e9t\u00e9 anonyme Transports Mauffrey S.A.. Elle compte 65 salari\u00e9s et un parc \u00ab\u00a0v\u00e9hicule\u00a0\u00bb de 60 camions. L\u2019activit\u00e9 s\u2019\u00e9tend \u00e0 de nombreux secteurs d\u2019activit\u00e9s et les prestations se diversifient avec notamment l\u2019arriv\u00e9e des premi\u00e8res citernes.<\/p>\n<p>Maurice Mauffrey d\u00e9m\u00e9nage son entreprise en 1972 dans les locaux de Saint-Nabord. En 1974, il ouvre la premi\u00e8re filiale du groupe \u00e0 Paris qui deviendra Mauffrey \u00cele de France. Suivra un fort d\u00e9veloppement par cr\u00e9ation ou rachat : Rouen, Lille, Valr\u00e9as, Lyon, Luxembourg\u2026 En 1987, il lance l\u2019activit\u00e9<span class=\"Apple-converted-space\">\u00a0l<\/span>ogistique.<\/p>\n<p>Ses fils Dominique, Jean-Luc, Eric et Bruno ont pris le relais. A l\u2019occasion du 50e anniversaire en 2014, la Holding Financi\u00e8re Mauffrey emploie 1.800 salari\u00e9s r\u00e9partis sur une trentaine de sites.<\/p>\n<p>Les obs\u00e8ques de Maurice Mauffrey seront c\u00e9l\u00e9br\u00e9es jeudi 5 janvier 2017 \u00e0 10 heures 00 en l\u2019\u00e9glise de Pouxeux. Son corps repose \u00e0 la Maison Fun\u00e9raire de Pouxeux.<\/p>\n<p>L\u2019histoire du groupe Mauffrey est \u00e0 retrouver en cliquant <a href=\"https:\/\/issuu.com\/carreblancstrasbourg\/docs\/mauffrey_issu\" target=\"_blank\" rel=\"noopener\">ici<\/a>.<\/p>\n<p><strong>D.J.<\/strong><\/p>\n","protected":false},"excerpt":{"rendered":"<p>Le monde du transport routier est en deuil. Maurice Mauffrey nous a quitt\u00e9s ce lundi 2 janvier 2017 \u00e0 l\u2019\u00e2ge [&hellip;]<\/p>\n","protected":false},"author":52,"featured_media":68752,"comment_status":"open","ping_status":"open","sticky":false,"template":"","format":"standard","meta":{"footnotes":""},"categories":[22,431,5],"tags":[],"class_list":["post-68753","post","type-post","status-publish","format-standard","has-post-thumbnail","hentry","category-a-la-une","category-avis-de-deces","category-vosges"],"acf":[],"yoast_head":"<!-- This site is optimized with the Yoast SEO plugin v22.5 - https:\/\/yoast.com\/wordpress\/plugins\/seo\/ -->\n<title>Pouxeux \u2013 Le d\u00e9c\u00e8s de Maurice Mauffrey, cr\u00e9ateur des Transports Mauffrey - Epinal Info<\/title>\n<meta name=\"robots\" content=\"index, follow, max-snippet:-1, max-image-preview:large, max-video-preview:-1\" \/>\n<link rel=\"canonical\" href=\"https:\/\/vosgesinfo.fr\/epinalinfo\/2017\/01\/pouxeux-deces-de-maurice-mauffrey-createur-transports-mauffrey\/\" \/>\n<meta name=\"twitter:card\" content=\"summary_large_image\" \/>\n<meta name=\"twitter:title\" content=\"Pouxeux \u2013 Le d\u00e9c\u00e8s de Maurice Mauffrey, cr\u00e9ateur des Transports Mauffrey - Epinal Info\" \/>\n<meta name=\"twitter:description\" content=\"Le monde du transport routier est en deuil. Maurice Mauffrey nous a quitt\u00e9s ce lundi 2 janvier 2017 \u00e0 l\u2019\u00e2ge [&hellip;]\" \/>\n<meta name=\"twitter:image\" content=\"https:\/\/vosgesinfo.fr\/app\/uploads\/sites\/3\/2017\/01\/maurice-mauffrey.jpg\" \/>\n<meta name=\"twitter:creator\" content=\"@VosgesInfo88\" \/>\n<meta name=\"twitter:site\" content=\"@VosgesInfo88\" \/>\n<meta name=\"twitter:label1\" content=\"\u00c9crit par\" \/>\n\t<meta name=\"twitter:data1\" content=\"C.K.\" \/>\n\t<meta name=\"twitter:label2\" content=\"Dur\u00e9e de lecture estim\u00e9e\" \/>\n\t<meta name=\"twitter:data2\" content=\"1 minute\" \/>\n<script type=\"application\/ld+json\" class=\"yoast-schema-graph\">{\"@context\":\"https:\/\/schema.org\",\"@graph\":[{\"@type\":\"Article\",\"@id\":\"https:\/\/vosgesinfo.fr\/epinalinfo\/2017\/01\/pouxeux-deces-de-maurice-mauffrey-createur-transports-mauffrey\/#article\",\"isPartOf\":{\"@id\":\"https:\/\/vosgesinfo.fr\/epinalinfo\/2017\/01\/pouxeux-deces-de-maurice-mauffrey-createur-transports-mauffrey\/\"},\"author\":{\"name\":\"C.K.\",\"@id\":\"https:\/\/vosgesinfo.fr\/epinalinfo\/#\/schema\/person\/6f9a650eeea99d969b6c4ab78fccbe81\"},\"headline\":\"Pouxeux \u2013 Le d\u00e9c\u00e8s de Maurice Mauffrey, cr\u00e9ateur des Transports Mauffrey\",\"datePublished\":\"2017-01-03T06:43:05+00:00\",\"dateModified\":\"2017-01-03T06:43:05+00:00\",\"mainEntityOfPage\":{\"@id\":\"https:\/\/vosgesinfo.fr\/epinalinfo\/2017\/01\/pouxeux-deces-de-maurice-mauffrey-createur-transports-mauffrey\/\"},\"wordCount\":288,\"commentCount\":0,\"publisher\":{\"@id\":\"https:\/\/vosgesinfo.fr\/epinalinfo\/#organization\"},\"image\":{\"@id\":\"https:\/\/vosgesinfo.fr\/epinalinfo\/2017\/01\/pouxeux-deces-de-maurice-mauffrey-createur-transports-mauffrey\/#primaryimage\"},\"thumbnailUrl\":\"https:\/\/vosgesinfo.fr\/app\/uploads\/sites\/3\/2017\/01\/maurice-mauffrey.jpg\",\"articleSection\":[\"A la Une\",\"Avis de d\u00e9c\u00e8s\",\"Vosges\"],\"inLanguage\":\"fr-FR\",\"potentialAction\":[{\"@type\":\"CommentAction\",\"name\":\"Comment\",\"target\":[\"https:\/\/vosgesinfo.fr\/epinalinfo\/2017\/01\/pouxeux-deces-de-maurice-mauffrey-createur-transports-mauffrey\/#respond\"]}]},{\"@type\":\"WebPage\",\"@id\":\"https:\/\/vosgesinfo.fr\/epinalinfo\/2017\/01\/pouxeux-deces-de-maurice-mauffrey-createur-transports-mauffrey\/\",\"url\":\"https:\/\/vosgesinfo.fr\/epinalinfo\/2017\/01\/pouxeux-deces-de-maurice-mauffrey-createur-transports-mauffrey\/\",\"name\":\"Pouxeux \u2013 Le d\u00e9c\u00e8s de Maurice Mauffrey, cr\u00e9ateur des Transports Mauffrey - Epinal Info\",\"isPartOf\":{\"@id\":\"https:\/\/vosgesinfo.fr\/epinalinfo\/#website\"},\"primaryImageOfPage\":{\"@id\":\"https:\/\/vosgesinfo.fr\/epinalinfo\/2017\/01\/pouxeux-deces-de-maurice-mauffrey-createur-transports-mauffrey\/#primaryimage\"},\"image\":{\"@id\":\"https:\/\/vosgesinfo.fr\/epinalinfo\/2017\/01\/pouxeux-deces-de-maurice-mauffrey-createur-transports-mauffrey\/#primaryimage\"},\"thumbnailUrl\":\"https:\/\/vosgesinfo.fr\/app\/uploads\/sites\/3\/2017\/01\/maurice-mauffrey.jpg\",\"datePublished\":\"2017-01-03T06:43:05+00:00\",\"dateModified\":\"2017-01-03T06:43:05+00:00\",\"breadcrumb\":{\"@id\":\"https:\/\/vosgesinfo.fr\/epinalinfo\/2017\/01\/pouxeux-deces-de-maurice-mauffrey-createur-transports-mauffrey\/#breadcrumb\"},\"inLanguage\":\"fr-FR\",\"potentialAction\":[{\"@type\":\"ReadAction\",\"target\":[\"https:\/\/vosgesinfo.fr\/epinalinfo\/2017\/01\/pouxeux-deces-de-maurice-mauffrey-createur-transports-mauffrey\/\"]}]},{\"@type\":\"ImageObject\",\"inLanguage\":\"fr-FR\",\"@id\":\"https:\/\/vosgesinfo.fr\/epinalinfo\/2017\/01\/pouxeux-deces-de-maurice-mauffrey-createur-transports-mauffrey\/#primaryimage\",\"url\":\"https:\/\/vosgesinfo.fr\/app\/uploads\/sites\/3\/2017\/01\/maurice-mauffrey.jpg\",\"contentUrl\":\"https:\/\/vosgesinfo.fr\/app\/uploads\/sites\/3\/2017\/01\/maurice-mauffrey.jpg\"},{\"@type\":\"BreadcrumbList\",\"@id\":\"https:\/\/vosgesinfo.fr\/epinalinfo\/2017\/01\/pouxeux-deces-de-maurice-mauffrey-createur-transports-mauffrey\/#breadcrumb\",\"itemListElement\":[{\"@type\":\"ListItem\",\"position\":1,\"name\":\"Home\",\"item\":\"https:\/\/vosgesinfo.fr\/epinalinfo\/\"},{\"@type\":\"ListItem\",\"position\":2,\"name\":\"Pouxeux \u2013 Le d\u00e9c\u00e8s de Maurice Mauffrey, cr\u00e9ateur des Transports Mauffrey\"}]},{\"@type\":\"WebSite\",\"@id\":\"https:\/\/vosgesinfo.fr\/epinalinfo\/#website\",\"url\":\"https:\/\/vosgesinfo.fr\/epinalinfo\/\",\"name\":\"Epinal Info\",\"description\":\"Toute l&#039;actualit\u00e9 d&#039;\u00c9pinal\",\"publisher\":{\"@id\":\"https:\/\/vosgesinfo.fr\/epinalinfo\/#organization\"},\"alternateName\":\"Toute l'actualit\u00e9 d'\u00c9pinal\",\"potentialAction\":[{\"@type\":\"SearchAction\",\"target\":{\"@type\":\"EntryPoint\",\"urlTemplate\":\"https:\/\/vosgesinfo.fr\/epinalinfo\/?s={search_term_string}\"},\"query-input\":\"required name=search_term_string\"}],\"inLanguage\":\"fr-FR\"},{\"@type\":\"Organization\",\"@id\":\"https:\/\/vosgesinfo.fr\/epinalinfo\/#organization\",\"name\":\"Epinal Info\",\"url\":\"https:\/\/vosgesinfo.fr\/epinalinfo\/\",\"logo\":{\"@type\":\"ImageObject\",\"inLanguage\":\"fr-FR\",\"@id\":\"https:\/\/vosgesinfo.fr\/epinalinfo\/#\/schema\/logo\/image\/\",\"url\":\"https:\/\/vosgesinfo.fr\/app\/uploads\/sites\/3\/2023\/08\/logo-epinalinfos.svg\",\"contentUrl\":\"https:\/\/vosgesinfo.fr\/app\/uploads\/sites\/3\/2023\/08\/logo-epinalinfos.svg\",\"width\":1,\"height\":1,\"caption\":\"Epinal Info\"},\"image\":{\"@id\":\"https:\/\/vosgesinfo.fr\/epinalinfo\/#\/schema\/logo\/image\/\"},\"sameAs\":[\"https:\/\/www.facebook.com\/Epinalinfos\",\"https:\/\/x.com\/VosgesInfo88\",\"https:\/\/www.youtube.com\/@vosgesinfo\"]},{\"@type\":\"Person\",\"@id\":\"https:\/\/vosgesinfo.fr\/epinalinfo\/#\/schema\/person\/6f9a650eeea99d969b6c4ab78fccbe81\",\"name\":\"C.K.\",\"image\":{\"@type\":\"ImageObject\",\"inLanguage\":\"fr-FR\",\"@id\":\"https:\/\/vosgesinfo.fr\/epinalinfo\/#\/schema\/person\/image\/\",\"url\":\"https:\/\/secure.gravatar.com\/avatar\/48e3fc7f8421ba8942be6b74a2b7f014ca39bc00dece156b7a8e098ae7dc87bf?s=96&d=mm&r=g\",\"contentUrl\":\"https:\/\/secure.gravatar.com\/avatar\/48e3fc7f8421ba8942be6b74a2b7f014ca39bc00dece156b7a8e098ae7dc87bf?s=96&d=mm&r=g\",\"caption\":\"C.K.\"},\"url\":\"https:\/\/vosgesinfo.fr\/epinalinfo\/author\/celia-k-n\/\"}]}<\/script>\n<!-- \/ Yoast SEO plugin. -->","yoast_head_json":{"title":"Pouxeux \u2013 Le d\u00e9c\u00e8s de Maurice Mauffrey, cr\u00e9ateur des Transports Mauffrey - Epinal Info","robots":{"index":"index","follow":"follow","max-snippet":"max-snippet:-1","max-image-preview":"max-image-preview:large","max-video-preview":"max-video-preview:-1"},"canonical":"https:\/\/vosgesinfo.fr\/epinalinfo\/2017\/01\/pouxeux-deces-de-maurice-mauffrey-createur-transports-mauffrey\/","twitter_card":"summary_large_image","twitter_title":"Pouxeux \u2013 Le d\u00e9c\u00e8s de Maurice Mauffrey, cr\u00e9ateur des Transports Mauffrey - Epinal Info","twitter_description":"Le monde du transport routier est en deuil. Maurice Mauffrey nous a quitt\u00e9s ce lundi 2 janvier 2017 \u00e0 l\u2019\u00e2ge [&hellip;]","twitter_image":"https:\/\/vosgesinfo.fr\/app\/uploads\/sites\/3\/2017\/01\/maurice-mauffrey.jpg","twitter_creator":"@VosgesInfo88","twitter_site":"@VosgesInfo88","twitter_misc":{"\u00c9crit par":"C.K.","Dur\u00e9e de lecture estim\u00e9e":"1 minute"},"schema":{"@context":"https:\/\/schema.org","@graph":[{"@type":"Article","@id":"https:\/\/vosgesinfo.fr\/epinalinfo\/2017\/01\/pouxeux-deces-de-maurice-mauffrey-createur-transports-mauffrey\/#article","isPartOf":{"@id":"https:\/\/vosgesinfo.fr\/epinalinfo\/2017\/01\/pouxeux-deces-de-maurice-mauffrey-createur-transports-mauffrey\/"},"author":{"name":"C.K.","@id":"https:\/\/vosgesinfo.fr\/epinalinfo\/#\/schema\/person\/6f9a650eeea99d969b6c4ab78fccbe81"},"headline":"Pouxeux \u2013 Le d\u00e9c\u00e8s de Maurice Mauffrey, cr\u00e9ateur des Transports Mauffrey","datePublished":"2017-01-03T06:43:05+00:00","dateModified":"2017-01-03T06:43:05+00:00","mainEntityOfPage":{"@id":"https:\/\/vosgesinfo.fr\/epinalinfo\/2017\/01\/pouxeux-deces-de-maurice-mauffrey-createur-transports-mauffrey\/"},"wordCount":288,"commentCount":0,"publisher":{"@id":"https:\/\/vosgesinfo.fr\/epinalinfo\/#organization"},"image":{"@id":"https:\/\/vosgesinfo.fr\/epinalinfo\/2017\/01\/pouxeux-deces-de-maurice-mauffrey-createur-transports-mauffrey\/#primaryimage"},"thumbnailUrl":"https:\/\/vosgesinfo.fr\/app\/uploads\/sites\/3\/2017\/01\/maurice-mauffrey.jpg","articleSection":["A la Une","Avis de d\u00e9c\u00e8s","Vosges"],"inLanguage":"fr-FR","potentialAction":[{"@type":"CommentAction","name":"Comment","target":["https:\/\/vosgesinfo.fr\/epinalinfo\/2017\/01\/pouxeux-deces-de-maurice-mauffrey-createur-transports-mauffrey\/#respond"]}]},{"@type":"WebPage","@id":"https:\/\/vosgesinfo.fr\/epinalinfo\/2017\/01\/pouxeux-deces-de-maurice-mauffrey-createur-transports-mauffrey\/","url":"https:\/\/vosgesinfo.fr\/epinalinfo\/2017\/01\/pouxeux-deces-de-maurice-mauffrey-createur-transports-mauffrey\/","name":"Pouxeux \u2013 Le d\u00e9c\u00e8s de Maurice Mauffrey, cr\u00e9ateur des Transports Mauffrey - Epinal Info","isPartOf":{"@id":"https:\/\/vosgesinfo.fr\/epinalinfo\/#website"},"primaryImageOfPage":{"@id":"https:\/\/vosgesinfo.fr\/epinalinfo\/2017\/01\/pouxeux-deces-de-maurice-mauffrey-createur-transports-mauffrey\/#primaryimage"},"image":{"@id":"https:\/\/vosgesinfo.fr\/epinalinfo\/2017\/01\/pouxeux-deces-de-maurice-mauffrey-createur-transports-mauffrey\/#primaryimage"},"thumbnailUrl":"https:\/\/vosgesinfo.fr\/app\/uploads\/sites\/3\/2017\/01\/maurice-mauffrey.jpg","datePublished":"2017-01-03T06:43:05+00:00","dateModified":"2017-01-03T06:43:05+00:00","breadcrumb":{"@id":"https:\/\/vosgesinfo.fr\/epinalinfo\/2017\/01\/pouxeux-deces-de-maurice-mauffrey-createur-transports-mauffrey\/#breadcrumb"},"inLanguage":"fr-FR","potentialAction":[{"@type":"ReadAction","target":["https:\/\/vosgesinfo.fr\/epinalinfo\/2017\/01\/pouxeux-deces-de-maurice-mauffrey-createur-transports-mauffrey\/"]}]},{"@type":"ImageObject","inLanguage":"fr-FR","@id":"https:\/\/vosgesinfo.fr\/epinalinfo\/2017\/01\/pouxeux-deces-de-maurice-mauffrey-createur-transports-mauffrey\/#primaryimage","url":"https:\/\/vosgesinfo.fr\/app\/uploads\/sites\/3\/2017\/01\/maurice-mauffrey.jpg","contentUrl":"https:\/\/vosgesinfo.fr\/app\/uploads\/sites\/3\/2017\/01\/maurice-mauffrey.jpg"},{"@type":"BreadcrumbList","@id":"https:\/\/vosgesinfo.fr\/epinalinfo\/2017\/01\/pouxeux-deces-de-maurice-mauffrey-createur-transports-mauffrey\/#breadcrumb","itemListElement":[{"@type":"ListItem","position":1,"name":"Home","item":"https:\/\/vosgesinfo.fr\/epinalinfo\/"},{"@type":"ListItem","position":2,"name":"Pouxeux \u2013 Le d\u00e9c\u00e8s de Maurice Mauffrey, cr\u00e9ateur des Transports Mauffrey"}]},{"@type":"WebSite","@id":"https:\/\/vosgesinfo.fr\/epinalinfo\/#website","url":"https:\/\/vosgesinfo.fr\/epinalinfo\/","name":"Epinal Info","description":"Toute l&#039;actualit\u00e9 d&#039;\u00c9pinal","publisher":{"@id":"https:\/\/vosgesinfo.fr\/epinalinfo\/#organization"},"alternateName":"Toute l'actualit\u00e9 d'\u00c9pinal","potentialAction":[{"@type":"SearchAction","target":{"@type":"EntryPoint","urlTemplate":"https:\/\/vosgesinfo.fr\/epinalinfo\/?s={search_term_string}"},"query-input":"required name=search_term_string"}],"inLanguage":"fr-FR"},{"@type":"Organization","@id":"https:\/\/vosgesinfo.fr\/epinalinfo\/#organization","name":"Epinal Info","url":"https:\/\/vosgesinfo.fr\/epinalinfo\/","logo":{"@type":"ImageObject","inLanguage":"fr-FR","@id":"https:\/\/vosgesinfo.fr\/epinalinfo\/#\/schema\/logo\/image\/","url":"https:\/\/vosgesinfo.fr\/app\/uploads\/sites\/3\/2023\/08\/logo-epinalinfos.svg","contentUrl":"https:\/\/vosgesinfo.fr\/app\/uploads\/sites\/3\/2023\/08\/logo-epinalinfos.svg","width":1,"height":1,"caption":"Epinal Info"},"image":{"@id":"https:\/\/vosgesinfo.fr\/epinalinfo\/#\/schema\/logo\/image\/"},"sameAs":["https:\/\/www.facebook.com\/Epinalinfos","https:\/\/x.com\/VosgesInfo88","https:\/\/www.youtube.com\/@vosgesinfo"]},{"@type":"Person","@id":"https:\/\/vosgesinfo.fr\/epinalinfo\/#\/schema\/person\/6f9a650eeea99d969b6c4ab78fccbe81","name":"C.K.","image":{"@type":"ImageObject","inLanguage":"fr-FR","@id":"https:\/\/vosgesinfo.fr\/epinalinfo\/#\/schema\/person\/image\/","url":"https:\/\/secure.gravatar.com\/avatar\/48e3fc7f8421ba8942be6b74a2b7f014ca39bc00dece156b7a8e098ae7dc87bf?s=96&d=mm&r=g","contentUrl":"https:\/\/secure.gravatar.com\/avatar\/48e3fc7f8421ba8942be6b74a2b7f014ca39bc00dece156b7a8e098ae7dc87bf?s=96&d=mm&r=g","caption":"C.K."},"url":"https:\/\/vosgesinfo.fr\/epinalinfo\/author\/celia-k-n\/"}]}},"_links":{"self":[{"href":"https:\/\/vosgesinfo.fr\/epinalinfo\/wp-json\/wp\/v2\/posts\/68753","targetHints":{"allow":["GET"]}}],"collection":[{"href":"https:\/\/vosgesinfo.fr\/epinalinfo\/wp-json\/wp\/v2\/posts"}],"about":[{"href":"https:\/\/vosgesinfo.fr\/epinalinfo\/wp-json\/wp\/v2\/types\/post"}],"author":[{"embeddable":true,"href":"https:\/\/vosgesinfo.fr\/epinalinfo\/wp-json\/wp\/v2\/users\/52"}],"replies":[{"embeddable":true,"href":"https:\/\/vosgesinfo.fr\/epinalinfo\/wp-json\/wp\/v2\/comments?post=68753"}],"version-history":[{"count":0,"href":"https:\/\/vosgesinfo.fr\/epinalinfo\/wp-json\/wp\/v2\/posts\/68753\/revisions"}],"wp:featuredmedia":[{"embeddable":true,"href":"https:\/\/vosgesinfo.fr\/epinalinfo\/wp-json\/wp\/v2\/media\/68752"}],"wp:attachment":[{"href":"https:\/\/vosgesinfo.fr\/epinalinfo\/wp-json\/wp\/v2\/media?parent=68753"}],"wp:term":[{"taxonomy":"category","embeddable":true,"href":"https:\/\/vosgesinfo.fr\/epinalinfo\/wp-json\/wp\/v2\/categories?post=68753"},{"taxonomy":"post_tag","embeddable":true,"href":"https:\/\/vosgesinfo.fr\/epinalinfo\/wp-json\/wp\/v2\/tags?post=68753"}],"curies":[{"name":"wp","href":"https:\/\/api.w.org\/{rel}","templated":true}]}}