{"id":68765,"date":"2017-01-03T05:15:57","date_gmt":"2017-01-03T04:15:57","guid":{"rendered":"https:\/\/vosgesinfo.fr\/epinalinfo\/2017\/01\/candidate-de-lemission-the-voice-4-a-epinal\/"},"modified":"2017-01-03T05:15:57","modified_gmt":"2017-01-03T04:15:57","slug":"candidate-de-lemission-the-voice-4-a-epinal","status":"publish","type":"post","link":"https:\/\/vosgesinfo.fr\/epinalinfo\/2017\/01\/candidate-de-lemission-the-voice-4-a-epinal\/","title":{"rendered":"Une candidate de l&rsquo;\u00e9mission \u00ab\u00a0The Voice\u00a0\u00bb 4,  \u00e0 Epinal"},"content":{"rendered":"<p><a href=\"http:\/\/epinalinfos.fr\/2017\/01\/candidate-de-lemission-the-voice-4-a-epinal\/laury-perez-1\/\" rel=\"attachment wp-att-106470\"><img decoding=\"async\" class=\"aligncenter size-full wp-image-106470\" src=\"\/2017\/01\/Laury-Perez-1.jpg\" alt=\"Laury Perez (1)\" width=\"225\" height=\"225\" \/><\/a><\/p>\n<p><strong>Laury\u00a0Perez, la candidate de l&rsquo;\u00e9mission \u00ab\u00a0The Voice\u00a0\u00bb Saison 4 sera\u00a0professeur\u00a0\u00e0\u00a0l\u2019acad\u00e9mie de la Com\u00e9die de l&rsquo;Est de Remiremont une\u00a0fois\u00a0par\u00a0mois\u00a0\u00e0\u00a0compter\u00a0du\u00a0dimanche\u00a08\u00a0janvier\u00a02017. Les\u00a0r\u00e9p\u00e9titions\u00a0se\u00a0d\u00e9rouleront\u00a0au\u00a0Centre\u00a0L\u00e9o\u00a0Lagrange d&rsquo;Epinal \u00a0situ\u00e9 \u00e0\u00a0c\u00f4t\u00e9\u00a0de\u00a0la\u00a0piscine\u00a0Olympique.<\/strong><br \/>\nLaury\u00a0Perez\u00a0est\u00a0engag\u00e9e\u00a0en\u00a02014\u00a0en\u00a0tant\u00a0que\u00a0danseuse\/choriste\u00a0(ensemble)\u00a0et\u00a0deuxi\u00e8me\u00a0doublure\u00a0du\u00a0r\u00f4le\u00a0de\u00a0Dorothy\u00a0dans\u00a0la\u00a0compagnie\u00a0du\u00a0Magicien\u00a0d&rsquo;Oz au palais\u00a0des\u00a0Congr\u00e8s de Paris.<br \/>\nCandidate\u00a0dans\u00a0l&rsquo;\u00e9mission\u00a0\u00ab\u00a0The\u00a0Voice\u00a0\u00bb\u00a0Saison\u00a04, elle a re\u00e7u 3\u00a0primes\u00a0aux\u00a0c\u00f4t\u00e9s\u00a0de\u00a0Mika. Elle fait actuellement partie de la\u00a0tourn\u00e9e\u00a0de\u00a0The\u00a0Voice\u00a0Family.<br \/>\nElle\u00a0est\u00a0\u00e9galement\u00a0Professeur\u00a0de\u00a0Chor\u00e9graphie\u00a0chant\u00e9e\u00a0et\u00a0de\u00a0chant\u00a0Harmonie,\u00a0Technique\u00a0et\u00a0Interpr\u00e9tation\u00a0\u00e0\u00a0l&rsquo;AICOM\u00a0(Acad\u00e9mie\u00a0Internationale\u00a0de\u00a0Com\u00e9die\u00a0Musicale\u00a0\u00e0\u00a0Paris)\u00a0depuis\u00a0d\u00e9but\u00a02015\u00a0et\u00a0assure\u00a0le\u00a0coaching\u00a0des\u00a0artistes\u00a0des\u00a0grandes\u00a0com\u00e9dies\u00a0musicales\u00a0de\u00a0Paris.<\/p>\n<p data-block=\"true\" data-editor=\"31qhu\" data-offset-key=\"bm15i-0-0\"><span data-offset-key=\"f7bv0-0-0\"><span data-text=\"true\">Dans le cadre de la com\u00e9die musicale \u00ab La Valse beige \u00bb dont l\u2019action se situe dans une guinguette des bords de Marne pendant les ann\u00e9es 30, l\u2019Acad\u00e9mie a fait venir le groupe \u00ab Bords de Marne \u00bb qui donnera un concert exceptionnel le samedi 14 janvier 2017 \u00e0 15 heures au centre culturel de Remiremont. Ils revisiteront en musique et chansons l\u2019histoire des guinguettes.<\/span><\/span><\/p>\n<p class=\"_1mf _1mj\" data-offset-key=\"f7bv0-0-0\">Il y aura \u00e9galement une premi\u00e8re pr\u00e9sentation publique de la troupe \u00ab La Belle Equipe \u00bb qui comprend les 23 enfants s\u00e9lectionn\u00e9s pour interpr\u00e9ter la com\u00e9die musicale.<\/p>\n<p class=\"_1mf _1mj\" data-offset-key=\"8fa8o-0-0\"><span data-offset-key=\"8fa8o-0-0\"><span data-text=\"true\">A cette occasion, ils vous parleront de leur belle aventure et interpr\u00e9teront la chanson titre de la com\u00e9die, accompagn\u00e9s des musiciens du groupe \u00ab Bords de Marne \u00bb. L\u2019un manie la guitare, l\u2019autre l\u2019accord\u00e9on et tous deux, titis bourlingueurs \u00e0 la casquette viss\u00e9e sur la t\u00eate, nous trimbalent de caboulot en guinguette aux sons d\u2019un swing musette fleurant bon les tonalit\u00e9s manouches. Nos pens\u00e9es vagabondent alors qu\u2019ils nous prom\u00e8nent de port en train dans des compositions personnelles ou emprunt\u00e9es \u00e0 Jo Privat, Tony Murena ou Marcel Loeffler. Leur musique est gouailleuse ou nostalgique, nous fait passer des accents orientaux aux bals irlandais en de magnifiques pirouettes, glisse comme le tango ou spirale comme la valse. Ils voyagent le monde, s\u2019abreuvent de ses tempos et quand ils empruntent au jazz, la java va.<\/span><\/span><\/p>\n<p class=\"_1mf _1mj\" data-offset-key=\"8fa8o-0-0\">Entr\u00e9e libre dans la mesure des places disponibles.<\/p>\n","protected":false},"excerpt":{"rendered":"<p>Laury\u00a0Perez, la candidate de l&rsquo;\u00e9mission \u00ab\u00a0The Voice\u00a0\u00bb Saison 4 sera\u00a0professeur\u00a0\u00e0\u00a0l\u2019acad\u00e9mie de la Com\u00e9die de l&rsquo;Est de Remiremont une\u00a0fois\u00a0par\u00a0mois\u00a0\u00e0\u00a0compter\u00a0du\u00a0dimanche\u00a08\u00a0janvier\u00a02017. Les\u00a0r\u00e9p\u00e9titions\u00a0se\u00a0d\u00e9rouleront\u00a0au\u00a0Centre\u00a0L\u00e9o\u00a0Lagrange d&rsquo;Epinal [&hellip;]<\/p>\n","protected":false},"author":52,"featured_media":68766,"comment_status":"open","ping_status":"open","sticky":false,"template":"","format":"standard","meta":{"footnotes":""},"categories":[22,12,24,28],"tags":[9781,9782,9783,9784,3156,9785,9786,9787,7600],"class_list":["post-68765","post","type-post","status-publish","format-standard","has-post-thumbnail","hentry","category-a-la-une","category-culture","category-epinal","category-musique","tag-academie-de-la-comedie-de-lest-de-remiremont","tag-centre-leo-lagrange-depinal","tag-choriste","tag-compagnie-du-magicien-doz","tag-danseuse","tag-laury-perez","tag-the-voice-family","tag-the-voice-saison-4","tag-tournee"],"acf":[],"yoast_head":"<!-- This site is optimized with the Yoast SEO plugin v22.5 - https:\/\/yoast.com\/wordpress\/plugins\/seo\/ -->\n<title>Une candidate de l&#039;\u00e9mission &quot;The Voice&quot; 4, \u00e0 Epinal - Epinal Info<\/title>\n<meta name=\"robots\" content=\"index, follow, max-snippet:-1, max-image-preview:large, max-video-preview:-1\" \/>\n<link rel=\"canonical\" href=\"https:\/\/vosgesinfo.fr\/epinalinfo\/2017\/01\/candidate-de-lemission-the-voice-4-a-epinal\/\" \/>\n<meta name=\"twitter:card\" content=\"summary_large_image\" \/>\n<meta name=\"twitter:title\" content=\"Une candidate de l&#039;\u00e9mission &quot;The Voice&quot; 4, \u00e0 Epinal - Epinal Info\" \/>\n<meta name=\"twitter:description\" content=\"Laury\u00a0Perez, la candidate de l&rsquo;\u00e9mission \u00ab\u00a0The Voice\u00a0\u00bb Saison 4 sera\u00a0professeur\u00a0\u00e0\u00a0l\u2019acad\u00e9mie de la Com\u00e9die de l&rsquo;Est de Remiremont une\u00a0fois\u00a0par\u00a0mois\u00a0\u00e0\u00a0compter\u00a0du\u00a0dimanche\u00a08\u00a0janvier\u00a02017. Les\u00a0r\u00e9p\u00e9titions\u00a0se\u00a0d\u00e9rouleront\u00a0au\u00a0Centre\u00a0L\u00e9o\u00a0Lagrange d&rsquo;Epinal [&hellip;]\" \/>\n<meta name=\"twitter:image\" content=\"https:\/\/vosgesinfo.fr\/app\/uploads\/sites\/3\/2024\/08\/201701laury-perez-1.jpg\" \/>\n<meta name=\"twitter:creator\" content=\"@VosgesInfo88\" \/>\n<meta name=\"twitter:site\" content=\"@VosgesInfo88\" \/>\n<meta name=\"twitter:label1\" content=\"\u00c9crit par\" \/>\n\t<meta name=\"twitter:data1\" content=\"C.K.\" \/>\n\t<meta name=\"twitter:label2\" content=\"Dur\u00e9e de lecture estim\u00e9e\" \/>\n\t<meta name=\"twitter:data2\" content=\"2 minutes\" \/>\n<script type=\"application\/ld+json\" class=\"yoast-schema-graph\">{\"@context\":\"https:\/\/schema.org\",\"@graph\":[{\"@type\":\"Article\",\"@id\":\"https:\/\/vosgesinfo.fr\/epinalinfo\/2017\/01\/candidate-de-lemission-the-voice-4-a-epinal\/#article\",\"isPartOf\":{\"@id\":\"https:\/\/vosgesinfo.fr\/epinalinfo\/2017\/01\/candidate-de-lemission-the-voice-4-a-epinal\/\"},\"author\":{\"name\":\"C.K.\",\"@id\":\"https:\/\/vosgesinfo.fr\/epinalinfo\/#\/schema\/person\/6f9a650eeea99d969b6c4ab78fccbe81\"},\"headline\":\"Une candidate de l&rsquo;\u00e9mission \u00ab\u00a0The Voice\u00a0\u00bb 4, \u00e0 Epinal\",\"datePublished\":\"2017-01-03T04:15:57+00:00\",\"dateModified\":\"2017-01-03T04:15:57+00:00\",\"mainEntityOfPage\":{\"@id\":\"https:\/\/vosgesinfo.fr\/epinalinfo\/2017\/01\/candidate-de-lemission-the-voice-4-a-epinal\/\"},\"wordCount\":414,\"commentCount\":0,\"publisher\":{\"@id\":\"https:\/\/vosgesinfo.fr\/epinalinfo\/#organization\"},\"image\":{\"@id\":\"https:\/\/vosgesinfo.fr\/epinalinfo\/2017\/01\/candidate-de-lemission-the-voice-4-a-epinal\/#primaryimage\"},\"thumbnailUrl\":\"https:\/\/vosgesinfo.fr\/app\/uploads\/sites\/3\/2024\/08\/201701laury-perez-1.jpg\",\"keywords\":[\"acad\u00e9mie de la Com\u00e9die de l'Est de Remiremont\",\"Centre L\u00e9o Lagrange d'Epinal\",\"choriste\",\"compagnie du Magicien d'Oz\",\"danseuse\",\"Laury Perez\",\"The Voice Family\",\"The Voice\\\" Saison 4\",\"tourn\u00e9e\"],\"articleSection\":[\"A la Une\",\"Culture\",\"Epinal\",\"Musique\"],\"inLanguage\":\"fr-FR\",\"potentialAction\":[{\"@type\":\"CommentAction\",\"name\":\"Comment\",\"target\":[\"https:\/\/vosgesinfo.fr\/epinalinfo\/2017\/01\/candidate-de-lemission-the-voice-4-a-epinal\/#respond\"]}]},{\"@type\":\"WebPage\",\"@id\":\"https:\/\/vosgesinfo.fr\/epinalinfo\/2017\/01\/candidate-de-lemission-the-voice-4-a-epinal\/\",\"url\":\"https:\/\/vosgesinfo.fr\/epinalinfo\/2017\/01\/candidate-de-lemission-the-voice-4-a-epinal\/\",\"name\":\"Une candidate de l'\u00e9mission \\\"The Voice\\\" 4, \u00e0 Epinal - Epinal Info\",\"isPartOf\":{\"@id\":\"https:\/\/vosgesinfo.fr\/epinalinfo\/#website\"},\"primaryImageOfPage\":{\"@id\":\"https:\/\/vosgesinfo.fr\/epinalinfo\/2017\/01\/candidate-de-lemission-the-voice-4-a-epinal\/#primaryimage\"},\"image\":{\"@id\":\"https:\/\/vosgesinfo.fr\/epinalinfo\/2017\/01\/candidate-de-lemission-the-voice-4-a-epinal\/#primaryimage\"},\"thumbnailUrl\":\"https:\/\/vosgesinfo.fr\/app\/uploads\/sites\/3\/2024\/08\/201701laury-perez-1.jpg\",\"datePublished\":\"2017-01-03T04:15:57+00:00\",\"dateModified\":\"2017-01-03T04:15:57+00:00\",\"breadcrumb\":{\"@id\":\"https:\/\/vosgesinfo.fr\/epinalinfo\/2017\/01\/candidate-de-lemission-the-voice-4-a-epinal\/#breadcrumb\"},\"inLanguage\":\"fr-FR\",\"potentialAction\":[{\"@type\":\"ReadAction\",\"target\":[\"https:\/\/vosgesinfo.fr\/epinalinfo\/2017\/01\/candidate-de-lemission-the-voice-4-a-epinal\/\"]}]},{\"@type\":\"ImageObject\",\"inLanguage\":\"fr-FR\",\"@id\":\"https:\/\/vosgesinfo.fr\/epinalinfo\/2017\/01\/candidate-de-lemission-the-voice-4-a-epinal\/#primaryimage\",\"url\":\"https:\/\/vosgesinfo.fr\/app\/uploads\/sites\/3\/2024\/08\/201701laury-perez-1.jpg\",\"contentUrl\":\"https:\/\/vosgesinfo.fr\/app\/uploads\/sites\/3\/2024\/08\/201701laury-perez-1.jpg\",\"width\":225,\"height\":225},{\"@type\":\"BreadcrumbList\",\"@id\":\"https:\/\/vosgesinfo.fr\/epinalinfo\/2017\/01\/candidate-de-lemission-the-voice-4-a-epinal\/#breadcrumb\",\"itemListElement\":[{\"@type\":\"ListItem\",\"position\":1,\"name\":\"Home\",\"item\":\"https:\/\/vosgesinfo.fr\/epinalinfo\/\"},{\"@type\":\"ListItem\",\"position\":2,\"name\":\"Une candidate de l&rsquo;\u00e9mission \u00ab\u00a0The Voice\u00a0\u00bb 4, \u00e0 Epinal\"}]},{\"@type\":\"WebSite\",\"@id\":\"https:\/\/vosgesinfo.fr\/epinalinfo\/#website\",\"url\":\"https:\/\/vosgesinfo.fr\/epinalinfo\/\",\"name\":\"Epinal Info\",\"description\":\"Toute l&#039;actualit\u00e9 d&#039;\u00c9pinal\",\"publisher\":{\"@id\":\"https:\/\/vosgesinfo.fr\/epinalinfo\/#organization\"},\"alternateName\":\"Toute l'actualit\u00e9 d'\u00c9pinal\",\"potentialAction\":[{\"@type\":\"SearchAction\",\"target\":{\"@type\":\"EntryPoint\",\"urlTemplate\":\"https:\/\/vosgesinfo.fr\/epinalinfo\/?s={search_term_string}\"},\"query-input\":\"required name=search_term_string\"}],\"inLanguage\":\"fr-FR\"},{\"@type\":\"Organization\",\"@id\":\"https:\/\/vosgesinfo.fr\/epinalinfo\/#organization\",\"name\":\"Epinal Info\",\"url\":\"https:\/\/vosgesinfo.fr\/epinalinfo\/\",\"logo\":{\"@type\":\"ImageObject\",\"inLanguage\":\"fr-FR\",\"@id\":\"https:\/\/vosgesinfo.fr\/epinalinfo\/#\/schema\/logo\/image\/\",\"url\":\"https:\/\/vosgesinfo.fr\/app\/uploads\/sites\/3\/2023\/08\/logo-epinalinfos.svg\",\"contentUrl\":\"https:\/\/vosgesinfo.fr\/app\/uploads\/sites\/3\/2023\/08\/logo-epinalinfos.svg\",\"width\":1,\"height\":1,\"caption\":\"Epinal Info\"},\"image\":{\"@id\":\"https:\/\/vosgesinfo.fr\/epinalinfo\/#\/schema\/logo\/image\/\"},\"sameAs\":[\"https:\/\/www.facebook.com\/Epinalinfos\",\"https:\/\/x.com\/VosgesInfo88\",\"https:\/\/www.youtube.com\/@vosgesinfo\"]},{\"@type\":\"Person\",\"@id\":\"https:\/\/vosgesinfo.fr\/epinalinfo\/#\/schema\/person\/6f9a650eeea99d969b6c4ab78fccbe81\",\"name\":\"C.K.\",\"image\":{\"@type\":\"ImageObject\",\"inLanguage\":\"fr-FR\",\"@id\":\"https:\/\/vosgesinfo.fr\/epinalinfo\/#\/schema\/person\/image\/\",\"url\":\"https:\/\/secure.gravatar.com\/avatar\/48e3fc7f8421ba8942be6b74a2b7f014ca39bc00dece156b7a8e098ae7dc87bf?s=96&d=mm&r=g\",\"contentUrl\":\"https:\/\/secure.gravatar.com\/avatar\/48e3fc7f8421ba8942be6b74a2b7f014ca39bc00dece156b7a8e098ae7dc87bf?s=96&d=mm&r=g\",\"caption\":\"C.K.\"},\"url\":\"https:\/\/vosgesinfo.fr\/epinalinfo\/author\/celia-k-n\/\"}]}<\/script>\n<!-- \/ Yoast SEO plugin. -->","yoast_head_json":{"title":"Une candidate de l'\u00e9mission \"The Voice\" 4, \u00e0 Epinal - Epinal Info","robots":{"index":"index","follow":"follow","max-snippet":"max-snippet:-1","max-image-preview":"max-image-preview:large","max-video-preview":"max-video-preview:-1"},"canonical":"https:\/\/vosgesinfo.fr\/epinalinfo\/2017\/01\/candidate-de-lemission-the-voice-4-a-epinal\/","twitter_card":"summary_large_image","twitter_title":"Une candidate de l'\u00e9mission \"The Voice\" 4, \u00e0 Epinal - Epinal Info","twitter_description":"Laury\u00a0Perez, la candidate de l&rsquo;\u00e9mission \u00ab\u00a0The Voice\u00a0\u00bb Saison 4 sera\u00a0professeur\u00a0\u00e0\u00a0l\u2019acad\u00e9mie de la Com\u00e9die de l&rsquo;Est de Remiremont une\u00a0fois\u00a0par\u00a0mois\u00a0\u00e0\u00a0compter\u00a0du\u00a0dimanche\u00a08\u00a0janvier\u00a02017. Les\u00a0r\u00e9p\u00e9titions\u00a0se\u00a0d\u00e9rouleront\u00a0au\u00a0Centre\u00a0L\u00e9o\u00a0Lagrange d&rsquo;Epinal [&hellip;]","twitter_image":"https:\/\/vosgesinfo.fr\/app\/uploads\/sites\/3\/2024\/08\/201701laury-perez-1.jpg","twitter_creator":"@VosgesInfo88","twitter_site":"@VosgesInfo88","twitter_misc":{"\u00c9crit par":"C.K.","Dur\u00e9e de lecture estim\u00e9e":"2 minutes"},"schema":{"@context":"https:\/\/schema.org","@graph":[{"@type":"Article","@id":"https:\/\/vosgesinfo.fr\/epinalinfo\/2017\/01\/candidate-de-lemission-the-voice-4-a-epinal\/#article","isPartOf":{"@id":"https:\/\/vosgesinfo.fr\/epinalinfo\/2017\/01\/candidate-de-lemission-the-voice-4-a-epinal\/"},"author":{"name":"C.K.","@id":"https:\/\/vosgesinfo.fr\/epinalinfo\/#\/schema\/person\/6f9a650eeea99d969b6c4ab78fccbe81"},"headline":"Une candidate de l&rsquo;\u00e9mission \u00ab\u00a0The Voice\u00a0\u00bb 4, \u00e0 Epinal","datePublished":"2017-01-03T04:15:57+00:00","dateModified":"2017-01-03T04:15:57+00:00","mainEntityOfPage":{"@id":"https:\/\/vosgesinfo.fr\/epinalinfo\/2017\/01\/candidate-de-lemission-the-voice-4-a-epinal\/"},"wordCount":414,"commentCount":0,"publisher":{"@id":"https:\/\/vosgesinfo.fr\/epinalinfo\/#organization"},"image":{"@id":"https:\/\/vosgesinfo.fr\/epinalinfo\/2017\/01\/candidate-de-lemission-the-voice-4-a-epinal\/#primaryimage"},"thumbnailUrl":"https:\/\/vosgesinfo.fr\/app\/uploads\/sites\/3\/2024\/08\/201701laury-perez-1.jpg","keywords":["acad\u00e9mie de la Com\u00e9die de l'Est de Remiremont","Centre L\u00e9o Lagrange d'Epinal","choriste","compagnie du Magicien d'Oz","danseuse","Laury Perez","The Voice Family","The Voice\" Saison 4","tourn\u00e9e"],"articleSection":["A la Une","Culture","Epinal","Musique"],"inLanguage":"fr-FR","potentialAction":[{"@type":"CommentAction","name":"Comment","target":["https:\/\/vosgesinfo.fr\/epinalinfo\/2017\/01\/candidate-de-lemission-the-voice-4-a-epinal\/#respond"]}]},{"@type":"WebPage","@id":"https:\/\/vosgesinfo.fr\/epinalinfo\/2017\/01\/candidate-de-lemission-the-voice-4-a-epinal\/","url":"https:\/\/vosgesinfo.fr\/epinalinfo\/2017\/01\/candidate-de-lemission-the-voice-4-a-epinal\/","name":"Une candidate de l'\u00e9mission \"The Voice\" 4, \u00e0 Epinal - Epinal Info","isPartOf":{"@id":"https:\/\/vosgesinfo.fr\/epinalinfo\/#website"},"primaryImageOfPage":{"@id":"https:\/\/vosgesinfo.fr\/epinalinfo\/2017\/01\/candidate-de-lemission-the-voice-4-a-epinal\/#primaryimage"},"image":{"@id":"https:\/\/vosgesinfo.fr\/epinalinfo\/2017\/01\/candidate-de-lemission-the-voice-4-a-epinal\/#primaryimage"},"thumbnailUrl":"https:\/\/vosgesinfo.fr\/app\/uploads\/sites\/3\/2024\/08\/201701laury-perez-1.jpg","datePublished":"2017-01-03T04:15:57+00:00","dateModified":"2017-01-03T04:15:57+00:00","breadcrumb":{"@id":"https:\/\/vosgesinfo.fr\/epinalinfo\/2017\/01\/candidate-de-lemission-the-voice-4-a-epinal\/#breadcrumb"},"inLanguage":"fr-FR","potentialAction":[{"@type":"ReadAction","target":["https:\/\/vosgesinfo.fr\/epinalinfo\/2017\/01\/candidate-de-lemission-the-voice-4-a-epinal\/"]}]},{"@type":"ImageObject","inLanguage":"fr-FR","@id":"https:\/\/vosgesinfo.fr\/epinalinfo\/2017\/01\/candidate-de-lemission-the-voice-4-a-epinal\/#primaryimage","url":"https:\/\/vosgesinfo.fr\/app\/uploads\/sites\/3\/2024\/08\/201701laury-perez-1.jpg","contentUrl":"https:\/\/vosgesinfo.fr\/app\/uploads\/sites\/3\/2024\/08\/201701laury-perez-1.jpg","width":225,"height":225},{"@type":"BreadcrumbList","@id":"https:\/\/vosgesinfo.fr\/epinalinfo\/2017\/01\/candidate-de-lemission-the-voice-4-a-epinal\/#breadcrumb","itemListElement":[{"@type":"ListItem","position":1,"name":"Home","item":"https:\/\/vosgesinfo.fr\/epinalinfo\/"},{"@type":"ListItem","position":2,"name":"Une candidate de l&rsquo;\u00e9mission \u00ab\u00a0The Voice\u00a0\u00bb 4, \u00e0 Epinal"}]},{"@type":"WebSite","@id":"https:\/\/vosgesinfo.fr\/epinalinfo\/#website","url":"https:\/\/vosgesinfo.fr\/epinalinfo\/","name":"Epinal Info","description":"Toute l&#039;actualit\u00e9 d&#039;\u00c9pinal","publisher":{"@id":"https:\/\/vosgesinfo.fr\/epinalinfo\/#organization"},"alternateName":"Toute l'actualit\u00e9 d'\u00c9pinal","potentialAction":[{"@type":"SearchAction","target":{"@type":"EntryPoint","urlTemplate":"https:\/\/vosgesinfo.fr\/epinalinfo\/?s={search_term_string}"},"query-input":"required name=search_term_string"}],"inLanguage":"fr-FR"},{"@type":"Organization","@id":"https:\/\/vosgesinfo.fr\/epinalinfo\/#organization","name":"Epinal Info","url":"https:\/\/vosgesinfo.fr\/epinalinfo\/","logo":{"@type":"ImageObject","inLanguage":"fr-FR","@id":"https:\/\/vosgesinfo.fr\/epinalinfo\/#\/schema\/logo\/image\/","url":"https:\/\/vosgesinfo.fr\/app\/uploads\/sites\/3\/2023\/08\/logo-epinalinfos.svg","contentUrl":"https:\/\/vosgesinfo.fr\/app\/uploads\/sites\/3\/2023\/08\/logo-epinalinfos.svg","width":1,"height":1,"caption":"Epinal Info"},"image":{"@id":"https:\/\/vosgesinfo.fr\/epinalinfo\/#\/schema\/logo\/image\/"},"sameAs":["https:\/\/www.facebook.com\/Epinalinfos","https:\/\/x.com\/VosgesInfo88","https:\/\/www.youtube.com\/@vosgesinfo"]},{"@type":"Person","@id":"https:\/\/vosgesinfo.fr\/epinalinfo\/#\/schema\/person\/6f9a650eeea99d969b6c4ab78fccbe81","name":"C.K.","image":{"@type":"ImageObject","inLanguage":"fr-FR","@id":"https:\/\/vosgesinfo.fr\/epinalinfo\/#\/schema\/person\/image\/","url":"https:\/\/secure.gravatar.com\/avatar\/48e3fc7f8421ba8942be6b74a2b7f014ca39bc00dece156b7a8e098ae7dc87bf?s=96&d=mm&r=g","contentUrl":"https:\/\/secure.gravatar.com\/avatar\/48e3fc7f8421ba8942be6b74a2b7f014ca39bc00dece156b7a8e098ae7dc87bf?s=96&d=mm&r=g","caption":"C.K."},"url":"https:\/\/vosgesinfo.fr\/epinalinfo\/author\/celia-k-n\/"}]}},"_links":{"self":[{"href":"https:\/\/vosgesinfo.fr\/epinalinfo\/wp-json\/wp\/v2\/posts\/68765","targetHints":{"allow":["GET"]}}],"collection":[{"href":"https:\/\/vosgesinfo.fr\/epinalinfo\/wp-json\/wp\/v2\/posts"}],"about":[{"href":"https:\/\/vosgesinfo.fr\/epinalinfo\/wp-json\/wp\/v2\/types\/post"}],"author":[{"embeddable":true,"href":"https:\/\/vosgesinfo.fr\/epinalinfo\/wp-json\/wp\/v2\/users\/52"}],"replies":[{"embeddable":true,"href":"https:\/\/vosgesinfo.fr\/epinalinfo\/wp-json\/wp\/v2\/comments?post=68765"}],"version-history":[{"count":0,"href":"https:\/\/vosgesinfo.fr\/epinalinfo\/wp-json\/wp\/v2\/posts\/68765\/revisions"}],"wp:featuredmedia":[{"embeddable":true,"href":"https:\/\/vosgesinfo.fr\/epinalinfo\/wp-json\/wp\/v2\/media\/68766"}],"wp:attachment":[{"href":"https:\/\/vosgesinfo.fr\/epinalinfo\/wp-json\/wp\/v2\/media?parent=68765"}],"wp:term":[{"taxonomy":"category","embeddable":true,"href":"https:\/\/vosgesinfo.fr\/epinalinfo\/wp-json\/wp\/v2\/categories?post=68765"},{"taxonomy":"post_tag","embeddable":true,"href":"https:\/\/vosgesinfo.fr\/epinalinfo\/wp-json\/wp\/v2\/tags?post=68765"}],"curies":[{"name":"wp","href":"https:\/\/api.w.org\/{rel}","templated":true}]}}