{"id":68777,"date":"2017-01-03T05:00:00","date_gmt":"2017-01-03T04:00:00","guid":{"rendered":"https:\/\/vosgesinfo.fr\/epinalinfo\/2017\/01\/annee-blanche-revenus-percus-2017-ne-seront-imposes\/"},"modified":"2017-01-03T05:00:00","modified_gmt":"2017-01-03T04:00:00","slug":"annee-blanche-revenus-percus-2017-ne-seront-imposes","status":"publish","type":"post","link":"https:\/\/vosgesinfo.fr\/epinalinfo\/2017\/01\/annee-blanche-revenus-percus-2017-ne-seront-imposes\/","title":{"rendered":"Ann\u00e9e blanche \u2013 Les revenus per\u00e7us en 2017 ne seront pas impos\u00e9s !"},"content":{"rendered":"<h4><a href=\"http:\/\/epinalinfos.fr\/2017\/01\/annee-blanche-revenus-percus-2017-ne-seront-imposes\/impot\/\" rel=\"attachment wp-att-106493\"><img decoding=\"async\" class=\"aligncenter size-full wp-image-106493\" src=\"\/2017\/01\/impot.jpg\" alt=\"impot\" width=\"800\" height=\"340\" \/><\/a><strong>Avec l\u2019application du pr\u00e9l\u00e8vement \u00e0 la source sur l\u2019imp\u00f4t sur le revenu d\u00e8s 2018, l\u2019ann\u00e9e 2017 sera consid\u00e9r\u00e9e comme une ann\u00e9e blanche pour les contribuables. Explications.<\/strong><\/h4>\n<p>La mise en place du pr\u00e9l\u00e8vement \u00e0 la source sur l\u2019imp\u00f4t sur le revenu se pr\u00e9cise. Inscrit dans le projet de loi de finances pour 2017, le dispositif entrera en vigueur le 1er janvier 2018. D\u2019ici l\u00e0, une ann\u00e9e de transition doit s\u2019appliquer. 2017 sera en effet une ann\u00e9e blanche, c\u2019est-\u00e0-dire que les revenus per\u00e7us durant cette nouvelle ann\u00e9e ne seront pas impos\u00e9s.<\/p>\n<p>Toutefois, cela ne veut pas dire que les Fran\u00e7ais ne paieront pas d\u2019imp\u00f4t en 2017. Ils devront en effet s\u2019acquitter de l\u2019imp\u00f4t sur leurs revenus de 2016, comme cela \u00e9tait le cas les ann\u00e9es pr\u00e9c\u00e9dentes. L\u2019ann\u00e9e prochaine, ils paieront (par pr\u00e9l\u00e8vement \u00e0 la source) pour leurs revenus de 2018. Ce qui signifie que les revenus de 2017 ne seront pas soumis \u00e0 imposition.<\/p>\n<h3><strong>Une d\u00e9claration tout de m\u00eame n\u00e9cessaire<\/strong><\/h3>\n<div class=\"p-with-floating\">\n<div class=\"p-floating-ad-wrapper\">\n<section id=\"block-gc-ad-pave_bas\" class=\"block-gc-ad\">\n<div id=\"pub1\"><em>\u00ab\u00a0N\u00e9anmoins, une proc\u00e9dure pr\u00e9vue par la loi doit \u00e9viter que certains contribuables profitent de la situation pour concentrer sur cette ann\u00e9e 2017 des revenus importants. C\u2019est ainsi qu\u2019il faudra quand m\u00eame d\u00e9clarer les revenus touch\u00e9s en 2017 (d\u00e9claration que vous remplirez au printemps 2018)\u00a0\u00bb<\/em>, indique <a href=\"http:\/\/www.europe1.fr\/economie\/2017-annee-blanche-pour-les-impots-comment-ca-marche-2939750\" target=\"_blank\" rel=\"nofollow noopener\">Europe1.fr<\/a>.<\/div>\n<\/section>\n<\/div>\n<\/div>\n<p>Certains revenus exceptionnels seront ainsi impos\u00e9s, tels que les indemnit\u00e9s de licenciement, plus-values immobili\u00e8res ou encore dividendes d\u2019actions.<\/p>\n","protected":false},"excerpt":{"rendered":"<p>Avec l\u2019application du pr\u00e9l\u00e8vement \u00e0 la source sur l\u2019imp\u00f4t sur le revenu d\u00e8s 2018, l\u2019ann\u00e9e 2017 sera consid\u00e9r\u00e9e comme une [&hellip;]<\/p>\n","protected":false},"author":52,"featured_media":68778,"comment_status":"open","ping_status":"open","sticky":false,"template":"","format":"standard","meta":{"footnotes":""},"categories":[22,8,5],"tags":[8344,9795,9796,3421,3423,9797,9798],"class_list":["post-68777","post","type-post","status-publish","format-standard","has-post-thumbnail","hentry","category-a-la-une","category-economie","category-vosges","tag-8344","tag-annee-blanche","tag-contribuables","tag-declaration","tag-impots","tag-projet-de-loi-de-finances-pour-2017","tag-revenus"],"acf":[],"yoast_head":"<!-- This site is optimized with the Yoast SEO plugin v22.5 - https:\/\/yoast.com\/wordpress\/plugins\/seo\/ -->\n<title>Ann\u00e9e blanche \u2013 Les revenus per\u00e7us en 2017 ne seront pas impos\u00e9s ! - Epinal Info<\/title>\n<meta name=\"robots\" content=\"index, follow, max-snippet:-1, max-image-preview:large, max-video-preview:-1\" \/>\n<link rel=\"canonical\" href=\"https:\/\/vosgesinfo.fr\/epinalinfo\/2017\/01\/annee-blanche-revenus-percus-2017-ne-seront-imposes\/\" \/>\n<meta name=\"twitter:card\" content=\"summary_large_image\" \/>\n<meta name=\"twitter:title\" content=\"Ann\u00e9e blanche \u2013 Les revenus per\u00e7us en 2017 ne seront pas impos\u00e9s ! - Epinal Info\" \/>\n<meta name=\"twitter:description\" content=\"Avec l\u2019application du pr\u00e9l\u00e8vement \u00e0 la source sur l\u2019imp\u00f4t sur le revenu d\u00e8s 2018, l\u2019ann\u00e9e 2017 sera consid\u00e9r\u00e9e comme une [&hellip;]\" \/>\n<meta name=\"twitter:image\" content=\"https:\/\/vosgesinfo.fr\/app\/uploads\/sites\/3\/2024\/08\/201701impot.jpg\" \/>\n<meta name=\"twitter:creator\" content=\"@VosgesInfo88\" \/>\n<meta name=\"twitter:site\" content=\"@VosgesInfo88\" \/>\n<meta name=\"twitter:label1\" content=\"\u00c9crit par\" \/>\n\t<meta name=\"twitter:data1\" content=\"C.K.\" \/>\n\t<meta name=\"twitter:label2\" content=\"Dur\u00e9e de lecture estim\u00e9e\" \/>\n\t<meta name=\"twitter:data2\" content=\"1 minute\" \/>\n<script type=\"application\/ld+json\" class=\"yoast-schema-graph\">{\"@context\":\"https:\/\/schema.org\",\"@graph\":[{\"@type\":\"Article\",\"@id\":\"https:\/\/vosgesinfo.fr\/epinalinfo\/2017\/01\/annee-blanche-revenus-percus-2017-ne-seront-imposes\/#article\",\"isPartOf\":{\"@id\":\"https:\/\/vosgesinfo.fr\/epinalinfo\/2017\/01\/annee-blanche-revenus-percus-2017-ne-seront-imposes\/\"},\"author\":{\"name\":\"C.K.\",\"@id\":\"https:\/\/vosgesinfo.fr\/epinalinfo\/#\/schema\/person\/6f9a650eeea99d969b6c4ab78fccbe81\"},\"headline\":\"Ann\u00e9e blanche \u2013 Les revenus per\u00e7us en 2017 ne seront pas impos\u00e9s !\",\"datePublished\":\"2017-01-03T04:00:00+00:00\",\"dateModified\":\"2017-01-03T04:00:00+00:00\",\"mainEntityOfPage\":{\"@id\":\"https:\/\/vosgesinfo.fr\/epinalinfo\/2017\/01\/annee-blanche-revenus-percus-2017-ne-seront-imposes\/\"},\"wordCount\":275,\"commentCount\":0,\"publisher\":{\"@id\":\"https:\/\/vosgesinfo.fr\/epinalinfo\/#organization\"},\"image\":{\"@id\":\"https:\/\/vosgesinfo.fr\/epinalinfo\/2017\/01\/annee-blanche-revenus-percus-2017-ne-seront-imposes\/#primaryimage\"},\"thumbnailUrl\":\"https:\/\/vosgesinfo.fr\/app\/uploads\/sites\/3\/2024\/08\/201701impot.jpg\",\"keywords\":[\"2017\",\"ann\u00e9e blanche\",\"contribuables\",\"d\u00e9claration\",\"imp\u00f4ts\",\"projet de loi de finances pour 2017\",\"revenus\"],\"articleSection\":[\"A la Une\",\"\u00c9conomie\",\"Vosges\"],\"inLanguage\":\"fr-FR\",\"potentialAction\":[{\"@type\":\"CommentAction\",\"name\":\"Comment\",\"target\":[\"https:\/\/vosgesinfo.fr\/epinalinfo\/2017\/01\/annee-blanche-revenus-percus-2017-ne-seront-imposes\/#respond\"]}]},{\"@type\":\"WebPage\",\"@id\":\"https:\/\/vosgesinfo.fr\/epinalinfo\/2017\/01\/annee-blanche-revenus-percus-2017-ne-seront-imposes\/\",\"url\":\"https:\/\/vosgesinfo.fr\/epinalinfo\/2017\/01\/annee-blanche-revenus-percus-2017-ne-seront-imposes\/\",\"name\":\"Ann\u00e9e blanche \u2013 Les revenus per\u00e7us en 2017 ne seront pas impos\u00e9s ! - Epinal Info\",\"isPartOf\":{\"@id\":\"https:\/\/vosgesinfo.fr\/epinalinfo\/#website\"},\"primaryImageOfPage\":{\"@id\":\"https:\/\/vosgesinfo.fr\/epinalinfo\/2017\/01\/annee-blanche-revenus-percus-2017-ne-seront-imposes\/#primaryimage\"},\"image\":{\"@id\":\"https:\/\/vosgesinfo.fr\/epinalinfo\/2017\/01\/annee-blanche-revenus-percus-2017-ne-seront-imposes\/#primaryimage\"},\"thumbnailUrl\":\"https:\/\/vosgesinfo.fr\/app\/uploads\/sites\/3\/2024\/08\/201701impot.jpg\",\"datePublished\":\"2017-01-03T04:00:00+00:00\",\"dateModified\":\"2017-01-03T04:00:00+00:00\",\"breadcrumb\":{\"@id\":\"https:\/\/vosgesinfo.fr\/epinalinfo\/2017\/01\/annee-blanche-revenus-percus-2017-ne-seront-imposes\/#breadcrumb\"},\"inLanguage\":\"fr-FR\",\"potentialAction\":[{\"@type\":\"ReadAction\",\"target\":[\"https:\/\/vosgesinfo.fr\/epinalinfo\/2017\/01\/annee-blanche-revenus-percus-2017-ne-seront-imposes\/\"]}]},{\"@type\":\"ImageObject\",\"inLanguage\":\"fr-FR\",\"@id\":\"https:\/\/vosgesinfo.fr\/epinalinfo\/2017\/01\/annee-blanche-revenus-percus-2017-ne-seront-imposes\/#primaryimage\",\"url\":\"https:\/\/vosgesinfo.fr\/app\/uploads\/sites\/3\/2024\/08\/201701impot.jpg\",\"contentUrl\":\"https:\/\/vosgesinfo.fr\/app\/uploads\/sites\/3\/2024\/08\/201701impot.jpg\",\"width\":800,\"height\":340},{\"@type\":\"BreadcrumbList\",\"@id\":\"https:\/\/vosgesinfo.fr\/epinalinfo\/2017\/01\/annee-blanche-revenus-percus-2017-ne-seront-imposes\/#breadcrumb\",\"itemListElement\":[{\"@type\":\"ListItem\",\"position\":1,\"name\":\"Home\",\"item\":\"https:\/\/vosgesinfo.fr\/epinalinfo\/\"},{\"@type\":\"ListItem\",\"position\":2,\"name\":\"Ann\u00e9e blanche \u2013 Les revenus per\u00e7us en 2017 ne seront pas impos\u00e9s !\"}]},{\"@type\":\"WebSite\",\"@id\":\"https:\/\/vosgesinfo.fr\/epinalinfo\/#website\",\"url\":\"https:\/\/vosgesinfo.fr\/epinalinfo\/\",\"name\":\"Epinal Info\",\"description\":\"Toute l&#039;actualit\u00e9 d&#039;\u00c9pinal\",\"publisher\":{\"@id\":\"https:\/\/vosgesinfo.fr\/epinalinfo\/#organization\"},\"alternateName\":\"Toute l'actualit\u00e9 d'\u00c9pinal\",\"potentialAction\":[{\"@type\":\"SearchAction\",\"target\":{\"@type\":\"EntryPoint\",\"urlTemplate\":\"https:\/\/vosgesinfo.fr\/epinalinfo\/?s={search_term_string}\"},\"query-input\":\"required name=search_term_string\"}],\"inLanguage\":\"fr-FR\"},{\"@type\":\"Organization\",\"@id\":\"https:\/\/vosgesinfo.fr\/epinalinfo\/#organization\",\"name\":\"Epinal Info\",\"url\":\"https:\/\/vosgesinfo.fr\/epinalinfo\/\",\"logo\":{\"@type\":\"ImageObject\",\"inLanguage\":\"fr-FR\",\"@id\":\"https:\/\/vosgesinfo.fr\/epinalinfo\/#\/schema\/logo\/image\/\",\"url\":\"https:\/\/vosgesinfo.fr\/app\/uploads\/sites\/3\/2023\/08\/logo-epinalinfos.svg\",\"contentUrl\":\"https:\/\/vosgesinfo.fr\/app\/uploads\/sites\/3\/2023\/08\/logo-epinalinfos.svg\",\"width\":1,\"height\":1,\"caption\":\"Epinal Info\"},\"image\":{\"@id\":\"https:\/\/vosgesinfo.fr\/epinalinfo\/#\/schema\/logo\/image\/\"},\"sameAs\":[\"https:\/\/www.facebook.com\/Epinalinfos\",\"https:\/\/x.com\/VosgesInfo88\",\"https:\/\/www.youtube.com\/@vosgesinfo\"]},{\"@type\":\"Person\",\"@id\":\"https:\/\/vosgesinfo.fr\/epinalinfo\/#\/schema\/person\/6f9a650eeea99d969b6c4ab78fccbe81\",\"name\":\"C.K.\",\"image\":{\"@type\":\"ImageObject\",\"inLanguage\":\"fr-FR\",\"@id\":\"https:\/\/vosgesinfo.fr\/epinalinfo\/#\/schema\/person\/image\/\",\"url\":\"https:\/\/secure.gravatar.com\/avatar\/48e3fc7f8421ba8942be6b74a2b7f014ca39bc00dece156b7a8e098ae7dc87bf?s=96&d=mm&r=g\",\"contentUrl\":\"https:\/\/secure.gravatar.com\/avatar\/48e3fc7f8421ba8942be6b74a2b7f014ca39bc00dece156b7a8e098ae7dc87bf?s=96&d=mm&r=g\",\"caption\":\"C.K.\"},\"url\":\"https:\/\/vosgesinfo.fr\/epinalinfo\/author\/celia-k-n\/\"}]}<\/script>\n<!-- \/ Yoast SEO plugin. -->","yoast_head_json":{"title":"Ann\u00e9e blanche \u2013 Les revenus per\u00e7us en 2017 ne seront pas impos\u00e9s ! - Epinal Info","robots":{"index":"index","follow":"follow","max-snippet":"max-snippet:-1","max-image-preview":"max-image-preview:large","max-video-preview":"max-video-preview:-1"},"canonical":"https:\/\/vosgesinfo.fr\/epinalinfo\/2017\/01\/annee-blanche-revenus-percus-2017-ne-seront-imposes\/","twitter_card":"summary_large_image","twitter_title":"Ann\u00e9e blanche \u2013 Les revenus per\u00e7us en 2017 ne seront pas impos\u00e9s ! - Epinal Info","twitter_description":"Avec l\u2019application du pr\u00e9l\u00e8vement \u00e0 la source sur l\u2019imp\u00f4t sur le revenu d\u00e8s 2018, l\u2019ann\u00e9e 2017 sera consid\u00e9r\u00e9e comme une [&hellip;]","twitter_image":"https:\/\/vosgesinfo.fr\/app\/uploads\/sites\/3\/2024\/08\/201701impot.jpg","twitter_creator":"@VosgesInfo88","twitter_site":"@VosgesInfo88","twitter_misc":{"\u00c9crit par":"C.K.","Dur\u00e9e de lecture estim\u00e9e":"1 minute"},"schema":{"@context":"https:\/\/schema.org","@graph":[{"@type":"Article","@id":"https:\/\/vosgesinfo.fr\/epinalinfo\/2017\/01\/annee-blanche-revenus-percus-2017-ne-seront-imposes\/#article","isPartOf":{"@id":"https:\/\/vosgesinfo.fr\/epinalinfo\/2017\/01\/annee-blanche-revenus-percus-2017-ne-seront-imposes\/"},"author":{"name":"C.K.","@id":"https:\/\/vosgesinfo.fr\/epinalinfo\/#\/schema\/person\/6f9a650eeea99d969b6c4ab78fccbe81"},"headline":"Ann\u00e9e blanche \u2013 Les revenus per\u00e7us en 2017 ne seront pas impos\u00e9s !","datePublished":"2017-01-03T04:00:00+00:00","dateModified":"2017-01-03T04:00:00+00:00","mainEntityOfPage":{"@id":"https:\/\/vosgesinfo.fr\/epinalinfo\/2017\/01\/annee-blanche-revenus-percus-2017-ne-seront-imposes\/"},"wordCount":275,"commentCount":0,"publisher":{"@id":"https:\/\/vosgesinfo.fr\/epinalinfo\/#organization"},"image":{"@id":"https:\/\/vosgesinfo.fr\/epinalinfo\/2017\/01\/annee-blanche-revenus-percus-2017-ne-seront-imposes\/#primaryimage"},"thumbnailUrl":"https:\/\/vosgesinfo.fr\/app\/uploads\/sites\/3\/2024\/08\/201701impot.jpg","keywords":["2017","ann\u00e9e blanche","contribuables","d\u00e9claration","imp\u00f4ts","projet de loi de finances pour 2017","revenus"],"articleSection":["A la Une","\u00c9conomie","Vosges"],"inLanguage":"fr-FR","potentialAction":[{"@type":"CommentAction","name":"Comment","target":["https:\/\/vosgesinfo.fr\/epinalinfo\/2017\/01\/annee-blanche-revenus-percus-2017-ne-seront-imposes\/#respond"]}]},{"@type":"WebPage","@id":"https:\/\/vosgesinfo.fr\/epinalinfo\/2017\/01\/annee-blanche-revenus-percus-2017-ne-seront-imposes\/","url":"https:\/\/vosgesinfo.fr\/epinalinfo\/2017\/01\/annee-blanche-revenus-percus-2017-ne-seront-imposes\/","name":"Ann\u00e9e blanche \u2013 Les revenus per\u00e7us en 2017 ne seront pas impos\u00e9s ! - Epinal Info","isPartOf":{"@id":"https:\/\/vosgesinfo.fr\/epinalinfo\/#website"},"primaryImageOfPage":{"@id":"https:\/\/vosgesinfo.fr\/epinalinfo\/2017\/01\/annee-blanche-revenus-percus-2017-ne-seront-imposes\/#primaryimage"},"image":{"@id":"https:\/\/vosgesinfo.fr\/epinalinfo\/2017\/01\/annee-blanche-revenus-percus-2017-ne-seront-imposes\/#primaryimage"},"thumbnailUrl":"https:\/\/vosgesinfo.fr\/app\/uploads\/sites\/3\/2024\/08\/201701impot.jpg","datePublished":"2017-01-03T04:00:00+00:00","dateModified":"2017-01-03T04:00:00+00:00","breadcrumb":{"@id":"https:\/\/vosgesinfo.fr\/epinalinfo\/2017\/01\/annee-blanche-revenus-percus-2017-ne-seront-imposes\/#breadcrumb"},"inLanguage":"fr-FR","potentialAction":[{"@type":"ReadAction","target":["https:\/\/vosgesinfo.fr\/epinalinfo\/2017\/01\/annee-blanche-revenus-percus-2017-ne-seront-imposes\/"]}]},{"@type":"ImageObject","inLanguage":"fr-FR","@id":"https:\/\/vosgesinfo.fr\/epinalinfo\/2017\/01\/annee-blanche-revenus-percus-2017-ne-seront-imposes\/#primaryimage","url":"https:\/\/vosgesinfo.fr\/app\/uploads\/sites\/3\/2024\/08\/201701impot.jpg","contentUrl":"https:\/\/vosgesinfo.fr\/app\/uploads\/sites\/3\/2024\/08\/201701impot.jpg","width":800,"height":340},{"@type":"BreadcrumbList","@id":"https:\/\/vosgesinfo.fr\/epinalinfo\/2017\/01\/annee-blanche-revenus-percus-2017-ne-seront-imposes\/#breadcrumb","itemListElement":[{"@type":"ListItem","position":1,"name":"Home","item":"https:\/\/vosgesinfo.fr\/epinalinfo\/"},{"@type":"ListItem","position":2,"name":"Ann\u00e9e blanche \u2013 Les revenus per\u00e7us en 2017 ne seront pas impos\u00e9s !"}]},{"@type":"WebSite","@id":"https:\/\/vosgesinfo.fr\/epinalinfo\/#website","url":"https:\/\/vosgesinfo.fr\/epinalinfo\/","name":"Epinal Info","description":"Toute l&#039;actualit\u00e9 d&#039;\u00c9pinal","publisher":{"@id":"https:\/\/vosgesinfo.fr\/epinalinfo\/#organization"},"alternateName":"Toute l'actualit\u00e9 d'\u00c9pinal","potentialAction":[{"@type":"SearchAction","target":{"@type":"EntryPoint","urlTemplate":"https:\/\/vosgesinfo.fr\/epinalinfo\/?s={search_term_string}"},"query-input":"required name=search_term_string"}],"inLanguage":"fr-FR"},{"@type":"Organization","@id":"https:\/\/vosgesinfo.fr\/epinalinfo\/#organization","name":"Epinal Info","url":"https:\/\/vosgesinfo.fr\/epinalinfo\/","logo":{"@type":"ImageObject","inLanguage":"fr-FR","@id":"https:\/\/vosgesinfo.fr\/epinalinfo\/#\/schema\/logo\/image\/","url":"https:\/\/vosgesinfo.fr\/app\/uploads\/sites\/3\/2023\/08\/logo-epinalinfos.svg","contentUrl":"https:\/\/vosgesinfo.fr\/app\/uploads\/sites\/3\/2023\/08\/logo-epinalinfos.svg","width":1,"height":1,"caption":"Epinal Info"},"image":{"@id":"https:\/\/vosgesinfo.fr\/epinalinfo\/#\/schema\/logo\/image\/"},"sameAs":["https:\/\/www.facebook.com\/Epinalinfos","https:\/\/x.com\/VosgesInfo88","https:\/\/www.youtube.com\/@vosgesinfo"]},{"@type":"Person","@id":"https:\/\/vosgesinfo.fr\/epinalinfo\/#\/schema\/person\/6f9a650eeea99d969b6c4ab78fccbe81","name":"C.K.","image":{"@type":"ImageObject","inLanguage":"fr-FR","@id":"https:\/\/vosgesinfo.fr\/epinalinfo\/#\/schema\/person\/image\/","url":"https:\/\/secure.gravatar.com\/avatar\/48e3fc7f8421ba8942be6b74a2b7f014ca39bc00dece156b7a8e098ae7dc87bf?s=96&d=mm&r=g","contentUrl":"https:\/\/secure.gravatar.com\/avatar\/48e3fc7f8421ba8942be6b74a2b7f014ca39bc00dece156b7a8e098ae7dc87bf?s=96&d=mm&r=g","caption":"C.K."},"url":"https:\/\/vosgesinfo.fr\/epinalinfo\/author\/celia-k-n\/"}]}},"_links":{"self":[{"href":"https:\/\/vosgesinfo.fr\/epinalinfo\/wp-json\/wp\/v2\/posts\/68777","targetHints":{"allow":["GET"]}}],"collection":[{"href":"https:\/\/vosgesinfo.fr\/epinalinfo\/wp-json\/wp\/v2\/posts"}],"about":[{"href":"https:\/\/vosgesinfo.fr\/epinalinfo\/wp-json\/wp\/v2\/types\/post"}],"author":[{"embeddable":true,"href":"https:\/\/vosgesinfo.fr\/epinalinfo\/wp-json\/wp\/v2\/users\/52"}],"replies":[{"embeddable":true,"href":"https:\/\/vosgesinfo.fr\/epinalinfo\/wp-json\/wp\/v2\/comments?post=68777"}],"version-history":[{"count":0,"href":"https:\/\/vosgesinfo.fr\/epinalinfo\/wp-json\/wp\/v2\/posts\/68777\/revisions"}],"wp:featuredmedia":[{"embeddable":true,"href":"https:\/\/vosgesinfo.fr\/epinalinfo\/wp-json\/wp\/v2\/media\/68778"}],"wp:attachment":[{"href":"https:\/\/vosgesinfo.fr\/epinalinfo\/wp-json\/wp\/v2\/media?parent=68777"}],"wp:term":[{"taxonomy":"category","embeddable":true,"href":"https:\/\/vosgesinfo.fr\/epinalinfo\/wp-json\/wp\/v2\/categories?post=68777"},{"taxonomy":"post_tag","embeddable":true,"href":"https:\/\/vosgesinfo.fr\/epinalinfo\/wp-json\/wp\/v2\/tags?post=68777"}],"curies":[{"name":"wp","href":"https:\/\/api.w.org\/{rel}","templated":true}]}}