{"id":68781,"date":"2017-01-03T05:31:25","date_gmt":"2017-01-03T04:31:25","guid":{"rendered":"https:\/\/vosgesinfo.fr\/epinalinfo\/2017\/01\/sante-tiers-payant-etendu\/"},"modified":"2017-01-03T05:31:25","modified_gmt":"2017-01-03T04:31:25","slug":"sante-tiers-payant-etendu","status":"publish","type":"post","link":"https:\/\/vosgesinfo.fr\/epinalinfo\/2017\/01\/sante-tiers-payant-etendu\/","title":{"rendered":"Sant\u00e9 &#8211; Le tiers payant \u00e9tendu"},"content":{"rendered":"<p><strong><a href=\"http:\/\/epinalinfos.fr\/2016\/04\/sante-travail-denonce-manque-de-medecins\/medecin\/\" rel=\"attachment wp-att-88960\"><img decoding=\"async\" class=\"aligncenter size-full wp-image-88960\" src=\"\/2016\/04\/m\u00e9decin.jpg\" alt=\"m\u00e9decin\" width=\"960\" height=\"640\" \/><\/a>Depuis le 1<sup>er<\/sup> janvier 2017, les personnes atteintes d\u2019une affection de longue dur\u00e9e (ALD) et les femmes enceintes n\u2019auront plus \u00e0 faire l\u2019avance des frais li\u00e9s \u00e0 leur sant\u00e9.\u00a0 Plus de 11 millions de personnes sont concern\u00e9es par cette mesure. Plus largement, \u00e0 compter de cette date, tous les patients auront la possibilit\u00e9 de demander \u00e0 leurs professionnels de sant\u00e9 d\u2019appliquer le tiers payant sur la part des d\u00e9penses qui est rembours\u00e9e par l\u2019Assurance Maladie obligatoire.\u00a0 Zoom sur ces \u00e9volutions.<\/strong><\/p>\n<p><strong>\u00a0<\/strong><\/p>\n<p>&nbsp;<\/p>\n<p><strong>Tiers payant\u00a0: de quoi s\u2019agit-il\u00a0?<\/strong><\/p>\n<p>En g\u00e9n\u00e9ral, lorsqu\u2019un patient consulte un professionnel de sant\u00e9 lib\u00e9ral, il le r\u00e8gle imm\u00e9diatement et directement. \u00c0 partir du 1<sup>er<\/sup> janvier, les femmes enceintes et les personnes atteintes d\u2019une affection de longue dur\u00e9e (ALD) n\u2019auront plus \u00e0 avancer d\u2019argent \u00e0 la pharmacie, chez le m\u00e9decin ou lors d\u2019un rendez-vous avec un professionnel de sant\u00e9 pour la plupart de leurs soins, gr\u00e2ce \u00e0 un dispositif simplifi\u00e9.<\/p>\n<p>&nbsp;<\/p>\n<p><strong>L\u2019objectif\u00a0? Simplifier la vie des Fran\u00e7ais et leur faciliter l\u2019acc\u00e8s aux soins<\/strong><\/p>\n<p>Cette \u00e9volution cible volontairement les patients qui re\u00e7oivent le plus fr\u00e9quemment des soins et qui sont donc amen\u00e9s \u00e0 d\u00e9penser plus souvent pour leur sant\u00e9\u00a0: en moyenne, une femme enceinte avance 640\u00a0\u20ac pour son suivi de grossesse et une personne diab\u00e9tique en ALD 1\u00a0100\u00a0\u20ac par an. La dispense d\u2019avance de frais constitue <strong>une bonne nouvelle pour des assur\u00e9s susceptibles de faire face \u00e0 des d\u00e9penses de sant\u00e9 multiples. <\/strong><\/p>\n<p><strong>\u00a0<\/strong><\/p>\n<p><strong>Comment en b\u00e9n\u00e9ficier\u00a0?<\/strong><\/p>\n<p>Pour b\u00e9n\u00e9ficier du tiers payant, <strong>les assur\u00e9s devront simplement se munir de leur carte Vitale.<\/strong><\/p>\n<p><strong>IMPORTANT\u00a0:<\/strong> Pour disposer du juste niveau de prise en charge auquel il a droit, chaque assur\u00e9 doit mettre \u00e0 jour sa carte Vitale au moins une fois par an et \u00e0 chaque changement de situation. C\u2019est le cas par exemple lorsque la caisse a pris en compte la d\u00e9claration de grossesse ou apr\u00e8s r\u00e9ception d\u2019une attestation des droits mentionnant l\u2019exon\u00e9ration du ticket mod\u00e9rateur. Cela permet au professionnel de sant\u00e9 de pouvoir r\u00e9aliser sa feuille de soins \u00e9lectronique au plus pr\u00e8s de la nouvelle situation du patient et ainsi de lui faire b\u00e9n\u00e9ficier d\u2019une prise en charge adapt\u00e9e.<\/p>\n<p><strong>\u00a0<\/strong><\/p>\n<p><strong>Bon \u00e0 savoir\u00a0: ce droit pour les patients en ALD et les femmes enceintes s\u2019applique aux soins pris en charge \u00e0 100 %.<\/strong><\/p>\n<ol>\n<li><strong>Les personnes dites en ALD exon\u00e9rante<\/strong> n\u2019ont plus de frais \u00e0 avancer lors des consultations et soins <u>concernant leur affection<\/u>. Ils ne b\u00e9n\u00e9ficient pas de cette facilit\u00e9 pour leurs autres d\u00e9penses de soins.<\/li>\n<li><strong> Dans le cadre de l\u2019assurance maternit\u00e9, les femmes peuvent profiter de la dispense d\u2019avance de frais sur <u>la totalit\u00e9 de leurs d\u00e9penses de sant\u00e9, entre le 1<sup>er<\/sup> jour du 6<sup>e<\/sup> mois de leur grossesse et jusqu\u2019au 12<sup>e<\/sup> jour apr\u00e8s l\u2019accouchement.<\/u> <\/strong>Ce droit s\u2019applique \u00e9galement pour tous les examens obligatoires li\u00e9s \u00e0 la grossesse et \u00e0 la naissance (par exemple, les consultations pr\u00e9natales), qu\u2019ils concernent la m\u00e8re ou le p\u00e8re (ex.\u00a0: examen du futur p\u00e8re), et ainsi que pour les examens obligatoires de suivi du d\u00e9veloppement et de la croissance de l\u2019enfant, qui sont r\u00e9alis\u00e9s r\u00e9guli\u00e8rement jusqu\u2019\u00e0 l\u2019\u00e2ge de 6 ans.<\/li>\n<\/ol>\n<p><u>\u00a0<\/u>Dans le cadre de la g\u00e9n\u00e9ralisation progressive du tiers payant, tous les patients ont, \u00e0 partir du 1<sup>er<\/sup> janvier, la possibilit\u00e9 de demander \u00e0 leurs professionnels de sant\u00e9 d\u2019appliquer le tiers payant (dispense d\u2019avance des frais) sur la part des d\u00e9penses prises en charge par l\u2019Assurance Maladie obligatoire. Ils devront pour cela pr\u00e9senter leur carte Vitale.<\/p>\n<p>&nbsp;<\/p>\n<p>&nbsp;<\/p>\n<table>\n<tbody>\n<tr>\n<td width=\"688\"><strong>Questions-r\u00e9ponses<\/strong><\/p>\n<p><strong><em>Le tiers payant signifie-t-il z\u00e9ro d\u00e9pense\u00a0?<\/em><\/strong><\/p>\n<p>M\u00eame en cas de tiers payant, les assur\u00e9s sont toujours redevables \u00e0 l\u2019Assurance Maladie d\u2019une participation forfaitaire et d\u2019une franchise m\u00e9dicale, \u00e0 l\u2019exception de ceux qui en sont exon\u00e9r\u00e9s\u00a0: les b\u00e9n\u00e9ficiaires de l\u2019assurance maternit\u00e9 (au cours du cong\u00e9 maternit\u00e9), de l\u2019ACS (Aide pour l\u2019acquisition d\u2019une compl\u00e9mentaire sant\u00e9), de la CMU-C (Couverture maladie universelle compl\u00e9mentaire). <strong>Par ailleurs, les d\u00e9passements d\u2019honorairesne sont pas couverts par l\u2019Assurance Maladie et sont \u00e0 r\u00e9gler au professionnel de sant\u00e9 lors de la consultation ou de la visite.<\/strong><\/p>\n<p><strong>\u00a0<\/strong><\/p>\n<p><strong><em>Qui paye mon m\u00e9decin\u00a0?<\/em><\/strong><\/p>\n<p>Avec le tiers payant, ce sont les caisses d\u2019assurance maladie qui remboursent directement les m\u00e9decins des actes pratiqu\u00e9s sur la part qu\u2019elles prennent en charge. Les patients pris en charge \u00e0 100 % n\u2019auront plus de frais \u00e0 avancer, except\u00e9s les \u00e9ventuels d\u00e9passements d\u2019honoraires.<\/p>\n<p>&nbsp;<\/p>\n<p><strong><em>Le tiers payant est-il r\u00e9serv\u00e9 aux professionnels de sant\u00e9 \u00e9quip\u00e9s d\u2019un lecteur de carte Vitale\u00a0?<\/em><\/strong><\/p>\n<p>Le droit au tiers payant pour le patient est li\u00e9 \u00e0 la pr\u00e9sentation de sa carte Vitale\u00a0: la gestion chez le professionnel de sant\u00e9 \u00e9quip\u00e9 d\u2019un lecteur de carte Vitale est alors automatique et simple. Si le professionnel de sant\u00e9 n\u2019est pas \u00e9quip\u00e9 de lecteur, le tiers payant peut tout de m\u00eame \u00eatre pratiqu\u00e9 ; pour se faire payer, le professionnel de sant\u00e9 devra adresser \u00e0 la caisse primaire gestionnaire du patient, la feuille de soins pr\u00e9cisant que le patient n\u2019a pas pay\u00e9 la part obligatoire.<\/p>\n<p>Parce que le tiers payant doit \u00eatre simple, rapide et s\u00e9curis\u00e9 pour les professionnels de sant\u00e9, des engagements et\u00a0de\u00a0nouveaux services leur sont apport\u00e9s\u00a0: plateforme d\u2019accompagnement, garantie de paiement sur la base des droits figurant dans la carte Vitale pr\u00e9sent\u00e9e par l\u2019assur\u00e9, l\u2019assurance d\u2019un paiement rapide, assortie de p\u00e9nalit\u00e9s en cas de retard de plus de 7 jours ouvr\u00e9s et la possibilit\u00e9, pour les professionnels, d\u2019avoir un suivi automatique des paiements par feuille de soins.<\/td>\n<\/tr>\n<\/tbody>\n<\/table>\n<p><a href=\"#_ftnref1\" name=\"_ftn1\"><\/a><\/p>\n<p>&nbsp;<\/p>\n","protected":false},"excerpt":{"rendered":"<p>Depuis le 1er janvier 2017, les personnes atteintes d\u2019une affection de longue dur\u00e9e (ALD) et les femmes enceintes n\u2019auront plus [&hellip;]<\/p>\n","protected":false},"author":52,"featured_media":23109,"comment_status":"open","ping_status":"open","sticky":false,"template":"","format":"standard","meta":{"footnotes":""},"categories":[22,14,5],"tags":[5867,5731,85,9775],"class_list":["post-68781","post","type-post","status-publish","format-standard","has-post-thumbnail","hentry","category-a-la-une","category-sante","category-vosges","tag-assurance-maladie","tag-professionnels-de-sante","tag-sante","tag-tiers-payant"],"acf":[],"yoast_head":"<!-- This site is optimized with the Yoast SEO plugin v22.5 - https:\/\/yoast.com\/wordpress\/plugins\/seo\/ -->\n<title>Sant\u00e9 - Le tiers payant \u00e9tendu - Epinal Info<\/title>\n<meta name=\"robots\" content=\"index, follow, max-snippet:-1, max-image-preview:large, max-video-preview:-1\" \/>\n<link rel=\"canonical\" href=\"https:\/\/vosgesinfo.fr\/epinalinfo\/2017\/01\/sante-tiers-payant-etendu\/\" \/>\n<meta name=\"twitter:card\" content=\"summary_large_image\" \/>\n<meta name=\"twitter:title\" content=\"Sant\u00e9 - Le tiers payant \u00e9tendu - Epinal Info\" \/>\n<meta name=\"twitter:description\" content=\"Depuis le 1er janvier 2017, les personnes atteintes d\u2019une affection de longue dur\u00e9e (ALD) et les femmes enceintes n\u2019auront plus [&hellip;]\" \/>\n<meta name=\"twitter:image\" content=\"https:\/\/vosgesinfo.fr\/app\/uploads\/sites\/3\/2017\/11\/medecin.jpg\" \/>\n<meta name=\"twitter:creator\" content=\"@VosgesInfo88\" \/>\n<meta name=\"twitter:site\" content=\"@VosgesInfo88\" \/>\n<meta name=\"twitter:label1\" content=\"\u00c9crit par\" \/>\n\t<meta name=\"twitter:data1\" content=\"C.K.\" \/>\n\t<meta name=\"twitter:label2\" content=\"Dur\u00e9e de lecture estim\u00e9e\" \/>\n\t<meta name=\"twitter:data2\" content=\"5 minutes\" \/>\n<script type=\"application\/ld+json\" class=\"yoast-schema-graph\">{\"@context\":\"https:\/\/schema.org\",\"@graph\":[{\"@type\":\"Article\",\"@id\":\"https:\/\/vosgesinfo.fr\/epinalinfo\/2017\/01\/sante-tiers-payant-etendu\/#article\",\"isPartOf\":{\"@id\":\"https:\/\/vosgesinfo.fr\/epinalinfo\/2017\/01\/sante-tiers-payant-etendu\/\"},\"author\":{\"name\":\"C.K.\",\"@id\":\"https:\/\/vosgesinfo.fr\/epinalinfo\/#\/schema\/person\/6f9a650eeea99d969b6c4ab78fccbe81\"},\"headline\":\"Sant\u00e9 &#8211; Le tiers payant \u00e9tendu\",\"datePublished\":\"2017-01-03T04:31:25+00:00\",\"dateModified\":\"2017-01-03T04:31:25+00:00\",\"mainEntityOfPage\":{\"@id\":\"https:\/\/vosgesinfo.fr\/epinalinfo\/2017\/01\/sante-tiers-payant-etendu\/\"},\"wordCount\":987,\"commentCount\":0,\"publisher\":{\"@id\":\"https:\/\/vosgesinfo.fr\/epinalinfo\/#organization\"},\"image\":{\"@id\":\"https:\/\/vosgesinfo.fr\/epinalinfo\/2017\/01\/sante-tiers-payant-etendu\/#primaryimage\"},\"thumbnailUrl\":\"https:\/\/vosgesinfo.fr\/app\/uploads\/sites\/3\/2017\/11\/medecin.jpg\",\"keywords\":[\"assurance maladie\",\"professionnels de sant\u00e9\",\"sant\u00e9\",\"tiers payant\"],\"articleSection\":[\"A la Une\",\"Sant\u00e9\",\"Vosges\"],\"inLanguage\":\"fr-FR\",\"potentialAction\":[{\"@type\":\"CommentAction\",\"name\":\"Comment\",\"target\":[\"https:\/\/vosgesinfo.fr\/epinalinfo\/2017\/01\/sante-tiers-payant-etendu\/#respond\"]}]},{\"@type\":\"WebPage\",\"@id\":\"https:\/\/vosgesinfo.fr\/epinalinfo\/2017\/01\/sante-tiers-payant-etendu\/\",\"url\":\"https:\/\/vosgesinfo.fr\/epinalinfo\/2017\/01\/sante-tiers-payant-etendu\/\",\"name\":\"Sant\u00e9 - Le tiers payant \u00e9tendu - Epinal Info\",\"isPartOf\":{\"@id\":\"https:\/\/vosgesinfo.fr\/epinalinfo\/#website\"},\"primaryImageOfPage\":{\"@id\":\"https:\/\/vosgesinfo.fr\/epinalinfo\/2017\/01\/sante-tiers-payant-etendu\/#primaryimage\"},\"image\":{\"@id\":\"https:\/\/vosgesinfo.fr\/epinalinfo\/2017\/01\/sante-tiers-payant-etendu\/#primaryimage\"},\"thumbnailUrl\":\"https:\/\/vosgesinfo.fr\/app\/uploads\/sites\/3\/2017\/11\/medecin.jpg\",\"datePublished\":\"2017-01-03T04:31:25+00:00\",\"dateModified\":\"2017-01-03T04:31:25+00:00\",\"breadcrumb\":{\"@id\":\"https:\/\/vosgesinfo.fr\/epinalinfo\/2017\/01\/sante-tiers-payant-etendu\/#breadcrumb\"},\"inLanguage\":\"fr-FR\",\"potentialAction\":[{\"@type\":\"ReadAction\",\"target\":[\"https:\/\/vosgesinfo.fr\/epinalinfo\/2017\/01\/sante-tiers-payant-etendu\/\"]}]},{\"@type\":\"ImageObject\",\"inLanguage\":\"fr-FR\",\"@id\":\"https:\/\/vosgesinfo.fr\/epinalinfo\/2017\/01\/sante-tiers-payant-etendu\/#primaryimage\",\"url\":\"https:\/\/vosgesinfo.fr\/app\/uploads\/sites\/3\/2017\/11\/medecin.jpg\",\"contentUrl\":\"https:\/\/vosgesinfo.fr\/app\/uploads\/sites\/3\/2017\/11\/medecin.jpg\"},{\"@type\":\"BreadcrumbList\",\"@id\":\"https:\/\/vosgesinfo.fr\/epinalinfo\/2017\/01\/sante-tiers-payant-etendu\/#breadcrumb\",\"itemListElement\":[{\"@type\":\"ListItem\",\"position\":1,\"name\":\"Home\",\"item\":\"https:\/\/vosgesinfo.fr\/epinalinfo\/\"},{\"@type\":\"ListItem\",\"position\":2,\"name\":\"Sant\u00e9 &#8211; Le tiers payant \u00e9tendu\"}]},{\"@type\":\"WebSite\",\"@id\":\"https:\/\/vosgesinfo.fr\/epinalinfo\/#website\",\"url\":\"https:\/\/vosgesinfo.fr\/epinalinfo\/\",\"name\":\"Epinal Info\",\"description\":\"Toute l&#039;actualit\u00e9 d&#039;\u00c9pinal\",\"publisher\":{\"@id\":\"https:\/\/vosgesinfo.fr\/epinalinfo\/#organization\"},\"alternateName\":\"Toute l'actualit\u00e9 d'\u00c9pinal\",\"potentialAction\":[{\"@type\":\"SearchAction\",\"target\":{\"@type\":\"EntryPoint\",\"urlTemplate\":\"https:\/\/vosgesinfo.fr\/epinalinfo\/?s={search_term_string}\"},\"query-input\":\"required name=search_term_string\"}],\"inLanguage\":\"fr-FR\"},{\"@type\":\"Organization\",\"@id\":\"https:\/\/vosgesinfo.fr\/epinalinfo\/#organization\",\"name\":\"Epinal Info\",\"url\":\"https:\/\/vosgesinfo.fr\/epinalinfo\/\",\"logo\":{\"@type\":\"ImageObject\",\"inLanguage\":\"fr-FR\",\"@id\":\"https:\/\/vosgesinfo.fr\/epinalinfo\/#\/schema\/logo\/image\/\",\"url\":\"https:\/\/vosgesinfo.fr\/app\/uploads\/sites\/3\/2023\/08\/logo-epinalinfos.svg\",\"contentUrl\":\"https:\/\/vosgesinfo.fr\/app\/uploads\/sites\/3\/2023\/08\/logo-epinalinfos.svg\",\"width\":1,\"height\":1,\"caption\":\"Epinal Info\"},\"image\":{\"@id\":\"https:\/\/vosgesinfo.fr\/epinalinfo\/#\/schema\/logo\/image\/\"},\"sameAs\":[\"https:\/\/www.facebook.com\/Epinalinfos\",\"https:\/\/x.com\/VosgesInfo88\",\"https:\/\/www.youtube.com\/@vosgesinfo\"]},{\"@type\":\"Person\",\"@id\":\"https:\/\/vosgesinfo.fr\/epinalinfo\/#\/schema\/person\/6f9a650eeea99d969b6c4ab78fccbe81\",\"name\":\"C.K.\",\"image\":{\"@type\":\"ImageObject\",\"inLanguage\":\"fr-FR\",\"@id\":\"https:\/\/vosgesinfo.fr\/epinalinfo\/#\/schema\/person\/image\/\",\"url\":\"https:\/\/secure.gravatar.com\/avatar\/48e3fc7f8421ba8942be6b74a2b7f014ca39bc00dece156b7a8e098ae7dc87bf?s=96&d=mm&r=g\",\"contentUrl\":\"https:\/\/secure.gravatar.com\/avatar\/48e3fc7f8421ba8942be6b74a2b7f014ca39bc00dece156b7a8e098ae7dc87bf?s=96&d=mm&r=g\",\"caption\":\"C.K.\"},\"url\":\"https:\/\/vosgesinfo.fr\/epinalinfo\/author\/celia-k-n\/\"}]}<\/script>\n<!-- \/ Yoast SEO plugin. -->","yoast_head_json":{"title":"Sant\u00e9 - Le tiers payant \u00e9tendu - Epinal Info","robots":{"index":"index","follow":"follow","max-snippet":"max-snippet:-1","max-image-preview":"max-image-preview:large","max-video-preview":"max-video-preview:-1"},"canonical":"https:\/\/vosgesinfo.fr\/epinalinfo\/2017\/01\/sante-tiers-payant-etendu\/","twitter_card":"summary_large_image","twitter_title":"Sant\u00e9 - Le tiers payant \u00e9tendu - Epinal Info","twitter_description":"Depuis le 1er janvier 2017, les personnes atteintes d\u2019une affection de longue dur\u00e9e (ALD) et les femmes enceintes n\u2019auront plus [&hellip;]","twitter_image":"https:\/\/vosgesinfo.fr\/app\/uploads\/sites\/3\/2017\/11\/medecin.jpg","twitter_creator":"@VosgesInfo88","twitter_site":"@VosgesInfo88","twitter_misc":{"\u00c9crit par":"C.K.","Dur\u00e9e de lecture estim\u00e9e":"5 minutes"},"schema":{"@context":"https:\/\/schema.org","@graph":[{"@type":"Article","@id":"https:\/\/vosgesinfo.fr\/epinalinfo\/2017\/01\/sante-tiers-payant-etendu\/#article","isPartOf":{"@id":"https:\/\/vosgesinfo.fr\/epinalinfo\/2017\/01\/sante-tiers-payant-etendu\/"},"author":{"name":"C.K.","@id":"https:\/\/vosgesinfo.fr\/epinalinfo\/#\/schema\/person\/6f9a650eeea99d969b6c4ab78fccbe81"},"headline":"Sant\u00e9 &#8211; Le tiers payant \u00e9tendu","datePublished":"2017-01-03T04:31:25+00:00","dateModified":"2017-01-03T04:31:25+00:00","mainEntityOfPage":{"@id":"https:\/\/vosgesinfo.fr\/epinalinfo\/2017\/01\/sante-tiers-payant-etendu\/"},"wordCount":987,"commentCount":0,"publisher":{"@id":"https:\/\/vosgesinfo.fr\/epinalinfo\/#organization"},"image":{"@id":"https:\/\/vosgesinfo.fr\/epinalinfo\/2017\/01\/sante-tiers-payant-etendu\/#primaryimage"},"thumbnailUrl":"https:\/\/vosgesinfo.fr\/app\/uploads\/sites\/3\/2017\/11\/medecin.jpg","keywords":["assurance maladie","professionnels de sant\u00e9","sant\u00e9","tiers payant"],"articleSection":["A la Une","Sant\u00e9","Vosges"],"inLanguage":"fr-FR","potentialAction":[{"@type":"CommentAction","name":"Comment","target":["https:\/\/vosgesinfo.fr\/epinalinfo\/2017\/01\/sante-tiers-payant-etendu\/#respond"]}]},{"@type":"WebPage","@id":"https:\/\/vosgesinfo.fr\/epinalinfo\/2017\/01\/sante-tiers-payant-etendu\/","url":"https:\/\/vosgesinfo.fr\/epinalinfo\/2017\/01\/sante-tiers-payant-etendu\/","name":"Sant\u00e9 - Le tiers payant \u00e9tendu - Epinal Info","isPartOf":{"@id":"https:\/\/vosgesinfo.fr\/epinalinfo\/#website"},"primaryImageOfPage":{"@id":"https:\/\/vosgesinfo.fr\/epinalinfo\/2017\/01\/sante-tiers-payant-etendu\/#primaryimage"},"image":{"@id":"https:\/\/vosgesinfo.fr\/epinalinfo\/2017\/01\/sante-tiers-payant-etendu\/#primaryimage"},"thumbnailUrl":"https:\/\/vosgesinfo.fr\/app\/uploads\/sites\/3\/2017\/11\/medecin.jpg","datePublished":"2017-01-03T04:31:25+00:00","dateModified":"2017-01-03T04:31:25+00:00","breadcrumb":{"@id":"https:\/\/vosgesinfo.fr\/epinalinfo\/2017\/01\/sante-tiers-payant-etendu\/#breadcrumb"},"inLanguage":"fr-FR","potentialAction":[{"@type":"ReadAction","target":["https:\/\/vosgesinfo.fr\/epinalinfo\/2017\/01\/sante-tiers-payant-etendu\/"]}]},{"@type":"ImageObject","inLanguage":"fr-FR","@id":"https:\/\/vosgesinfo.fr\/epinalinfo\/2017\/01\/sante-tiers-payant-etendu\/#primaryimage","url":"https:\/\/vosgesinfo.fr\/app\/uploads\/sites\/3\/2017\/11\/medecin.jpg","contentUrl":"https:\/\/vosgesinfo.fr\/app\/uploads\/sites\/3\/2017\/11\/medecin.jpg"},{"@type":"BreadcrumbList","@id":"https:\/\/vosgesinfo.fr\/epinalinfo\/2017\/01\/sante-tiers-payant-etendu\/#breadcrumb","itemListElement":[{"@type":"ListItem","position":1,"name":"Home","item":"https:\/\/vosgesinfo.fr\/epinalinfo\/"},{"@type":"ListItem","position":2,"name":"Sant\u00e9 &#8211; Le tiers payant \u00e9tendu"}]},{"@type":"WebSite","@id":"https:\/\/vosgesinfo.fr\/epinalinfo\/#website","url":"https:\/\/vosgesinfo.fr\/epinalinfo\/","name":"Epinal Info","description":"Toute l&#039;actualit\u00e9 d&#039;\u00c9pinal","publisher":{"@id":"https:\/\/vosgesinfo.fr\/epinalinfo\/#organization"},"alternateName":"Toute l'actualit\u00e9 d'\u00c9pinal","potentialAction":[{"@type":"SearchAction","target":{"@type":"EntryPoint","urlTemplate":"https:\/\/vosgesinfo.fr\/epinalinfo\/?s={search_term_string}"},"query-input":"required name=search_term_string"}],"inLanguage":"fr-FR"},{"@type":"Organization","@id":"https:\/\/vosgesinfo.fr\/epinalinfo\/#organization","name":"Epinal Info","url":"https:\/\/vosgesinfo.fr\/epinalinfo\/","logo":{"@type":"ImageObject","inLanguage":"fr-FR","@id":"https:\/\/vosgesinfo.fr\/epinalinfo\/#\/schema\/logo\/image\/","url":"https:\/\/vosgesinfo.fr\/app\/uploads\/sites\/3\/2023\/08\/logo-epinalinfos.svg","contentUrl":"https:\/\/vosgesinfo.fr\/app\/uploads\/sites\/3\/2023\/08\/logo-epinalinfos.svg","width":1,"height":1,"caption":"Epinal Info"},"image":{"@id":"https:\/\/vosgesinfo.fr\/epinalinfo\/#\/schema\/logo\/image\/"},"sameAs":["https:\/\/www.facebook.com\/Epinalinfos","https:\/\/x.com\/VosgesInfo88","https:\/\/www.youtube.com\/@vosgesinfo"]},{"@type":"Person","@id":"https:\/\/vosgesinfo.fr\/epinalinfo\/#\/schema\/person\/6f9a650eeea99d969b6c4ab78fccbe81","name":"C.K.","image":{"@type":"ImageObject","inLanguage":"fr-FR","@id":"https:\/\/vosgesinfo.fr\/epinalinfo\/#\/schema\/person\/image\/","url":"https:\/\/secure.gravatar.com\/avatar\/48e3fc7f8421ba8942be6b74a2b7f014ca39bc00dece156b7a8e098ae7dc87bf?s=96&d=mm&r=g","contentUrl":"https:\/\/secure.gravatar.com\/avatar\/48e3fc7f8421ba8942be6b74a2b7f014ca39bc00dece156b7a8e098ae7dc87bf?s=96&d=mm&r=g","caption":"C.K."},"url":"https:\/\/vosgesinfo.fr\/epinalinfo\/author\/celia-k-n\/"}]}},"_links":{"self":[{"href":"https:\/\/vosgesinfo.fr\/epinalinfo\/wp-json\/wp\/v2\/posts\/68781","targetHints":{"allow":["GET"]}}],"collection":[{"href":"https:\/\/vosgesinfo.fr\/epinalinfo\/wp-json\/wp\/v2\/posts"}],"about":[{"href":"https:\/\/vosgesinfo.fr\/epinalinfo\/wp-json\/wp\/v2\/types\/post"}],"author":[{"embeddable":true,"href":"https:\/\/vosgesinfo.fr\/epinalinfo\/wp-json\/wp\/v2\/users\/52"}],"replies":[{"embeddable":true,"href":"https:\/\/vosgesinfo.fr\/epinalinfo\/wp-json\/wp\/v2\/comments?post=68781"}],"version-history":[{"count":0,"href":"https:\/\/vosgesinfo.fr\/epinalinfo\/wp-json\/wp\/v2\/posts\/68781\/revisions"}],"wp:featuredmedia":[{"embeddable":true,"href":"https:\/\/vosgesinfo.fr\/epinalinfo\/wp-json\/wp\/v2\/media\/23109"}],"wp:attachment":[{"href":"https:\/\/vosgesinfo.fr\/epinalinfo\/wp-json\/wp\/v2\/media?parent=68781"}],"wp:term":[{"taxonomy":"category","embeddable":true,"href":"https:\/\/vosgesinfo.fr\/epinalinfo\/wp-json\/wp\/v2\/categories?post=68781"},{"taxonomy":"post_tag","embeddable":true,"href":"https:\/\/vosgesinfo.fr\/epinalinfo\/wp-json\/wp\/v2\/tags?post=68781"}],"curies":[{"name":"wp","href":"https:\/\/api.w.org\/{rel}","templated":true}]}}