{"id":68807,"date":"2017-01-05T08:22:53","date_gmt":"2017-01-05T07:22:53","guid":{"rendered":"https:\/\/vosgesinfo.fr\/epinalinfo\/2017\/01\/rois-de-feve-a-domremy-pucelle-video\/"},"modified":"2017-01-05T08:22:53","modified_gmt":"2017-01-05T07:22:53","slug":"rois-de-feve-a-domremy-pucelle-video","status":"publish","type":"post","link":"https:\/\/vosgesinfo.fr\/epinalinfo\/2017\/01\/rois-de-feve-a-domremy-pucelle-video\/","title":{"rendered":"Les rois de la f\u00e8ve sont \u00e0 Domr\u00e9my la Pucelle [vid\u00e9o]"},"content":{"rendered":"<p><iframe loading=\"lazy\" title=\"Fabrication de f\u00e9ves\" width=\"500\" height=\"281\" src=\"https:\/\/www.youtube.com\/embed\/M1yb-huIu-0?feature=oembed\" frameborder=\"0\" allow=\"accelerometer; autoplay; clipboard-write; encrypted-media; gyroscope; picture-in-picture; web-share\" referrerpolicy=\"strict-origin-when-cross-origin\" allowfullscreen><\/iframe><\/p>\n<h4>Au pays de Jeanne d&rsquo;Arc, \u00e0 Domr\u00e9my, la famille Nex reste une des derni\u00e8res fabriques de f\u00e8ves pour les galettes des rois &#8230;<\/h4>\n<p>La galette des rois sera traditionnellement d\u00e9gust\u00e9e ce vendredi 6 janvier, jour de l&rsquo;\u00e9piphanie. Ce sera l&rsquo;occasion de tirer un roi et une reine. Dans son atelier \u00e0 Domr\u00e9my-la-Pucelle, Christel Nex r\u00e9alise des f\u00e8ves enti\u00e8rement \u00e0 la main, de la fabrication des moules jusqu\u2019\u00e0 la d\u00e9coration finale. Elle est la seule personne en France \u00e0 fabriquer des f\u00e8ves de mani\u00e8re artisanale.<\/p>\n<p>Chaque ann\u00e9e, les boulangers p\u00e2tissiers peuvent choisir parmi une dizaine de nouvelles collections.<\/p>\n<p>L\u2019entreprise r\u00e9alise aussi pour les boulangers-p\u00e2tissiers de f\u00e8ves personnalis\u00e9es tr\u00e8s appr\u00e9ci\u00e9es par les collectionneurs. Depuis 2005, l\u2019entreprise est dirig\u00e9e par Christel Nex.<\/p>\n","protected":false},"excerpt":{"rendered":"<p>Au pays de Jeanne d&rsquo;Arc, \u00e0 Domr\u00e9my, la famille Nex reste une des derni\u00e8res fabriques de f\u00e8ves pour les galettes [&hellip;]<\/p>\n","protected":false},"author":52,"featured_media":68808,"comment_status":"open","ping_status":"open","sticky":false,"template":"","format":"standard","meta":{"footnotes":""},"categories":[22,10,5],"tags":[5166,6291,9810,9811,1277,75],"class_list":["post-68807","post","type-post","status-publish","format-standard","has-post-thumbnail","hentry","category-a-la-une","category-societe","category-vosges","tag-atelier","tag-domremy-la-pucelle","tag-fabrication","tag-feves-nex","tag-galette-des-rois","tag-vosges"],"acf":[],"yoast_head":"<!-- This site is optimized with the Yoast SEO plugin v22.5 - https:\/\/yoast.com\/wordpress\/plugins\/seo\/ -->\n<title>Les rois de la f\u00e8ve sont \u00e0 Domr\u00e9my la Pucelle [vid\u00e9o] - Epinal Info<\/title>\n<meta name=\"robots\" content=\"index, follow, max-snippet:-1, max-image-preview:large, max-video-preview:-1\" \/>\n<link rel=\"canonical\" href=\"https:\/\/vosgesinfo.fr\/epinalinfo\/2017\/01\/rois-de-feve-a-domremy-pucelle-video\/\" \/>\n<meta name=\"twitter:card\" content=\"summary_large_image\" \/>\n<meta name=\"twitter:title\" content=\"Les rois de la f\u00e8ve sont \u00e0 Domr\u00e9my la Pucelle [vid\u00e9o] - Epinal Info\" \/>\n<meta name=\"twitter:description\" content=\"Au pays de Jeanne d&rsquo;Arc, \u00e0 Domr\u00e9my, la famille Nex reste une des derni\u00e8res fabriques de f\u00e8ves pour les galettes [&hellip;]\" \/>\n<meta name=\"twitter:image\" content=\"https:\/\/vosgesinfo.fr\/app\/uploads\/sites\/3\/2024\/08\/201701feves-nex.jpg\" \/>\n<meta name=\"twitter:creator\" content=\"@VosgesInfo88\" \/>\n<meta name=\"twitter:site\" content=\"@VosgesInfo88\" \/>\n<meta name=\"twitter:label1\" content=\"\u00c9crit par\" \/>\n\t<meta name=\"twitter:data1\" content=\"C.K.\" \/>\n\t<meta name=\"twitter:label2\" content=\"Dur\u00e9e de lecture estim\u00e9e\" \/>\n\t<meta name=\"twitter:data2\" content=\"1 minute\" \/>\n<script type=\"application\/ld+json\" class=\"yoast-schema-graph\">{\"@context\":\"https:\/\/schema.org\",\"@graph\":[{\"@type\":\"Article\",\"@id\":\"https:\/\/vosgesinfo.fr\/epinalinfo\/2017\/01\/rois-de-feve-a-domremy-pucelle-video\/#article\",\"isPartOf\":{\"@id\":\"https:\/\/vosgesinfo.fr\/epinalinfo\/2017\/01\/rois-de-feve-a-domremy-pucelle-video\/\"},\"author\":{\"name\":\"C.K.\",\"@id\":\"https:\/\/vosgesinfo.fr\/epinalinfo\/#\/schema\/person\/6f9a650eeea99d969b6c4ab78fccbe81\"},\"headline\":\"Les rois de la f\u00e8ve sont \u00e0 Domr\u00e9my la Pucelle [vid\u00e9o]\",\"datePublished\":\"2017-01-05T07:22:53+00:00\",\"dateModified\":\"2017-01-05T07:22:53+00:00\",\"mainEntityOfPage\":{\"@id\":\"https:\/\/vosgesinfo.fr\/epinalinfo\/2017\/01\/rois-de-feve-a-domremy-pucelle-video\/\"},\"wordCount\":163,\"commentCount\":0,\"publisher\":{\"@id\":\"https:\/\/vosgesinfo.fr\/epinalinfo\/#organization\"},\"image\":{\"@id\":\"https:\/\/vosgesinfo.fr\/epinalinfo\/2017\/01\/rois-de-feve-a-domremy-pucelle-video\/#primaryimage\"},\"thumbnailUrl\":\"https:\/\/vosgesinfo.fr\/app\/uploads\/sites\/3\/2024\/08\/201701feves-nex.jpg\",\"keywords\":[\"atelier\",\"Domr\u00e9my-la-Pucelle\",\"fabrication\",\"f\u00e8ves Nex\",\"galette des rois\",\"vosges\"],\"articleSection\":[\"A la Une\",\"Soci\u00e9t\u00e9\",\"Vosges\"],\"inLanguage\":\"fr-FR\",\"potentialAction\":[{\"@type\":\"CommentAction\",\"name\":\"Comment\",\"target\":[\"https:\/\/vosgesinfo.fr\/epinalinfo\/2017\/01\/rois-de-feve-a-domremy-pucelle-video\/#respond\"]}]},{\"@type\":\"WebPage\",\"@id\":\"https:\/\/vosgesinfo.fr\/epinalinfo\/2017\/01\/rois-de-feve-a-domremy-pucelle-video\/\",\"url\":\"https:\/\/vosgesinfo.fr\/epinalinfo\/2017\/01\/rois-de-feve-a-domremy-pucelle-video\/\",\"name\":\"Les rois de la f\u00e8ve sont \u00e0 Domr\u00e9my la Pucelle [vid\u00e9o] - Epinal Info\",\"isPartOf\":{\"@id\":\"https:\/\/vosgesinfo.fr\/epinalinfo\/#website\"},\"primaryImageOfPage\":{\"@id\":\"https:\/\/vosgesinfo.fr\/epinalinfo\/2017\/01\/rois-de-feve-a-domremy-pucelle-video\/#primaryimage\"},\"image\":{\"@id\":\"https:\/\/vosgesinfo.fr\/epinalinfo\/2017\/01\/rois-de-feve-a-domremy-pucelle-video\/#primaryimage\"},\"thumbnailUrl\":\"https:\/\/vosgesinfo.fr\/app\/uploads\/sites\/3\/2024\/08\/201701feves-nex.jpg\",\"datePublished\":\"2017-01-05T07:22:53+00:00\",\"dateModified\":\"2017-01-05T07:22:53+00:00\",\"breadcrumb\":{\"@id\":\"https:\/\/vosgesinfo.fr\/epinalinfo\/2017\/01\/rois-de-feve-a-domremy-pucelle-video\/#breadcrumb\"},\"inLanguage\":\"fr-FR\",\"potentialAction\":[{\"@type\":\"ReadAction\",\"target\":[\"https:\/\/vosgesinfo.fr\/epinalinfo\/2017\/01\/rois-de-feve-a-domremy-pucelle-video\/\"]}]},{\"@type\":\"ImageObject\",\"inLanguage\":\"fr-FR\",\"@id\":\"https:\/\/vosgesinfo.fr\/epinalinfo\/2017\/01\/rois-de-feve-a-domremy-pucelle-video\/#primaryimage\",\"url\":\"https:\/\/vosgesinfo.fr\/app\/uploads\/sites\/3\/2024\/08\/201701feves-nex.jpg\",\"contentUrl\":\"https:\/\/vosgesinfo.fr\/app\/uploads\/sites\/3\/2024\/08\/201701feves-nex.jpg\",\"width\":800,\"height\":410},{\"@type\":\"BreadcrumbList\",\"@id\":\"https:\/\/vosgesinfo.fr\/epinalinfo\/2017\/01\/rois-de-feve-a-domremy-pucelle-video\/#breadcrumb\",\"itemListElement\":[{\"@type\":\"ListItem\",\"position\":1,\"name\":\"Home\",\"item\":\"https:\/\/vosgesinfo.fr\/epinalinfo\/\"},{\"@type\":\"ListItem\",\"position\":2,\"name\":\"Les rois de la f\u00e8ve sont \u00e0 Domr\u00e9my la Pucelle [vid\u00e9o]\"}]},{\"@type\":\"WebSite\",\"@id\":\"https:\/\/vosgesinfo.fr\/epinalinfo\/#website\",\"url\":\"https:\/\/vosgesinfo.fr\/epinalinfo\/\",\"name\":\"Epinal Info\",\"description\":\"Toute l&#039;actualit\u00e9 d&#039;\u00c9pinal\",\"publisher\":{\"@id\":\"https:\/\/vosgesinfo.fr\/epinalinfo\/#organization\"},\"alternateName\":\"Toute l'actualit\u00e9 d'\u00c9pinal\",\"potentialAction\":[{\"@type\":\"SearchAction\",\"target\":{\"@type\":\"EntryPoint\",\"urlTemplate\":\"https:\/\/vosgesinfo.fr\/epinalinfo\/?s={search_term_string}\"},\"query-input\":\"required name=search_term_string\"}],\"inLanguage\":\"fr-FR\"},{\"@type\":\"Organization\",\"@id\":\"https:\/\/vosgesinfo.fr\/epinalinfo\/#organization\",\"name\":\"Epinal Info\",\"url\":\"https:\/\/vosgesinfo.fr\/epinalinfo\/\",\"logo\":{\"@type\":\"ImageObject\",\"inLanguage\":\"fr-FR\",\"@id\":\"https:\/\/vosgesinfo.fr\/epinalinfo\/#\/schema\/logo\/image\/\",\"url\":\"https:\/\/vosgesinfo.fr\/app\/uploads\/sites\/3\/2023\/08\/logo-epinalinfos.svg\",\"contentUrl\":\"https:\/\/vosgesinfo.fr\/app\/uploads\/sites\/3\/2023\/08\/logo-epinalinfos.svg\",\"width\":1,\"height\":1,\"caption\":\"Epinal Info\"},\"image\":{\"@id\":\"https:\/\/vosgesinfo.fr\/epinalinfo\/#\/schema\/logo\/image\/\"},\"sameAs\":[\"https:\/\/www.facebook.com\/Epinalinfos\",\"https:\/\/x.com\/VosgesInfo88\",\"https:\/\/www.youtube.com\/@vosgesinfo\"]},{\"@type\":\"Person\",\"@id\":\"https:\/\/vosgesinfo.fr\/epinalinfo\/#\/schema\/person\/6f9a650eeea99d969b6c4ab78fccbe81\",\"name\":\"C.K.\",\"image\":{\"@type\":\"ImageObject\",\"inLanguage\":\"fr-FR\",\"@id\":\"https:\/\/vosgesinfo.fr\/epinalinfo\/#\/schema\/person\/image\/\",\"url\":\"https:\/\/secure.gravatar.com\/avatar\/48e3fc7f8421ba8942be6b74a2b7f014ca39bc00dece156b7a8e098ae7dc87bf?s=96&d=mm&r=g\",\"contentUrl\":\"https:\/\/secure.gravatar.com\/avatar\/48e3fc7f8421ba8942be6b74a2b7f014ca39bc00dece156b7a8e098ae7dc87bf?s=96&d=mm&r=g\",\"caption\":\"C.K.\"},\"url\":\"https:\/\/vosgesinfo.fr\/epinalinfo\/author\/celia-k-n\/\"}]}<\/script>\n<!-- \/ Yoast SEO plugin. -->","yoast_head_json":{"title":"Les rois de la f\u00e8ve sont \u00e0 Domr\u00e9my la Pucelle [vid\u00e9o] - Epinal Info","robots":{"index":"index","follow":"follow","max-snippet":"max-snippet:-1","max-image-preview":"max-image-preview:large","max-video-preview":"max-video-preview:-1"},"canonical":"https:\/\/vosgesinfo.fr\/epinalinfo\/2017\/01\/rois-de-feve-a-domremy-pucelle-video\/","twitter_card":"summary_large_image","twitter_title":"Les rois de la f\u00e8ve sont \u00e0 Domr\u00e9my la Pucelle [vid\u00e9o] - Epinal Info","twitter_description":"Au pays de Jeanne d&rsquo;Arc, \u00e0 Domr\u00e9my, la famille Nex reste une des derni\u00e8res fabriques de f\u00e8ves pour les galettes [&hellip;]","twitter_image":"https:\/\/vosgesinfo.fr\/app\/uploads\/sites\/3\/2024\/08\/201701feves-nex.jpg","twitter_creator":"@VosgesInfo88","twitter_site":"@VosgesInfo88","twitter_misc":{"\u00c9crit par":"C.K.","Dur\u00e9e de lecture estim\u00e9e":"1 minute"},"schema":{"@context":"https:\/\/schema.org","@graph":[{"@type":"Article","@id":"https:\/\/vosgesinfo.fr\/epinalinfo\/2017\/01\/rois-de-feve-a-domremy-pucelle-video\/#article","isPartOf":{"@id":"https:\/\/vosgesinfo.fr\/epinalinfo\/2017\/01\/rois-de-feve-a-domremy-pucelle-video\/"},"author":{"name":"C.K.","@id":"https:\/\/vosgesinfo.fr\/epinalinfo\/#\/schema\/person\/6f9a650eeea99d969b6c4ab78fccbe81"},"headline":"Les rois de la f\u00e8ve sont \u00e0 Domr\u00e9my la Pucelle [vid\u00e9o]","datePublished":"2017-01-05T07:22:53+00:00","dateModified":"2017-01-05T07:22:53+00:00","mainEntityOfPage":{"@id":"https:\/\/vosgesinfo.fr\/epinalinfo\/2017\/01\/rois-de-feve-a-domremy-pucelle-video\/"},"wordCount":163,"commentCount":0,"publisher":{"@id":"https:\/\/vosgesinfo.fr\/epinalinfo\/#organization"},"image":{"@id":"https:\/\/vosgesinfo.fr\/epinalinfo\/2017\/01\/rois-de-feve-a-domremy-pucelle-video\/#primaryimage"},"thumbnailUrl":"https:\/\/vosgesinfo.fr\/app\/uploads\/sites\/3\/2024\/08\/201701feves-nex.jpg","keywords":["atelier","Domr\u00e9my-la-Pucelle","fabrication","f\u00e8ves Nex","galette des rois","vosges"],"articleSection":["A la Une","Soci\u00e9t\u00e9","Vosges"],"inLanguage":"fr-FR","potentialAction":[{"@type":"CommentAction","name":"Comment","target":["https:\/\/vosgesinfo.fr\/epinalinfo\/2017\/01\/rois-de-feve-a-domremy-pucelle-video\/#respond"]}]},{"@type":"WebPage","@id":"https:\/\/vosgesinfo.fr\/epinalinfo\/2017\/01\/rois-de-feve-a-domremy-pucelle-video\/","url":"https:\/\/vosgesinfo.fr\/epinalinfo\/2017\/01\/rois-de-feve-a-domremy-pucelle-video\/","name":"Les rois de la f\u00e8ve sont \u00e0 Domr\u00e9my la Pucelle [vid\u00e9o] - Epinal Info","isPartOf":{"@id":"https:\/\/vosgesinfo.fr\/epinalinfo\/#website"},"primaryImageOfPage":{"@id":"https:\/\/vosgesinfo.fr\/epinalinfo\/2017\/01\/rois-de-feve-a-domremy-pucelle-video\/#primaryimage"},"image":{"@id":"https:\/\/vosgesinfo.fr\/epinalinfo\/2017\/01\/rois-de-feve-a-domremy-pucelle-video\/#primaryimage"},"thumbnailUrl":"https:\/\/vosgesinfo.fr\/app\/uploads\/sites\/3\/2024\/08\/201701feves-nex.jpg","datePublished":"2017-01-05T07:22:53+00:00","dateModified":"2017-01-05T07:22:53+00:00","breadcrumb":{"@id":"https:\/\/vosgesinfo.fr\/epinalinfo\/2017\/01\/rois-de-feve-a-domremy-pucelle-video\/#breadcrumb"},"inLanguage":"fr-FR","potentialAction":[{"@type":"ReadAction","target":["https:\/\/vosgesinfo.fr\/epinalinfo\/2017\/01\/rois-de-feve-a-domremy-pucelle-video\/"]}]},{"@type":"ImageObject","inLanguage":"fr-FR","@id":"https:\/\/vosgesinfo.fr\/epinalinfo\/2017\/01\/rois-de-feve-a-domremy-pucelle-video\/#primaryimage","url":"https:\/\/vosgesinfo.fr\/app\/uploads\/sites\/3\/2024\/08\/201701feves-nex.jpg","contentUrl":"https:\/\/vosgesinfo.fr\/app\/uploads\/sites\/3\/2024\/08\/201701feves-nex.jpg","width":800,"height":410},{"@type":"BreadcrumbList","@id":"https:\/\/vosgesinfo.fr\/epinalinfo\/2017\/01\/rois-de-feve-a-domremy-pucelle-video\/#breadcrumb","itemListElement":[{"@type":"ListItem","position":1,"name":"Home","item":"https:\/\/vosgesinfo.fr\/epinalinfo\/"},{"@type":"ListItem","position":2,"name":"Les rois de la f\u00e8ve sont \u00e0 Domr\u00e9my la Pucelle [vid\u00e9o]"}]},{"@type":"WebSite","@id":"https:\/\/vosgesinfo.fr\/epinalinfo\/#website","url":"https:\/\/vosgesinfo.fr\/epinalinfo\/","name":"Epinal Info","description":"Toute l&#039;actualit\u00e9 d&#039;\u00c9pinal","publisher":{"@id":"https:\/\/vosgesinfo.fr\/epinalinfo\/#organization"},"alternateName":"Toute l'actualit\u00e9 d'\u00c9pinal","potentialAction":[{"@type":"SearchAction","target":{"@type":"EntryPoint","urlTemplate":"https:\/\/vosgesinfo.fr\/epinalinfo\/?s={search_term_string}"},"query-input":"required name=search_term_string"}],"inLanguage":"fr-FR"},{"@type":"Organization","@id":"https:\/\/vosgesinfo.fr\/epinalinfo\/#organization","name":"Epinal Info","url":"https:\/\/vosgesinfo.fr\/epinalinfo\/","logo":{"@type":"ImageObject","inLanguage":"fr-FR","@id":"https:\/\/vosgesinfo.fr\/epinalinfo\/#\/schema\/logo\/image\/","url":"https:\/\/vosgesinfo.fr\/app\/uploads\/sites\/3\/2023\/08\/logo-epinalinfos.svg","contentUrl":"https:\/\/vosgesinfo.fr\/app\/uploads\/sites\/3\/2023\/08\/logo-epinalinfos.svg","width":1,"height":1,"caption":"Epinal Info"},"image":{"@id":"https:\/\/vosgesinfo.fr\/epinalinfo\/#\/schema\/logo\/image\/"},"sameAs":["https:\/\/www.facebook.com\/Epinalinfos","https:\/\/x.com\/VosgesInfo88","https:\/\/www.youtube.com\/@vosgesinfo"]},{"@type":"Person","@id":"https:\/\/vosgesinfo.fr\/epinalinfo\/#\/schema\/person\/6f9a650eeea99d969b6c4ab78fccbe81","name":"C.K.","image":{"@type":"ImageObject","inLanguage":"fr-FR","@id":"https:\/\/vosgesinfo.fr\/epinalinfo\/#\/schema\/person\/image\/","url":"https:\/\/secure.gravatar.com\/avatar\/48e3fc7f8421ba8942be6b74a2b7f014ca39bc00dece156b7a8e098ae7dc87bf?s=96&d=mm&r=g","contentUrl":"https:\/\/secure.gravatar.com\/avatar\/48e3fc7f8421ba8942be6b74a2b7f014ca39bc00dece156b7a8e098ae7dc87bf?s=96&d=mm&r=g","caption":"C.K."},"url":"https:\/\/vosgesinfo.fr\/epinalinfo\/author\/celia-k-n\/"}]}},"_links":{"self":[{"href":"https:\/\/vosgesinfo.fr\/epinalinfo\/wp-json\/wp\/v2\/posts\/68807","targetHints":{"allow":["GET"]}}],"collection":[{"href":"https:\/\/vosgesinfo.fr\/epinalinfo\/wp-json\/wp\/v2\/posts"}],"about":[{"href":"https:\/\/vosgesinfo.fr\/epinalinfo\/wp-json\/wp\/v2\/types\/post"}],"author":[{"embeddable":true,"href":"https:\/\/vosgesinfo.fr\/epinalinfo\/wp-json\/wp\/v2\/users\/52"}],"replies":[{"embeddable":true,"href":"https:\/\/vosgesinfo.fr\/epinalinfo\/wp-json\/wp\/v2\/comments?post=68807"}],"version-history":[{"count":0,"href":"https:\/\/vosgesinfo.fr\/epinalinfo\/wp-json\/wp\/v2\/posts\/68807\/revisions"}],"wp:featuredmedia":[{"embeddable":true,"href":"https:\/\/vosgesinfo.fr\/epinalinfo\/wp-json\/wp\/v2\/media\/68808"}],"wp:attachment":[{"href":"https:\/\/vosgesinfo.fr\/epinalinfo\/wp-json\/wp\/v2\/media?parent=68807"}],"wp:term":[{"taxonomy":"category","embeddable":true,"href":"https:\/\/vosgesinfo.fr\/epinalinfo\/wp-json\/wp\/v2\/categories?post=68807"},{"taxonomy":"post_tag","embeddable":true,"href":"https:\/\/vosgesinfo.fr\/epinalinfo\/wp-json\/wp\/v2\/tags?post=68807"}],"curies":[{"name":"wp","href":"https:\/\/api.w.org\/{rel}","templated":true}]}}