{"id":68939,"date":"2017-01-09T19:12:41","date_gmt":"2017-01-09T18:12:41","guid":{"rendered":"https:\/\/vosgesinfo.fr\/epinalinfo\/2017\/01\/monnaie-vosgienne-sappellera-brimbelle\/"},"modified":"2017-01-09T19:12:41","modified_gmt":"2017-01-09T18:12:41","slug":"monnaie-vosgienne-sappellera-brimbelle","status":"publish","type":"post","link":"https:\/\/vosgesinfo.fr\/epinalinfo\/2017\/01\/monnaie-vosgienne-sappellera-brimbelle\/","title":{"rendered":"La monnaie vosgienne s\u2019appellera \u00ab La Brimbelle \u00bb !"},"content":{"rendered":"<h4><a href=\"http:\/\/epinalinfos.fr\/2016\/12\/choisissez-nom-de-future-monnaie-locale-vosgienne\/monnaie\/\" rel=\"attachment wp-att-104963\"><img decoding=\"async\" class=\"aligncenter size-full wp-image-104963\" src=\"\/2016\/12\/monnaie.jpg\" alt=\"monnaie\" width=\"800\" height=\"533\" \/><\/a>Le Collectif pour la Monnaie Locale compl\u00e9mentaire des Vosges s\u2019est r\u00e9uni ce samedi \u00e0 Epinal pour choisir un nom \u00e0 la nouvelle monnaie. La nouvelle monnaie vosgienne se nommera \u00ab\u00a0La Brimbelle\u00a0\u00bb. La nouvelle monnaie sera sur le march\u00e9 d\u00e8s la fin de l\u2019ann\u00e9e 2018.<\/h4>\n<p>En ao\u00fbt 2015, un petit groupe de citoyens vosgiens avait d\u00e9cid\u00e9 d\u2019agir en consid\u00e9rant que la cr\u00e9ation d\u2019une monnaie locale compl\u00e9mentaire \u00e9tait une solution et un outil citoyen pour r\u00e9pondre \u00e0 diff\u00e9rents probl\u00e8mes soulev\u00e9s. Un collectif de plusieurs associations vosgiennes s\u2019est constitu\u00e9 en avril 2016 afin de porter le projet de cr\u00e9ation d\u2019une Monnaie Locale Compl\u00e9mentaire et Citoyenne \u00e0 l\u2019\u00e9chelle des Vosges. Il est aujourd\u2019hui constitu\u00e9 de 16 associations, et repr\u00e9sente plus de 600 citoyens et professionnels r\u00e9partis sur l\u2019ensemble du territoire des Vosges.<\/p>\n<p style=\"font-style: inherit;\">La dynamique pour l\u2019\u00e9laboration du projet a \u00e9t\u00e9 lanc\u00e9e le 15 mai 2016 \u00e0 l\u2019occasion d\u2019un Forum Ouvert. Depuis, des groupes de travail se sont constitu\u00e9s \u00e0 travers les Vosges pour mener des r\u00e9flexions th\u00e9matiques sur des sujets pr\u00e9cis et concr\u00e9tiser le projet.<\/p>\n<p>Chaque monnaie compl\u00e9mentaire est index\u00e9e sur la valeur de l\u2019euro et ne peut pas \u00eatre utilis\u00e9e en dehors du p\u00e9rim\u00e8tre d\u00e9fini. Les commer\u00e7ants peuvent convertir en euro la monnaie locale et les consommateurs peuvent retirer l\u2019argent dans des comptoirs d\u00e9di\u00e9s.<\/p>\n<p>La nouvelle monnaie sera fonctionnelle d\u00e8s la fin de l\u2019ann\u00e9e 2018.<\/p>\n","protected":false},"excerpt":{"rendered":"<p>Le Collectif pour la Monnaie Locale compl\u00e9mentaire des Vosges s\u2019est r\u00e9uni ce samedi \u00e0 Epinal pour choisir un nom \u00e0 [&hellip;]<\/p>\n","protected":false},"author":52,"featured_media":19779,"comment_status":"open","ping_status":"open","sticky":false,"template":"","format":"standard","meta":{"footnotes":""},"categories":[22,10,5],"tags":[70,9837,9838,75],"class_list":["post-68939","post","type-post","status-publish","format-standard","has-post-thumbnail","hentry","category-a-la-une","category-societe","category-vosges","tag-epinal","tag-la-brimbelle","tag-monnaie-locale-vosgienne","tag-vosges"],"acf":[],"yoast_head":"<!-- This site is optimized with the Yoast SEO plugin v22.5 - https:\/\/yoast.com\/wordpress\/plugins\/seo\/ -->\n<title>La monnaie vosgienne s\u2019appellera \u00ab La Brimbelle \u00bb ! - Epinal Info<\/title>\n<meta name=\"robots\" content=\"index, follow, max-snippet:-1, max-image-preview:large, max-video-preview:-1\" \/>\n<link rel=\"canonical\" href=\"https:\/\/vosgesinfo.fr\/epinalinfo\/2017\/01\/monnaie-vosgienne-sappellera-brimbelle\/\" \/>\n<meta name=\"twitter:card\" content=\"summary_large_image\" \/>\n<meta name=\"twitter:title\" content=\"La monnaie vosgienne s\u2019appellera \u00ab La Brimbelle \u00bb ! - Epinal Info\" \/>\n<meta name=\"twitter:description\" content=\"Le Collectif pour la Monnaie Locale compl\u00e9mentaire des Vosges s\u2019est r\u00e9uni ce samedi \u00e0 Epinal pour choisir un nom \u00e0 [&hellip;]\" \/>\n<meta name=\"twitter:image\" content=\"https:\/\/vosgesinfo.fr\/app\/uploads\/sites\/3\/2022\/07\/monnaie.jpg\" \/>\n<meta name=\"twitter:creator\" content=\"@VosgesInfo88\" \/>\n<meta name=\"twitter:site\" content=\"@VosgesInfo88\" \/>\n<meta name=\"twitter:label1\" content=\"\u00c9crit par\" \/>\n\t<meta name=\"twitter:data1\" content=\"C.K.\" \/>\n\t<meta name=\"twitter:label2\" content=\"Dur\u00e9e de lecture estim\u00e9e\" \/>\n\t<meta name=\"twitter:data2\" content=\"1 minute\" \/>\n<script type=\"application\/ld+json\" class=\"yoast-schema-graph\">{\"@context\":\"https:\/\/schema.org\",\"@graph\":[{\"@type\":\"Article\",\"@id\":\"https:\/\/vosgesinfo.fr\/epinalinfo\/2017\/01\/monnaie-vosgienne-sappellera-brimbelle\/#article\",\"isPartOf\":{\"@id\":\"https:\/\/vosgesinfo.fr\/epinalinfo\/2017\/01\/monnaie-vosgienne-sappellera-brimbelle\/\"},\"author\":{\"name\":\"C.K.\",\"@id\":\"https:\/\/vosgesinfo.fr\/epinalinfo\/#\/schema\/person\/6f9a650eeea99d969b6c4ab78fccbe81\"},\"headline\":\"La monnaie vosgienne s\u2019appellera \u00ab La Brimbelle \u00bb !\",\"datePublished\":\"2017-01-09T18:12:41+00:00\",\"dateModified\":\"2017-01-09T18:12:41+00:00\",\"mainEntityOfPage\":{\"@id\":\"https:\/\/vosgesinfo.fr\/epinalinfo\/2017\/01\/monnaie-vosgienne-sappellera-brimbelle\/\"},\"wordCount\":264,\"commentCount\":0,\"publisher\":{\"@id\":\"https:\/\/vosgesinfo.fr\/epinalinfo\/#organization\"},\"image\":{\"@id\":\"https:\/\/vosgesinfo.fr\/epinalinfo\/2017\/01\/monnaie-vosgienne-sappellera-brimbelle\/#primaryimage\"},\"thumbnailUrl\":\"https:\/\/vosgesinfo.fr\/app\/uploads\/sites\/3\/2022\/07\/monnaie.jpg\",\"keywords\":[\"Epinal\",\"La Brimbelle\",\"monnaie locale vosgienne\",\"vosges\"],\"articleSection\":[\"A la Une\",\"Soci\u00e9t\u00e9\",\"Vosges\"],\"inLanguage\":\"fr-FR\",\"potentialAction\":[{\"@type\":\"CommentAction\",\"name\":\"Comment\",\"target\":[\"https:\/\/vosgesinfo.fr\/epinalinfo\/2017\/01\/monnaie-vosgienne-sappellera-brimbelle\/#respond\"]}]},{\"@type\":\"WebPage\",\"@id\":\"https:\/\/vosgesinfo.fr\/epinalinfo\/2017\/01\/monnaie-vosgienne-sappellera-brimbelle\/\",\"url\":\"https:\/\/vosgesinfo.fr\/epinalinfo\/2017\/01\/monnaie-vosgienne-sappellera-brimbelle\/\",\"name\":\"La monnaie vosgienne s\u2019appellera \u00ab La Brimbelle \u00bb ! - Epinal Info\",\"isPartOf\":{\"@id\":\"https:\/\/vosgesinfo.fr\/epinalinfo\/#website\"},\"primaryImageOfPage\":{\"@id\":\"https:\/\/vosgesinfo.fr\/epinalinfo\/2017\/01\/monnaie-vosgienne-sappellera-brimbelle\/#primaryimage\"},\"image\":{\"@id\":\"https:\/\/vosgesinfo.fr\/epinalinfo\/2017\/01\/monnaie-vosgienne-sappellera-brimbelle\/#primaryimage\"},\"thumbnailUrl\":\"https:\/\/vosgesinfo.fr\/app\/uploads\/sites\/3\/2022\/07\/monnaie.jpg\",\"datePublished\":\"2017-01-09T18:12:41+00:00\",\"dateModified\":\"2017-01-09T18:12:41+00:00\",\"breadcrumb\":{\"@id\":\"https:\/\/vosgesinfo.fr\/epinalinfo\/2017\/01\/monnaie-vosgienne-sappellera-brimbelle\/#breadcrumb\"},\"inLanguage\":\"fr-FR\",\"potentialAction\":[{\"@type\":\"ReadAction\",\"target\":[\"https:\/\/vosgesinfo.fr\/epinalinfo\/2017\/01\/monnaie-vosgienne-sappellera-brimbelle\/\"]}]},{\"@type\":\"ImageObject\",\"inLanguage\":\"fr-FR\",\"@id\":\"https:\/\/vosgesinfo.fr\/epinalinfo\/2017\/01\/monnaie-vosgienne-sappellera-brimbelle\/#primaryimage\",\"url\":\"https:\/\/vosgesinfo.fr\/app\/uploads\/sites\/3\/2022\/07\/monnaie.jpg\",\"contentUrl\":\"https:\/\/vosgesinfo.fr\/app\/uploads\/sites\/3\/2022\/07\/monnaie.jpg\"},{\"@type\":\"BreadcrumbList\",\"@id\":\"https:\/\/vosgesinfo.fr\/epinalinfo\/2017\/01\/monnaie-vosgienne-sappellera-brimbelle\/#breadcrumb\",\"itemListElement\":[{\"@type\":\"ListItem\",\"position\":1,\"name\":\"Home\",\"item\":\"https:\/\/vosgesinfo.fr\/epinalinfo\/\"},{\"@type\":\"ListItem\",\"position\":2,\"name\":\"La monnaie vosgienne s\u2019appellera \u00ab La Brimbelle \u00bb !\"}]},{\"@type\":\"WebSite\",\"@id\":\"https:\/\/vosgesinfo.fr\/epinalinfo\/#website\",\"url\":\"https:\/\/vosgesinfo.fr\/epinalinfo\/\",\"name\":\"Epinal Info\",\"description\":\"Toute l&#039;actualit\u00e9 d&#039;\u00c9pinal\",\"publisher\":{\"@id\":\"https:\/\/vosgesinfo.fr\/epinalinfo\/#organization\"},\"alternateName\":\"Toute l'actualit\u00e9 d'\u00c9pinal\",\"potentialAction\":[{\"@type\":\"SearchAction\",\"target\":{\"@type\":\"EntryPoint\",\"urlTemplate\":\"https:\/\/vosgesinfo.fr\/epinalinfo\/?s={search_term_string}\"},\"query-input\":\"required name=search_term_string\"}],\"inLanguage\":\"fr-FR\"},{\"@type\":\"Organization\",\"@id\":\"https:\/\/vosgesinfo.fr\/epinalinfo\/#organization\",\"name\":\"Epinal Info\",\"url\":\"https:\/\/vosgesinfo.fr\/epinalinfo\/\",\"logo\":{\"@type\":\"ImageObject\",\"inLanguage\":\"fr-FR\",\"@id\":\"https:\/\/vosgesinfo.fr\/epinalinfo\/#\/schema\/logo\/image\/\",\"url\":\"https:\/\/vosgesinfo.fr\/app\/uploads\/sites\/3\/2023\/08\/logo-epinalinfos.svg\",\"contentUrl\":\"https:\/\/vosgesinfo.fr\/app\/uploads\/sites\/3\/2023\/08\/logo-epinalinfos.svg\",\"width\":1,\"height\":1,\"caption\":\"Epinal Info\"},\"image\":{\"@id\":\"https:\/\/vosgesinfo.fr\/epinalinfo\/#\/schema\/logo\/image\/\"},\"sameAs\":[\"https:\/\/www.facebook.com\/Epinalinfos\",\"https:\/\/x.com\/VosgesInfo88\",\"https:\/\/www.youtube.com\/@vosgesinfo\"]},{\"@type\":\"Person\",\"@id\":\"https:\/\/vosgesinfo.fr\/epinalinfo\/#\/schema\/person\/6f9a650eeea99d969b6c4ab78fccbe81\",\"name\":\"C.K.\",\"image\":{\"@type\":\"ImageObject\",\"inLanguage\":\"fr-FR\",\"@id\":\"https:\/\/vosgesinfo.fr\/epinalinfo\/#\/schema\/person\/image\/\",\"url\":\"https:\/\/secure.gravatar.com\/avatar\/48e3fc7f8421ba8942be6b74a2b7f014ca39bc00dece156b7a8e098ae7dc87bf?s=96&d=mm&r=g\",\"contentUrl\":\"https:\/\/secure.gravatar.com\/avatar\/48e3fc7f8421ba8942be6b74a2b7f014ca39bc00dece156b7a8e098ae7dc87bf?s=96&d=mm&r=g\",\"caption\":\"C.K.\"},\"url\":\"https:\/\/vosgesinfo.fr\/epinalinfo\/author\/celia-k-n\/\"}]}<\/script>\n<!-- \/ Yoast SEO plugin. -->","yoast_head_json":{"title":"La monnaie vosgienne s\u2019appellera \u00ab La Brimbelle \u00bb ! - Epinal Info","robots":{"index":"index","follow":"follow","max-snippet":"max-snippet:-1","max-image-preview":"max-image-preview:large","max-video-preview":"max-video-preview:-1"},"canonical":"https:\/\/vosgesinfo.fr\/epinalinfo\/2017\/01\/monnaie-vosgienne-sappellera-brimbelle\/","twitter_card":"summary_large_image","twitter_title":"La monnaie vosgienne s\u2019appellera \u00ab La Brimbelle \u00bb ! - Epinal Info","twitter_description":"Le Collectif pour la Monnaie Locale compl\u00e9mentaire des Vosges s\u2019est r\u00e9uni ce samedi \u00e0 Epinal pour choisir un nom \u00e0 [&hellip;]","twitter_image":"https:\/\/vosgesinfo.fr\/app\/uploads\/sites\/3\/2022\/07\/monnaie.jpg","twitter_creator":"@VosgesInfo88","twitter_site":"@VosgesInfo88","twitter_misc":{"\u00c9crit par":"C.K.","Dur\u00e9e de lecture estim\u00e9e":"1 minute"},"schema":{"@context":"https:\/\/schema.org","@graph":[{"@type":"Article","@id":"https:\/\/vosgesinfo.fr\/epinalinfo\/2017\/01\/monnaie-vosgienne-sappellera-brimbelle\/#article","isPartOf":{"@id":"https:\/\/vosgesinfo.fr\/epinalinfo\/2017\/01\/monnaie-vosgienne-sappellera-brimbelle\/"},"author":{"name":"C.K.","@id":"https:\/\/vosgesinfo.fr\/epinalinfo\/#\/schema\/person\/6f9a650eeea99d969b6c4ab78fccbe81"},"headline":"La monnaie vosgienne s\u2019appellera \u00ab La Brimbelle \u00bb !","datePublished":"2017-01-09T18:12:41+00:00","dateModified":"2017-01-09T18:12:41+00:00","mainEntityOfPage":{"@id":"https:\/\/vosgesinfo.fr\/epinalinfo\/2017\/01\/monnaie-vosgienne-sappellera-brimbelle\/"},"wordCount":264,"commentCount":0,"publisher":{"@id":"https:\/\/vosgesinfo.fr\/epinalinfo\/#organization"},"image":{"@id":"https:\/\/vosgesinfo.fr\/epinalinfo\/2017\/01\/monnaie-vosgienne-sappellera-brimbelle\/#primaryimage"},"thumbnailUrl":"https:\/\/vosgesinfo.fr\/app\/uploads\/sites\/3\/2022\/07\/monnaie.jpg","keywords":["Epinal","La Brimbelle","monnaie locale vosgienne","vosges"],"articleSection":["A la Une","Soci\u00e9t\u00e9","Vosges"],"inLanguage":"fr-FR","potentialAction":[{"@type":"CommentAction","name":"Comment","target":["https:\/\/vosgesinfo.fr\/epinalinfo\/2017\/01\/monnaie-vosgienne-sappellera-brimbelle\/#respond"]}]},{"@type":"WebPage","@id":"https:\/\/vosgesinfo.fr\/epinalinfo\/2017\/01\/monnaie-vosgienne-sappellera-brimbelle\/","url":"https:\/\/vosgesinfo.fr\/epinalinfo\/2017\/01\/monnaie-vosgienne-sappellera-brimbelle\/","name":"La monnaie vosgienne s\u2019appellera \u00ab La Brimbelle \u00bb ! - Epinal Info","isPartOf":{"@id":"https:\/\/vosgesinfo.fr\/epinalinfo\/#website"},"primaryImageOfPage":{"@id":"https:\/\/vosgesinfo.fr\/epinalinfo\/2017\/01\/monnaie-vosgienne-sappellera-brimbelle\/#primaryimage"},"image":{"@id":"https:\/\/vosgesinfo.fr\/epinalinfo\/2017\/01\/monnaie-vosgienne-sappellera-brimbelle\/#primaryimage"},"thumbnailUrl":"https:\/\/vosgesinfo.fr\/app\/uploads\/sites\/3\/2022\/07\/monnaie.jpg","datePublished":"2017-01-09T18:12:41+00:00","dateModified":"2017-01-09T18:12:41+00:00","breadcrumb":{"@id":"https:\/\/vosgesinfo.fr\/epinalinfo\/2017\/01\/monnaie-vosgienne-sappellera-brimbelle\/#breadcrumb"},"inLanguage":"fr-FR","potentialAction":[{"@type":"ReadAction","target":["https:\/\/vosgesinfo.fr\/epinalinfo\/2017\/01\/monnaie-vosgienne-sappellera-brimbelle\/"]}]},{"@type":"ImageObject","inLanguage":"fr-FR","@id":"https:\/\/vosgesinfo.fr\/epinalinfo\/2017\/01\/monnaie-vosgienne-sappellera-brimbelle\/#primaryimage","url":"https:\/\/vosgesinfo.fr\/app\/uploads\/sites\/3\/2022\/07\/monnaie.jpg","contentUrl":"https:\/\/vosgesinfo.fr\/app\/uploads\/sites\/3\/2022\/07\/monnaie.jpg"},{"@type":"BreadcrumbList","@id":"https:\/\/vosgesinfo.fr\/epinalinfo\/2017\/01\/monnaie-vosgienne-sappellera-brimbelle\/#breadcrumb","itemListElement":[{"@type":"ListItem","position":1,"name":"Home","item":"https:\/\/vosgesinfo.fr\/epinalinfo\/"},{"@type":"ListItem","position":2,"name":"La monnaie vosgienne s\u2019appellera \u00ab La Brimbelle \u00bb !"}]},{"@type":"WebSite","@id":"https:\/\/vosgesinfo.fr\/epinalinfo\/#website","url":"https:\/\/vosgesinfo.fr\/epinalinfo\/","name":"Epinal Info","description":"Toute l&#039;actualit\u00e9 d&#039;\u00c9pinal","publisher":{"@id":"https:\/\/vosgesinfo.fr\/epinalinfo\/#organization"},"alternateName":"Toute l'actualit\u00e9 d'\u00c9pinal","potentialAction":[{"@type":"SearchAction","target":{"@type":"EntryPoint","urlTemplate":"https:\/\/vosgesinfo.fr\/epinalinfo\/?s={search_term_string}"},"query-input":"required name=search_term_string"}],"inLanguage":"fr-FR"},{"@type":"Organization","@id":"https:\/\/vosgesinfo.fr\/epinalinfo\/#organization","name":"Epinal Info","url":"https:\/\/vosgesinfo.fr\/epinalinfo\/","logo":{"@type":"ImageObject","inLanguage":"fr-FR","@id":"https:\/\/vosgesinfo.fr\/epinalinfo\/#\/schema\/logo\/image\/","url":"https:\/\/vosgesinfo.fr\/app\/uploads\/sites\/3\/2023\/08\/logo-epinalinfos.svg","contentUrl":"https:\/\/vosgesinfo.fr\/app\/uploads\/sites\/3\/2023\/08\/logo-epinalinfos.svg","width":1,"height":1,"caption":"Epinal Info"},"image":{"@id":"https:\/\/vosgesinfo.fr\/epinalinfo\/#\/schema\/logo\/image\/"},"sameAs":["https:\/\/www.facebook.com\/Epinalinfos","https:\/\/x.com\/VosgesInfo88","https:\/\/www.youtube.com\/@vosgesinfo"]},{"@type":"Person","@id":"https:\/\/vosgesinfo.fr\/epinalinfo\/#\/schema\/person\/6f9a650eeea99d969b6c4ab78fccbe81","name":"C.K.","image":{"@type":"ImageObject","inLanguage":"fr-FR","@id":"https:\/\/vosgesinfo.fr\/epinalinfo\/#\/schema\/person\/image\/","url":"https:\/\/secure.gravatar.com\/avatar\/48e3fc7f8421ba8942be6b74a2b7f014ca39bc00dece156b7a8e098ae7dc87bf?s=96&d=mm&r=g","contentUrl":"https:\/\/secure.gravatar.com\/avatar\/48e3fc7f8421ba8942be6b74a2b7f014ca39bc00dece156b7a8e098ae7dc87bf?s=96&d=mm&r=g","caption":"C.K."},"url":"https:\/\/vosgesinfo.fr\/epinalinfo\/author\/celia-k-n\/"}]}},"_links":{"self":[{"href":"https:\/\/vosgesinfo.fr\/epinalinfo\/wp-json\/wp\/v2\/posts\/68939","targetHints":{"allow":["GET"]}}],"collection":[{"href":"https:\/\/vosgesinfo.fr\/epinalinfo\/wp-json\/wp\/v2\/posts"}],"about":[{"href":"https:\/\/vosgesinfo.fr\/epinalinfo\/wp-json\/wp\/v2\/types\/post"}],"author":[{"embeddable":true,"href":"https:\/\/vosgesinfo.fr\/epinalinfo\/wp-json\/wp\/v2\/users\/52"}],"replies":[{"embeddable":true,"href":"https:\/\/vosgesinfo.fr\/epinalinfo\/wp-json\/wp\/v2\/comments?post=68939"}],"version-history":[{"count":0,"href":"https:\/\/vosgesinfo.fr\/epinalinfo\/wp-json\/wp\/v2\/posts\/68939\/revisions"}],"wp:featuredmedia":[{"embeddable":true,"href":"https:\/\/vosgesinfo.fr\/epinalinfo\/wp-json\/wp\/v2\/media\/19779"}],"wp:attachment":[{"href":"https:\/\/vosgesinfo.fr\/epinalinfo\/wp-json\/wp\/v2\/media?parent=68939"}],"wp:term":[{"taxonomy":"category","embeddable":true,"href":"https:\/\/vosgesinfo.fr\/epinalinfo\/wp-json\/wp\/v2\/categories?post=68939"},{"taxonomy":"post_tag","embeddable":true,"href":"https:\/\/vosgesinfo.fr\/epinalinfo\/wp-json\/wp\/v2\/tags?post=68939"}],"curies":[{"name":"wp","href":"https:\/\/api.w.org\/{rel}","templated":true}]}}