{"id":69095,"date":"2017-01-16T06:18:20","date_gmt":"2017-01-16T05:18:20","guid":{"rendered":"https:\/\/vosgesinfo.fr\/epinalinfo\/2017\/01\/remiremont-francois-vannson-a-accorde-130-000-euros-de-reserve-parlementaire-a-36-associations-4-communes-2016\/"},"modified":"2017-01-16T06:18:20","modified_gmt":"2017-01-16T05:18:20","slug":"remiremont-francois-vannson-a-accorde-130-000-euros-de-reserve-parlementaire-a-36-associations-4-communes-2016","status":"publish","type":"post","link":"https:\/\/vosgesinfo.fr\/epinalinfo\/2017\/01\/remiremont-francois-vannson-a-accorde-130-000-euros-de-reserve-parlementaire-a-36-associations-4-communes-2016\/","title":{"rendered":"Remiremont \u2013 Fran\u00e7ois Vannson a accord\u00e9 130.000 euros de r\u00e9serve parlementaire \u00e0 36 associations et 4 communes en 2016"},"content":{"rendered":"<h4>Fran\u00e7ois Vannson a mis \u00e0 profit sa c\u00e9r\u00e9monie des voeux \u00e0 la circonscription de Remiremont pour d\u00e9voiler les aides financi\u00e8res qu\u2019il a accord\u00e9es en 2016 aux associations dans le cadre de sa r\u00e9serve parlementaire. 36 associations et 4 communes ont sollicit\u00e9 la r\u00e9serve parlementaire du d\u00e9put\u00e9. Elles ont per\u00e7u, au total, 130.000 \u20acuros.<\/h4>\n<p><a href=\"http:\/\/remiremontinfo.fr\/wp-content\/uploads\/2017\/01\/148.jpg\" data-featherlight=\"image\"><img decoding=\"async\" class=\"alignright wp-image-181471 size-medium\" src=\"https:\/\/vosgesinfo.fr\/app\/uploads\/sites\/3\/2017\/01\/148-182x255-1.jpg\" alt=\"1\" width=\"182\" height=\"255\" \/><\/a>Ces subventions s\u2019\u00e9chelonnent de 1.000 \u00e0 10.000 \u20acuros pour les associations. Les plus cons\u00e9quentes reviennent au festival du film fantastique de G\u00e9rardmer (10.000 \u20acuros), \u00e0 l\u2019AS G\u00e9rardmer Ski Nordique pour l\u2019achat d\u2019un mini-bus (3.000 \u20acuros), au festival de G\u00e9rardmer-Kichompr\u00e9 Concertour (3.000 \u20acuros), au centre de g\u00e9ologie Terrae Genesis du Syndicat (3.000 \u20acuros), \u00e0 la ludoth\u00e8que de Remiremont pour l\u2019achat de barnums, au Tennis-club de Remiremont (2.500 \u20acuros)\u2026<\/p>\n<p>C\u00f4t\u00e9 communes,\u00a0Raon-aux-Bois a per\u00e7u 5.000 \u20acuros, Cleurie et Dommartin-l\u00e8s-Remiremont chacune 10.000 \u20acuros chacune et Rupt-sur-Moselle 35.000 \u20acuros.<\/p>\n<p>Retrouvez en d\u00e9tails, ci dessous, le montant des aides\u00a0attribu\u00e9es par associations et par communes.<\/p>\n<p>Dans un prochain article, nous vous pr\u00e9senterons les aides que Fran\u00e7ois Vannson a attribu\u00e9es au titre de l\u2019ann\u00e9e 2017 de sa r\u00e9serve parlementaire.<\/p>\n<p><strong>D.J.<\/strong><\/p>\n<p><a href=\"http:\/\/epinalinfos.fr\/2017\/01\/remiremont-francois-vannson-a-accorde-130-000-euros-de-reserve-parlementaire-a-36-associations-4-communes-2016\/img201\/\" rel=\"attachment wp-att-107083\"><br \/>\n<\/a> <a href=\"http:\/\/epinalinfos.fr\/2017\/01\/remiremont-francois-vannson-a-accorde-130-000-euros-de-reserve-parlementaire-a-36-associations-4-communes-2016\/img202\/\" rel=\"attachment wp-att-107084\"><img decoding=\"async\" class=\"aligncenter size-full wp-image-107084\" src=\"\/2017\/01\/img202.jpg\" alt=\"img202\" width=\"800\" height=\"566\" \/><\/a> <a href=\"http:\/\/epinalinfos.fr\/2017\/01\/remiremont-francois-vannson-a-accorde-130-000-euros-de-reserve-parlementaire-a-36-associations-4-communes-2016\/img203\/\" rel=\"attachment wp-att-107085\"><img decoding=\"async\" class=\"aligncenter size-full wp-image-107085\" src=\"\/2017\/01\/img203.jpg\" alt=\"img203\" width=\"800\" height=\"566\" \/><\/a><\/p>\n<p><a href=\"http:\/\/epinalinfos.fr\/2017\/01\/remiremont-francois-vannson-a-accorde-130-000-euros-de-reserve-parlementaire-a-36-associations-4-communes-2016\/img204\/\" rel=\"attachment wp-att-107082\"><img decoding=\"async\" class=\"aligncenter size-full wp-image-107082\" src=\"\/2017\/01\/img204.jpg\" alt=\"img204\" width=\"800\" height=\"566\" \/><\/a><\/p>\n","protected":false},"excerpt":{"rendered":"<p>Fran\u00e7ois Vannson a mis \u00e0 profit sa c\u00e9r\u00e9monie des voeux \u00e0 la circonscription de Remiremont pour d\u00e9voiler les aides financi\u00e8res [&hellip;]<\/p>\n","protected":false},"author":52,"featured_media":69096,"comment_status":"open","ping_status":"open","sticky":false,"template":"","format":"standard","meta":{"footnotes":""},"categories":[22,5],"tags":[],"class_list":["post-69095","post","type-post","status-publish","format-standard","has-post-thumbnail","hentry","category-a-la-une","category-vosges"],"acf":[],"yoast_head":"<!-- This site is optimized with the Yoast SEO plugin v22.5 - https:\/\/yoast.com\/wordpress\/plugins\/seo\/ -->\n<title>Remiremont \u2013 Fran\u00e7ois Vannson a accord\u00e9 130.000 euros de r\u00e9serve parlementaire \u00e0 36 associations et 4 communes en 2016 - Epinal Info<\/title>\n<meta name=\"robots\" content=\"index, follow, max-snippet:-1, max-image-preview:large, max-video-preview:-1\" \/>\n<link rel=\"canonical\" href=\"https:\/\/vosgesinfo.fr\/epinalinfo\/2017\/01\/remiremont-francois-vannson-a-accorde-130-000-euros-de-reserve-parlementaire-a-36-associations-4-communes-2016\/\" \/>\n<meta name=\"twitter:card\" content=\"summary_large_image\" \/>\n<meta name=\"twitter:title\" content=\"Remiremont \u2013 Fran\u00e7ois Vannson a accord\u00e9 130.000 euros de r\u00e9serve parlementaire \u00e0 36 associations et 4 communes en 2016 - Epinal Info\" \/>\n<meta name=\"twitter:description\" content=\"Fran\u00e7ois Vannson a mis \u00e0 profit sa c\u00e9r\u00e9monie des voeux \u00e0 la circonscription de Remiremont pour d\u00e9voiler les aides financi\u00e8res [&hellip;]\" \/>\n<meta name=\"twitter:image\" content=\"https:\/\/vosgesinfo.fr\/app\/uploads\/sites\/3\/2024\/08\/201512vannson-1.jpg\" \/>\n<meta name=\"twitter:creator\" content=\"@VosgesInfo88\" \/>\n<meta name=\"twitter:site\" content=\"@VosgesInfo88\" \/>\n<meta name=\"twitter:label1\" content=\"\u00c9crit par\" \/>\n\t<meta name=\"twitter:data1\" content=\"C.K.\" \/>\n\t<meta name=\"twitter:label2\" content=\"Dur\u00e9e de lecture estim\u00e9e\" \/>\n\t<meta name=\"twitter:data2\" content=\"1 minute\" \/>\n<script type=\"application\/ld+json\" class=\"yoast-schema-graph\">{\"@context\":\"https:\/\/schema.org\",\"@graph\":[{\"@type\":\"Article\",\"@id\":\"https:\/\/vosgesinfo.fr\/epinalinfo\/2017\/01\/remiremont-francois-vannson-a-accorde-130-000-euros-de-reserve-parlementaire-a-36-associations-4-communes-2016\/#article\",\"isPartOf\":{\"@id\":\"https:\/\/vosgesinfo.fr\/epinalinfo\/2017\/01\/remiremont-francois-vannson-a-accorde-130-000-euros-de-reserve-parlementaire-a-36-associations-4-communes-2016\/\"},\"author\":{\"name\":\"C.K.\",\"@id\":\"https:\/\/vosgesinfo.fr\/epinalinfo\/#\/schema\/person\/6f9a650eeea99d969b6c4ab78fccbe81\"},\"headline\":\"Remiremont \u2013 Fran\u00e7ois Vannson a accord\u00e9 130.000 euros de r\u00e9serve parlementaire \u00e0 36 associations et 4 communes en 2016\",\"datePublished\":\"2017-01-16T05:18:20+00:00\",\"dateModified\":\"2017-01-16T05:18:20+00:00\",\"mainEntityOfPage\":{\"@id\":\"https:\/\/vosgesinfo.fr\/epinalinfo\/2017\/01\/remiremont-francois-vannson-a-accorde-130-000-euros-de-reserve-parlementaire-a-36-associations-4-communes-2016\/\"},\"wordCount\":206,\"commentCount\":0,\"publisher\":{\"@id\":\"https:\/\/vosgesinfo.fr\/epinalinfo\/#organization\"},\"image\":{\"@id\":\"https:\/\/vosgesinfo.fr\/epinalinfo\/2017\/01\/remiremont-francois-vannson-a-accorde-130-000-euros-de-reserve-parlementaire-a-36-associations-4-communes-2016\/#primaryimage\"},\"thumbnailUrl\":\"https:\/\/vosgesinfo.fr\/app\/uploads\/sites\/3\/2024\/08\/201512vannson-1.jpg\",\"articleSection\":[\"A la Une\",\"Vosges\"],\"inLanguage\":\"fr-FR\",\"potentialAction\":[{\"@type\":\"CommentAction\",\"name\":\"Comment\",\"target\":[\"https:\/\/vosgesinfo.fr\/epinalinfo\/2017\/01\/remiremont-francois-vannson-a-accorde-130-000-euros-de-reserve-parlementaire-a-36-associations-4-communes-2016\/#respond\"]}]},{\"@type\":\"WebPage\",\"@id\":\"https:\/\/vosgesinfo.fr\/epinalinfo\/2017\/01\/remiremont-francois-vannson-a-accorde-130-000-euros-de-reserve-parlementaire-a-36-associations-4-communes-2016\/\",\"url\":\"https:\/\/vosgesinfo.fr\/epinalinfo\/2017\/01\/remiremont-francois-vannson-a-accorde-130-000-euros-de-reserve-parlementaire-a-36-associations-4-communes-2016\/\",\"name\":\"Remiremont \u2013 Fran\u00e7ois Vannson a accord\u00e9 130.000 euros de r\u00e9serve parlementaire \u00e0 36 associations et 4 communes en 2016 - Epinal Info\",\"isPartOf\":{\"@id\":\"https:\/\/vosgesinfo.fr\/epinalinfo\/#website\"},\"primaryImageOfPage\":{\"@id\":\"https:\/\/vosgesinfo.fr\/epinalinfo\/2017\/01\/remiremont-francois-vannson-a-accorde-130-000-euros-de-reserve-parlementaire-a-36-associations-4-communes-2016\/#primaryimage\"},\"image\":{\"@id\":\"https:\/\/vosgesinfo.fr\/epinalinfo\/2017\/01\/remiremont-francois-vannson-a-accorde-130-000-euros-de-reserve-parlementaire-a-36-associations-4-communes-2016\/#primaryimage\"},\"thumbnailUrl\":\"https:\/\/vosgesinfo.fr\/app\/uploads\/sites\/3\/2024\/08\/201512vannson-1.jpg\",\"datePublished\":\"2017-01-16T05:18:20+00:00\",\"dateModified\":\"2017-01-16T05:18:20+00:00\",\"breadcrumb\":{\"@id\":\"https:\/\/vosgesinfo.fr\/epinalinfo\/2017\/01\/remiremont-francois-vannson-a-accorde-130-000-euros-de-reserve-parlementaire-a-36-associations-4-communes-2016\/#breadcrumb\"},\"inLanguage\":\"fr-FR\",\"potentialAction\":[{\"@type\":\"ReadAction\",\"target\":[\"https:\/\/vosgesinfo.fr\/epinalinfo\/2017\/01\/remiremont-francois-vannson-a-accorde-130-000-euros-de-reserve-parlementaire-a-36-associations-4-communes-2016\/\"]}]},{\"@type\":\"ImageObject\",\"inLanguage\":\"fr-FR\",\"@id\":\"https:\/\/vosgesinfo.fr\/epinalinfo\/2017\/01\/remiremont-francois-vannson-a-accorde-130-000-euros-de-reserve-parlementaire-a-36-associations-4-communes-2016\/#primaryimage\",\"url\":\"https:\/\/vosgesinfo.fr\/app\/uploads\/sites\/3\/2024\/08\/201512vannson-1.jpg\",\"contentUrl\":\"https:\/\/vosgesinfo.fr\/app\/uploads\/sites\/3\/2024\/08\/201512vannson-1.jpg\",\"width\":1024,\"height\":768},{\"@type\":\"BreadcrumbList\",\"@id\":\"https:\/\/vosgesinfo.fr\/epinalinfo\/2017\/01\/remiremont-francois-vannson-a-accorde-130-000-euros-de-reserve-parlementaire-a-36-associations-4-communes-2016\/#breadcrumb\",\"itemListElement\":[{\"@type\":\"ListItem\",\"position\":1,\"name\":\"Home\",\"item\":\"https:\/\/vosgesinfo.fr\/epinalinfo\/\"},{\"@type\":\"ListItem\",\"position\":2,\"name\":\"Remiremont \u2013 Fran\u00e7ois Vannson a accord\u00e9 130.000 euros de r\u00e9serve parlementaire \u00e0 36 associations et 4 communes en 2016\"}]},{\"@type\":\"WebSite\",\"@id\":\"https:\/\/vosgesinfo.fr\/epinalinfo\/#website\",\"url\":\"https:\/\/vosgesinfo.fr\/epinalinfo\/\",\"name\":\"Epinal Info\",\"description\":\"Toute l&#039;actualit\u00e9 d&#039;\u00c9pinal\",\"publisher\":{\"@id\":\"https:\/\/vosgesinfo.fr\/epinalinfo\/#organization\"},\"alternateName\":\"Toute l'actualit\u00e9 d'\u00c9pinal\",\"potentialAction\":[{\"@type\":\"SearchAction\",\"target\":{\"@type\":\"EntryPoint\",\"urlTemplate\":\"https:\/\/vosgesinfo.fr\/epinalinfo\/?s={search_term_string}\"},\"query-input\":\"required name=search_term_string\"}],\"inLanguage\":\"fr-FR\"},{\"@type\":\"Organization\",\"@id\":\"https:\/\/vosgesinfo.fr\/epinalinfo\/#organization\",\"name\":\"Epinal Info\",\"url\":\"https:\/\/vosgesinfo.fr\/epinalinfo\/\",\"logo\":{\"@type\":\"ImageObject\",\"inLanguage\":\"fr-FR\",\"@id\":\"https:\/\/vosgesinfo.fr\/epinalinfo\/#\/schema\/logo\/image\/\",\"url\":\"https:\/\/vosgesinfo.fr\/app\/uploads\/sites\/3\/2023\/08\/logo-epinalinfos.svg\",\"contentUrl\":\"https:\/\/vosgesinfo.fr\/app\/uploads\/sites\/3\/2023\/08\/logo-epinalinfos.svg\",\"width\":1,\"height\":1,\"caption\":\"Epinal Info\"},\"image\":{\"@id\":\"https:\/\/vosgesinfo.fr\/epinalinfo\/#\/schema\/logo\/image\/\"},\"sameAs\":[\"https:\/\/www.facebook.com\/Epinalinfos\",\"https:\/\/x.com\/VosgesInfo88\",\"https:\/\/www.youtube.com\/@vosgesinfo\"]},{\"@type\":\"Person\",\"@id\":\"https:\/\/vosgesinfo.fr\/epinalinfo\/#\/schema\/person\/6f9a650eeea99d969b6c4ab78fccbe81\",\"name\":\"C.K.\",\"image\":{\"@type\":\"ImageObject\",\"inLanguage\":\"fr-FR\",\"@id\":\"https:\/\/vosgesinfo.fr\/epinalinfo\/#\/schema\/person\/image\/\",\"url\":\"https:\/\/secure.gravatar.com\/avatar\/48e3fc7f8421ba8942be6b74a2b7f014ca39bc00dece156b7a8e098ae7dc87bf?s=96&d=mm&r=g\",\"contentUrl\":\"https:\/\/secure.gravatar.com\/avatar\/48e3fc7f8421ba8942be6b74a2b7f014ca39bc00dece156b7a8e098ae7dc87bf?s=96&d=mm&r=g\",\"caption\":\"C.K.\"},\"url\":\"https:\/\/vosgesinfo.fr\/epinalinfo\/author\/celia-k-n\/\"}]}<\/script>\n<!-- \/ Yoast SEO plugin. -->","yoast_head_json":{"title":"Remiremont \u2013 Fran\u00e7ois Vannson a accord\u00e9 130.000 euros de r\u00e9serve parlementaire \u00e0 36 associations et 4 communes en 2016 - Epinal Info","robots":{"index":"index","follow":"follow","max-snippet":"max-snippet:-1","max-image-preview":"max-image-preview:large","max-video-preview":"max-video-preview:-1"},"canonical":"https:\/\/vosgesinfo.fr\/epinalinfo\/2017\/01\/remiremont-francois-vannson-a-accorde-130-000-euros-de-reserve-parlementaire-a-36-associations-4-communes-2016\/","twitter_card":"summary_large_image","twitter_title":"Remiremont \u2013 Fran\u00e7ois Vannson a accord\u00e9 130.000 euros de r\u00e9serve parlementaire \u00e0 36 associations et 4 communes en 2016 - Epinal Info","twitter_description":"Fran\u00e7ois Vannson a mis \u00e0 profit sa c\u00e9r\u00e9monie des voeux \u00e0 la circonscription de Remiremont pour d\u00e9voiler les aides financi\u00e8res [&hellip;]","twitter_image":"https:\/\/vosgesinfo.fr\/app\/uploads\/sites\/3\/2024\/08\/201512vannson-1.jpg","twitter_creator":"@VosgesInfo88","twitter_site":"@VosgesInfo88","twitter_misc":{"\u00c9crit par":"C.K.","Dur\u00e9e de lecture estim\u00e9e":"1 minute"},"schema":{"@context":"https:\/\/schema.org","@graph":[{"@type":"Article","@id":"https:\/\/vosgesinfo.fr\/epinalinfo\/2017\/01\/remiremont-francois-vannson-a-accorde-130-000-euros-de-reserve-parlementaire-a-36-associations-4-communes-2016\/#article","isPartOf":{"@id":"https:\/\/vosgesinfo.fr\/epinalinfo\/2017\/01\/remiremont-francois-vannson-a-accorde-130-000-euros-de-reserve-parlementaire-a-36-associations-4-communes-2016\/"},"author":{"name":"C.K.","@id":"https:\/\/vosgesinfo.fr\/epinalinfo\/#\/schema\/person\/6f9a650eeea99d969b6c4ab78fccbe81"},"headline":"Remiremont \u2013 Fran\u00e7ois Vannson a accord\u00e9 130.000 euros de r\u00e9serve parlementaire \u00e0 36 associations et 4 communes en 2016","datePublished":"2017-01-16T05:18:20+00:00","dateModified":"2017-01-16T05:18:20+00:00","mainEntityOfPage":{"@id":"https:\/\/vosgesinfo.fr\/epinalinfo\/2017\/01\/remiremont-francois-vannson-a-accorde-130-000-euros-de-reserve-parlementaire-a-36-associations-4-communes-2016\/"},"wordCount":206,"commentCount":0,"publisher":{"@id":"https:\/\/vosgesinfo.fr\/epinalinfo\/#organization"},"image":{"@id":"https:\/\/vosgesinfo.fr\/epinalinfo\/2017\/01\/remiremont-francois-vannson-a-accorde-130-000-euros-de-reserve-parlementaire-a-36-associations-4-communes-2016\/#primaryimage"},"thumbnailUrl":"https:\/\/vosgesinfo.fr\/app\/uploads\/sites\/3\/2024\/08\/201512vannson-1.jpg","articleSection":["A la Une","Vosges"],"inLanguage":"fr-FR","potentialAction":[{"@type":"CommentAction","name":"Comment","target":["https:\/\/vosgesinfo.fr\/epinalinfo\/2017\/01\/remiremont-francois-vannson-a-accorde-130-000-euros-de-reserve-parlementaire-a-36-associations-4-communes-2016\/#respond"]}]},{"@type":"WebPage","@id":"https:\/\/vosgesinfo.fr\/epinalinfo\/2017\/01\/remiremont-francois-vannson-a-accorde-130-000-euros-de-reserve-parlementaire-a-36-associations-4-communes-2016\/","url":"https:\/\/vosgesinfo.fr\/epinalinfo\/2017\/01\/remiremont-francois-vannson-a-accorde-130-000-euros-de-reserve-parlementaire-a-36-associations-4-communes-2016\/","name":"Remiremont \u2013 Fran\u00e7ois Vannson a accord\u00e9 130.000 euros de r\u00e9serve parlementaire \u00e0 36 associations et 4 communes en 2016 - Epinal Info","isPartOf":{"@id":"https:\/\/vosgesinfo.fr\/epinalinfo\/#website"},"primaryImageOfPage":{"@id":"https:\/\/vosgesinfo.fr\/epinalinfo\/2017\/01\/remiremont-francois-vannson-a-accorde-130-000-euros-de-reserve-parlementaire-a-36-associations-4-communes-2016\/#primaryimage"},"image":{"@id":"https:\/\/vosgesinfo.fr\/epinalinfo\/2017\/01\/remiremont-francois-vannson-a-accorde-130-000-euros-de-reserve-parlementaire-a-36-associations-4-communes-2016\/#primaryimage"},"thumbnailUrl":"https:\/\/vosgesinfo.fr\/app\/uploads\/sites\/3\/2024\/08\/201512vannson-1.jpg","datePublished":"2017-01-16T05:18:20+00:00","dateModified":"2017-01-16T05:18:20+00:00","breadcrumb":{"@id":"https:\/\/vosgesinfo.fr\/epinalinfo\/2017\/01\/remiremont-francois-vannson-a-accorde-130-000-euros-de-reserve-parlementaire-a-36-associations-4-communes-2016\/#breadcrumb"},"inLanguage":"fr-FR","potentialAction":[{"@type":"ReadAction","target":["https:\/\/vosgesinfo.fr\/epinalinfo\/2017\/01\/remiremont-francois-vannson-a-accorde-130-000-euros-de-reserve-parlementaire-a-36-associations-4-communes-2016\/"]}]},{"@type":"ImageObject","inLanguage":"fr-FR","@id":"https:\/\/vosgesinfo.fr\/epinalinfo\/2017\/01\/remiremont-francois-vannson-a-accorde-130-000-euros-de-reserve-parlementaire-a-36-associations-4-communes-2016\/#primaryimage","url":"https:\/\/vosgesinfo.fr\/app\/uploads\/sites\/3\/2024\/08\/201512vannson-1.jpg","contentUrl":"https:\/\/vosgesinfo.fr\/app\/uploads\/sites\/3\/2024\/08\/201512vannson-1.jpg","width":1024,"height":768},{"@type":"BreadcrumbList","@id":"https:\/\/vosgesinfo.fr\/epinalinfo\/2017\/01\/remiremont-francois-vannson-a-accorde-130-000-euros-de-reserve-parlementaire-a-36-associations-4-communes-2016\/#breadcrumb","itemListElement":[{"@type":"ListItem","position":1,"name":"Home","item":"https:\/\/vosgesinfo.fr\/epinalinfo\/"},{"@type":"ListItem","position":2,"name":"Remiremont \u2013 Fran\u00e7ois Vannson a accord\u00e9 130.000 euros de r\u00e9serve parlementaire \u00e0 36 associations et 4 communes en 2016"}]},{"@type":"WebSite","@id":"https:\/\/vosgesinfo.fr\/epinalinfo\/#website","url":"https:\/\/vosgesinfo.fr\/epinalinfo\/","name":"Epinal Info","description":"Toute l&#039;actualit\u00e9 d&#039;\u00c9pinal","publisher":{"@id":"https:\/\/vosgesinfo.fr\/epinalinfo\/#organization"},"alternateName":"Toute l'actualit\u00e9 d'\u00c9pinal","potentialAction":[{"@type":"SearchAction","target":{"@type":"EntryPoint","urlTemplate":"https:\/\/vosgesinfo.fr\/epinalinfo\/?s={search_term_string}"},"query-input":"required name=search_term_string"}],"inLanguage":"fr-FR"},{"@type":"Organization","@id":"https:\/\/vosgesinfo.fr\/epinalinfo\/#organization","name":"Epinal Info","url":"https:\/\/vosgesinfo.fr\/epinalinfo\/","logo":{"@type":"ImageObject","inLanguage":"fr-FR","@id":"https:\/\/vosgesinfo.fr\/epinalinfo\/#\/schema\/logo\/image\/","url":"https:\/\/vosgesinfo.fr\/app\/uploads\/sites\/3\/2023\/08\/logo-epinalinfos.svg","contentUrl":"https:\/\/vosgesinfo.fr\/app\/uploads\/sites\/3\/2023\/08\/logo-epinalinfos.svg","width":1,"height":1,"caption":"Epinal Info"},"image":{"@id":"https:\/\/vosgesinfo.fr\/epinalinfo\/#\/schema\/logo\/image\/"},"sameAs":["https:\/\/www.facebook.com\/Epinalinfos","https:\/\/x.com\/VosgesInfo88","https:\/\/www.youtube.com\/@vosgesinfo"]},{"@type":"Person","@id":"https:\/\/vosgesinfo.fr\/epinalinfo\/#\/schema\/person\/6f9a650eeea99d969b6c4ab78fccbe81","name":"C.K.","image":{"@type":"ImageObject","inLanguage":"fr-FR","@id":"https:\/\/vosgesinfo.fr\/epinalinfo\/#\/schema\/person\/image\/","url":"https:\/\/secure.gravatar.com\/avatar\/48e3fc7f8421ba8942be6b74a2b7f014ca39bc00dece156b7a8e098ae7dc87bf?s=96&d=mm&r=g","contentUrl":"https:\/\/secure.gravatar.com\/avatar\/48e3fc7f8421ba8942be6b74a2b7f014ca39bc00dece156b7a8e098ae7dc87bf?s=96&d=mm&r=g","caption":"C.K."},"url":"https:\/\/vosgesinfo.fr\/epinalinfo\/author\/celia-k-n\/"}]}},"_links":{"self":[{"href":"https:\/\/vosgesinfo.fr\/epinalinfo\/wp-json\/wp\/v2\/posts\/69095","targetHints":{"allow":["GET"]}}],"collection":[{"href":"https:\/\/vosgesinfo.fr\/epinalinfo\/wp-json\/wp\/v2\/posts"}],"about":[{"href":"https:\/\/vosgesinfo.fr\/epinalinfo\/wp-json\/wp\/v2\/types\/post"}],"author":[{"embeddable":true,"href":"https:\/\/vosgesinfo.fr\/epinalinfo\/wp-json\/wp\/v2\/users\/52"}],"replies":[{"embeddable":true,"href":"https:\/\/vosgesinfo.fr\/epinalinfo\/wp-json\/wp\/v2\/comments?post=69095"}],"version-history":[{"count":0,"href":"https:\/\/vosgesinfo.fr\/epinalinfo\/wp-json\/wp\/v2\/posts\/69095\/revisions"}],"wp:featuredmedia":[{"embeddable":true,"href":"https:\/\/vosgesinfo.fr\/epinalinfo\/wp-json\/wp\/v2\/media\/69096"}],"wp:attachment":[{"href":"https:\/\/vosgesinfo.fr\/epinalinfo\/wp-json\/wp\/v2\/media?parent=69095"}],"wp:term":[{"taxonomy":"category","embeddable":true,"href":"https:\/\/vosgesinfo.fr\/epinalinfo\/wp-json\/wp\/v2\/categories?post=69095"},{"taxonomy":"post_tag","embeddable":true,"href":"https:\/\/vosgesinfo.fr\/epinalinfo\/wp-json\/wp\/v2\/tags?post=69095"}],"curies":[{"name":"wp","href":"https:\/\/api.w.org\/{rel}","templated":true}]}}