{"id":69271,"date":"2017-01-23T06:00:06","date_gmt":"2017-01-23T05:00:06","guid":{"rendered":"https:\/\/vosgesinfo.fr\/epinalinfo\/2017\/01\/chantraine-lassociation-simon-reve-se-bat-simon-jeune-garcon-autiste\/"},"modified":"2017-01-23T06:00:06","modified_gmt":"2017-01-23T05:00:06","slug":"chantraine-lassociation-simon-reve-se-bat-simon-jeune-garcon-autiste","status":"publish","type":"post","link":"https:\/\/vosgesinfo.fr\/epinalinfo\/2017\/01\/chantraine-lassociation-simon-reve-se-bat-simon-jeune-garcon-autiste\/","title":{"rendered":"Chantraine &#8211; L\u2019Association \u00ab Si\u2019mon r\u00eave\u2026 \u00bb se bat pour Simon un jeune gar\u00e7on autiste"},"content":{"rendered":"<div id=\"attachment_107378\" style=\"width: 810px\" class=\"wp-caption aligncenter\"><a href=\"http:\/\/epinalinfos.fr\/?attachment_id=107378\" rel=\"attachment wp-att-107378\"><img decoding=\"async\" aria-describedby=\"caption-attachment-107378\" class=\"size-full wp-image-107378\" src=\"\/2017\/01\/IMGP7675.jpg\" alt=\"(photographies Michel Conraud)\" width=\"800\" height=\"533\" \/><\/a><p id=\"caption-attachment-107378\" class=\"wp-caption-text\">(photographies Michel Conraud)<\/p><\/div>\n<h4>Vendredi dernier, \u00e0 la salle des Brosses \u00e0 Chantraine s\u2019est d\u00e9roul\u00e9e la premi\u00e8re Assembl\u00e9e G\u00e9n\u00e9rale Constitutive de l\u2019Association <strong>\u00ab\u00a0Si\u2019mon r\u00eave\u2026\u00a0\u00bb.\u00a0<\/strong>Une quinzaine de personnes \u00e9taient autour de la table pour approuver les statuts et pour voter le conseil d\u2019administration de cette nouvelle association.<\/h4>\n<p><a href=\"http:\/\/epinalinfos.fr\/?attachment_id=107379\" rel=\"attachment wp-att-107379\"><img decoding=\"async\" class=\"aligncenter size-full wp-image-107379\" src=\"\/2017\/01\/IMGP7670.jpg\" alt=\"IMGP7670\" width=\"800\" height=\"533\" \/><\/a>L\u2019Association \u00ab\u00a0Si\u2019mon r\u00eave\u2026\u00a0\u00bb \u00e0 pour objet l\u2019organisation d\u2019\u00e9v\u00e9nements, de manifestations, de colloques autour de l\u2019autisme. Tout ceci afin de r\u00e9colter des fonds pour financer\u00a0:<\/p>\n<ul>\n<li>Des activit\u00e9s en lien avec l\u2019apprentissage \u00ab\u00a03i\u00a0\u00bb de Simon (jeune gar\u00e7on autiste)<\/li>\n<li>Des formations et informations aux aidants de Simon (ex\u00a0: formations Montessori)<\/li>\n<li>Du mat\u00e9riel et la r\u00e9fection de la salle d\u2019activit\u00e9s<\/li>\n<\/ul>\n<p>Ces financements pourront permettre \u00e0 Simon d\u2019acc\u00e9der plus facilement \u00e0 l\u2019apprentissage selon la m\u00e9thode des \u00ab\u00a03i\u00a0\u00bb mise en place par AEVE (Autisme Espoir Vers l\u2019Ecole).<\/p>\n<p>Tout le monde peut adh\u00e9rer \u00e0 l\u2019association pour un montant de 5\u20ac. Une manifestation est d\u00e9j\u00e0 lanc\u00e9e par une association spinalienne aux b\u00e9n\u00e9fices de \u00ab\u00a0Si\u2019mon r\u00eave\u2026\u00a0\u00bb. Nous ne manquerons pas de vous d\u00e9voiler le secret d\u00e8s que possible\u00a0! D\u2019autres beaux projets sont en cours de floraison\u2026<\/p>\n<p>La constitution de l\u2019association est la suivante\u00a0:<\/p>\n<p>Nathalie MOUGEL Pr\u00e9sidente<\/p>\n<p>Philippe BERNIER Vice Pr\u00e9sident<\/p>\n<p>Annick VALLAR Secr\u00e9taire<\/p>\n<p>Michel MOUHAT Tr\u00e9sorier<\/p>\n<p>La Pr\u00e9sidente remercie Simon, sa famille, l\u2019ensemble des b\u00e9n\u00e9voles pr\u00e9sents et excus\u00e9s ainsi que la municipalit\u00e9 de Chantraine pour leur soutien.<\/p>\n<p>N\u2019h\u00e9sitez pas \u00e0 les rejoindre\u00a0!<\/p>\n<p><strong>Renseignements :\u00a0Nathalie MOUGEL Pr\u00e9sidente : 0626212763<\/strong><\/p>\n\n","protected":false},"excerpt":{"rendered":"<p>Vendredi dernier, \u00e0 la salle des Brosses \u00e0 Chantraine s\u2019est d\u00e9roul\u00e9e la premi\u00e8re Assembl\u00e9e G\u00e9n\u00e9rale Constitutive de l\u2019Association \u00ab\u00a0Si\u2019mon r\u00eave\u2026\u00a0\u00bb.\u00a0Une [&hellip;]<\/p>\n","protected":false},"author":52,"featured_media":69272,"comment_status":"open","ping_status":"open","sticky":false,"template":"","format":"standard","meta":{"footnotes":""},"categories":[22,41],"tags":[],"class_list":["post-69271","post","type-post","status-publish","format-standard","has-post-thumbnail","hentry","category-a-la-une","category-chantraine"],"acf":[],"yoast_head":"<!-- This site is optimized with the Yoast SEO plugin v22.5 - https:\/\/yoast.com\/wordpress\/plugins\/seo\/ -->\n<title>Chantraine - L\u2019Association \u00ab Si\u2019mon r\u00eave\u2026 \u00bb se bat pour Simon un jeune gar\u00e7on autiste - Epinal Info<\/title>\n<meta name=\"robots\" content=\"index, follow, max-snippet:-1, max-image-preview:large, max-video-preview:-1\" \/>\n<link rel=\"canonical\" href=\"https:\/\/vosgesinfo.fr\/epinalinfo\/2017\/01\/chantraine-lassociation-simon-reve-se-bat-simon-jeune-garcon-autiste\/\" \/>\n<meta name=\"twitter:card\" content=\"summary_large_image\" \/>\n<meta name=\"twitter:title\" content=\"Chantraine - L\u2019Association \u00ab Si\u2019mon r\u00eave\u2026 \u00bb se bat pour Simon un jeune gar\u00e7on autiste - Epinal Info\" \/>\n<meta name=\"twitter:description\" content=\"Vendredi dernier, \u00e0 la salle des Brosses \u00e0 Chantraine s\u2019est d\u00e9roul\u00e9e la premi\u00e8re Assembl\u00e9e G\u00e9n\u00e9rale Constitutive de l\u2019Association \u00ab\u00a0Si\u2019mon r\u00eave\u2026\u00a0\u00bb.\u00a0Une [&hellip;]\" \/>\n<meta name=\"twitter:image\" content=\"https:\/\/vosgesinfo.fr\/app\/uploads\/sites\/3\/2024\/08\/201701imgp7670.jpg\" \/>\n<meta name=\"twitter:creator\" content=\"@VosgesInfo88\" \/>\n<meta name=\"twitter:site\" content=\"@VosgesInfo88\" \/>\n<meta name=\"twitter:label1\" content=\"\u00c9crit par\" \/>\n\t<meta name=\"twitter:data1\" content=\"C.K.\" \/>\n\t<meta name=\"twitter:label2\" content=\"Dur\u00e9e de lecture estim\u00e9e\" \/>\n\t<meta name=\"twitter:data2\" content=\"1 minute\" \/>\n<script type=\"application\/ld+json\" class=\"yoast-schema-graph\">{\"@context\":\"https:\/\/schema.org\",\"@graph\":[{\"@type\":\"Article\",\"@id\":\"https:\/\/vosgesinfo.fr\/epinalinfo\/2017\/01\/chantraine-lassociation-simon-reve-se-bat-simon-jeune-garcon-autiste\/#article\",\"isPartOf\":{\"@id\":\"https:\/\/vosgesinfo.fr\/epinalinfo\/2017\/01\/chantraine-lassociation-simon-reve-se-bat-simon-jeune-garcon-autiste\/\"},\"author\":{\"name\":\"C.K.\",\"@id\":\"https:\/\/vosgesinfo.fr\/epinalinfo\/#\/schema\/person\/6f9a650eeea99d969b6c4ab78fccbe81\"},\"headline\":\"Chantraine &#8211; L\u2019Association \u00ab Si\u2019mon r\u00eave\u2026 \u00bb se bat pour Simon un jeune gar\u00e7on autiste\",\"datePublished\":\"2017-01-23T05:00:06+00:00\",\"dateModified\":\"2017-01-23T05:00:06+00:00\",\"mainEntityOfPage\":{\"@id\":\"https:\/\/vosgesinfo.fr\/epinalinfo\/2017\/01\/chantraine-lassociation-simon-reve-se-bat-simon-jeune-garcon-autiste\/\"},\"wordCount\":305,\"commentCount\":0,\"publisher\":{\"@id\":\"https:\/\/vosgesinfo.fr\/epinalinfo\/#organization\"},\"image\":{\"@id\":\"https:\/\/vosgesinfo.fr\/epinalinfo\/2017\/01\/chantraine-lassociation-simon-reve-se-bat-simon-jeune-garcon-autiste\/#primaryimage\"},\"thumbnailUrl\":\"https:\/\/vosgesinfo.fr\/app\/uploads\/sites\/3\/2024\/08\/201701imgp7670.jpg\",\"articleSection\":[\"A la Une\",\"Chantraine\"],\"inLanguage\":\"fr-FR\",\"potentialAction\":[{\"@type\":\"CommentAction\",\"name\":\"Comment\",\"target\":[\"https:\/\/vosgesinfo.fr\/epinalinfo\/2017\/01\/chantraine-lassociation-simon-reve-se-bat-simon-jeune-garcon-autiste\/#respond\"]}]},{\"@type\":\"WebPage\",\"@id\":\"https:\/\/vosgesinfo.fr\/epinalinfo\/2017\/01\/chantraine-lassociation-simon-reve-se-bat-simon-jeune-garcon-autiste\/\",\"url\":\"https:\/\/vosgesinfo.fr\/epinalinfo\/2017\/01\/chantraine-lassociation-simon-reve-se-bat-simon-jeune-garcon-autiste\/\",\"name\":\"Chantraine - L\u2019Association \u00ab Si\u2019mon r\u00eave\u2026 \u00bb se bat pour Simon un jeune gar\u00e7on autiste - Epinal Info\",\"isPartOf\":{\"@id\":\"https:\/\/vosgesinfo.fr\/epinalinfo\/#website\"},\"primaryImageOfPage\":{\"@id\":\"https:\/\/vosgesinfo.fr\/epinalinfo\/2017\/01\/chantraine-lassociation-simon-reve-se-bat-simon-jeune-garcon-autiste\/#primaryimage\"},\"image\":{\"@id\":\"https:\/\/vosgesinfo.fr\/epinalinfo\/2017\/01\/chantraine-lassociation-simon-reve-se-bat-simon-jeune-garcon-autiste\/#primaryimage\"},\"thumbnailUrl\":\"https:\/\/vosgesinfo.fr\/app\/uploads\/sites\/3\/2024\/08\/201701imgp7670.jpg\",\"datePublished\":\"2017-01-23T05:00:06+00:00\",\"dateModified\":\"2017-01-23T05:00:06+00:00\",\"breadcrumb\":{\"@id\":\"https:\/\/vosgesinfo.fr\/epinalinfo\/2017\/01\/chantraine-lassociation-simon-reve-se-bat-simon-jeune-garcon-autiste\/#breadcrumb\"},\"inLanguage\":\"fr-FR\",\"potentialAction\":[{\"@type\":\"ReadAction\",\"target\":[\"https:\/\/vosgesinfo.fr\/epinalinfo\/2017\/01\/chantraine-lassociation-simon-reve-se-bat-simon-jeune-garcon-autiste\/\"]}]},{\"@type\":\"ImageObject\",\"inLanguage\":\"fr-FR\",\"@id\":\"https:\/\/vosgesinfo.fr\/epinalinfo\/2017\/01\/chantraine-lassociation-simon-reve-se-bat-simon-jeune-garcon-autiste\/#primaryimage\",\"url\":\"https:\/\/vosgesinfo.fr\/app\/uploads\/sites\/3\/2024\/08\/201701imgp7670.jpg\",\"contentUrl\":\"https:\/\/vosgesinfo.fr\/app\/uploads\/sites\/3\/2024\/08\/201701imgp7670.jpg\",\"width\":800,\"height\":533},{\"@type\":\"BreadcrumbList\",\"@id\":\"https:\/\/vosgesinfo.fr\/epinalinfo\/2017\/01\/chantraine-lassociation-simon-reve-se-bat-simon-jeune-garcon-autiste\/#breadcrumb\",\"itemListElement\":[{\"@type\":\"ListItem\",\"position\":1,\"name\":\"Home\",\"item\":\"https:\/\/vosgesinfo.fr\/epinalinfo\/\"},{\"@type\":\"ListItem\",\"position\":2,\"name\":\"Chantraine &#8211; L\u2019Association \u00ab Si\u2019mon r\u00eave\u2026 \u00bb se bat pour Simon un jeune gar\u00e7on autiste\"}]},{\"@type\":\"WebSite\",\"@id\":\"https:\/\/vosgesinfo.fr\/epinalinfo\/#website\",\"url\":\"https:\/\/vosgesinfo.fr\/epinalinfo\/\",\"name\":\"Epinal Info\",\"description\":\"Toute l&#039;actualit\u00e9 d&#039;\u00c9pinal\",\"publisher\":{\"@id\":\"https:\/\/vosgesinfo.fr\/epinalinfo\/#organization\"},\"alternateName\":\"Toute l'actualit\u00e9 d'\u00c9pinal\",\"potentialAction\":[{\"@type\":\"SearchAction\",\"target\":{\"@type\":\"EntryPoint\",\"urlTemplate\":\"https:\/\/vosgesinfo.fr\/epinalinfo\/?s={search_term_string}\"},\"query-input\":\"required name=search_term_string\"}],\"inLanguage\":\"fr-FR\"},{\"@type\":\"Organization\",\"@id\":\"https:\/\/vosgesinfo.fr\/epinalinfo\/#organization\",\"name\":\"Epinal Info\",\"url\":\"https:\/\/vosgesinfo.fr\/epinalinfo\/\",\"logo\":{\"@type\":\"ImageObject\",\"inLanguage\":\"fr-FR\",\"@id\":\"https:\/\/vosgesinfo.fr\/epinalinfo\/#\/schema\/logo\/image\/\",\"url\":\"https:\/\/vosgesinfo.fr\/app\/uploads\/sites\/3\/2023\/08\/logo-epinalinfos.svg\",\"contentUrl\":\"https:\/\/vosgesinfo.fr\/app\/uploads\/sites\/3\/2023\/08\/logo-epinalinfos.svg\",\"width\":1,\"height\":1,\"caption\":\"Epinal Info\"},\"image\":{\"@id\":\"https:\/\/vosgesinfo.fr\/epinalinfo\/#\/schema\/logo\/image\/\"},\"sameAs\":[\"https:\/\/www.facebook.com\/Epinalinfos\",\"https:\/\/x.com\/VosgesInfo88\",\"https:\/\/www.youtube.com\/@vosgesinfo\"]},{\"@type\":\"Person\",\"@id\":\"https:\/\/vosgesinfo.fr\/epinalinfo\/#\/schema\/person\/6f9a650eeea99d969b6c4ab78fccbe81\",\"name\":\"C.K.\",\"image\":{\"@type\":\"ImageObject\",\"inLanguage\":\"fr-FR\",\"@id\":\"https:\/\/vosgesinfo.fr\/epinalinfo\/#\/schema\/person\/image\/\",\"url\":\"https:\/\/secure.gravatar.com\/avatar\/48e3fc7f8421ba8942be6b74a2b7f014ca39bc00dece156b7a8e098ae7dc87bf?s=96&d=mm&r=g\",\"contentUrl\":\"https:\/\/secure.gravatar.com\/avatar\/48e3fc7f8421ba8942be6b74a2b7f014ca39bc00dece156b7a8e098ae7dc87bf?s=96&d=mm&r=g\",\"caption\":\"C.K.\"},\"url\":\"https:\/\/vosgesinfo.fr\/epinalinfo\/author\/celia-k-n\/\"}]}<\/script>\n<!-- \/ Yoast SEO plugin. -->","yoast_head_json":{"title":"Chantraine - L\u2019Association \u00ab Si\u2019mon r\u00eave\u2026 \u00bb se bat pour Simon un jeune gar\u00e7on autiste - Epinal Info","robots":{"index":"index","follow":"follow","max-snippet":"max-snippet:-1","max-image-preview":"max-image-preview:large","max-video-preview":"max-video-preview:-1"},"canonical":"https:\/\/vosgesinfo.fr\/epinalinfo\/2017\/01\/chantraine-lassociation-simon-reve-se-bat-simon-jeune-garcon-autiste\/","twitter_card":"summary_large_image","twitter_title":"Chantraine - L\u2019Association \u00ab Si\u2019mon r\u00eave\u2026 \u00bb se bat pour Simon un jeune gar\u00e7on autiste - Epinal Info","twitter_description":"Vendredi dernier, \u00e0 la salle des Brosses \u00e0 Chantraine s\u2019est d\u00e9roul\u00e9e la premi\u00e8re Assembl\u00e9e G\u00e9n\u00e9rale Constitutive de l\u2019Association \u00ab\u00a0Si\u2019mon r\u00eave\u2026\u00a0\u00bb.\u00a0Une [&hellip;]","twitter_image":"https:\/\/vosgesinfo.fr\/app\/uploads\/sites\/3\/2024\/08\/201701imgp7670.jpg","twitter_creator":"@VosgesInfo88","twitter_site":"@VosgesInfo88","twitter_misc":{"\u00c9crit par":"C.K.","Dur\u00e9e de lecture estim\u00e9e":"1 minute"},"schema":{"@context":"https:\/\/schema.org","@graph":[{"@type":"Article","@id":"https:\/\/vosgesinfo.fr\/epinalinfo\/2017\/01\/chantraine-lassociation-simon-reve-se-bat-simon-jeune-garcon-autiste\/#article","isPartOf":{"@id":"https:\/\/vosgesinfo.fr\/epinalinfo\/2017\/01\/chantraine-lassociation-simon-reve-se-bat-simon-jeune-garcon-autiste\/"},"author":{"name":"C.K.","@id":"https:\/\/vosgesinfo.fr\/epinalinfo\/#\/schema\/person\/6f9a650eeea99d969b6c4ab78fccbe81"},"headline":"Chantraine &#8211; L\u2019Association \u00ab Si\u2019mon r\u00eave\u2026 \u00bb se bat pour Simon un jeune gar\u00e7on autiste","datePublished":"2017-01-23T05:00:06+00:00","dateModified":"2017-01-23T05:00:06+00:00","mainEntityOfPage":{"@id":"https:\/\/vosgesinfo.fr\/epinalinfo\/2017\/01\/chantraine-lassociation-simon-reve-se-bat-simon-jeune-garcon-autiste\/"},"wordCount":305,"commentCount":0,"publisher":{"@id":"https:\/\/vosgesinfo.fr\/epinalinfo\/#organization"},"image":{"@id":"https:\/\/vosgesinfo.fr\/epinalinfo\/2017\/01\/chantraine-lassociation-simon-reve-se-bat-simon-jeune-garcon-autiste\/#primaryimage"},"thumbnailUrl":"https:\/\/vosgesinfo.fr\/app\/uploads\/sites\/3\/2024\/08\/201701imgp7670.jpg","articleSection":["A la Une","Chantraine"],"inLanguage":"fr-FR","potentialAction":[{"@type":"CommentAction","name":"Comment","target":["https:\/\/vosgesinfo.fr\/epinalinfo\/2017\/01\/chantraine-lassociation-simon-reve-se-bat-simon-jeune-garcon-autiste\/#respond"]}]},{"@type":"WebPage","@id":"https:\/\/vosgesinfo.fr\/epinalinfo\/2017\/01\/chantraine-lassociation-simon-reve-se-bat-simon-jeune-garcon-autiste\/","url":"https:\/\/vosgesinfo.fr\/epinalinfo\/2017\/01\/chantraine-lassociation-simon-reve-se-bat-simon-jeune-garcon-autiste\/","name":"Chantraine - L\u2019Association \u00ab Si\u2019mon r\u00eave\u2026 \u00bb se bat pour Simon un jeune gar\u00e7on autiste - Epinal Info","isPartOf":{"@id":"https:\/\/vosgesinfo.fr\/epinalinfo\/#website"},"primaryImageOfPage":{"@id":"https:\/\/vosgesinfo.fr\/epinalinfo\/2017\/01\/chantraine-lassociation-simon-reve-se-bat-simon-jeune-garcon-autiste\/#primaryimage"},"image":{"@id":"https:\/\/vosgesinfo.fr\/epinalinfo\/2017\/01\/chantraine-lassociation-simon-reve-se-bat-simon-jeune-garcon-autiste\/#primaryimage"},"thumbnailUrl":"https:\/\/vosgesinfo.fr\/app\/uploads\/sites\/3\/2024\/08\/201701imgp7670.jpg","datePublished":"2017-01-23T05:00:06+00:00","dateModified":"2017-01-23T05:00:06+00:00","breadcrumb":{"@id":"https:\/\/vosgesinfo.fr\/epinalinfo\/2017\/01\/chantraine-lassociation-simon-reve-se-bat-simon-jeune-garcon-autiste\/#breadcrumb"},"inLanguage":"fr-FR","potentialAction":[{"@type":"ReadAction","target":["https:\/\/vosgesinfo.fr\/epinalinfo\/2017\/01\/chantraine-lassociation-simon-reve-se-bat-simon-jeune-garcon-autiste\/"]}]},{"@type":"ImageObject","inLanguage":"fr-FR","@id":"https:\/\/vosgesinfo.fr\/epinalinfo\/2017\/01\/chantraine-lassociation-simon-reve-se-bat-simon-jeune-garcon-autiste\/#primaryimage","url":"https:\/\/vosgesinfo.fr\/app\/uploads\/sites\/3\/2024\/08\/201701imgp7670.jpg","contentUrl":"https:\/\/vosgesinfo.fr\/app\/uploads\/sites\/3\/2024\/08\/201701imgp7670.jpg","width":800,"height":533},{"@type":"BreadcrumbList","@id":"https:\/\/vosgesinfo.fr\/epinalinfo\/2017\/01\/chantraine-lassociation-simon-reve-se-bat-simon-jeune-garcon-autiste\/#breadcrumb","itemListElement":[{"@type":"ListItem","position":1,"name":"Home","item":"https:\/\/vosgesinfo.fr\/epinalinfo\/"},{"@type":"ListItem","position":2,"name":"Chantraine &#8211; L\u2019Association \u00ab Si\u2019mon r\u00eave\u2026 \u00bb se bat pour Simon un jeune gar\u00e7on autiste"}]},{"@type":"WebSite","@id":"https:\/\/vosgesinfo.fr\/epinalinfo\/#website","url":"https:\/\/vosgesinfo.fr\/epinalinfo\/","name":"Epinal Info","description":"Toute l&#039;actualit\u00e9 d&#039;\u00c9pinal","publisher":{"@id":"https:\/\/vosgesinfo.fr\/epinalinfo\/#organization"},"alternateName":"Toute l'actualit\u00e9 d'\u00c9pinal","potentialAction":[{"@type":"SearchAction","target":{"@type":"EntryPoint","urlTemplate":"https:\/\/vosgesinfo.fr\/epinalinfo\/?s={search_term_string}"},"query-input":"required name=search_term_string"}],"inLanguage":"fr-FR"},{"@type":"Organization","@id":"https:\/\/vosgesinfo.fr\/epinalinfo\/#organization","name":"Epinal Info","url":"https:\/\/vosgesinfo.fr\/epinalinfo\/","logo":{"@type":"ImageObject","inLanguage":"fr-FR","@id":"https:\/\/vosgesinfo.fr\/epinalinfo\/#\/schema\/logo\/image\/","url":"https:\/\/vosgesinfo.fr\/app\/uploads\/sites\/3\/2023\/08\/logo-epinalinfos.svg","contentUrl":"https:\/\/vosgesinfo.fr\/app\/uploads\/sites\/3\/2023\/08\/logo-epinalinfos.svg","width":1,"height":1,"caption":"Epinal Info"},"image":{"@id":"https:\/\/vosgesinfo.fr\/epinalinfo\/#\/schema\/logo\/image\/"},"sameAs":["https:\/\/www.facebook.com\/Epinalinfos","https:\/\/x.com\/VosgesInfo88","https:\/\/www.youtube.com\/@vosgesinfo"]},{"@type":"Person","@id":"https:\/\/vosgesinfo.fr\/epinalinfo\/#\/schema\/person\/6f9a650eeea99d969b6c4ab78fccbe81","name":"C.K.","image":{"@type":"ImageObject","inLanguage":"fr-FR","@id":"https:\/\/vosgesinfo.fr\/epinalinfo\/#\/schema\/person\/image\/","url":"https:\/\/secure.gravatar.com\/avatar\/48e3fc7f8421ba8942be6b74a2b7f014ca39bc00dece156b7a8e098ae7dc87bf?s=96&d=mm&r=g","contentUrl":"https:\/\/secure.gravatar.com\/avatar\/48e3fc7f8421ba8942be6b74a2b7f014ca39bc00dece156b7a8e098ae7dc87bf?s=96&d=mm&r=g","caption":"C.K."},"url":"https:\/\/vosgesinfo.fr\/epinalinfo\/author\/celia-k-n\/"}]}},"_links":{"self":[{"href":"https:\/\/vosgesinfo.fr\/epinalinfo\/wp-json\/wp\/v2\/posts\/69271","targetHints":{"allow":["GET"]}}],"collection":[{"href":"https:\/\/vosgesinfo.fr\/epinalinfo\/wp-json\/wp\/v2\/posts"}],"about":[{"href":"https:\/\/vosgesinfo.fr\/epinalinfo\/wp-json\/wp\/v2\/types\/post"}],"author":[{"embeddable":true,"href":"https:\/\/vosgesinfo.fr\/epinalinfo\/wp-json\/wp\/v2\/users\/52"}],"replies":[{"embeddable":true,"href":"https:\/\/vosgesinfo.fr\/epinalinfo\/wp-json\/wp\/v2\/comments?post=69271"}],"version-history":[{"count":0,"href":"https:\/\/vosgesinfo.fr\/epinalinfo\/wp-json\/wp\/v2\/posts\/69271\/revisions"}],"wp:featuredmedia":[{"embeddable":true,"href":"https:\/\/vosgesinfo.fr\/epinalinfo\/wp-json\/wp\/v2\/media\/69272"}],"wp:attachment":[{"href":"https:\/\/vosgesinfo.fr\/epinalinfo\/wp-json\/wp\/v2\/media?parent=69271"}],"wp:term":[{"taxonomy":"category","embeddable":true,"href":"https:\/\/vosgesinfo.fr\/epinalinfo\/wp-json\/wp\/v2\/categories?post=69271"},{"taxonomy":"post_tag","embeddable":true,"href":"https:\/\/vosgesinfo.fr\/epinalinfo\/wp-json\/wp\/v2\/tags?post=69271"}],"curies":[{"name":"wp","href":"https:\/\/api.w.org\/{rel}","templated":true}]}}