{"id":69379,"date":"2017-01-26T06:00:34","date_gmt":"2017-01-26T05:00:34","guid":{"rendered":"https:\/\/vosgesinfo.fr\/epinalinfo\/2017\/01\/bond-passe-fermes-auberges\/"},"modified":"2017-01-26T06:00:34","modified_gmt":"2017-01-26T05:00:34","slug":"bond-passe-fermes-auberges","status":"publish","type":"post","link":"https:\/\/vosgesinfo.fr\/epinalinfo\/2017\/01\/bond-passe-fermes-auberges\/","title":{"rendered":"Un bond dans le pass\u00e9 dans les fermes auberges"},"content":{"rendered":"<h4><a href=\"http:\/\/epinalinfos.fr\/2016\/02\/agriculture-frsea-grand-denonce-lautisme-gouvernement\/agriculture-paille-ferme\/\" rel=\"attachment wp-att-84522\"><img decoding=\"async\" class=\"aligncenter size-full wp-image-84522\" src=\"\/2016\/02\/agriculture-paille-ferme.jpg\" alt=\"agriculture-paille-ferme\" width=\"960\" height=\"625\" \/><\/a>Cet hiver, les fermes auberges des Vosges proposent aux gourmets de d\u00e9guster les saveurs d\u2019autrefois gr\u00e2ce aux repas d&rsquo;antan.<\/h4>\n<p>\u00c0 l&rsquo;occasion de plusieurs rendez-vous, les fermes auberges invitent \u00e0 un voyage culinaire dans le pass\u00e9 \u00e0 travers des \u00ab repas d\u2019antan \u00bb. Une initiative de Bienvenue \u00e0 la ferme, marque des Chambres d\u2019agriculture. Les fermes-auberges proposeront les 29 janvier, 26 f\u00e9vrier et 26 mars prochains, de d\u00e9guster des plats mijot\u00e9s comme le faisaient nos anc\u00eatres. \u00c0 cette occasion, des costumes d\u2019\u00e9poque seront m\u00eame sortis dans certaines fermes auberges.<\/p>\n<p><span style=\"text-decoration: underline;\"><strong>Le 29 janvier, 26 f\u00e9vrier et le 26 mars <\/strong><\/span><\/p>\n<p>Ferme auberge \u00ab Les 7 p\u00eacheurs \u00bb 03.29.30.70.79 \u2013 Uz\u00e9main (service costum\u00e9)<\/p>\n<p>Ferme auberge de la Mexel 03.29.63.39.36 \u2013 G\u00e9rardmer (animation \u00e9pinette des Vosges)<\/p>\n<p>Ferme auberge de la Charmotte 03.29.58.58.62 \u2013<\/p>\n<p>Bifontaine (animations propos\u00e9es) Ferme auberge \u00ab Les Grands Pr\u00e9s \u00bb 03.29.50.41.66 \u2013 Plainfaing (service costum\u00e9)<\/p>\n<p>Renseignements au 03.29.29.23.55 ou sur www.bienvenue-a-laferme.com\/lorraine<\/p>\n<h3>Que faites-vous la saint valentin ?<\/h3>\n<p><strong>Les fermes auberges des Vosges se pr\u00e9parent \u00e0 f\u00eater la Saint Valentin les 12, 14 et 19 f\u00e9vrier en vous concoctant des menus d\u00e9licats et hauts en couleur pour les amoureux. Les produits de la ferme exulteront toutes leurs saveurs \u00e0 travers des recettes originales. <\/strong><\/p>\n<p>Quatre fermes auberges vosgiennes du r\u00e9seau Bienvenue \u00e0 la ferme dans les Vosges participent \u00e0 cette op\u00e9ration avec des repas savoureux \u00e0 partager en amoureux:<\/p>\n<p>Le 12 f\u00e9vrier \u00e0 midi Ferme auberge \u00ab Les 7 p\u00eacheurs \u00bb 03.29.30.70.79 \u2013<\/p>\n<p>Uz\u00e9main (une fleur pour Valentine, des chocolats pour Valentin)<\/p>\n<p>Le 14 f\u00e9vrier au soir Ferme auberge \u00ab Les Grands Pr\u00e9s \u00bb 03.29.50.41.66 \u2013<\/p>\n<p>Plainfaing (un bouquet pour Valentine et son Valentin)<\/p>\n<p>Le 19 f\u00e9vrier \u00e0 midi Ferme auberge de la Charmotte 03.29.58.58.62 \u2013 Bifontaine (menu surprise)<\/p>\n<p>Renseignements au 03.29.29.23.55 ou sur www.bienvenue-a-laferme.com\/lorraine<\/p>\n","protected":false},"excerpt":{"rendered":"<p>Cet hiver, les fermes auberges des Vosges proposent aux gourmets de d\u00e9guster les saveurs d\u2019autrefois gr\u00e2ce aux repas d&rsquo;antan. \u00c0 [&hellip;]<\/p>\n","protected":false},"author":52,"featured_media":69380,"comment_status":"open","ping_status":"open","sticky":false,"template":"","format":"standard","meta":{"footnotes":""},"categories":[316,8],"tags":[],"class_list":["post-69379","post","type-post","status-publish","format-standard","has-post-thumbnail","hentry","category-agriculture","category-economie"],"acf":[],"yoast_head":"<!-- This site is optimized with the Yoast SEO plugin v22.5 - https:\/\/yoast.com\/wordpress\/plugins\/seo\/ -->\n<title>Un bond dans le pass\u00e9 dans les fermes auberges - Epinal Info<\/title>\n<meta name=\"robots\" content=\"index, follow, max-snippet:-1, max-image-preview:large, max-video-preview:-1\" \/>\n<link rel=\"canonical\" href=\"https:\/\/vosgesinfo.fr\/epinalinfo\/2017\/01\/bond-passe-fermes-auberges\/\" \/>\n<meta name=\"twitter:card\" content=\"summary_large_image\" \/>\n<meta name=\"twitter:title\" content=\"Un bond dans le pass\u00e9 dans les fermes auberges - Epinal Info\" \/>\n<meta name=\"twitter:description\" content=\"Cet hiver, les fermes auberges des Vosges proposent aux gourmets de d\u00e9guster les saveurs d\u2019autrefois gr\u00e2ce aux repas d&rsquo;antan. \u00c0 [&hellip;]\" \/>\n<meta name=\"twitter:image\" content=\"https:\/\/vosgesinfo.fr\/app\/uploads\/sites\/3\/2024\/08\/201602agriculture-paille-ferme-2.jpg\" \/>\n<meta name=\"twitter:creator\" content=\"@VosgesInfo88\" \/>\n<meta name=\"twitter:site\" content=\"@VosgesInfo88\" \/>\n<meta name=\"twitter:label1\" content=\"\u00c9crit par\" \/>\n\t<meta name=\"twitter:data1\" content=\"C.K.\" \/>\n\t<meta name=\"twitter:label2\" content=\"Dur\u00e9e de lecture estim\u00e9e\" \/>\n\t<meta name=\"twitter:data2\" content=\"1 minute\" \/>\n<script type=\"application\/ld+json\" class=\"yoast-schema-graph\">{\"@context\":\"https:\/\/schema.org\",\"@graph\":[{\"@type\":\"Article\",\"@id\":\"https:\/\/vosgesinfo.fr\/epinalinfo\/2017\/01\/bond-passe-fermes-auberges\/#article\",\"isPartOf\":{\"@id\":\"https:\/\/vosgesinfo.fr\/epinalinfo\/2017\/01\/bond-passe-fermes-auberges\/\"},\"author\":{\"name\":\"C.K.\",\"@id\":\"https:\/\/vosgesinfo.fr\/epinalinfo\/#\/schema\/person\/6f9a650eeea99d969b6c4ab78fccbe81\"},\"headline\":\"Un bond dans le pass\u00e9 dans les fermes auberges\",\"datePublished\":\"2017-01-26T05:00:34+00:00\",\"dateModified\":\"2017-01-26T05:00:34+00:00\",\"mainEntityOfPage\":{\"@id\":\"https:\/\/vosgesinfo.fr\/epinalinfo\/2017\/01\/bond-passe-fermes-auberges\/\"},\"wordCount\":284,\"commentCount\":0,\"publisher\":{\"@id\":\"https:\/\/vosgesinfo.fr\/epinalinfo\/#organization\"},\"image\":{\"@id\":\"https:\/\/vosgesinfo.fr\/epinalinfo\/2017\/01\/bond-passe-fermes-auberges\/#primaryimage\"},\"thumbnailUrl\":\"https:\/\/vosgesinfo.fr\/app\/uploads\/sites\/3\/2024\/08\/201602agriculture-paille-ferme-2.jpg\",\"articleSection\":[\"Agriculture\",\"\u00c9conomie\"],\"inLanguage\":\"fr-FR\",\"potentialAction\":[{\"@type\":\"CommentAction\",\"name\":\"Comment\",\"target\":[\"https:\/\/vosgesinfo.fr\/epinalinfo\/2017\/01\/bond-passe-fermes-auberges\/#respond\"]}]},{\"@type\":\"WebPage\",\"@id\":\"https:\/\/vosgesinfo.fr\/epinalinfo\/2017\/01\/bond-passe-fermes-auberges\/\",\"url\":\"https:\/\/vosgesinfo.fr\/epinalinfo\/2017\/01\/bond-passe-fermes-auberges\/\",\"name\":\"Un bond dans le pass\u00e9 dans les fermes auberges - Epinal Info\",\"isPartOf\":{\"@id\":\"https:\/\/vosgesinfo.fr\/epinalinfo\/#website\"},\"primaryImageOfPage\":{\"@id\":\"https:\/\/vosgesinfo.fr\/epinalinfo\/2017\/01\/bond-passe-fermes-auberges\/#primaryimage\"},\"image\":{\"@id\":\"https:\/\/vosgesinfo.fr\/epinalinfo\/2017\/01\/bond-passe-fermes-auberges\/#primaryimage\"},\"thumbnailUrl\":\"https:\/\/vosgesinfo.fr\/app\/uploads\/sites\/3\/2024\/08\/201602agriculture-paille-ferme-2.jpg\",\"datePublished\":\"2017-01-26T05:00:34+00:00\",\"dateModified\":\"2017-01-26T05:00:34+00:00\",\"breadcrumb\":{\"@id\":\"https:\/\/vosgesinfo.fr\/epinalinfo\/2017\/01\/bond-passe-fermes-auberges\/#breadcrumb\"},\"inLanguage\":\"fr-FR\",\"potentialAction\":[{\"@type\":\"ReadAction\",\"target\":[\"https:\/\/vosgesinfo.fr\/epinalinfo\/2017\/01\/bond-passe-fermes-auberges\/\"]}]},{\"@type\":\"ImageObject\",\"inLanguage\":\"fr-FR\",\"@id\":\"https:\/\/vosgesinfo.fr\/epinalinfo\/2017\/01\/bond-passe-fermes-auberges\/#primaryimage\",\"url\":\"https:\/\/vosgesinfo.fr\/app\/uploads\/sites\/3\/2024\/08\/201602agriculture-paille-ferme-2.jpg\",\"contentUrl\":\"https:\/\/vosgesinfo.fr\/app\/uploads\/sites\/3\/2024\/08\/201602agriculture-paille-ferme-2.jpg\",\"width\":960,\"height\":625},{\"@type\":\"BreadcrumbList\",\"@id\":\"https:\/\/vosgesinfo.fr\/epinalinfo\/2017\/01\/bond-passe-fermes-auberges\/#breadcrumb\",\"itemListElement\":[{\"@type\":\"ListItem\",\"position\":1,\"name\":\"Home\",\"item\":\"https:\/\/vosgesinfo.fr\/epinalinfo\/\"},{\"@type\":\"ListItem\",\"position\":2,\"name\":\"Un bond dans le pass\u00e9 dans les fermes auberges\"}]},{\"@type\":\"WebSite\",\"@id\":\"https:\/\/vosgesinfo.fr\/epinalinfo\/#website\",\"url\":\"https:\/\/vosgesinfo.fr\/epinalinfo\/\",\"name\":\"Epinal Info\",\"description\":\"Toute l&#039;actualit\u00e9 d&#039;\u00c9pinal\",\"publisher\":{\"@id\":\"https:\/\/vosgesinfo.fr\/epinalinfo\/#organization\"},\"alternateName\":\"Toute l'actualit\u00e9 d'\u00c9pinal\",\"potentialAction\":[{\"@type\":\"SearchAction\",\"target\":{\"@type\":\"EntryPoint\",\"urlTemplate\":\"https:\/\/vosgesinfo.fr\/epinalinfo\/?s={search_term_string}\"},\"query-input\":\"required name=search_term_string\"}],\"inLanguage\":\"fr-FR\"},{\"@type\":\"Organization\",\"@id\":\"https:\/\/vosgesinfo.fr\/epinalinfo\/#organization\",\"name\":\"Epinal Info\",\"url\":\"https:\/\/vosgesinfo.fr\/epinalinfo\/\",\"logo\":{\"@type\":\"ImageObject\",\"inLanguage\":\"fr-FR\",\"@id\":\"https:\/\/vosgesinfo.fr\/epinalinfo\/#\/schema\/logo\/image\/\",\"url\":\"https:\/\/vosgesinfo.fr\/app\/uploads\/sites\/3\/2023\/08\/logo-epinalinfos.svg\",\"contentUrl\":\"https:\/\/vosgesinfo.fr\/app\/uploads\/sites\/3\/2023\/08\/logo-epinalinfos.svg\",\"width\":1,\"height\":1,\"caption\":\"Epinal Info\"},\"image\":{\"@id\":\"https:\/\/vosgesinfo.fr\/epinalinfo\/#\/schema\/logo\/image\/\"},\"sameAs\":[\"https:\/\/www.facebook.com\/Epinalinfos\",\"https:\/\/x.com\/VosgesInfo88\",\"https:\/\/www.youtube.com\/@vosgesinfo\"]},{\"@type\":\"Person\",\"@id\":\"https:\/\/vosgesinfo.fr\/epinalinfo\/#\/schema\/person\/6f9a650eeea99d969b6c4ab78fccbe81\",\"name\":\"C.K.\",\"image\":{\"@type\":\"ImageObject\",\"inLanguage\":\"fr-FR\",\"@id\":\"https:\/\/vosgesinfo.fr\/epinalinfo\/#\/schema\/person\/image\/\",\"url\":\"https:\/\/secure.gravatar.com\/avatar\/48e3fc7f8421ba8942be6b74a2b7f014ca39bc00dece156b7a8e098ae7dc87bf?s=96&d=mm&r=g\",\"contentUrl\":\"https:\/\/secure.gravatar.com\/avatar\/48e3fc7f8421ba8942be6b74a2b7f014ca39bc00dece156b7a8e098ae7dc87bf?s=96&d=mm&r=g\",\"caption\":\"C.K.\"},\"url\":\"https:\/\/vosgesinfo.fr\/epinalinfo\/author\/celia-k-n\/\"}]}<\/script>\n<!-- \/ Yoast SEO plugin. -->","yoast_head_json":{"title":"Un bond dans le pass\u00e9 dans les fermes auberges - Epinal Info","robots":{"index":"index","follow":"follow","max-snippet":"max-snippet:-1","max-image-preview":"max-image-preview:large","max-video-preview":"max-video-preview:-1"},"canonical":"https:\/\/vosgesinfo.fr\/epinalinfo\/2017\/01\/bond-passe-fermes-auberges\/","twitter_card":"summary_large_image","twitter_title":"Un bond dans le pass\u00e9 dans les fermes auberges - Epinal Info","twitter_description":"Cet hiver, les fermes auberges des Vosges proposent aux gourmets de d\u00e9guster les saveurs d\u2019autrefois gr\u00e2ce aux repas d&rsquo;antan. \u00c0 [&hellip;]","twitter_image":"https:\/\/vosgesinfo.fr\/app\/uploads\/sites\/3\/2024\/08\/201602agriculture-paille-ferme-2.jpg","twitter_creator":"@VosgesInfo88","twitter_site":"@VosgesInfo88","twitter_misc":{"\u00c9crit par":"C.K.","Dur\u00e9e de lecture estim\u00e9e":"1 minute"},"schema":{"@context":"https:\/\/schema.org","@graph":[{"@type":"Article","@id":"https:\/\/vosgesinfo.fr\/epinalinfo\/2017\/01\/bond-passe-fermes-auberges\/#article","isPartOf":{"@id":"https:\/\/vosgesinfo.fr\/epinalinfo\/2017\/01\/bond-passe-fermes-auberges\/"},"author":{"name":"C.K.","@id":"https:\/\/vosgesinfo.fr\/epinalinfo\/#\/schema\/person\/6f9a650eeea99d969b6c4ab78fccbe81"},"headline":"Un bond dans le pass\u00e9 dans les fermes auberges","datePublished":"2017-01-26T05:00:34+00:00","dateModified":"2017-01-26T05:00:34+00:00","mainEntityOfPage":{"@id":"https:\/\/vosgesinfo.fr\/epinalinfo\/2017\/01\/bond-passe-fermes-auberges\/"},"wordCount":284,"commentCount":0,"publisher":{"@id":"https:\/\/vosgesinfo.fr\/epinalinfo\/#organization"},"image":{"@id":"https:\/\/vosgesinfo.fr\/epinalinfo\/2017\/01\/bond-passe-fermes-auberges\/#primaryimage"},"thumbnailUrl":"https:\/\/vosgesinfo.fr\/app\/uploads\/sites\/3\/2024\/08\/201602agriculture-paille-ferme-2.jpg","articleSection":["Agriculture","\u00c9conomie"],"inLanguage":"fr-FR","potentialAction":[{"@type":"CommentAction","name":"Comment","target":["https:\/\/vosgesinfo.fr\/epinalinfo\/2017\/01\/bond-passe-fermes-auberges\/#respond"]}]},{"@type":"WebPage","@id":"https:\/\/vosgesinfo.fr\/epinalinfo\/2017\/01\/bond-passe-fermes-auberges\/","url":"https:\/\/vosgesinfo.fr\/epinalinfo\/2017\/01\/bond-passe-fermes-auberges\/","name":"Un bond dans le pass\u00e9 dans les fermes auberges - Epinal Info","isPartOf":{"@id":"https:\/\/vosgesinfo.fr\/epinalinfo\/#website"},"primaryImageOfPage":{"@id":"https:\/\/vosgesinfo.fr\/epinalinfo\/2017\/01\/bond-passe-fermes-auberges\/#primaryimage"},"image":{"@id":"https:\/\/vosgesinfo.fr\/epinalinfo\/2017\/01\/bond-passe-fermes-auberges\/#primaryimage"},"thumbnailUrl":"https:\/\/vosgesinfo.fr\/app\/uploads\/sites\/3\/2024\/08\/201602agriculture-paille-ferme-2.jpg","datePublished":"2017-01-26T05:00:34+00:00","dateModified":"2017-01-26T05:00:34+00:00","breadcrumb":{"@id":"https:\/\/vosgesinfo.fr\/epinalinfo\/2017\/01\/bond-passe-fermes-auberges\/#breadcrumb"},"inLanguage":"fr-FR","potentialAction":[{"@type":"ReadAction","target":["https:\/\/vosgesinfo.fr\/epinalinfo\/2017\/01\/bond-passe-fermes-auberges\/"]}]},{"@type":"ImageObject","inLanguage":"fr-FR","@id":"https:\/\/vosgesinfo.fr\/epinalinfo\/2017\/01\/bond-passe-fermes-auberges\/#primaryimage","url":"https:\/\/vosgesinfo.fr\/app\/uploads\/sites\/3\/2024\/08\/201602agriculture-paille-ferme-2.jpg","contentUrl":"https:\/\/vosgesinfo.fr\/app\/uploads\/sites\/3\/2024\/08\/201602agriculture-paille-ferme-2.jpg","width":960,"height":625},{"@type":"BreadcrumbList","@id":"https:\/\/vosgesinfo.fr\/epinalinfo\/2017\/01\/bond-passe-fermes-auberges\/#breadcrumb","itemListElement":[{"@type":"ListItem","position":1,"name":"Home","item":"https:\/\/vosgesinfo.fr\/epinalinfo\/"},{"@type":"ListItem","position":2,"name":"Un bond dans le pass\u00e9 dans les fermes auberges"}]},{"@type":"WebSite","@id":"https:\/\/vosgesinfo.fr\/epinalinfo\/#website","url":"https:\/\/vosgesinfo.fr\/epinalinfo\/","name":"Epinal Info","description":"Toute l&#039;actualit\u00e9 d&#039;\u00c9pinal","publisher":{"@id":"https:\/\/vosgesinfo.fr\/epinalinfo\/#organization"},"alternateName":"Toute l'actualit\u00e9 d'\u00c9pinal","potentialAction":[{"@type":"SearchAction","target":{"@type":"EntryPoint","urlTemplate":"https:\/\/vosgesinfo.fr\/epinalinfo\/?s={search_term_string}"},"query-input":"required name=search_term_string"}],"inLanguage":"fr-FR"},{"@type":"Organization","@id":"https:\/\/vosgesinfo.fr\/epinalinfo\/#organization","name":"Epinal Info","url":"https:\/\/vosgesinfo.fr\/epinalinfo\/","logo":{"@type":"ImageObject","inLanguage":"fr-FR","@id":"https:\/\/vosgesinfo.fr\/epinalinfo\/#\/schema\/logo\/image\/","url":"https:\/\/vosgesinfo.fr\/app\/uploads\/sites\/3\/2023\/08\/logo-epinalinfos.svg","contentUrl":"https:\/\/vosgesinfo.fr\/app\/uploads\/sites\/3\/2023\/08\/logo-epinalinfos.svg","width":1,"height":1,"caption":"Epinal Info"},"image":{"@id":"https:\/\/vosgesinfo.fr\/epinalinfo\/#\/schema\/logo\/image\/"},"sameAs":["https:\/\/www.facebook.com\/Epinalinfos","https:\/\/x.com\/VosgesInfo88","https:\/\/www.youtube.com\/@vosgesinfo"]},{"@type":"Person","@id":"https:\/\/vosgesinfo.fr\/epinalinfo\/#\/schema\/person\/6f9a650eeea99d969b6c4ab78fccbe81","name":"C.K.","image":{"@type":"ImageObject","inLanguage":"fr-FR","@id":"https:\/\/vosgesinfo.fr\/epinalinfo\/#\/schema\/person\/image\/","url":"https:\/\/secure.gravatar.com\/avatar\/48e3fc7f8421ba8942be6b74a2b7f014ca39bc00dece156b7a8e098ae7dc87bf?s=96&d=mm&r=g","contentUrl":"https:\/\/secure.gravatar.com\/avatar\/48e3fc7f8421ba8942be6b74a2b7f014ca39bc00dece156b7a8e098ae7dc87bf?s=96&d=mm&r=g","caption":"C.K."},"url":"https:\/\/vosgesinfo.fr\/epinalinfo\/author\/celia-k-n\/"}]}},"_links":{"self":[{"href":"https:\/\/vosgesinfo.fr\/epinalinfo\/wp-json\/wp\/v2\/posts\/69379","targetHints":{"allow":["GET"]}}],"collection":[{"href":"https:\/\/vosgesinfo.fr\/epinalinfo\/wp-json\/wp\/v2\/posts"}],"about":[{"href":"https:\/\/vosgesinfo.fr\/epinalinfo\/wp-json\/wp\/v2\/types\/post"}],"author":[{"embeddable":true,"href":"https:\/\/vosgesinfo.fr\/epinalinfo\/wp-json\/wp\/v2\/users\/52"}],"replies":[{"embeddable":true,"href":"https:\/\/vosgesinfo.fr\/epinalinfo\/wp-json\/wp\/v2\/comments?post=69379"}],"version-history":[{"count":0,"href":"https:\/\/vosgesinfo.fr\/epinalinfo\/wp-json\/wp\/v2\/posts\/69379\/revisions"}],"wp:featuredmedia":[{"embeddable":true,"href":"https:\/\/vosgesinfo.fr\/epinalinfo\/wp-json\/wp\/v2\/media\/69380"}],"wp:attachment":[{"href":"https:\/\/vosgesinfo.fr\/epinalinfo\/wp-json\/wp\/v2\/media?parent=69379"}],"wp:term":[{"taxonomy":"category","embeddable":true,"href":"https:\/\/vosgesinfo.fr\/epinalinfo\/wp-json\/wp\/v2\/categories?post=69379"},{"taxonomy":"post_tag","embeddable":true,"href":"https:\/\/vosgesinfo.fr\/epinalinfo\/wp-json\/wp\/v2\/tags?post=69379"}],"curies":[{"name":"wp","href":"https:\/\/api.w.org\/{rel}","templated":true}]}}