{"id":69498,"date":"2017-01-30T09:48:04","date_gmt":"2017-01-30T08:48:04","guid":{"rendered":"https:\/\/vosgesinfo.fr\/epinalinfo\/2017\/01\/label-accueil-velo-trois-hotels-spinaliens\/"},"modified":"2017-01-30T09:48:04","modified_gmt":"2017-01-30T08:48:04","slug":"label-accueil-velo-trois-hotels-spinaliens","status":"publish","type":"post","link":"https:\/\/vosgesinfo.fr\/epinalinfo\/2017\/01\/label-accueil-velo-trois-hotels-spinaliens\/","title":{"rendered":"Le label accueil v\u00e9lo pour trois h\u00f4tels spinaliens"},"content":{"rendered":"<h4><a href=\"http:\/\/epinalinfos.fr\/2017\/01\/label-accueil-velo-trois-hotels-spinaliens\/accueil-velo\/\" rel=\"attachment wp-att-108204\"><img decoding=\"async\" class=\"aligncenter size-full wp-image-108204\" src=\"\/2017\/01\/accueil-v\u00e9lo.jpg\" alt=\"accueil-v\u00e9lo\" width=\"350\" height=\"456\" \/><\/a>Beno\u00eet Jourdain, Vice-Pr\u00e9sident du Conseil d\u00e9partemental, en charge du Tourisme, a remis le label \u00ab\u00a0Accueil V\u00e9lo\u00a0\u00bb \u00e0 quatre \u00e9tablissements\u00a0: le Relais de Vincey, l\u2019h\u00f4tel Mercure\u00a0\u00e0 Epinal, h\u00f4tel Ibis\u00a0\u00e0 Epinal et l\u2019h\u00f4tel Kyriad\u00a0\u00e0 Epinal.<\/h4>\n<p>Le tourisme \u00e0 v\u00e9lo repr\u00e9sente un enjeu \u00e9conomique important pour le D\u00e9partement, qui dispose de pr\u00e8s de 200km de v\u00e9loroutes et voies vertes, plus de 3500km de circuits VTT et 11 boucles cyclosportives balis\u00e9es (Bike.vosges). Les diff\u00e9rentes \u00e9tudes men\u00e9es sur les retomb\u00e9es \u00e9conomiques d\u2019une politique cyclable ambitieuse d\u00e9montrent que les actions mises en place sont suivies d\u2019effets imm\u00e9diats et de retomb\u00e9es \u00e9conomiques \u00e0 court terme.<\/p>\n<h3><strong>Le label \u00ab\u00a0Accueil v\u00e9lo\u00a0\u00bb\u00a0 <\/strong><\/h3>\n<p>Le D\u00e9partement est depuis cet \u00e9t\u00e9 pilote et \u00e9valuateur de la marque nationale \u00ab\u00a0Accueil V\u00e9lo\u00a0\u00bb, autorisant ainsi pour une dur\u00e9e de 3 ans les prestataires volontaires et remplissant les conditions, \u00e0 utiliser la marque. Il s\u2019agit d\u2019un label national, permettant d\u2019identifier les prestataires (h\u00e9bergeurs, sites de visites ou de loisirs, loueurs\/r\u00e9parateurs de v\u00e9lo, offices de tourisme) proposant des services adapt\u00e9s \u00e0 la pratique du tourisme \u00e0 v\u00e9lo, et situ\u00e9s \u00e0 moins de 5 km d\u2019un itin\u00e9raire cyclable balis\u00e9. Existant depuis 2012, ce label est en plein essor.<\/p>\n<p>Jusqu\u2019au 1<sup>er<\/sup> janvier 2017, le D\u00e9partement offrira \u00e0 chaque \u00e9tablissement labellis\u00e9 un kit de r\u00e9paration ainsi que les frais d\u2019adh\u00e9sion au label (200\u20ac pour 3 ans).<\/p>\n<p>Un \u00e9tablissement Accueil V\u00e9lo c\u2019est la garantie pour le touriste \u00e0 v\u00e9lo de se trouver \u00e0 moins de 5km d&rsquo;un itin\u00e9raire cyclable, de disposer d&rsquo;\u00e9quipements adapt\u00e9s : abri \u00e0 v\u00e9los s\u00e9curis\u00e9,\u00a0kit de r\u00e9paration, de b\u00e9n\u00e9ficier d&rsquo;un accueil attentionn\u00e9\u00a0: informations et conseils utiles (circuits, m\u00e9t\u00e9o, &#8230;) et de disposer de\u00a0services adapt\u00e9s aux cyclistes : transfert de bagages, lavage et s\u00e9chage du linge, location de v\u00e9los et accessoires, lavage des v\u00e9los,&#8230;<\/p>\n","protected":false},"excerpt":{"rendered":"<p>Beno\u00eet Jourdain, Vice-Pr\u00e9sident du Conseil d\u00e9partemental, en charge du Tourisme, a remis le label \u00ab\u00a0Accueil V\u00e9lo\u00a0\u00bb \u00e0 quatre \u00e9tablissements\u00a0: le [&hellip;]<\/p>\n","protected":false},"author":52,"featured_media":69499,"comment_status":"open","ping_status":"open","sticky":false,"template":"","format":"standard","meta":{"footnotes":""},"categories":[22,24,17],"tags":[],"class_list":["post-69498","post","type-post","status-publish","format-standard","has-post-thumbnail","hentry","category-a-la-une","category-epinal","category-tourisme"],"acf":[],"yoast_head":"<!-- This site is optimized with the Yoast SEO plugin v22.5 - https:\/\/yoast.com\/wordpress\/plugins\/seo\/ -->\n<title>Le label accueil v\u00e9lo pour trois h\u00f4tels spinaliens - Epinal Info<\/title>\n<meta name=\"robots\" content=\"index, follow, max-snippet:-1, max-image-preview:large, max-video-preview:-1\" \/>\n<link rel=\"canonical\" href=\"https:\/\/vosgesinfo.fr\/epinalinfo\/2017\/01\/label-accueil-velo-trois-hotels-spinaliens\/\" \/>\n<meta name=\"twitter:card\" content=\"summary_large_image\" \/>\n<meta name=\"twitter:title\" content=\"Le label accueil v\u00e9lo pour trois h\u00f4tels spinaliens - Epinal Info\" \/>\n<meta name=\"twitter:description\" content=\"Beno\u00eet Jourdain, Vice-Pr\u00e9sident du Conseil d\u00e9partemental, en charge du Tourisme, a remis le label \u00ab\u00a0Accueil V\u00e9lo\u00a0\u00bb \u00e0 quatre \u00e9tablissements\u00a0: le [&hellip;]\" \/>\n<meta name=\"twitter:image\" content=\"https:\/\/vosgesinfo.fr\/app\/uploads\/sites\/3\/2024\/08\/201701accueil-velo.jpg\" \/>\n<meta name=\"twitter:creator\" content=\"@VosgesInfo88\" \/>\n<meta name=\"twitter:site\" content=\"@VosgesInfo88\" \/>\n<meta name=\"twitter:label1\" content=\"\u00c9crit par\" \/>\n\t<meta name=\"twitter:data1\" content=\"C.K.\" \/>\n\t<meta name=\"twitter:label2\" content=\"Dur\u00e9e de lecture estim\u00e9e\" \/>\n\t<meta name=\"twitter:data2\" content=\"2 minutes\" \/>\n<script type=\"application\/ld+json\" class=\"yoast-schema-graph\">{\"@context\":\"https:\/\/schema.org\",\"@graph\":[{\"@type\":\"Article\",\"@id\":\"https:\/\/vosgesinfo.fr\/epinalinfo\/2017\/01\/label-accueil-velo-trois-hotels-spinaliens\/#article\",\"isPartOf\":{\"@id\":\"https:\/\/vosgesinfo.fr\/epinalinfo\/2017\/01\/label-accueil-velo-trois-hotels-spinaliens\/\"},\"author\":{\"name\":\"C.K.\",\"@id\":\"https:\/\/vosgesinfo.fr\/epinalinfo\/#\/schema\/person\/6f9a650eeea99d969b6c4ab78fccbe81\"},\"headline\":\"Le label accueil v\u00e9lo pour trois h\u00f4tels spinaliens\",\"datePublished\":\"2017-01-30T08:48:04+00:00\",\"dateModified\":\"2017-01-30T08:48:04+00:00\",\"mainEntityOfPage\":{\"@id\":\"https:\/\/vosgesinfo.fr\/epinalinfo\/2017\/01\/label-accueil-velo-trois-hotels-spinaliens\/\"},\"wordCount\":339,\"commentCount\":0,\"publisher\":{\"@id\":\"https:\/\/vosgesinfo.fr\/epinalinfo\/#organization\"},\"image\":{\"@id\":\"https:\/\/vosgesinfo.fr\/epinalinfo\/2017\/01\/label-accueil-velo-trois-hotels-spinaliens\/#primaryimage\"},\"thumbnailUrl\":\"https:\/\/vosgesinfo.fr\/app\/uploads\/sites\/3\/2024\/08\/201701accueil-velo.jpg\",\"articleSection\":[\"A la Une\",\"Epinal\",\"Tourisme\"],\"inLanguage\":\"fr-FR\",\"potentialAction\":[{\"@type\":\"CommentAction\",\"name\":\"Comment\",\"target\":[\"https:\/\/vosgesinfo.fr\/epinalinfo\/2017\/01\/label-accueil-velo-trois-hotels-spinaliens\/#respond\"]}]},{\"@type\":\"WebPage\",\"@id\":\"https:\/\/vosgesinfo.fr\/epinalinfo\/2017\/01\/label-accueil-velo-trois-hotels-spinaliens\/\",\"url\":\"https:\/\/vosgesinfo.fr\/epinalinfo\/2017\/01\/label-accueil-velo-trois-hotels-spinaliens\/\",\"name\":\"Le label accueil v\u00e9lo pour trois h\u00f4tels spinaliens - Epinal Info\",\"isPartOf\":{\"@id\":\"https:\/\/vosgesinfo.fr\/epinalinfo\/#website\"},\"primaryImageOfPage\":{\"@id\":\"https:\/\/vosgesinfo.fr\/epinalinfo\/2017\/01\/label-accueil-velo-trois-hotels-spinaliens\/#primaryimage\"},\"image\":{\"@id\":\"https:\/\/vosgesinfo.fr\/epinalinfo\/2017\/01\/label-accueil-velo-trois-hotels-spinaliens\/#primaryimage\"},\"thumbnailUrl\":\"https:\/\/vosgesinfo.fr\/app\/uploads\/sites\/3\/2024\/08\/201701accueil-velo.jpg\",\"datePublished\":\"2017-01-30T08:48:04+00:00\",\"dateModified\":\"2017-01-30T08:48:04+00:00\",\"breadcrumb\":{\"@id\":\"https:\/\/vosgesinfo.fr\/epinalinfo\/2017\/01\/label-accueil-velo-trois-hotels-spinaliens\/#breadcrumb\"},\"inLanguage\":\"fr-FR\",\"potentialAction\":[{\"@type\":\"ReadAction\",\"target\":[\"https:\/\/vosgesinfo.fr\/epinalinfo\/2017\/01\/label-accueil-velo-trois-hotels-spinaliens\/\"]}]},{\"@type\":\"ImageObject\",\"inLanguage\":\"fr-FR\",\"@id\":\"https:\/\/vosgesinfo.fr\/epinalinfo\/2017\/01\/label-accueil-velo-trois-hotels-spinaliens\/#primaryimage\",\"url\":\"https:\/\/vosgesinfo.fr\/app\/uploads\/sites\/3\/2024\/08\/201701accueil-velo.jpg\",\"contentUrl\":\"https:\/\/vosgesinfo.fr\/app\/uploads\/sites\/3\/2024\/08\/201701accueil-velo.jpg\",\"width\":350,\"height\":456},{\"@type\":\"BreadcrumbList\",\"@id\":\"https:\/\/vosgesinfo.fr\/epinalinfo\/2017\/01\/label-accueil-velo-trois-hotels-spinaliens\/#breadcrumb\",\"itemListElement\":[{\"@type\":\"ListItem\",\"position\":1,\"name\":\"Home\",\"item\":\"https:\/\/vosgesinfo.fr\/epinalinfo\/\"},{\"@type\":\"ListItem\",\"position\":2,\"name\":\"Le label accueil v\u00e9lo pour trois h\u00f4tels spinaliens\"}]},{\"@type\":\"WebSite\",\"@id\":\"https:\/\/vosgesinfo.fr\/epinalinfo\/#website\",\"url\":\"https:\/\/vosgesinfo.fr\/epinalinfo\/\",\"name\":\"Epinal Info\",\"description\":\"Toute l&#039;actualit\u00e9 d&#039;\u00c9pinal\",\"publisher\":{\"@id\":\"https:\/\/vosgesinfo.fr\/epinalinfo\/#organization\"},\"alternateName\":\"Toute l'actualit\u00e9 d'\u00c9pinal\",\"potentialAction\":[{\"@type\":\"SearchAction\",\"target\":{\"@type\":\"EntryPoint\",\"urlTemplate\":\"https:\/\/vosgesinfo.fr\/epinalinfo\/?s={search_term_string}\"},\"query-input\":\"required name=search_term_string\"}],\"inLanguage\":\"fr-FR\"},{\"@type\":\"Organization\",\"@id\":\"https:\/\/vosgesinfo.fr\/epinalinfo\/#organization\",\"name\":\"Epinal Info\",\"url\":\"https:\/\/vosgesinfo.fr\/epinalinfo\/\",\"logo\":{\"@type\":\"ImageObject\",\"inLanguage\":\"fr-FR\",\"@id\":\"https:\/\/vosgesinfo.fr\/epinalinfo\/#\/schema\/logo\/image\/\",\"url\":\"https:\/\/vosgesinfo.fr\/app\/uploads\/sites\/3\/2023\/08\/logo-epinalinfos.svg\",\"contentUrl\":\"https:\/\/vosgesinfo.fr\/app\/uploads\/sites\/3\/2023\/08\/logo-epinalinfos.svg\",\"width\":1,\"height\":1,\"caption\":\"Epinal Info\"},\"image\":{\"@id\":\"https:\/\/vosgesinfo.fr\/epinalinfo\/#\/schema\/logo\/image\/\"},\"sameAs\":[\"https:\/\/www.facebook.com\/Epinalinfos\",\"https:\/\/x.com\/VosgesInfo88\",\"https:\/\/www.youtube.com\/@vosgesinfo\"]},{\"@type\":\"Person\",\"@id\":\"https:\/\/vosgesinfo.fr\/epinalinfo\/#\/schema\/person\/6f9a650eeea99d969b6c4ab78fccbe81\",\"name\":\"C.K.\",\"image\":{\"@type\":\"ImageObject\",\"inLanguage\":\"fr-FR\",\"@id\":\"https:\/\/vosgesinfo.fr\/epinalinfo\/#\/schema\/person\/image\/\",\"url\":\"https:\/\/secure.gravatar.com\/avatar\/48e3fc7f8421ba8942be6b74a2b7f014ca39bc00dece156b7a8e098ae7dc87bf?s=96&d=mm&r=g\",\"contentUrl\":\"https:\/\/secure.gravatar.com\/avatar\/48e3fc7f8421ba8942be6b74a2b7f014ca39bc00dece156b7a8e098ae7dc87bf?s=96&d=mm&r=g\",\"caption\":\"C.K.\"},\"url\":\"https:\/\/vosgesinfo.fr\/epinalinfo\/author\/celia-k-n\/\"}]}<\/script>\n<!-- \/ Yoast SEO plugin. -->","yoast_head_json":{"title":"Le label accueil v\u00e9lo pour trois h\u00f4tels spinaliens - Epinal Info","robots":{"index":"index","follow":"follow","max-snippet":"max-snippet:-1","max-image-preview":"max-image-preview:large","max-video-preview":"max-video-preview:-1"},"canonical":"https:\/\/vosgesinfo.fr\/epinalinfo\/2017\/01\/label-accueil-velo-trois-hotels-spinaliens\/","twitter_card":"summary_large_image","twitter_title":"Le label accueil v\u00e9lo pour trois h\u00f4tels spinaliens - Epinal Info","twitter_description":"Beno\u00eet Jourdain, Vice-Pr\u00e9sident du Conseil d\u00e9partemental, en charge du Tourisme, a remis le label \u00ab\u00a0Accueil V\u00e9lo\u00a0\u00bb \u00e0 quatre \u00e9tablissements\u00a0: le [&hellip;]","twitter_image":"https:\/\/vosgesinfo.fr\/app\/uploads\/sites\/3\/2024\/08\/201701accueil-velo.jpg","twitter_creator":"@VosgesInfo88","twitter_site":"@VosgesInfo88","twitter_misc":{"\u00c9crit par":"C.K.","Dur\u00e9e de lecture estim\u00e9e":"2 minutes"},"schema":{"@context":"https:\/\/schema.org","@graph":[{"@type":"Article","@id":"https:\/\/vosgesinfo.fr\/epinalinfo\/2017\/01\/label-accueil-velo-trois-hotels-spinaliens\/#article","isPartOf":{"@id":"https:\/\/vosgesinfo.fr\/epinalinfo\/2017\/01\/label-accueil-velo-trois-hotels-spinaliens\/"},"author":{"name":"C.K.","@id":"https:\/\/vosgesinfo.fr\/epinalinfo\/#\/schema\/person\/6f9a650eeea99d969b6c4ab78fccbe81"},"headline":"Le label accueil v\u00e9lo pour trois h\u00f4tels spinaliens","datePublished":"2017-01-30T08:48:04+00:00","dateModified":"2017-01-30T08:48:04+00:00","mainEntityOfPage":{"@id":"https:\/\/vosgesinfo.fr\/epinalinfo\/2017\/01\/label-accueil-velo-trois-hotels-spinaliens\/"},"wordCount":339,"commentCount":0,"publisher":{"@id":"https:\/\/vosgesinfo.fr\/epinalinfo\/#organization"},"image":{"@id":"https:\/\/vosgesinfo.fr\/epinalinfo\/2017\/01\/label-accueil-velo-trois-hotels-spinaliens\/#primaryimage"},"thumbnailUrl":"https:\/\/vosgesinfo.fr\/app\/uploads\/sites\/3\/2024\/08\/201701accueil-velo.jpg","articleSection":["A la Une","Epinal","Tourisme"],"inLanguage":"fr-FR","potentialAction":[{"@type":"CommentAction","name":"Comment","target":["https:\/\/vosgesinfo.fr\/epinalinfo\/2017\/01\/label-accueil-velo-trois-hotels-spinaliens\/#respond"]}]},{"@type":"WebPage","@id":"https:\/\/vosgesinfo.fr\/epinalinfo\/2017\/01\/label-accueil-velo-trois-hotels-spinaliens\/","url":"https:\/\/vosgesinfo.fr\/epinalinfo\/2017\/01\/label-accueil-velo-trois-hotels-spinaliens\/","name":"Le label accueil v\u00e9lo pour trois h\u00f4tels spinaliens - Epinal Info","isPartOf":{"@id":"https:\/\/vosgesinfo.fr\/epinalinfo\/#website"},"primaryImageOfPage":{"@id":"https:\/\/vosgesinfo.fr\/epinalinfo\/2017\/01\/label-accueil-velo-trois-hotels-spinaliens\/#primaryimage"},"image":{"@id":"https:\/\/vosgesinfo.fr\/epinalinfo\/2017\/01\/label-accueil-velo-trois-hotels-spinaliens\/#primaryimage"},"thumbnailUrl":"https:\/\/vosgesinfo.fr\/app\/uploads\/sites\/3\/2024\/08\/201701accueil-velo.jpg","datePublished":"2017-01-30T08:48:04+00:00","dateModified":"2017-01-30T08:48:04+00:00","breadcrumb":{"@id":"https:\/\/vosgesinfo.fr\/epinalinfo\/2017\/01\/label-accueil-velo-trois-hotels-spinaliens\/#breadcrumb"},"inLanguage":"fr-FR","potentialAction":[{"@type":"ReadAction","target":["https:\/\/vosgesinfo.fr\/epinalinfo\/2017\/01\/label-accueil-velo-trois-hotels-spinaliens\/"]}]},{"@type":"ImageObject","inLanguage":"fr-FR","@id":"https:\/\/vosgesinfo.fr\/epinalinfo\/2017\/01\/label-accueil-velo-trois-hotels-spinaliens\/#primaryimage","url":"https:\/\/vosgesinfo.fr\/app\/uploads\/sites\/3\/2024\/08\/201701accueil-velo.jpg","contentUrl":"https:\/\/vosgesinfo.fr\/app\/uploads\/sites\/3\/2024\/08\/201701accueil-velo.jpg","width":350,"height":456},{"@type":"BreadcrumbList","@id":"https:\/\/vosgesinfo.fr\/epinalinfo\/2017\/01\/label-accueil-velo-trois-hotels-spinaliens\/#breadcrumb","itemListElement":[{"@type":"ListItem","position":1,"name":"Home","item":"https:\/\/vosgesinfo.fr\/epinalinfo\/"},{"@type":"ListItem","position":2,"name":"Le label accueil v\u00e9lo pour trois h\u00f4tels spinaliens"}]},{"@type":"WebSite","@id":"https:\/\/vosgesinfo.fr\/epinalinfo\/#website","url":"https:\/\/vosgesinfo.fr\/epinalinfo\/","name":"Epinal Info","description":"Toute l&#039;actualit\u00e9 d&#039;\u00c9pinal","publisher":{"@id":"https:\/\/vosgesinfo.fr\/epinalinfo\/#organization"},"alternateName":"Toute l'actualit\u00e9 d'\u00c9pinal","potentialAction":[{"@type":"SearchAction","target":{"@type":"EntryPoint","urlTemplate":"https:\/\/vosgesinfo.fr\/epinalinfo\/?s={search_term_string}"},"query-input":"required name=search_term_string"}],"inLanguage":"fr-FR"},{"@type":"Organization","@id":"https:\/\/vosgesinfo.fr\/epinalinfo\/#organization","name":"Epinal Info","url":"https:\/\/vosgesinfo.fr\/epinalinfo\/","logo":{"@type":"ImageObject","inLanguage":"fr-FR","@id":"https:\/\/vosgesinfo.fr\/epinalinfo\/#\/schema\/logo\/image\/","url":"https:\/\/vosgesinfo.fr\/app\/uploads\/sites\/3\/2023\/08\/logo-epinalinfos.svg","contentUrl":"https:\/\/vosgesinfo.fr\/app\/uploads\/sites\/3\/2023\/08\/logo-epinalinfos.svg","width":1,"height":1,"caption":"Epinal Info"},"image":{"@id":"https:\/\/vosgesinfo.fr\/epinalinfo\/#\/schema\/logo\/image\/"},"sameAs":["https:\/\/www.facebook.com\/Epinalinfos","https:\/\/x.com\/VosgesInfo88","https:\/\/www.youtube.com\/@vosgesinfo"]},{"@type":"Person","@id":"https:\/\/vosgesinfo.fr\/epinalinfo\/#\/schema\/person\/6f9a650eeea99d969b6c4ab78fccbe81","name":"C.K.","image":{"@type":"ImageObject","inLanguage":"fr-FR","@id":"https:\/\/vosgesinfo.fr\/epinalinfo\/#\/schema\/person\/image\/","url":"https:\/\/secure.gravatar.com\/avatar\/48e3fc7f8421ba8942be6b74a2b7f014ca39bc00dece156b7a8e098ae7dc87bf?s=96&d=mm&r=g","contentUrl":"https:\/\/secure.gravatar.com\/avatar\/48e3fc7f8421ba8942be6b74a2b7f014ca39bc00dece156b7a8e098ae7dc87bf?s=96&d=mm&r=g","caption":"C.K."},"url":"https:\/\/vosgesinfo.fr\/epinalinfo\/author\/celia-k-n\/"}]}},"_links":{"self":[{"href":"https:\/\/vosgesinfo.fr\/epinalinfo\/wp-json\/wp\/v2\/posts\/69498","targetHints":{"allow":["GET"]}}],"collection":[{"href":"https:\/\/vosgesinfo.fr\/epinalinfo\/wp-json\/wp\/v2\/posts"}],"about":[{"href":"https:\/\/vosgesinfo.fr\/epinalinfo\/wp-json\/wp\/v2\/types\/post"}],"author":[{"embeddable":true,"href":"https:\/\/vosgesinfo.fr\/epinalinfo\/wp-json\/wp\/v2\/users\/52"}],"replies":[{"embeddable":true,"href":"https:\/\/vosgesinfo.fr\/epinalinfo\/wp-json\/wp\/v2\/comments?post=69498"}],"version-history":[{"count":0,"href":"https:\/\/vosgesinfo.fr\/epinalinfo\/wp-json\/wp\/v2\/posts\/69498\/revisions"}],"wp:featuredmedia":[{"embeddable":true,"href":"https:\/\/vosgesinfo.fr\/epinalinfo\/wp-json\/wp\/v2\/media\/69499"}],"wp:attachment":[{"href":"https:\/\/vosgesinfo.fr\/epinalinfo\/wp-json\/wp\/v2\/media?parent=69498"}],"wp:term":[{"taxonomy":"category","embeddable":true,"href":"https:\/\/vosgesinfo.fr\/epinalinfo\/wp-json\/wp\/v2\/categories?post=69498"},{"taxonomy":"post_tag","embeddable":true,"href":"https:\/\/vosgesinfo.fr\/epinalinfo\/wp-json\/wp\/v2\/tags?post=69498"}],"curies":[{"name":"wp","href":"https:\/\/api.w.org\/{rel}","templated":true}]}}