{"id":69500,"date":"2017-01-30T07:53:27","date_gmt":"2017-01-30T06:53:27","guid":{"rendered":"https:\/\/vosgesinfo.fr\/epinalinfo\/2017\/01\/film-film-fantastique-de-gerardmer-jury-jeunes-remet-prix-a-the-autopsy-of-jane-doe\/"},"modified":"2017-01-30T07:53:27","modified_gmt":"2017-01-30T06:53:27","slug":"film-film-fantastique-de-gerardmer-jury-jeunes-remet-prix-a-the-autopsy-of-jane-doe","status":"publish","type":"post","link":"https:\/\/vosgesinfo.fr\/epinalinfo\/2017\/01\/film-film-fantastique-de-gerardmer-jury-jeunes-remet-prix-a-the-autopsy-of-jane-doe\/","title":{"rendered":"Film Fantastique de G\u00e9rardmer : le Jury Jeunes remet son prix \u00e0 \u00ab\u00a0The autopsy of Jane Doe\u00a0\u00bb"},"content":{"rendered":"<div id=\"attachment_108208\" style=\"width: 810px\" class=\"wp-caption aligncenter\"><a href=\"http:\/\/epinalinfos.fr\/2017\/01\/film-film-fantastique-de-gerardmer-jury-jeunes-remet-prix-a-the-autopsy-of-jane-doe\/sans-titre-342\/\" rel=\"attachment wp-att-108208\"><img decoding=\"async\" aria-describedby=\"caption-attachment-108208\" class=\"size-full wp-image-108208\" src=\"\/2017\/01\/Sans-titre9.jpg\" alt=\"\u00a9 Bodez \u2013 R\u00e9gion Grand Est \" width=\"800\" height=\"500\" \/><\/a><p id=\"caption-attachment-108208\" class=\"wp-caption-text\">\u00a9 Bodez \u2013 R\u00e9gion Grand Est<\/p><\/div>\n<h4>Le Jury Jeunes de la R\u00e9gion Grand Est, pr\u00e9sid\u00e9 par Jessica Ravuz, du lyc\u00e9e Georges Cl\u00e9menceau de Reims, a d\u00e9cern\u00e9, ce dimanche 29 janvier 2017, son prix lors de la c\u00e9r\u00e9monie de cl\u00f4ture Festival International du Film Fantastique de G\u00e9rardmer.<\/h4>\n<p>Neuf lyc\u00e9ens du Grand Est, en formation audiovisuelle et cin\u00e9ma au sein des lyc\u00e9es Gaston Bauchard \u00e0 Bar-sur-Aube, Georges Cl\u00e9menceau \u00e0 Reims, Jean-Baptiste Vuillaume \u00e0 Mirecourt, lyc\u00e9e de la Communication \u00e0 Metz, Stanislas \u00e0 Wissembourg et Fr\u00e9d\u00e9ric Kirschleger \u00e0 Munster, ont \u00e9t\u00e9 s\u00e9lectionn\u00e9s pour faire partie de l\u2019un des jurys officiels du festival.<\/p>\n<p>Du 25 au 29 janvier 2017, le Jury Jeunes a visionn\u00e9 les longs m\u00e9trages en comp\u00e9tition \u00e0 G\u00e9rardmer pour d\u00e9signer le film \u00ab\u00a0The autopsy of Jane Doe\u00a0\u00bb de Andr\u00e9 Ovredal, laur\u00e9at du Prix du Jury Jeunes de la R\u00e9gion Grand Est 2017.<\/p>\n<p>Partenaire principal de ce festival, la R\u00e9gion a souhait\u00e9 associer des lyc\u00e9ens \u00e0 cette manifestation culturelle d\u2019envergure internationale. Rencontres avec des acteurs, r\u00e9alisateurs, etc., les jeunes ont pu nouer des contacts privil\u00e9gi\u00e9s et \u00e9couter les conseils avis\u00e9s des professionnels du 7\u00e8me Art pr\u00e9sents dont ceux de Julien Maury, r\u00e9alisateur et parrain de la promotion 2017 du jury jeunes.<\/p>\n<p>L\u2019objectif est d\u2019accompagner les jeunes, qui sont l\u2019avenir de la R\u00e9gion Grand Est, dans la construction de leur parcours professionnel en leur permettant de vivre une exp\u00e9rience unique, qu\u2019ils pourront valoriser dans leur curriculum vitae. Un v\u00e9ritable coup de pouce de la R\u00e9gion qui s\u2019engage dans une d\u00e9marche volontariste d\u2019accompagnement des jeunes en formation audiovisuelle et cin\u00e9ma, pour une meilleure insertion professionnelle dans le secteur sp\u00e9cifique que repr\u00e9sente le 7\u00e8me Art.<\/p>\n<p>Pour rappel, le Jury Jeunes 2017 \u00e9tait compos\u00e9 du lyc\u00e9e Gaston Bauchard de Bar-sur-Aube, Vincent Mignotte, du lyc\u00e9e Georges Cl\u00e9menceau de Reims, Enzo Peric et Jessica Ravuz, du lyc\u00e9e Jean-Baptiste Vuillaume de Mirecourt, Appoline Laurent, du lyc\u00e9e de la Communication de Metz, Ad\u00e8le Hazotte et Yanis Zarzar, du lyc\u00e9e Stanislas de Wissembourg, Eva Roy, du lyc\u00e9e Fr\u00e9d\u00e9ric Kirschleger de Munster, Tom Tisserand et Angie Sembach.<\/p>\n","protected":false},"excerpt":{"rendered":"<p>Le Jury Jeunes de la R\u00e9gion Grand Est, pr\u00e9sid\u00e9 par Jessica Ravuz, du lyc\u00e9e Georges Cl\u00e9menceau de Reims, a d\u00e9cern\u00e9, [&hellip;]<\/p>\n","protected":false},"author":52,"featured_media":1241,"comment_status":"open","ping_status":"open","sticky":false,"template":"","format":"standard","meta":{"footnotes":""},"categories":[20,5],"tags":[],"class_list":["post-69500","post","type-post","status-publish","format-standard","has-post-thumbnail","hentry","category-divertissement","category-vosges"],"acf":[],"yoast_head":"<!-- This site is optimized with the Yoast SEO plugin v22.5 - https:\/\/yoast.com\/wordpress\/plugins\/seo\/ -->\n<title>Film Fantastique de G\u00e9rardmer : le Jury Jeunes remet son prix \u00e0 &quot;The autopsy of Jane Doe&quot; - Epinal Info<\/title>\n<meta name=\"robots\" content=\"index, follow, max-snippet:-1, max-image-preview:large, max-video-preview:-1\" \/>\n<link rel=\"canonical\" href=\"https:\/\/vosgesinfo.fr\/epinalinfo\/2017\/01\/film-film-fantastique-de-gerardmer-jury-jeunes-remet-prix-a-the-autopsy-of-jane-doe\/\" \/>\n<meta name=\"twitter:card\" content=\"summary_large_image\" \/>\n<meta name=\"twitter:title\" content=\"Film Fantastique de G\u00e9rardmer : le Jury Jeunes remet son prix \u00e0 &quot;The autopsy of Jane Doe&quot; - Epinal Info\" \/>\n<meta name=\"twitter:description\" content=\"Le Jury Jeunes de la R\u00e9gion Grand Est, pr\u00e9sid\u00e9 par Jessica Ravuz, du lyc\u00e9e Georges Cl\u00e9menceau de Reims, a d\u00e9cern\u00e9, [&hellip;]\" \/>\n<meta name=\"twitter:image\" content=\"https:\/\/vosgesinfo.fr\/app\/uploads\/sites\/3\/2023\/09\/sans-titre9.jpg\" \/>\n<meta name=\"twitter:creator\" content=\"@VosgesInfo88\" \/>\n<meta name=\"twitter:site\" content=\"@VosgesInfo88\" \/>\n<meta name=\"twitter:label1\" content=\"\u00c9crit par\" \/>\n\t<meta name=\"twitter:data1\" content=\"C.K.\" \/>\n\t<meta name=\"twitter:label2\" content=\"Dur\u00e9e de lecture estim\u00e9e\" \/>\n\t<meta name=\"twitter:data2\" content=\"2 minutes\" \/>\n<script type=\"application\/ld+json\" class=\"yoast-schema-graph\">{\"@context\":\"https:\/\/schema.org\",\"@graph\":[{\"@type\":\"Article\",\"@id\":\"https:\/\/vosgesinfo.fr\/epinalinfo\/2017\/01\/film-film-fantastique-de-gerardmer-jury-jeunes-remet-prix-a-the-autopsy-of-jane-doe\/#article\",\"isPartOf\":{\"@id\":\"https:\/\/vosgesinfo.fr\/epinalinfo\/2017\/01\/film-film-fantastique-de-gerardmer-jury-jeunes-remet-prix-a-the-autopsy-of-jane-doe\/\"},\"author\":{\"name\":\"C.K.\",\"@id\":\"https:\/\/vosgesinfo.fr\/epinalinfo\/#\/schema\/person\/6f9a650eeea99d969b6c4ab78fccbe81\"},\"headline\":\"Film Fantastique de G\u00e9rardmer : le Jury Jeunes remet son prix \u00e0 \u00ab\u00a0The autopsy of Jane Doe\u00a0\u00bb\",\"datePublished\":\"2017-01-30T06:53:27+00:00\",\"dateModified\":\"2017-01-30T06:53:27+00:00\",\"mainEntityOfPage\":{\"@id\":\"https:\/\/vosgesinfo.fr\/epinalinfo\/2017\/01\/film-film-fantastique-de-gerardmer-jury-jeunes-remet-prix-a-the-autopsy-of-jane-doe\/\"},\"wordCount\":399,\"commentCount\":0,\"publisher\":{\"@id\":\"https:\/\/vosgesinfo.fr\/epinalinfo\/#organization\"},\"image\":{\"@id\":\"https:\/\/vosgesinfo.fr\/epinalinfo\/2017\/01\/film-film-fantastique-de-gerardmer-jury-jeunes-remet-prix-a-the-autopsy-of-jane-doe\/#primaryimage\"},\"thumbnailUrl\":\"https:\/\/vosgesinfo.fr\/app\/uploads\/sites\/3\/2023\/09\/sans-titre9.jpg\",\"articleSection\":[\"Divertissement\",\"Vosges\"],\"inLanguage\":\"fr-FR\",\"potentialAction\":[{\"@type\":\"CommentAction\",\"name\":\"Comment\",\"target\":[\"https:\/\/vosgesinfo.fr\/epinalinfo\/2017\/01\/film-film-fantastique-de-gerardmer-jury-jeunes-remet-prix-a-the-autopsy-of-jane-doe\/#respond\"]}]},{\"@type\":\"WebPage\",\"@id\":\"https:\/\/vosgesinfo.fr\/epinalinfo\/2017\/01\/film-film-fantastique-de-gerardmer-jury-jeunes-remet-prix-a-the-autopsy-of-jane-doe\/\",\"url\":\"https:\/\/vosgesinfo.fr\/epinalinfo\/2017\/01\/film-film-fantastique-de-gerardmer-jury-jeunes-remet-prix-a-the-autopsy-of-jane-doe\/\",\"name\":\"Film Fantastique de G\u00e9rardmer : le Jury Jeunes remet son prix \u00e0 \\\"The autopsy of Jane Doe\\\" - Epinal Info\",\"isPartOf\":{\"@id\":\"https:\/\/vosgesinfo.fr\/epinalinfo\/#website\"},\"primaryImageOfPage\":{\"@id\":\"https:\/\/vosgesinfo.fr\/epinalinfo\/2017\/01\/film-film-fantastique-de-gerardmer-jury-jeunes-remet-prix-a-the-autopsy-of-jane-doe\/#primaryimage\"},\"image\":{\"@id\":\"https:\/\/vosgesinfo.fr\/epinalinfo\/2017\/01\/film-film-fantastique-de-gerardmer-jury-jeunes-remet-prix-a-the-autopsy-of-jane-doe\/#primaryimage\"},\"thumbnailUrl\":\"https:\/\/vosgesinfo.fr\/app\/uploads\/sites\/3\/2023\/09\/sans-titre9.jpg\",\"datePublished\":\"2017-01-30T06:53:27+00:00\",\"dateModified\":\"2017-01-30T06:53:27+00:00\",\"breadcrumb\":{\"@id\":\"https:\/\/vosgesinfo.fr\/epinalinfo\/2017\/01\/film-film-fantastique-de-gerardmer-jury-jeunes-remet-prix-a-the-autopsy-of-jane-doe\/#breadcrumb\"},\"inLanguage\":\"fr-FR\",\"potentialAction\":[{\"@type\":\"ReadAction\",\"target\":[\"https:\/\/vosgesinfo.fr\/epinalinfo\/2017\/01\/film-film-fantastique-de-gerardmer-jury-jeunes-remet-prix-a-the-autopsy-of-jane-doe\/\"]}]},{\"@type\":\"ImageObject\",\"inLanguage\":\"fr-FR\",\"@id\":\"https:\/\/vosgesinfo.fr\/epinalinfo\/2017\/01\/film-film-fantastique-de-gerardmer-jury-jeunes-remet-prix-a-the-autopsy-of-jane-doe\/#primaryimage\",\"url\":\"https:\/\/vosgesinfo.fr\/app\/uploads\/sites\/3\/2023\/09\/sans-titre9.jpg\",\"contentUrl\":\"https:\/\/vosgesinfo.fr\/app\/uploads\/sites\/3\/2023\/09\/sans-titre9.jpg\",\"width\":764,\"height\":457},{\"@type\":\"BreadcrumbList\",\"@id\":\"https:\/\/vosgesinfo.fr\/epinalinfo\/2017\/01\/film-film-fantastique-de-gerardmer-jury-jeunes-remet-prix-a-the-autopsy-of-jane-doe\/#breadcrumb\",\"itemListElement\":[{\"@type\":\"ListItem\",\"position\":1,\"name\":\"Home\",\"item\":\"https:\/\/vosgesinfo.fr\/epinalinfo\/\"},{\"@type\":\"ListItem\",\"position\":2,\"name\":\"Film Fantastique de G\u00e9rardmer : le Jury Jeunes remet son prix \u00e0 \u00ab\u00a0The autopsy of Jane Doe\u00a0\u00bb\"}]},{\"@type\":\"WebSite\",\"@id\":\"https:\/\/vosgesinfo.fr\/epinalinfo\/#website\",\"url\":\"https:\/\/vosgesinfo.fr\/epinalinfo\/\",\"name\":\"Epinal Info\",\"description\":\"Toute l&#039;actualit\u00e9 d&#039;\u00c9pinal\",\"publisher\":{\"@id\":\"https:\/\/vosgesinfo.fr\/epinalinfo\/#organization\"},\"alternateName\":\"Toute l'actualit\u00e9 d'\u00c9pinal\",\"potentialAction\":[{\"@type\":\"SearchAction\",\"target\":{\"@type\":\"EntryPoint\",\"urlTemplate\":\"https:\/\/vosgesinfo.fr\/epinalinfo\/?s={search_term_string}\"},\"query-input\":\"required name=search_term_string\"}],\"inLanguage\":\"fr-FR\"},{\"@type\":\"Organization\",\"@id\":\"https:\/\/vosgesinfo.fr\/epinalinfo\/#organization\",\"name\":\"Epinal Info\",\"url\":\"https:\/\/vosgesinfo.fr\/epinalinfo\/\",\"logo\":{\"@type\":\"ImageObject\",\"inLanguage\":\"fr-FR\",\"@id\":\"https:\/\/vosgesinfo.fr\/epinalinfo\/#\/schema\/logo\/image\/\",\"url\":\"https:\/\/vosgesinfo.fr\/app\/uploads\/sites\/3\/2023\/08\/logo-epinalinfos.svg\",\"contentUrl\":\"https:\/\/vosgesinfo.fr\/app\/uploads\/sites\/3\/2023\/08\/logo-epinalinfos.svg\",\"width\":1,\"height\":1,\"caption\":\"Epinal Info\"},\"image\":{\"@id\":\"https:\/\/vosgesinfo.fr\/epinalinfo\/#\/schema\/logo\/image\/\"},\"sameAs\":[\"https:\/\/www.facebook.com\/Epinalinfos\",\"https:\/\/x.com\/VosgesInfo88\",\"https:\/\/www.youtube.com\/@vosgesinfo\"]},{\"@type\":\"Person\",\"@id\":\"https:\/\/vosgesinfo.fr\/epinalinfo\/#\/schema\/person\/6f9a650eeea99d969b6c4ab78fccbe81\",\"name\":\"C.K.\",\"image\":{\"@type\":\"ImageObject\",\"inLanguage\":\"fr-FR\",\"@id\":\"https:\/\/vosgesinfo.fr\/epinalinfo\/#\/schema\/person\/image\/\",\"url\":\"https:\/\/secure.gravatar.com\/avatar\/48e3fc7f8421ba8942be6b74a2b7f014ca39bc00dece156b7a8e098ae7dc87bf?s=96&d=mm&r=g\",\"contentUrl\":\"https:\/\/secure.gravatar.com\/avatar\/48e3fc7f8421ba8942be6b74a2b7f014ca39bc00dece156b7a8e098ae7dc87bf?s=96&d=mm&r=g\",\"caption\":\"C.K.\"},\"url\":\"https:\/\/vosgesinfo.fr\/epinalinfo\/author\/celia-k-n\/\"}]}<\/script>\n<!-- \/ Yoast SEO plugin. -->","yoast_head_json":{"title":"Film Fantastique de G\u00e9rardmer : le Jury Jeunes remet son prix \u00e0 \"The autopsy of Jane Doe\" - Epinal Info","robots":{"index":"index","follow":"follow","max-snippet":"max-snippet:-1","max-image-preview":"max-image-preview:large","max-video-preview":"max-video-preview:-1"},"canonical":"https:\/\/vosgesinfo.fr\/epinalinfo\/2017\/01\/film-film-fantastique-de-gerardmer-jury-jeunes-remet-prix-a-the-autopsy-of-jane-doe\/","twitter_card":"summary_large_image","twitter_title":"Film Fantastique de G\u00e9rardmer : le Jury Jeunes remet son prix \u00e0 \"The autopsy of Jane Doe\" - Epinal Info","twitter_description":"Le Jury Jeunes de la R\u00e9gion Grand Est, pr\u00e9sid\u00e9 par Jessica Ravuz, du lyc\u00e9e Georges Cl\u00e9menceau de Reims, a d\u00e9cern\u00e9, [&hellip;]","twitter_image":"https:\/\/vosgesinfo.fr\/app\/uploads\/sites\/3\/2023\/09\/sans-titre9.jpg","twitter_creator":"@VosgesInfo88","twitter_site":"@VosgesInfo88","twitter_misc":{"\u00c9crit par":"C.K.","Dur\u00e9e de lecture estim\u00e9e":"2 minutes"},"schema":{"@context":"https:\/\/schema.org","@graph":[{"@type":"Article","@id":"https:\/\/vosgesinfo.fr\/epinalinfo\/2017\/01\/film-film-fantastique-de-gerardmer-jury-jeunes-remet-prix-a-the-autopsy-of-jane-doe\/#article","isPartOf":{"@id":"https:\/\/vosgesinfo.fr\/epinalinfo\/2017\/01\/film-film-fantastique-de-gerardmer-jury-jeunes-remet-prix-a-the-autopsy-of-jane-doe\/"},"author":{"name":"C.K.","@id":"https:\/\/vosgesinfo.fr\/epinalinfo\/#\/schema\/person\/6f9a650eeea99d969b6c4ab78fccbe81"},"headline":"Film Fantastique de G\u00e9rardmer : le Jury Jeunes remet son prix \u00e0 \u00ab\u00a0The autopsy of Jane Doe\u00a0\u00bb","datePublished":"2017-01-30T06:53:27+00:00","dateModified":"2017-01-30T06:53:27+00:00","mainEntityOfPage":{"@id":"https:\/\/vosgesinfo.fr\/epinalinfo\/2017\/01\/film-film-fantastique-de-gerardmer-jury-jeunes-remet-prix-a-the-autopsy-of-jane-doe\/"},"wordCount":399,"commentCount":0,"publisher":{"@id":"https:\/\/vosgesinfo.fr\/epinalinfo\/#organization"},"image":{"@id":"https:\/\/vosgesinfo.fr\/epinalinfo\/2017\/01\/film-film-fantastique-de-gerardmer-jury-jeunes-remet-prix-a-the-autopsy-of-jane-doe\/#primaryimage"},"thumbnailUrl":"https:\/\/vosgesinfo.fr\/app\/uploads\/sites\/3\/2023\/09\/sans-titre9.jpg","articleSection":["Divertissement","Vosges"],"inLanguage":"fr-FR","potentialAction":[{"@type":"CommentAction","name":"Comment","target":["https:\/\/vosgesinfo.fr\/epinalinfo\/2017\/01\/film-film-fantastique-de-gerardmer-jury-jeunes-remet-prix-a-the-autopsy-of-jane-doe\/#respond"]}]},{"@type":"WebPage","@id":"https:\/\/vosgesinfo.fr\/epinalinfo\/2017\/01\/film-film-fantastique-de-gerardmer-jury-jeunes-remet-prix-a-the-autopsy-of-jane-doe\/","url":"https:\/\/vosgesinfo.fr\/epinalinfo\/2017\/01\/film-film-fantastique-de-gerardmer-jury-jeunes-remet-prix-a-the-autopsy-of-jane-doe\/","name":"Film Fantastique de G\u00e9rardmer : le Jury Jeunes remet son prix \u00e0 \"The autopsy of Jane Doe\" - Epinal Info","isPartOf":{"@id":"https:\/\/vosgesinfo.fr\/epinalinfo\/#website"},"primaryImageOfPage":{"@id":"https:\/\/vosgesinfo.fr\/epinalinfo\/2017\/01\/film-film-fantastique-de-gerardmer-jury-jeunes-remet-prix-a-the-autopsy-of-jane-doe\/#primaryimage"},"image":{"@id":"https:\/\/vosgesinfo.fr\/epinalinfo\/2017\/01\/film-film-fantastique-de-gerardmer-jury-jeunes-remet-prix-a-the-autopsy-of-jane-doe\/#primaryimage"},"thumbnailUrl":"https:\/\/vosgesinfo.fr\/app\/uploads\/sites\/3\/2023\/09\/sans-titre9.jpg","datePublished":"2017-01-30T06:53:27+00:00","dateModified":"2017-01-30T06:53:27+00:00","breadcrumb":{"@id":"https:\/\/vosgesinfo.fr\/epinalinfo\/2017\/01\/film-film-fantastique-de-gerardmer-jury-jeunes-remet-prix-a-the-autopsy-of-jane-doe\/#breadcrumb"},"inLanguage":"fr-FR","potentialAction":[{"@type":"ReadAction","target":["https:\/\/vosgesinfo.fr\/epinalinfo\/2017\/01\/film-film-fantastique-de-gerardmer-jury-jeunes-remet-prix-a-the-autopsy-of-jane-doe\/"]}]},{"@type":"ImageObject","inLanguage":"fr-FR","@id":"https:\/\/vosgesinfo.fr\/epinalinfo\/2017\/01\/film-film-fantastique-de-gerardmer-jury-jeunes-remet-prix-a-the-autopsy-of-jane-doe\/#primaryimage","url":"https:\/\/vosgesinfo.fr\/app\/uploads\/sites\/3\/2023\/09\/sans-titre9.jpg","contentUrl":"https:\/\/vosgesinfo.fr\/app\/uploads\/sites\/3\/2023\/09\/sans-titre9.jpg","width":764,"height":457},{"@type":"BreadcrumbList","@id":"https:\/\/vosgesinfo.fr\/epinalinfo\/2017\/01\/film-film-fantastique-de-gerardmer-jury-jeunes-remet-prix-a-the-autopsy-of-jane-doe\/#breadcrumb","itemListElement":[{"@type":"ListItem","position":1,"name":"Home","item":"https:\/\/vosgesinfo.fr\/epinalinfo\/"},{"@type":"ListItem","position":2,"name":"Film Fantastique de G\u00e9rardmer : le Jury Jeunes remet son prix \u00e0 \u00ab\u00a0The autopsy of Jane Doe\u00a0\u00bb"}]},{"@type":"WebSite","@id":"https:\/\/vosgesinfo.fr\/epinalinfo\/#website","url":"https:\/\/vosgesinfo.fr\/epinalinfo\/","name":"Epinal Info","description":"Toute l&#039;actualit\u00e9 d&#039;\u00c9pinal","publisher":{"@id":"https:\/\/vosgesinfo.fr\/epinalinfo\/#organization"},"alternateName":"Toute l'actualit\u00e9 d'\u00c9pinal","potentialAction":[{"@type":"SearchAction","target":{"@type":"EntryPoint","urlTemplate":"https:\/\/vosgesinfo.fr\/epinalinfo\/?s={search_term_string}"},"query-input":"required name=search_term_string"}],"inLanguage":"fr-FR"},{"@type":"Organization","@id":"https:\/\/vosgesinfo.fr\/epinalinfo\/#organization","name":"Epinal Info","url":"https:\/\/vosgesinfo.fr\/epinalinfo\/","logo":{"@type":"ImageObject","inLanguage":"fr-FR","@id":"https:\/\/vosgesinfo.fr\/epinalinfo\/#\/schema\/logo\/image\/","url":"https:\/\/vosgesinfo.fr\/app\/uploads\/sites\/3\/2023\/08\/logo-epinalinfos.svg","contentUrl":"https:\/\/vosgesinfo.fr\/app\/uploads\/sites\/3\/2023\/08\/logo-epinalinfos.svg","width":1,"height":1,"caption":"Epinal Info"},"image":{"@id":"https:\/\/vosgesinfo.fr\/epinalinfo\/#\/schema\/logo\/image\/"},"sameAs":["https:\/\/www.facebook.com\/Epinalinfos","https:\/\/x.com\/VosgesInfo88","https:\/\/www.youtube.com\/@vosgesinfo"]},{"@type":"Person","@id":"https:\/\/vosgesinfo.fr\/epinalinfo\/#\/schema\/person\/6f9a650eeea99d969b6c4ab78fccbe81","name":"C.K.","image":{"@type":"ImageObject","inLanguage":"fr-FR","@id":"https:\/\/vosgesinfo.fr\/epinalinfo\/#\/schema\/person\/image\/","url":"https:\/\/secure.gravatar.com\/avatar\/48e3fc7f8421ba8942be6b74a2b7f014ca39bc00dece156b7a8e098ae7dc87bf?s=96&d=mm&r=g","contentUrl":"https:\/\/secure.gravatar.com\/avatar\/48e3fc7f8421ba8942be6b74a2b7f014ca39bc00dece156b7a8e098ae7dc87bf?s=96&d=mm&r=g","caption":"C.K."},"url":"https:\/\/vosgesinfo.fr\/epinalinfo\/author\/celia-k-n\/"}]}},"_links":{"self":[{"href":"https:\/\/vosgesinfo.fr\/epinalinfo\/wp-json\/wp\/v2\/posts\/69500","targetHints":{"allow":["GET"]}}],"collection":[{"href":"https:\/\/vosgesinfo.fr\/epinalinfo\/wp-json\/wp\/v2\/posts"}],"about":[{"href":"https:\/\/vosgesinfo.fr\/epinalinfo\/wp-json\/wp\/v2\/types\/post"}],"author":[{"embeddable":true,"href":"https:\/\/vosgesinfo.fr\/epinalinfo\/wp-json\/wp\/v2\/users\/52"}],"replies":[{"embeddable":true,"href":"https:\/\/vosgesinfo.fr\/epinalinfo\/wp-json\/wp\/v2\/comments?post=69500"}],"version-history":[{"count":0,"href":"https:\/\/vosgesinfo.fr\/epinalinfo\/wp-json\/wp\/v2\/posts\/69500\/revisions"}],"wp:featuredmedia":[{"embeddable":true,"href":"https:\/\/vosgesinfo.fr\/epinalinfo\/wp-json\/wp\/v2\/media\/1241"}],"wp:attachment":[{"href":"https:\/\/vosgesinfo.fr\/epinalinfo\/wp-json\/wp\/v2\/media?parent=69500"}],"wp:term":[{"taxonomy":"category","embeddable":true,"href":"https:\/\/vosgesinfo.fr\/epinalinfo\/wp-json\/wp\/v2\/categories?post=69500"},{"taxonomy":"post_tag","embeddable":true,"href":"https:\/\/vosgesinfo.fr\/epinalinfo\/wp-json\/wp\/v2\/tags?post=69500"}],"curies":[{"name":"wp","href":"https:\/\/api.w.org\/{rel}","templated":true}]}}