{"id":69501,"date":"2017-01-30T17:39:41","date_gmt":"2017-01-30T16:39:41","guid":{"rendered":"https:\/\/vosgesinfo.fr\/epinalinfo\/2017\/01\/vosgien-jette-64-kg-de-dechets-organiques-pourraient-etre-recycles-ans\/"},"modified":"2017-01-30T17:39:41","modified_gmt":"2017-01-30T16:39:41","slug":"vosgien-jette-64-kg-de-dechets-organiques-pourraient-etre-recycles-ans","status":"publish","type":"post","link":"https:\/\/vosgesinfo.fr\/epinalinfo\/2017\/01\/vosgien-jette-64-kg-de-dechets-organiques-pourraient-etre-recycles-ans\/","title":{"rendered":"Un Vosgien jette 64 kg de d\u00e9chets organiques qui pourraient \u00eatre recycl\u00e9s tous les ans !"},"content":{"rendered":"<div id=\"attachment_108212\" style=\"width: 810px\" class=\"wp-caption aligncenter\"><a href=\"http:\/\/epinalinfos.fr\/2017\/01\/vosgien-jette-64-kg-de-dechets-organiques-pourraient-etre-recycles-ans\/p1250750\/\" rel=\"attachment wp-att-108212\"><img decoding=\"async\" aria-describedby=\"caption-attachment-108212\" class=\"size-full wp-image-108212\" src=\"\/2017\/01\/P1250750.jpg\" alt=\"Beno\u00eet Jourdain, pr\u00e9sident du Smd\" width=\"800\" height=\"600\" \/><\/a><p id=\"caption-attachment-108212\" class=\"wp-caption-text\">Beno\u00eet Jourdain, pr\u00e9sident du Smd<\/p><\/div>\n<h4><em>\u00ab\u00a02017 a \u00e9t\u00e9 une ann\u00e9e charni\u00e8re pour le Smd\u00a0!\u00a0\u00bb<\/em> annonce le pr\u00e9sident du Smd, Beno\u00eet Jourdain. La premi\u00e8re c\u00e9r\u00e9monie des v\u0153ux du Syndicat mixte pour la gestion des d\u00e9chets m\u00e9nagers et assimil\u00e9s des Vosges (Smd) a eu lieu vendredi dernier \u00e0 la Maison du peuple de Rambervillers.<\/h4>\n<p><a href=\"http:\/\/epinalinfos.fr\/2017\/01\/vosgien-jette-64-kg-de-dechets-organiques-pourraient-etre-recycles-ans\/p1250744\/\" rel=\"attachment wp-att-108213\"><img decoding=\"async\" class=\" wp-image-108213 alignright\" src=\"\/2017\/01\/P1250744.jpg\" alt=\"P1250744\" width=\"560\" height=\"420\" \/><\/a>Une modification des statuts a en effet eu lieu r\u00e9cemment. Suite \u00e0 la loi Notre et au sch\u00e9ma de coop\u00e9ration intercommunal, le Smd qui avait 21 adh\u00e9rents il y a encore un mois n\u2019en a plus que 9 aujourd\u2019hui. <em>\u00ab\u00a0C\u2019est un plus pour nous. On est face \u00e0 des intercommunalit\u00e9s plus structur\u00e9es avec d\u2019avantage de moyens\u00a0\u00bb<\/em> commente le pr\u00e9sident du Smd, Beno\u00eet Jourdain qui est aussi revenu sur les r\u00e9flexions men\u00e9es sur le devenir de l\u2019usine d\u2019incin\u00e9ration et sur le centre de tri des recyclables d\u2019Epinal. <em>\u00ab\u00a0On va avoir \u00e0 prendre des d\u00e9cisions cette ann\u00e9e qui vont engager le syndicat pour les ann\u00e9es \u00e0 venir.\u00a0\u00bb<\/em> poursuit le pr\u00e9sident.<\/p>\n<h3>Baisse de 3% des ordures m\u00e9nag\u00e8res<\/h3>\n<p>En mati\u00e8re de recyclage le Smd a atteint les objectifs du Grenelle de l\u2019environnement de 75% de recyclage. <em>\u00ab\u00a0C\u2019est un objectif que peu de d\u00e9partements ont atteint.\u00a0\u00bb<\/em> note Beno\u00eet Jourdain. Depuis 2008, le d\u00e9partement affiche une baisse continue des ordures m\u00e9nag\u00e8res. <em>\u00ab\u00a0On a baiss\u00e9 de 3% la production des ordures m\u00e9nag\u00e8res depuis 2008\u00a0et on est pass\u00e9 sous le seuil symbolique des 100\u00a0000 tonnes\u00a0\u00e0 g\u00e9rer\u00a0\u00bb<\/em> atteste le pr\u00e9sident. Ces d\u00e9chets sont valoris\u00e9s \u00e9nerg\u00e9tiquement et valoris\u00e9s principalement sur l\u2019usine de Rambervillers. L\u2019objectif\u00a0: \u00eatre rapidement un d\u00e9partement z\u00e9ro d\u00e9chet enfoui.<\/p>\n<p>De nombreux chantiers devraient voir le jour prochainement comme la gestion des d\u00e9chets compos\u00e9s exclusivement de mati\u00e8res organiques biod\u00e9gradables. <em>\u00ab\u00a0On analyse ce qu\u2019il reste dans les poubelles pour mettre en place des actions pour avoir une gestion plus vertueuse\u00a0\u00bb<\/em> commente Beno\u00eet Jourdain. Il reste encore 64 kg de d\u00e9chets organiques biod\u00e9gradables par an et par habitant dans les poubelles des vosgiens.<\/p>\n<p>C.K.N.<\/p>\n","protected":false},"excerpt":{"rendered":"<p>\u00ab\u00a02017 a \u00e9t\u00e9 une ann\u00e9e charni\u00e8re pour le Smd\u00a0!\u00a0\u00bb annonce le pr\u00e9sident du Smd, Beno\u00eet Jourdain. La premi\u00e8re c\u00e9r\u00e9monie des [&hellip;]<\/p>\n","protected":false},"author":52,"featured_media":69502,"comment_status":"open","ping_status":"open","sticky":false,"template":"","format":"standard","meta":{"footnotes":""},"categories":[22,16,5],"tags":[],"class_list":["post-69501","post","type-post","status-publish","format-standard","has-post-thumbnail","hentry","category-a-la-une","category-environnement","category-vosges"],"acf":[],"yoast_head":"<!-- This site is optimized with the Yoast SEO plugin v22.5 - https:\/\/yoast.com\/wordpress\/plugins\/seo\/ -->\n<title>Un Vosgien jette 64 kg de d\u00e9chets organiques qui pourraient \u00eatre recycl\u00e9s tous les ans ! - Epinal Info<\/title>\n<meta name=\"robots\" content=\"index, follow, max-snippet:-1, max-image-preview:large, max-video-preview:-1\" \/>\n<link rel=\"canonical\" href=\"https:\/\/vosgesinfo.fr\/epinalinfo\/2017\/01\/vosgien-jette-64-kg-de-dechets-organiques-pourraient-etre-recycles-ans\/\" \/>\n<meta name=\"twitter:card\" content=\"summary_large_image\" \/>\n<meta name=\"twitter:title\" content=\"Un Vosgien jette 64 kg de d\u00e9chets organiques qui pourraient \u00eatre recycl\u00e9s tous les ans ! - Epinal Info\" \/>\n<meta name=\"twitter:description\" content=\"\u00ab\u00a02017 a \u00e9t\u00e9 une ann\u00e9e charni\u00e8re pour le Smd\u00a0!\u00a0\u00bb annonce le pr\u00e9sident du Smd, Beno\u00eet Jourdain. La premi\u00e8re c\u00e9r\u00e9monie des [&hellip;]\" \/>\n<meta name=\"twitter:image\" content=\"https:\/\/vosgesinfo.fr\/app\/uploads\/sites\/3\/2024\/08\/201701p1250750.jpg\" \/>\n<meta name=\"twitter:creator\" content=\"@VosgesInfo88\" \/>\n<meta name=\"twitter:site\" content=\"@VosgesInfo88\" \/>\n<meta name=\"twitter:label1\" content=\"\u00c9crit par\" \/>\n\t<meta name=\"twitter:data1\" content=\"C.K.\" \/>\n\t<meta name=\"twitter:label2\" content=\"Dur\u00e9e de lecture estim\u00e9e\" \/>\n\t<meta name=\"twitter:data2\" content=\"2 minutes\" \/>\n<script type=\"application\/ld+json\" class=\"yoast-schema-graph\">{\"@context\":\"https:\/\/schema.org\",\"@graph\":[{\"@type\":\"Article\",\"@id\":\"https:\/\/vosgesinfo.fr\/epinalinfo\/2017\/01\/vosgien-jette-64-kg-de-dechets-organiques-pourraient-etre-recycles-ans\/#article\",\"isPartOf\":{\"@id\":\"https:\/\/vosgesinfo.fr\/epinalinfo\/2017\/01\/vosgien-jette-64-kg-de-dechets-organiques-pourraient-etre-recycles-ans\/\"},\"author\":{\"name\":\"C.K.\",\"@id\":\"https:\/\/vosgesinfo.fr\/epinalinfo\/#\/schema\/person\/6f9a650eeea99d969b6c4ab78fccbe81\"},\"headline\":\"Un Vosgien jette 64 kg de d\u00e9chets organiques qui pourraient \u00eatre recycl\u00e9s tous les ans !\",\"datePublished\":\"2017-01-30T16:39:41+00:00\",\"dateModified\":\"2017-01-30T16:39:41+00:00\",\"mainEntityOfPage\":{\"@id\":\"https:\/\/vosgesinfo.fr\/epinalinfo\/2017\/01\/vosgien-jette-64-kg-de-dechets-organiques-pourraient-etre-recycles-ans\/\"},\"wordCount\":392,\"commentCount\":0,\"publisher\":{\"@id\":\"https:\/\/vosgesinfo.fr\/epinalinfo\/#organization\"},\"image\":{\"@id\":\"https:\/\/vosgesinfo.fr\/epinalinfo\/2017\/01\/vosgien-jette-64-kg-de-dechets-organiques-pourraient-etre-recycles-ans\/#primaryimage\"},\"thumbnailUrl\":\"https:\/\/vosgesinfo.fr\/app\/uploads\/sites\/3\/2024\/08\/201701p1250750.jpg\",\"articleSection\":[\"A la Une\",\"Environnement\",\"Vosges\"],\"inLanguage\":\"fr-FR\",\"potentialAction\":[{\"@type\":\"CommentAction\",\"name\":\"Comment\",\"target\":[\"https:\/\/vosgesinfo.fr\/epinalinfo\/2017\/01\/vosgien-jette-64-kg-de-dechets-organiques-pourraient-etre-recycles-ans\/#respond\"]}]},{\"@type\":\"WebPage\",\"@id\":\"https:\/\/vosgesinfo.fr\/epinalinfo\/2017\/01\/vosgien-jette-64-kg-de-dechets-organiques-pourraient-etre-recycles-ans\/\",\"url\":\"https:\/\/vosgesinfo.fr\/epinalinfo\/2017\/01\/vosgien-jette-64-kg-de-dechets-organiques-pourraient-etre-recycles-ans\/\",\"name\":\"Un Vosgien jette 64 kg de d\u00e9chets organiques qui pourraient \u00eatre recycl\u00e9s tous les ans ! - Epinal Info\",\"isPartOf\":{\"@id\":\"https:\/\/vosgesinfo.fr\/epinalinfo\/#website\"},\"primaryImageOfPage\":{\"@id\":\"https:\/\/vosgesinfo.fr\/epinalinfo\/2017\/01\/vosgien-jette-64-kg-de-dechets-organiques-pourraient-etre-recycles-ans\/#primaryimage\"},\"image\":{\"@id\":\"https:\/\/vosgesinfo.fr\/epinalinfo\/2017\/01\/vosgien-jette-64-kg-de-dechets-organiques-pourraient-etre-recycles-ans\/#primaryimage\"},\"thumbnailUrl\":\"https:\/\/vosgesinfo.fr\/app\/uploads\/sites\/3\/2024\/08\/201701p1250750.jpg\",\"datePublished\":\"2017-01-30T16:39:41+00:00\",\"dateModified\":\"2017-01-30T16:39:41+00:00\",\"breadcrumb\":{\"@id\":\"https:\/\/vosgesinfo.fr\/epinalinfo\/2017\/01\/vosgien-jette-64-kg-de-dechets-organiques-pourraient-etre-recycles-ans\/#breadcrumb\"},\"inLanguage\":\"fr-FR\",\"potentialAction\":[{\"@type\":\"ReadAction\",\"target\":[\"https:\/\/vosgesinfo.fr\/epinalinfo\/2017\/01\/vosgien-jette-64-kg-de-dechets-organiques-pourraient-etre-recycles-ans\/\"]}]},{\"@type\":\"ImageObject\",\"inLanguage\":\"fr-FR\",\"@id\":\"https:\/\/vosgesinfo.fr\/epinalinfo\/2017\/01\/vosgien-jette-64-kg-de-dechets-organiques-pourraient-etre-recycles-ans\/#primaryimage\",\"url\":\"https:\/\/vosgesinfo.fr\/app\/uploads\/sites\/3\/2024\/08\/201701p1250750.jpg\",\"contentUrl\":\"https:\/\/vosgesinfo.fr\/app\/uploads\/sites\/3\/2024\/08\/201701p1250750.jpg\",\"width\":800,\"height\":600},{\"@type\":\"BreadcrumbList\",\"@id\":\"https:\/\/vosgesinfo.fr\/epinalinfo\/2017\/01\/vosgien-jette-64-kg-de-dechets-organiques-pourraient-etre-recycles-ans\/#breadcrumb\",\"itemListElement\":[{\"@type\":\"ListItem\",\"position\":1,\"name\":\"Home\",\"item\":\"https:\/\/vosgesinfo.fr\/epinalinfo\/\"},{\"@type\":\"ListItem\",\"position\":2,\"name\":\"Un Vosgien jette 64 kg de d\u00e9chets organiques qui pourraient \u00eatre recycl\u00e9s tous les ans !\"}]},{\"@type\":\"WebSite\",\"@id\":\"https:\/\/vosgesinfo.fr\/epinalinfo\/#website\",\"url\":\"https:\/\/vosgesinfo.fr\/epinalinfo\/\",\"name\":\"Epinal Info\",\"description\":\"Toute l&#039;actualit\u00e9 d&#039;\u00c9pinal\",\"publisher\":{\"@id\":\"https:\/\/vosgesinfo.fr\/epinalinfo\/#organization\"},\"alternateName\":\"Toute l'actualit\u00e9 d'\u00c9pinal\",\"potentialAction\":[{\"@type\":\"SearchAction\",\"target\":{\"@type\":\"EntryPoint\",\"urlTemplate\":\"https:\/\/vosgesinfo.fr\/epinalinfo\/?s={search_term_string}\"},\"query-input\":\"required name=search_term_string\"}],\"inLanguage\":\"fr-FR\"},{\"@type\":\"Organization\",\"@id\":\"https:\/\/vosgesinfo.fr\/epinalinfo\/#organization\",\"name\":\"Epinal Info\",\"url\":\"https:\/\/vosgesinfo.fr\/epinalinfo\/\",\"logo\":{\"@type\":\"ImageObject\",\"inLanguage\":\"fr-FR\",\"@id\":\"https:\/\/vosgesinfo.fr\/epinalinfo\/#\/schema\/logo\/image\/\",\"url\":\"https:\/\/vosgesinfo.fr\/app\/uploads\/sites\/3\/2023\/08\/logo-epinalinfos.svg\",\"contentUrl\":\"https:\/\/vosgesinfo.fr\/app\/uploads\/sites\/3\/2023\/08\/logo-epinalinfos.svg\",\"width\":1,\"height\":1,\"caption\":\"Epinal Info\"},\"image\":{\"@id\":\"https:\/\/vosgesinfo.fr\/epinalinfo\/#\/schema\/logo\/image\/\"},\"sameAs\":[\"https:\/\/www.facebook.com\/Epinalinfos\",\"https:\/\/x.com\/VosgesInfo88\",\"https:\/\/www.youtube.com\/@vosgesinfo\"]},{\"@type\":\"Person\",\"@id\":\"https:\/\/vosgesinfo.fr\/epinalinfo\/#\/schema\/person\/6f9a650eeea99d969b6c4ab78fccbe81\",\"name\":\"C.K.\",\"image\":{\"@type\":\"ImageObject\",\"inLanguage\":\"fr-FR\",\"@id\":\"https:\/\/vosgesinfo.fr\/epinalinfo\/#\/schema\/person\/image\/\",\"url\":\"https:\/\/secure.gravatar.com\/avatar\/48e3fc7f8421ba8942be6b74a2b7f014ca39bc00dece156b7a8e098ae7dc87bf?s=96&d=mm&r=g\",\"contentUrl\":\"https:\/\/secure.gravatar.com\/avatar\/48e3fc7f8421ba8942be6b74a2b7f014ca39bc00dece156b7a8e098ae7dc87bf?s=96&d=mm&r=g\",\"caption\":\"C.K.\"},\"url\":\"https:\/\/vosgesinfo.fr\/epinalinfo\/author\/celia-k-n\/\"}]}<\/script>\n<!-- \/ Yoast SEO plugin. -->","yoast_head_json":{"title":"Un Vosgien jette 64 kg de d\u00e9chets organiques qui pourraient \u00eatre recycl\u00e9s tous les ans ! - Epinal Info","robots":{"index":"index","follow":"follow","max-snippet":"max-snippet:-1","max-image-preview":"max-image-preview:large","max-video-preview":"max-video-preview:-1"},"canonical":"https:\/\/vosgesinfo.fr\/epinalinfo\/2017\/01\/vosgien-jette-64-kg-de-dechets-organiques-pourraient-etre-recycles-ans\/","twitter_card":"summary_large_image","twitter_title":"Un Vosgien jette 64 kg de d\u00e9chets organiques qui pourraient \u00eatre recycl\u00e9s tous les ans ! - Epinal Info","twitter_description":"\u00ab\u00a02017 a \u00e9t\u00e9 une ann\u00e9e charni\u00e8re pour le Smd\u00a0!\u00a0\u00bb annonce le pr\u00e9sident du Smd, Beno\u00eet Jourdain. La premi\u00e8re c\u00e9r\u00e9monie des [&hellip;]","twitter_image":"https:\/\/vosgesinfo.fr\/app\/uploads\/sites\/3\/2024\/08\/201701p1250750.jpg","twitter_creator":"@VosgesInfo88","twitter_site":"@VosgesInfo88","twitter_misc":{"\u00c9crit par":"C.K.","Dur\u00e9e de lecture estim\u00e9e":"2 minutes"},"schema":{"@context":"https:\/\/schema.org","@graph":[{"@type":"Article","@id":"https:\/\/vosgesinfo.fr\/epinalinfo\/2017\/01\/vosgien-jette-64-kg-de-dechets-organiques-pourraient-etre-recycles-ans\/#article","isPartOf":{"@id":"https:\/\/vosgesinfo.fr\/epinalinfo\/2017\/01\/vosgien-jette-64-kg-de-dechets-organiques-pourraient-etre-recycles-ans\/"},"author":{"name":"C.K.","@id":"https:\/\/vosgesinfo.fr\/epinalinfo\/#\/schema\/person\/6f9a650eeea99d969b6c4ab78fccbe81"},"headline":"Un Vosgien jette 64 kg de d\u00e9chets organiques qui pourraient \u00eatre recycl\u00e9s tous les ans !","datePublished":"2017-01-30T16:39:41+00:00","dateModified":"2017-01-30T16:39:41+00:00","mainEntityOfPage":{"@id":"https:\/\/vosgesinfo.fr\/epinalinfo\/2017\/01\/vosgien-jette-64-kg-de-dechets-organiques-pourraient-etre-recycles-ans\/"},"wordCount":392,"commentCount":0,"publisher":{"@id":"https:\/\/vosgesinfo.fr\/epinalinfo\/#organization"},"image":{"@id":"https:\/\/vosgesinfo.fr\/epinalinfo\/2017\/01\/vosgien-jette-64-kg-de-dechets-organiques-pourraient-etre-recycles-ans\/#primaryimage"},"thumbnailUrl":"https:\/\/vosgesinfo.fr\/app\/uploads\/sites\/3\/2024\/08\/201701p1250750.jpg","articleSection":["A la Une","Environnement","Vosges"],"inLanguage":"fr-FR","potentialAction":[{"@type":"CommentAction","name":"Comment","target":["https:\/\/vosgesinfo.fr\/epinalinfo\/2017\/01\/vosgien-jette-64-kg-de-dechets-organiques-pourraient-etre-recycles-ans\/#respond"]}]},{"@type":"WebPage","@id":"https:\/\/vosgesinfo.fr\/epinalinfo\/2017\/01\/vosgien-jette-64-kg-de-dechets-organiques-pourraient-etre-recycles-ans\/","url":"https:\/\/vosgesinfo.fr\/epinalinfo\/2017\/01\/vosgien-jette-64-kg-de-dechets-organiques-pourraient-etre-recycles-ans\/","name":"Un Vosgien jette 64 kg de d\u00e9chets organiques qui pourraient \u00eatre recycl\u00e9s tous les ans ! - Epinal Info","isPartOf":{"@id":"https:\/\/vosgesinfo.fr\/epinalinfo\/#website"},"primaryImageOfPage":{"@id":"https:\/\/vosgesinfo.fr\/epinalinfo\/2017\/01\/vosgien-jette-64-kg-de-dechets-organiques-pourraient-etre-recycles-ans\/#primaryimage"},"image":{"@id":"https:\/\/vosgesinfo.fr\/epinalinfo\/2017\/01\/vosgien-jette-64-kg-de-dechets-organiques-pourraient-etre-recycles-ans\/#primaryimage"},"thumbnailUrl":"https:\/\/vosgesinfo.fr\/app\/uploads\/sites\/3\/2024\/08\/201701p1250750.jpg","datePublished":"2017-01-30T16:39:41+00:00","dateModified":"2017-01-30T16:39:41+00:00","breadcrumb":{"@id":"https:\/\/vosgesinfo.fr\/epinalinfo\/2017\/01\/vosgien-jette-64-kg-de-dechets-organiques-pourraient-etre-recycles-ans\/#breadcrumb"},"inLanguage":"fr-FR","potentialAction":[{"@type":"ReadAction","target":["https:\/\/vosgesinfo.fr\/epinalinfo\/2017\/01\/vosgien-jette-64-kg-de-dechets-organiques-pourraient-etre-recycles-ans\/"]}]},{"@type":"ImageObject","inLanguage":"fr-FR","@id":"https:\/\/vosgesinfo.fr\/epinalinfo\/2017\/01\/vosgien-jette-64-kg-de-dechets-organiques-pourraient-etre-recycles-ans\/#primaryimage","url":"https:\/\/vosgesinfo.fr\/app\/uploads\/sites\/3\/2024\/08\/201701p1250750.jpg","contentUrl":"https:\/\/vosgesinfo.fr\/app\/uploads\/sites\/3\/2024\/08\/201701p1250750.jpg","width":800,"height":600},{"@type":"BreadcrumbList","@id":"https:\/\/vosgesinfo.fr\/epinalinfo\/2017\/01\/vosgien-jette-64-kg-de-dechets-organiques-pourraient-etre-recycles-ans\/#breadcrumb","itemListElement":[{"@type":"ListItem","position":1,"name":"Home","item":"https:\/\/vosgesinfo.fr\/epinalinfo\/"},{"@type":"ListItem","position":2,"name":"Un Vosgien jette 64 kg de d\u00e9chets organiques qui pourraient \u00eatre recycl\u00e9s tous les ans !"}]},{"@type":"WebSite","@id":"https:\/\/vosgesinfo.fr\/epinalinfo\/#website","url":"https:\/\/vosgesinfo.fr\/epinalinfo\/","name":"Epinal Info","description":"Toute l&#039;actualit\u00e9 d&#039;\u00c9pinal","publisher":{"@id":"https:\/\/vosgesinfo.fr\/epinalinfo\/#organization"},"alternateName":"Toute l'actualit\u00e9 d'\u00c9pinal","potentialAction":[{"@type":"SearchAction","target":{"@type":"EntryPoint","urlTemplate":"https:\/\/vosgesinfo.fr\/epinalinfo\/?s={search_term_string}"},"query-input":"required name=search_term_string"}],"inLanguage":"fr-FR"},{"@type":"Organization","@id":"https:\/\/vosgesinfo.fr\/epinalinfo\/#organization","name":"Epinal Info","url":"https:\/\/vosgesinfo.fr\/epinalinfo\/","logo":{"@type":"ImageObject","inLanguage":"fr-FR","@id":"https:\/\/vosgesinfo.fr\/epinalinfo\/#\/schema\/logo\/image\/","url":"https:\/\/vosgesinfo.fr\/app\/uploads\/sites\/3\/2023\/08\/logo-epinalinfos.svg","contentUrl":"https:\/\/vosgesinfo.fr\/app\/uploads\/sites\/3\/2023\/08\/logo-epinalinfos.svg","width":1,"height":1,"caption":"Epinal Info"},"image":{"@id":"https:\/\/vosgesinfo.fr\/epinalinfo\/#\/schema\/logo\/image\/"},"sameAs":["https:\/\/www.facebook.com\/Epinalinfos","https:\/\/x.com\/VosgesInfo88","https:\/\/www.youtube.com\/@vosgesinfo"]},{"@type":"Person","@id":"https:\/\/vosgesinfo.fr\/epinalinfo\/#\/schema\/person\/6f9a650eeea99d969b6c4ab78fccbe81","name":"C.K.","image":{"@type":"ImageObject","inLanguage":"fr-FR","@id":"https:\/\/vosgesinfo.fr\/epinalinfo\/#\/schema\/person\/image\/","url":"https:\/\/secure.gravatar.com\/avatar\/48e3fc7f8421ba8942be6b74a2b7f014ca39bc00dece156b7a8e098ae7dc87bf?s=96&d=mm&r=g","contentUrl":"https:\/\/secure.gravatar.com\/avatar\/48e3fc7f8421ba8942be6b74a2b7f014ca39bc00dece156b7a8e098ae7dc87bf?s=96&d=mm&r=g","caption":"C.K."},"url":"https:\/\/vosgesinfo.fr\/epinalinfo\/author\/celia-k-n\/"}]}},"_links":{"self":[{"href":"https:\/\/vosgesinfo.fr\/epinalinfo\/wp-json\/wp\/v2\/posts\/69501","targetHints":{"allow":["GET"]}}],"collection":[{"href":"https:\/\/vosgesinfo.fr\/epinalinfo\/wp-json\/wp\/v2\/posts"}],"about":[{"href":"https:\/\/vosgesinfo.fr\/epinalinfo\/wp-json\/wp\/v2\/types\/post"}],"author":[{"embeddable":true,"href":"https:\/\/vosgesinfo.fr\/epinalinfo\/wp-json\/wp\/v2\/users\/52"}],"replies":[{"embeddable":true,"href":"https:\/\/vosgesinfo.fr\/epinalinfo\/wp-json\/wp\/v2\/comments?post=69501"}],"version-history":[{"count":0,"href":"https:\/\/vosgesinfo.fr\/epinalinfo\/wp-json\/wp\/v2\/posts\/69501\/revisions"}],"wp:featuredmedia":[{"embeddable":true,"href":"https:\/\/vosgesinfo.fr\/epinalinfo\/wp-json\/wp\/v2\/media\/69502"}],"wp:attachment":[{"href":"https:\/\/vosgesinfo.fr\/epinalinfo\/wp-json\/wp\/v2\/media?parent=69501"}],"wp:term":[{"taxonomy":"category","embeddable":true,"href":"https:\/\/vosgesinfo.fr\/epinalinfo\/wp-json\/wp\/v2\/categories?post=69501"},{"taxonomy":"post_tag","embeddable":true,"href":"https:\/\/vosgesinfo.fr\/epinalinfo\/wp-json\/wp\/v2\/tags?post=69501"}],"curies":[{"name":"wp","href":"https:\/\/api.w.org\/{rel}","templated":true}]}}