{"id":69504,"date":"2017-01-31T08:23:17","date_gmt":"2017-01-31T07:23:17","guid":{"rendered":"https:\/\/vosgesinfo.fr\/epinalinfo\/2017\/01\/politique-region-grand-sest-dotee-dun-conseil-consultatif-de-culture\/"},"modified":"2017-01-31T08:23:17","modified_gmt":"2017-01-31T07:23:17","slug":"politique-region-grand-sest-dotee-dun-conseil-consultatif-de-culture","status":"publish","type":"post","link":"https:\/\/vosgesinfo.fr\/epinalinfo\/2017\/01\/politique-region-grand-sest-dotee-dun-conseil-consultatif-de-culture\/","title":{"rendered":"Politique \u2013 La R\u00e9gion Grand Est s\u2019est dot\u00e9e d\u2019un Conseil consultatif de la Culture"},"content":{"rendered":"<div data-editor=\"6tnd2\" data-offset-key=\"af3d-0-0\" data-block=\"true\">\n<div class=\"_1mf _1mj\" data-offset-key=\"af3d-0-0\">\n<h4><span data-offset-key=\"6aha2-0-0\"><span data-text=\"true\"><a href=\"http:\/\/epinalinfos.fr\/2016\/12\/mirecourt-ligne-14-interview-de-philippe-richert-video\/philippe-richert-2\/\" rel=\"attachment wp-att-105064\"><img decoding=\"async\" class=\"aligncenter size-full wp-image-105064\" src=\"\/2016\/12\/Philippe-Richert.jpg\" alt=\"Philippe Richert\" width=\"667\" height=\"393\" \/><\/a>Philippe Richert, Pr\u00e9sident de la R\u00e9gion Grand Est, ancien Ministre, et Pascal Mangin, Conseiller r\u00e9gional, Pr\u00e9sident de la Commission Culture, ont pr\u00e9sent\u00e9 leurs voeux aux acteurs de la culture du Grand Est, au cours d\u2019une c\u00e9r\u00e9monie qui s\u2019est tenue ce lundi 30 janvier, au Centre Pompidou-Metz. En amont de ce temps fort, Philippe Richert et Pascal Mangin, Pr\u00e9sident de la Commission Culture ont pr\u00e9sid\u00e9 \u00e0 l\u2019installation de la premi\u00e8re s\u00e9ance pl\u00e9ni\u00e8re du Conseil consultatif de la culture de la R\u00e9gion Grand Est.<\/span><\/span><\/h4>\n<\/div>\n<\/div>\n<div data-editor=\"6tnd2\" data-offset-key=\"es1gu-0-0\" data-block=\"true\">\n<p class=\"_1mf _1mj\" data-offset-key=\"es1gu-0-0\"><span data-offset-key=\"ab3im-0-0\"><span data-text=\"true\">Institu\u00e9 par une d\u00e9lib\u00e9ration du Conseil r\u00e9gional du 14 octobre 2016, le Conseil consultatif de la culture du Grand Est est compos\u00e9 de 9 coll\u00e8ges, repr\u00e9sentants chacun des secteurs culturels (arts de la sc\u00e8ne, musiques, arts visuels, livre et lecture, patrimoines, cin\u00e9ma-audiovisuel-formation et \u00e9ducation populaire-arts et industries num\u00e9riques-syndicats professionnels). Il rassemble 220 professionnels d\u00e9sign\u00e9s sur la base de propositions exprim\u00e9s par des structures repr\u00e9sentatives.<\/span><\/span><\/p>\n<\/div>\n<div class=\"_1mf _1mj\" data-offset-key=\"f9qlk-0-0\"><span data-offset-key=\"f9qlk-0-0\"><span data-text=\"true\">Depuis novembre 2016, 16 r\u00e9unions se sont d\u00e9j\u00e0 tenues, le plus souvent sous la pr\u00e9sidence de Pascal Mangin. Elles ont rassembl\u00e9, de une \u00e0 trois fois, chacun des 9 coll\u00e8ges qui composent le Conseil consultatif de la culture. Chacun des coll\u00e8ges a d\u00e9j\u00e0 examin\u00e9 et discut\u00e9 une quarantaine des projets de r\u00e8glements d\u2019intervention qui seront adopt\u00e9s dans les mois qui viennent par le Conseil r\u00e9gional et qui organiseront la nouvelle politique culturelle de la r\u00e9gion.<\/span><\/span><\/div>\n<div class=\"_1mf _1mj\" data-offset-key=\"f843s-0-0\"><span data-offset-key=\"f843s-0-0\"><span data-text=\"true\">Lors de cette premi\u00e8re s\u00e9ance pl\u00e9ni\u00e8re, un certain nombre de chantiers prioritaires ont \u00e9t\u00e9 identifi\u00e9s pour alimenter dans les mois qui viennent les travaux du Conseil consultatif de la culture, notamment l\u2019emploi et la formation dans le secteur culturel, le d\u00e9veloppement de la coop\u00e9ration transfrontali\u00e8re, l\u2019accompagnement des dynamiques culturelles dans les territoires ruraux, l\u2019inscription de ce secteur au sch\u00e9ma r\u00e9gional de d\u00e9veloppement \u00e9conomique, d\u2019innovation et d\u2019internationalisation (SRDEII).<\/span><\/span><\/div>\n<div class=\"_1mf _1mj\" data-offset-key=\"d5ski-0-0\"><span data-offset-key=\"d5ski-0-0\"><span data-text=\"true\">Le Pr\u00e9sident de R\u00e9gion a par ailleurs annonc\u00e9 lors de cette s\u00e9ance, que des repr\u00e9sentants du Conseil consultatif de la culture seraient associ\u00e9s aux travaux de la Conf\u00e9rence territoriale de l\u2019action publique du Grand Est quand celle-ci sera amen\u00e9e \u00e0 d\u00e9battre des enjeux de politique culturelle.<\/span><\/span><\/div>\n<div class=\"_1mf _1mj\" data-offset-key=\"3r9n2-0-0\"><span data-offset-key=\"3r9n2-0-0\"><span data-text=\"true\">Le Conseil consultatif de la culture est donc une structure innovante de dialogue et de concertation entre le Conseil r\u00e9gional et des repr\u00e9sentants habilit\u00e9s du secteur culturel en r\u00e9gion. Cette structure connait peu d\u2019\u00e9quivalent en France. Elle correspond \u00e0 la priorit\u00e9 r\u00e9gionale accord\u00e9e \u00e0 un secteur culturel qui repr\u00e9sente \u00e0 l\u2019\u00e9chelle du Grand Est plus de 35 000 emplois et qui contribue de mani\u00e8re active au d\u00e9veloppement de nos territoires, et \u00e0 leur attractivit\u00e9.<\/span><\/span><\/div>\n<div class=\"_1mf _1mj\" data-offset-key=\"dgs3h-0-0\"><span data-offset-key=\"dgs3h-0-0\"><span data-text=\"true\">Le soutien aux artistes de nos territoires, les moyens accord\u00e9s \u00e0 plus d\u2019une soixantaine de lieux de diffusion de rayonnement national pour co-produire et programmer des spectacles originaux et diversifi\u00e9s, la politique en faveur du patrimoine, illustrent la volont\u00e9 r\u00e9gionale d\u2019assumer pleinement sa responsabilit\u00e9 en mati\u00e8re culturelle. La qualit\u00e9 du dialogue que la collectivit\u00e9 r\u00e9gionale entretient avec les professionnels du secteur est donc une condition indispensable au succ\u00e8s de cette politique.<\/span><\/span><\/div>\n<p data-editor=\"6tnd2\" data-offset-key=\"31o4n-0-0\" data-block=\"true\"><strong><span data-offset-key=\"fe1lg-0-0\"><span data-text=\"true\">DETAILS DE LA COMPOSITION DU CONSEIL CONSULTATIF DE LA CULTURE.<\/span><\/span><\/strong><\/p>\n<div class=\"_1mf _1mj\" data-offset-key=\"6gak6-0-0\"><span data-offset-key=\"6gak6-0-0\"><span data-text=\"true\">1- Le coll\u00e8ge \u00abarts de la sc\u00e8ne\u00bb. Il est compos\u00e9 de 30 membres dont les repr\u00e9sentants des artistes et techniciens, des compagnies ind\u00e9pendantes, des collectifs d\u2019artistes, des sc\u00e8nes labellis\u00e9es par le Minist\u00e8re de la Culture, des festivals et autres lieux de diffusion, et express\u00e9ment un repr\u00e9sentant du Th\u00e9\u00e2tre national de Strasbourg.<\/span><\/span><\/div>\n<div class=\"_1mf _1mj\" data-offset-key=\"1pa24-0-0\"><span data-offset-key=\"1pa24-0-0\"><span data-text=\"true\">2- Le coll\u00e8ge \u00abmusiques\u00bb. Il est compos\u00e9 de 30 membres dont les repr\u00e9sentants d\u2019artistes ou de collectifs d\u2019artistes, des sc\u00e8nes labellis\u00e9es par le Minist\u00e8re de la culture, de festivals de rayonnement national, de centres ressources pour les professionnels de la musique en r\u00e9gion, et express\u00e9ment d\u2019un repr\u00e9sentant de l\u2019Op\u00e9ra national du Rhin et de l\u2019EPCC Metz en Sc\u00e8ne.<\/span><\/span><\/div>\n<div class=\"_1mf _1mj\" data-offset-key=\"epqtk-0-0\"><span data-offset-key=\"epqtk-0-0\"><span data-text=\"true\">3- Le coll\u00e8ge \u00abcin\u00e9ma et audiovisuel\u00bb. Il sera compos\u00e9 d\u2019un maximum 25 membres dont les repr\u00e9sentants d\u2019auteurs r\u00e9alisateurs, de techniciens, de producteurs, d\u2019entreprises du secteur de l\u2019image, d\u2019exploitants ind\u00e9pendants, et de festivals, de t\u00e9l\u00e9visions et de structures d\u2019\u00e9ducation \u00e0 l\u2019image.<\/span><\/span><\/div>\n<div class=\"_1mf _1mj\" data-offset-key=\"cigc8-0-0\"><span data-offset-key=\"cigc8-0-0\"><span data-text=\"true\">4- Le coll\u00e8ge \u00abarts visuels\u00bb. Il est compos\u00e9 de 26 membres dont les repr\u00e9sentants d\u2019artistes et ind\u00e9pendants, des collectifs, associations et r\u00e9seaux, des centres d\u2019art, Fracs, des structures d\u2019exposition, diffusion, production et r\u00e9sidence (dont mus\u00e9es), des \u00e9coles d\u2019art, des galeries et fondations priv\u00e9es, et express\u00e9ment un repr\u00e9sentant du Centre Pompidou-Metz.<\/span><\/span><\/div>\n<div class=\"_1mf _1mj\" data-offset-key=\"en0lm-0-0\"><span data-offset-key=\"en0lm-0-0\"><span data-text=\"true\">5- Le coll\u00e8ge \u00abpatrimoines\u00bb. Il est compos\u00e9 de 29 membres dont les repr\u00e9sentants de Villes et Pays d\u2019art et d\u2019histoire, de mus\u00e9es b\u00e9n\u00e9ficiant du label du Minist\u00e8re de la culture \u00ab Mus\u00e9e de France \u00bb, des m\u00e9tiers d\u2019art, de la Fondation du patrimoine, du r\u00e9seau associatif de d\u00e9fense du patrimoine, des f\u00e9d\u00e9rations des soci\u00e9t\u00e9s d\u2019histoire.<\/span><\/span><\/div>\n<div class=\"_1mf _1mj\" data-offset-key=\"8ktlq-0-0\"><span data-offset-key=\"8ktlq-0-0\"><span data-text=\"true\">6- Le coll\u00e8ge \u00ablivre et lecture\u00bb. Il est compos\u00e9 de 24 membres dont les repr\u00e9sentants d\u2019auteurs \u00e9dit\u00e9s \u00e0 compte d\u2019\u00e9diteurs, de festivals et salons du livre, de centres de ressources, r\u00e9seaux et associations, de libraires et \u00e9diteurs ind\u00e9pendants, de biblioth\u00e8ques et express\u00e9ment d\u2019un repr\u00e9sentant de la Biblioth\u00e8que nationale universitaire.<\/span><\/span><\/div>\n<div class=\"_1mf _1mj\" data-offset-key=\"3orhr-0-0\"><span data-offset-key=\"3orhr-0-0\"><span data-text=\"true\">7- Le coll\u00e8ge \u00abformation initiale-pratiques amateurs et \u00e9ducation populaire\u00bb. Il est compos\u00e9 de 20 membres dont les repr\u00e9sentants des Universit\u00e9s de la R\u00e9gion, des f\u00e9d\u00e9rations de pratiques amateurs, des f\u00e9d\u00e9rations d\u2019\u00e9ducation populaire, des \u00e9coles de formation initiale aux m\u00e9tiers de la culture, et un repr\u00e9sentant du Centre national des arts du cirque et un de l\u2019Institut international de la marionnette.<\/span><\/span><\/div>\n<div class=\"_1mf _1mj\" data-offset-key=\"21nm6-0-0\"><span data-offset-key=\"21nm6-0-0\"><span data-text=\"true\">8- Le coll\u00e8ge \u00abarts et industries num\u00e9riques\u00bb est compos\u00e9 de 10 membres.<\/span><\/span><\/div>\n<div class=\"_1mf _1mj\" data-offset-key=\"gdqr-0-0\"><span data-offset-key=\"gdqr-0-0\"><span data-text=\"true\">9- Le coll\u00e8ge des syndicats est compos\u00e9 des syndicats professionnels qui en expriment la demande au Conseil r\u00e9gional.<\/span><\/span><\/div>\n<div class=\"_1mf _1mj\" data-offset-key=\"a7c0e-0-0\"><\/div>\n<div class=\"_1mf _1mj\" data-offset-key=\"c42tj-0-0\"><\/div>\n<div data-editor=\"6tnd2\" data-offset-key=\"crfk7-0-0\" data-block=\"true\"><\/div>\n","protected":false},"excerpt":{"rendered":"<p>Philippe Richert, Pr\u00e9sident de la R\u00e9gion Grand Est, ancien Ministre, et Pascal Mangin, Conseiller r\u00e9gional, Pr\u00e9sident de la Commission Culture, [&hellip;]<\/p>\n","protected":false},"author":52,"featured_media":69505,"comment_status":"open","ping_status":"open","sticky":false,"template":"","format":"standard","meta":{"footnotes":""},"categories":[22,144],"tags":[],"class_list":["post-69504","post","type-post","status-publish","format-standard","has-post-thumbnail","hentry","category-a-la-une","category-region"],"acf":[],"yoast_head":"<!-- This site is optimized with the Yoast SEO plugin v22.5 - https:\/\/yoast.com\/wordpress\/plugins\/seo\/ -->\n<title>Politique \u2013 La R\u00e9gion Grand Est s\u2019est dot\u00e9e d\u2019un Conseil consultatif de la Culture - Epinal Info<\/title>\n<meta name=\"robots\" content=\"index, follow, max-snippet:-1, max-image-preview:large, max-video-preview:-1\" \/>\n<link rel=\"canonical\" href=\"https:\/\/vosgesinfo.fr\/epinalinfo\/2017\/01\/politique-region-grand-sest-dotee-dun-conseil-consultatif-de-culture\/\" \/>\n<meta name=\"twitter:card\" content=\"summary_large_image\" \/>\n<meta name=\"twitter:title\" content=\"Politique \u2013 La R\u00e9gion Grand Est s\u2019est dot\u00e9e d\u2019un Conseil consultatif de la Culture - Epinal Info\" \/>\n<meta name=\"twitter:description\" content=\"Philippe Richert, Pr\u00e9sident de la R\u00e9gion Grand Est, ancien Ministre, et Pascal Mangin, Conseiller r\u00e9gional, Pr\u00e9sident de la Commission Culture, [&hellip;]\" \/>\n<meta name=\"twitter:image\" content=\"https:\/\/vosgesinfo.fr\/app\/uploads\/sites\/3\/2024\/08\/201612philippe-richert-1.jpg\" \/>\n<meta name=\"twitter:creator\" content=\"@VosgesInfo88\" \/>\n<meta name=\"twitter:site\" content=\"@VosgesInfo88\" \/>\n<meta name=\"twitter:label1\" content=\"\u00c9crit par\" \/>\n\t<meta name=\"twitter:data1\" content=\"C.K.\" \/>\n\t<meta name=\"twitter:label2\" content=\"Dur\u00e9e de lecture estim\u00e9e\" \/>\n\t<meta name=\"twitter:data2\" content=\"5 minutes\" \/>\n<script type=\"application\/ld+json\" class=\"yoast-schema-graph\">{\"@context\":\"https:\/\/schema.org\",\"@graph\":[{\"@type\":\"Article\",\"@id\":\"https:\/\/vosgesinfo.fr\/epinalinfo\/2017\/01\/politique-region-grand-sest-dotee-dun-conseil-consultatif-de-culture\/#article\",\"isPartOf\":{\"@id\":\"https:\/\/vosgesinfo.fr\/epinalinfo\/2017\/01\/politique-region-grand-sest-dotee-dun-conseil-consultatif-de-culture\/\"},\"author\":{\"name\":\"C.K.\",\"@id\":\"https:\/\/vosgesinfo.fr\/epinalinfo\/#\/schema\/person\/6f9a650eeea99d969b6c4ab78fccbe81\"},\"headline\":\"Politique \u2013 La R\u00e9gion Grand Est s\u2019est dot\u00e9e d\u2019un Conseil consultatif de la Culture\",\"datePublished\":\"2017-01-31T07:23:17+00:00\",\"dateModified\":\"2017-01-31T07:23:17+00:00\",\"mainEntityOfPage\":{\"@id\":\"https:\/\/vosgesinfo.fr\/epinalinfo\/2017\/01\/politique-region-grand-sest-dotee-dun-conseil-consultatif-de-culture\/\"},\"wordCount\":1052,\"commentCount\":0,\"publisher\":{\"@id\":\"https:\/\/vosgesinfo.fr\/epinalinfo\/#organization\"},\"image\":{\"@id\":\"https:\/\/vosgesinfo.fr\/epinalinfo\/2017\/01\/politique-region-grand-sest-dotee-dun-conseil-consultatif-de-culture\/#primaryimage\"},\"thumbnailUrl\":\"https:\/\/vosgesinfo.fr\/app\/uploads\/sites\/3\/2024\/08\/201612philippe-richert-1.jpg\",\"articleSection\":[\"A la Une\",\"R\u00e9gion\"],\"inLanguage\":\"fr-FR\",\"potentialAction\":[{\"@type\":\"CommentAction\",\"name\":\"Comment\",\"target\":[\"https:\/\/vosgesinfo.fr\/epinalinfo\/2017\/01\/politique-region-grand-sest-dotee-dun-conseil-consultatif-de-culture\/#respond\"]}]},{\"@type\":\"WebPage\",\"@id\":\"https:\/\/vosgesinfo.fr\/epinalinfo\/2017\/01\/politique-region-grand-sest-dotee-dun-conseil-consultatif-de-culture\/\",\"url\":\"https:\/\/vosgesinfo.fr\/epinalinfo\/2017\/01\/politique-region-grand-sest-dotee-dun-conseil-consultatif-de-culture\/\",\"name\":\"Politique \u2013 La R\u00e9gion Grand Est s\u2019est dot\u00e9e d\u2019un Conseil consultatif de la Culture - Epinal Info\",\"isPartOf\":{\"@id\":\"https:\/\/vosgesinfo.fr\/epinalinfo\/#website\"},\"primaryImageOfPage\":{\"@id\":\"https:\/\/vosgesinfo.fr\/epinalinfo\/2017\/01\/politique-region-grand-sest-dotee-dun-conseil-consultatif-de-culture\/#primaryimage\"},\"image\":{\"@id\":\"https:\/\/vosgesinfo.fr\/epinalinfo\/2017\/01\/politique-region-grand-sest-dotee-dun-conseil-consultatif-de-culture\/#primaryimage\"},\"thumbnailUrl\":\"https:\/\/vosgesinfo.fr\/app\/uploads\/sites\/3\/2024\/08\/201612philippe-richert-1.jpg\",\"datePublished\":\"2017-01-31T07:23:17+00:00\",\"dateModified\":\"2017-01-31T07:23:17+00:00\",\"breadcrumb\":{\"@id\":\"https:\/\/vosgesinfo.fr\/epinalinfo\/2017\/01\/politique-region-grand-sest-dotee-dun-conseil-consultatif-de-culture\/#breadcrumb\"},\"inLanguage\":\"fr-FR\",\"potentialAction\":[{\"@type\":\"ReadAction\",\"target\":[\"https:\/\/vosgesinfo.fr\/epinalinfo\/2017\/01\/politique-region-grand-sest-dotee-dun-conseil-consultatif-de-culture\/\"]}]},{\"@type\":\"ImageObject\",\"inLanguage\":\"fr-FR\",\"@id\":\"https:\/\/vosgesinfo.fr\/epinalinfo\/2017\/01\/politique-region-grand-sest-dotee-dun-conseil-consultatif-de-culture\/#primaryimage\",\"url\":\"https:\/\/vosgesinfo.fr\/app\/uploads\/sites\/3\/2024\/08\/201612philippe-richert-1.jpg\",\"contentUrl\":\"https:\/\/vosgesinfo.fr\/app\/uploads\/sites\/3\/2024\/08\/201612philippe-richert-1.jpg\",\"width\":667,\"height\":393},{\"@type\":\"BreadcrumbList\",\"@id\":\"https:\/\/vosgesinfo.fr\/epinalinfo\/2017\/01\/politique-region-grand-sest-dotee-dun-conseil-consultatif-de-culture\/#breadcrumb\",\"itemListElement\":[{\"@type\":\"ListItem\",\"position\":1,\"name\":\"Home\",\"item\":\"https:\/\/vosgesinfo.fr\/epinalinfo\/\"},{\"@type\":\"ListItem\",\"position\":2,\"name\":\"Politique \u2013 La R\u00e9gion Grand Est s\u2019est dot\u00e9e d\u2019un Conseil consultatif de la Culture\"}]},{\"@type\":\"WebSite\",\"@id\":\"https:\/\/vosgesinfo.fr\/epinalinfo\/#website\",\"url\":\"https:\/\/vosgesinfo.fr\/epinalinfo\/\",\"name\":\"Epinal Info\",\"description\":\"Toute l&#039;actualit\u00e9 d&#039;\u00c9pinal\",\"publisher\":{\"@id\":\"https:\/\/vosgesinfo.fr\/epinalinfo\/#organization\"},\"alternateName\":\"Toute l'actualit\u00e9 d'\u00c9pinal\",\"potentialAction\":[{\"@type\":\"SearchAction\",\"target\":{\"@type\":\"EntryPoint\",\"urlTemplate\":\"https:\/\/vosgesinfo.fr\/epinalinfo\/?s={search_term_string}\"},\"query-input\":\"required name=search_term_string\"}],\"inLanguage\":\"fr-FR\"},{\"@type\":\"Organization\",\"@id\":\"https:\/\/vosgesinfo.fr\/epinalinfo\/#organization\",\"name\":\"Epinal Info\",\"url\":\"https:\/\/vosgesinfo.fr\/epinalinfo\/\",\"logo\":{\"@type\":\"ImageObject\",\"inLanguage\":\"fr-FR\",\"@id\":\"https:\/\/vosgesinfo.fr\/epinalinfo\/#\/schema\/logo\/image\/\",\"url\":\"https:\/\/vosgesinfo.fr\/app\/uploads\/sites\/3\/2023\/08\/logo-epinalinfos.svg\",\"contentUrl\":\"https:\/\/vosgesinfo.fr\/app\/uploads\/sites\/3\/2023\/08\/logo-epinalinfos.svg\",\"width\":1,\"height\":1,\"caption\":\"Epinal Info\"},\"image\":{\"@id\":\"https:\/\/vosgesinfo.fr\/epinalinfo\/#\/schema\/logo\/image\/\"},\"sameAs\":[\"https:\/\/www.facebook.com\/Epinalinfos\",\"https:\/\/x.com\/VosgesInfo88\",\"https:\/\/www.youtube.com\/@vosgesinfo\"]},{\"@type\":\"Person\",\"@id\":\"https:\/\/vosgesinfo.fr\/epinalinfo\/#\/schema\/person\/6f9a650eeea99d969b6c4ab78fccbe81\",\"name\":\"C.K.\",\"image\":{\"@type\":\"ImageObject\",\"inLanguage\":\"fr-FR\",\"@id\":\"https:\/\/vosgesinfo.fr\/epinalinfo\/#\/schema\/person\/image\/\",\"url\":\"https:\/\/secure.gravatar.com\/avatar\/48e3fc7f8421ba8942be6b74a2b7f014ca39bc00dece156b7a8e098ae7dc87bf?s=96&d=mm&r=g\",\"contentUrl\":\"https:\/\/secure.gravatar.com\/avatar\/48e3fc7f8421ba8942be6b74a2b7f014ca39bc00dece156b7a8e098ae7dc87bf?s=96&d=mm&r=g\",\"caption\":\"C.K.\"},\"url\":\"https:\/\/vosgesinfo.fr\/epinalinfo\/author\/celia-k-n\/\"}]}<\/script>\n<!-- \/ Yoast SEO plugin. -->","yoast_head_json":{"title":"Politique \u2013 La R\u00e9gion Grand Est s\u2019est dot\u00e9e d\u2019un Conseil consultatif de la Culture - Epinal Info","robots":{"index":"index","follow":"follow","max-snippet":"max-snippet:-1","max-image-preview":"max-image-preview:large","max-video-preview":"max-video-preview:-1"},"canonical":"https:\/\/vosgesinfo.fr\/epinalinfo\/2017\/01\/politique-region-grand-sest-dotee-dun-conseil-consultatif-de-culture\/","twitter_card":"summary_large_image","twitter_title":"Politique \u2013 La R\u00e9gion Grand Est s\u2019est dot\u00e9e d\u2019un Conseil consultatif de la Culture - Epinal Info","twitter_description":"Philippe Richert, Pr\u00e9sident de la R\u00e9gion Grand Est, ancien Ministre, et Pascal Mangin, Conseiller r\u00e9gional, Pr\u00e9sident de la Commission Culture, [&hellip;]","twitter_image":"https:\/\/vosgesinfo.fr\/app\/uploads\/sites\/3\/2024\/08\/201612philippe-richert-1.jpg","twitter_creator":"@VosgesInfo88","twitter_site":"@VosgesInfo88","twitter_misc":{"\u00c9crit par":"C.K.","Dur\u00e9e de lecture estim\u00e9e":"5 minutes"},"schema":{"@context":"https:\/\/schema.org","@graph":[{"@type":"Article","@id":"https:\/\/vosgesinfo.fr\/epinalinfo\/2017\/01\/politique-region-grand-sest-dotee-dun-conseil-consultatif-de-culture\/#article","isPartOf":{"@id":"https:\/\/vosgesinfo.fr\/epinalinfo\/2017\/01\/politique-region-grand-sest-dotee-dun-conseil-consultatif-de-culture\/"},"author":{"name":"C.K.","@id":"https:\/\/vosgesinfo.fr\/epinalinfo\/#\/schema\/person\/6f9a650eeea99d969b6c4ab78fccbe81"},"headline":"Politique \u2013 La R\u00e9gion Grand Est s\u2019est dot\u00e9e d\u2019un Conseil consultatif de la Culture","datePublished":"2017-01-31T07:23:17+00:00","dateModified":"2017-01-31T07:23:17+00:00","mainEntityOfPage":{"@id":"https:\/\/vosgesinfo.fr\/epinalinfo\/2017\/01\/politique-region-grand-sest-dotee-dun-conseil-consultatif-de-culture\/"},"wordCount":1052,"commentCount":0,"publisher":{"@id":"https:\/\/vosgesinfo.fr\/epinalinfo\/#organization"},"image":{"@id":"https:\/\/vosgesinfo.fr\/epinalinfo\/2017\/01\/politique-region-grand-sest-dotee-dun-conseil-consultatif-de-culture\/#primaryimage"},"thumbnailUrl":"https:\/\/vosgesinfo.fr\/app\/uploads\/sites\/3\/2024\/08\/201612philippe-richert-1.jpg","articleSection":["A la Une","R\u00e9gion"],"inLanguage":"fr-FR","potentialAction":[{"@type":"CommentAction","name":"Comment","target":["https:\/\/vosgesinfo.fr\/epinalinfo\/2017\/01\/politique-region-grand-sest-dotee-dun-conseil-consultatif-de-culture\/#respond"]}]},{"@type":"WebPage","@id":"https:\/\/vosgesinfo.fr\/epinalinfo\/2017\/01\/politique-region-grand-sest-dotee-dun-conseil-consultatif-de-culture\/","url":"https:\/\/vosgesinfo.fr\/epinalinfo\/2017\/01\/politique-region-grand-sest-dotee-dun-conseil-consultatif-de-culture\/","name":"Politique \u2013 La R\u00e9gion Grand Est s\u2019est dot\u00e9e d\u2019un Conseil consultatif de la Culture - Epinal Info","isPartOf":{"@id":"https:\/\/vosgesinfo.fr\/epinalinfo\/#website"},"primaryImageOfPage":{"@id":"https:\/\/vosgesinfo.fr\/epinalinfo\/2017\/01\/politique-region-grand-sest-dotee-dun-conseil-consultatif-de-culture\/#primaryimage"},"image":{"@id":"https:\/\/vosgesinfo.fr\/epinalinfo\/2017\/01\/politique-region-grand-sest-dotee-dun-conseil-consultatif-de-culture\/#primaryimage"},"thumbnailUrl":"https:\/\/vosgesinfo.fr\/app\/uploads\/sites\/3\/2024\/08\/201612philippe-richert-1.jpg","datePublished":"2017-01-31T07:23:17+00:00","dateModified":"2017-01-31T07:23:17+00:00","breadcrumb":{"@id":"https:\/\/vosgesinfo.fr\/epinalinfo\/2017\/01\/politique-region-grand-sest-dotee-dun-conseil-consultatif-de-culture\/#breadcrumb"},"inLanguage":"fr-FR","potentialAction":[{"@type":"ReadAction","target":["https:\/\/vosgesinfo.fr\/epinalinfo\/2017\/01\/politique-region-grand-sest-dotee-dun-conseil-consultatif-de-culture\/"]}]},{"@type":"ImageObject","inLanguage":"fr-FR","@id":"https:\/\/vosgesinfo.fr\/epinalinfo\/2017\/01\/politique-region-grand-sest-dotee-dun-conseil-consultatif-de-culture\/#primaryimage","url":"https:\/\/vosgesinfo.fr\/app\/uploads\/sites\/3\/2024\/08\/201612philippe-richert-1.jpg","contentUrl":"https:\/\/vosgesinfo.fr\/app\/uploads\/sites\/3\/2024\/08\/201612philippe-richert-1.jpg","width":667,"height":393},{"@type":"BreadcrumbList","@id":"https:\/\/vosgesinfo.fr\/epinalinfo\/2017\/01\/politique-region-grand-sest-dotee-dun-conseil-consultatif-de-culture\/#breadcrumb","itemListElement":[{"@type":"ListItem","position":1,"name":"Home","item":"https:\/\/vosgesinfo.fr\/epinalinfo\/"},{"@type":"ListItem","position":2,"name":"Politique \u2013 La R\u00e9gion Grand Est s\u2019est dot\u00e9e d\u2019un Conseil consultatif de la Culture"}]},{"@type":"WebSite","@id":"https:\/\/vosgesinfo.fr\/epinalinfo\/#website","url":"https:\/\/vosgesinfo.fr\/epinalinfo\/","name":"Epinal Info","description":"Toute l&#039;actualit\u00e9 d&#039;\u00c9pinal","publisher":{"@id":"https:\/\/vosgesinfo.fr\/epinalinfo\/#organization"},"alternateName":"Toute l'actualit\u00e9 d'\u00c9pinal","potentialAction":[{"@type":"SearchAction","target":{"@type":"EntryPoint","urlTemplate":"https:\/\/vosgesinfo.fr\/epinalinfo\/?s={search_term_string}"},"query-input":"required name=search_term_string"}],"inLanguage":"fr-FR"},{"@type":"Organization","@id":"https:\/\/vosgesinfo.fr\/epinalinfo\/#organization","name":"Epinal Info","url":"https:\/\/vosgesinfo.fr\/epinalinfo\/","logo":{"@type":"ImageObject","inLanguage":"fr-FR","@id":"https:\/\/vosgesinfo.fr\/epinalinfo\/#\/schema\/logo\/image\/","url":"https:\/\/vosgesinfo.fr\/app\/uploads\/sites\/3\/2023\/08\/logo-epinalinfos.svg","contentUrl":"https:\/\/vosgesinfo.fr\/app\/uploads\/sites\/3\/2023\/08\/logo-epinalinfos.svg","width":1,"height":1,"caption":"Epinal Info"},"image":{"@id":"https:\/\/vosgesinfo.fr\/epinalinfo\/#\/schema\/logo\/image\/"},"sameAs":["https:\/\/www.facebook.com\/Epinalinfos","https:\/\/x.com\/VosgesInfo88","https:\/\/www.youtube.com\/@vosgesinfo"]},{"@type":"Person","@id":"https:\/\/vosgesinfo.fr\/epinalinfo\/#\/schema\/person\/6f9a650eeea99d969b6c4ab78fccbe81","name":"C.K.","image":{"@type":"ImageObject","inLanguage":"fr-FR","@id":"https:\/\/vosgesinfo.fr\/epinalinfo\/#\/schema\/person\/image\/","url":"https:\/\/secure.gravatar.com\/avatar\/48e3fc7f8421ba8942be6b74a2b7f014ca39bc00dece156b7a8e098ae7dc87bf?s=96&d=mm&r=g","contentUrl":"https:\/\/secure.gravatar.com\/avatar\/48e3fc7f8421ba8942be6b74a2b7f014ca39bc00dece156b7a8e098ae7dc87bf?s=96&d=mm&r=g","caption":"C.K."},"url":"https:\/\/vosgesinfo.fr\/epinalinfo\/author\/celia-k-n\/"}]}},"_links":{"self":[{"href":"https:\/\/vosgesinfo.fr\/epinalinfo\/wp-json\/wp\/v2\/posts\/69504","targetHints":{"allow":["GET"]}}],"collection":[{"href":"https:\/\/vosgesinfo.fr\/epinalinfo\/wp-json\/wp\/v2\/posts"}],"about":[{"href":"https:\/\/vosgesinfo.fr\/epinalinfo\/wp-json\/wp\/v2\/types\/post"}],"author":[{"embeddable":true,"href":"https:\/\/vosgesinfo.fr\/epinalinfo\/wp-json\/wp\/v2\/users\/52"}],"replies":[{"embeddable":true,"href":"https:\/\/vosgesinfo.fr\/epinalinfo\/wp-json\/wp\/v2\/comments?post=69504"}],"version-history":[{"count":0,"href":"https:\/\/vosgesinfo.fr\/epinalinfo\/wp-json\/wp\/v2\/posts\/69504\/revisions"}],"wp:featuredmedia":[{"embeddable":true,"href":"https:\/\/vosgesinfo.fr\/epinalinfo\/wp-json\/wp\/v2\/media\/69505"}],"wp:attachment":[{"href":"https:\/\/vosgesinfo.fr\/epinalinfo\/wp-json\/wp\/v2\/media?parent=69504"}],"wp:term":[{"taxonomy":"category","embeddable":true,"href":"https:\/\/vosgesinfo.fr\/epinalinfo\/wp-json\/wp\/v2\/categories?post=69504"},{"taxonomy":"post_tag","embeddable":true,"href":"https:\/\/vosgesinfo.fr\/epinalinfo\/wp-json\/wp\/v2\/tags?post=69504"}],"curies":[{"name":"wp","href":"https:\/\/api.w.org\/{rel}","templated":true}]}}