{"id":69506,"date":"2017-01-31T08:37:18","date_gmt":"2017-01-31T07:37:18","guid":{"rendered":"https:\/\/vosgesinfo.fr\/epinalinfo\/2017\/01\/couple-de-voleurs-arrete-vol-de-sac-a-main-magasin-spinalien\/"},"modified":"2017-01-31T08:37:18","modified_gmt":"2017-01-31T07:37:18","slug":"couple-de-voleurs-arrete-vol-de-sac-a-main-magasin-spinalien","status":"publish","type":"post","link":"https:\/\/vosgesinfo.fr\/epinalinfo\/2017\/01\/couple-de-voleurs-arrete-vol-de-sac-a-main-magasin-spinalien\/","title":{"rendered":"Un couple de voleurs arr\u00eat\u00e9 pour un vol de sac \u00e0 main dans un magasin spinalien"},"content":{"rendered":"<div id=\"attachment_85413\" style=\"width: 970px\" class=\"wp-caption aligncenter\"><a href=\"http:\/\/epinalinfos.fr\/2016\/03\/vols-aux-vestiaires-dun-bar-de-nuit\/sac-a-main\/\" rel=\"attachment wp-att-85413\"><img decoding=\"async\" aria-describedby=\"caption-attachment-85413\" class=\"wp-image-85413 size-full\" src=\"\/2016\/03\/sac-a-main.jpg\" alt=\"sac-a-main\" width=\"960\" height=\"640\" \/><\/a><p id=\"caption-attachment-85413\" class=\"wp-caption-text\">(photographie d&rsquo;illustration)<\/p><\/div>\n<h4>L\u2019affaire remonte \u00e0 d\u00e9but janvier 2017. Une femme s\u2019\u00e9tait fait voler son sac \u00e0 main alors qu\u2019elle effectuait des achats dans un magasin d\u2019\u00e9lectrom\u00e9nager situ\u00e9 \u00e0 Epinal. Les deux voleurs viennent d\u2019\u00eatre interpell\u00e9s par les policiers du commissariat d\u2019Epinal.<\/h4>\n<p>Les fonctionnaires de police ont men\u00e9 de nombreuses investigations pour tenter de retrouver les auteurs. Les vid\u00e9os de surveillance du magasin spinalien ont permis d\u2019identifier les deux individus. Il s\u2019agit d\u2019un couple de quinquag\u00e9naires qui habitent en banlieue d\u2019Epinal. Les voleurs ont \u00e9t\u00e9 interpell\u00e9s hier.<\/p>\n<p>La perquisition \u00e0 leur domicile a permis aux policiers de retrouver le sac \u00e0 main de la victime, par contre l\u2019argent et les papiers d\u2019identit\u00e9 ont disparu. Entendus, les individus ont avou\u00e9 le vol de sac \u00e0 main mais pas le vol des papiers d\u2019identit\u00e9 ni de l\u2019argent.<\/p>\n<p>Le couple a \u00e9t\u00e9 plac\u00e9 en garde \u00e0 vue. Ils devront s\u2019expliquer devant la justice au mois de mai prochain.<\/p>\n<p>C.K.N.<\/p>\n<p>&nbsp;<\/p>\n","protected":false},"excerpt":{"rendered":"<p>L\u2019affaire remonte \u00e0 d\u00e9but janvier 2017. Une femme s\u2019\u00e9tait fait voler son sac \u00e0 main alors qu\u2019elle effectuait des achats [&hellip;]<\/p>\n","protected":false},"author":52,"featured_media":69507,"comment_status":"open","ping_status":"open","sticky":false,"template":"","format":"standard","meta":{"footnotes":""},"categories":[22,24,6],"tags":[],"class_list":["post-69506","post","type-post","status-publish","format-standard","has-post-thumbnail","hentry","category-a-la-une","category-epinal","category-faits-divers"],"acf":[],"yoast_head":"<!-- This site is optimized with the Yoast SEO plugin v22.5 - https:\/\/yoast.com\/wordpress\/plugins\/seo\/ -->\n<title>Un couple de voleurs arr\u00eat\u00e9 pour un vol de sac \u00e0 main dans un magasin spinalien - Epinal Info<\/title>\n<meta name=\"robots\" content=\"index, follow, max-snippet:-1, max-image-preview:large, max-video-preview:-1\" \/>\n<link rel=\"canonical\" href=\"https:\/\/vosgesinfo.fr\/epinalinfo\/2017\/01\/couple-de-voleurs-arrete-vol-de-sac-a-main-magasin-spinalien\/\" \/>\n<meta name=\"twitter:card\" content=\"summary_large_image\" \/>\n<meta name=\"twitter:title\" content=\"Un couple de voleurs arr\u00eat\u00e9 pour un vol de sac \u00e0 main dans un magasin spinalien - Epinal Info\" \/>\n<meta name=\"twitter:description\" content=\"L\u2019affaire remonte \u00e0 d\u00e9but janvier 2017. Une femme s\u2019\u00e9tait fait voler son sac \u00e0 main alors qu\u2019elle effectuait des achats [&hellip;]\" \/>\n<meta name=\"twitter:image\" content=\"https:\/\/vosgesinfo.fr\/app\/uploads\/sites\/3\/2024\/08\/201603sac-a-main-1.jpg\" \/>\n<meta name=\"twitter:creator\" content=\"@VosgesInfo88\" \/>\n<meta name=\"twitter:site\" content=\"@VosgesInfo88\" \/>\n<meta name=\"twitter:label1\" content=\"\u00c9crit par\" \/>\n\t<meta name=\"twitter:data1\" content=\"C.K.\" \/>\n\t<meta name=\"twitter:label2\" content=\"Dur\u00e9e de lecture estim\u00e9e\" \/>\n\t<meta name=\"twitter:data2\" content=\"1 minute\" \/>\n<script type=\"application\/ld+json\" class=\"yoast-schema-graph\">{\"@context\":\"https:\/\/schema.org\",\"@graph\":[{\"@type\":\"Article\",\"@id\":\"https:\/\/vosgesinfo.fr\/epinalinfo\/2017\/01\/couple-de-voleurs-arrete-vol-de-sac-a-main-magasin-spinalien\/#article\",\"isPartOf\":{\"@id\":\"https:\/\/vosgesinfo.fr\/epinalinfo\/2017\/01\/couple-de-voleurs-arrete-vol-de-sac-a-main-magasin-spinalien\/\"},\"author\":{\"name\":\"C.K.\",\"@id\":\"https:\/\/vosgesinfo.fr\/epinalinfo\/#\/schema\/person\/6f9a650eeea99d969b6c4ab78fccbe81\"},\"headline\":\"Un couple de voleurs arr\u00eat\u00e9 pour un vol de sac \u00e0 main dans un magasin spinalien\",\"datePublished\":\"2017-01-31T07:37:18+00:00\",\"dateModified\":\"2017-01-31T07:37:18+00:00\",\"mainEntityOfPage\":{\"@id\":\"https:\/\/vosgesinfo.fr\/epinalinfo\/2017\/01\/couple-de-voleurs-arrete-vol-de-sac-a-main-magasin-spinalien\/\"},\"wordCount\":195,\"commentCount\":0,\"publisher\":{\"@id\":\"https:\/\/vosgesinfo.fr\/epinalinfo\/#organization\"},\"image\":{\"@id\":\"https:\/\/vosgesinfo.fr\/epinalinfo\/2017\/01\/couple-de-voleurs-arrete-vol-de-sac-a-main-magasin-spinalien\/#primaryimage\"},\"thumbnailUrl\":\"https:\/\/vosgesinfo.fr\/app\/uploads\/sites\/3\/2024\/08\/201603sac-a-main-1.jpg\",\"articleSection\":[\"A la Une\",\"Epinal\",\"Faits-divers\"],\"inLanguage\":\"fr-FR\",\"potentialAction\":[{\"@type\":\"CommentAction\",\"name\":\"Comment\",\"target\":[\"https:\/\/vosgesinfo.fr\/epinalinfo\/2017\/01\/couple-de-voleurs-arrete-vol-de-sac-a-main-magasin-spinalien\/#respond\"]}]},{\"@type\":\"WebPage\",\"@id\":\"https:\/\/vosgesinfo.fr\/epinalinfo\/2017\/01\/couple-de-voleurs-arrete-vol-de-sac-a-main-magasin-spinalien\/\",\"url\":\"https:\/\/vosgesinfo.fr\/epinalinfo\/2017\/01\/couple-de-voleurs-arrete-vol-de-sac-a-main-magasin-spinalien\/\",\"name\":\"Un couple de voleurs arr\u00eat\u00e9 pour un vol de sac \u00e0 main dans un magasin spinalien - Epinal Info\",\"isPartOf\":{\"@id\":\"https:\/\/vosgesinfo.fr\/epinalinfo\/#website\"},\"primaryImageOfPage\":{\"@id\":\"https:\/\/vosgesinfo.fr\/epinalinfo\/2017\/01\/couple-de-voleurs-arrete-vol-de-sac-a-main-magasin-spinalien\/#primaryimage\"},\"image\":{\"@id\":\"https:\/\/vosgesinfo.fr\/epinalinfo\/2017\/01\/couple-de-voleurs-arrete-vol-de-sac-a-main-magasin-spinalien\/#primaryimage\"},\"thumbnailUrl\":\"https:\/\/vosgesinfo.fr\/app\/uploads\/sites\/3\/2024\/08\/201603sac-a-main-1.jpg\",\"datePublished\":\"2017-01-31T07:37:18+00:00\",\"dateModified\":\"2017-01-31T07:37:18+00:00\",\"breadcrumb\":{\"@id\":\"https:\/\/vosgesinfo.fr\/epinalinfo\/2017\/01\/couple-de-voleurs-arrete-vol-de-sac-a-main-magasin-spinalien\/#breadcrumb\"},\"inLanguage\":\"fr-FR\",\"potentialAction\":[{\"@type\":\"ReadAction\",\"target\":[\"https:\/\/vosgesinfo.fr\/epinalinfo\/2017\/01\/couple-de-voleurs-arrete-vol-de-sac-a-main-magasin-spinalien\/\"]}]},{\"@type\":\"ImageObject\",\"inLanguage\":\"fr-FR\",\"@id\":\"https:\/\/vosgesinfo.fr\/epinalinfo\/2017\/01\/couple-de-voleurs-arrete-vol-de-sac-a-main-magasin-spinalien\/#primaryimage\",\"url\":\"https:\/\/vosgesinfo.fr\/app\/uploads\/sites\/3\/2024\/08\/201603sac-a-main-1.jpg\",\"contentUrl\":\"https:\/\/vosgesinfo.fr\/app\/uploads\/sites\/3\/2024\/08\/201603sac-a-main-1.jpg\",\"width\":960,\"height\":640},{\"@type\":\"BreadcrumbList\",\"@id\":\"https:\/\/vosgesinfo.fr\/epinalinfo\/2017\/01\/couple-de-voleurs-arrete-vol-de-sac-a-main-magasin-spinalien\/#breadcrumb\",\"itemListElement\":[{\"@type\":\"ListItem\",\"position\":1,\"name\":\"Home\",\"item\":\"https:\/\/vosgesinfo.fr\/epinalinfo\/\"},{\"@type\":\"ListItem\",\"position\":2,\"name\":\"Un couple de voleurs arr\u00eat\u00e9 pour un vol de sac \u00e0 main dans un magasin spinalien\"}]},{\"@type\":\"WebSite\",\"@id\":\"https:\/\/vosgesinfo.fr\/epinalinfo\/#website\",\"url\":\"https:\/\/vosgesinfo.fr\/epinalinfo\/\",\"name\":\"Epinal Info\",\"description\":\"Toute l&#039;actualit\u00e9 d&#039;\u00c9pinal\",\"publisher\":{\"@id\":\"https:\/\/vosgesinfo.fr\/epinalinfo\/#organization\"},\"alternateName\":\"Toute l'actualit\u00e9 d'\u00c9pinal\",\"potentialAction\":[{\"@type\":\"SearchAction\",\"target\":{\"@type\":\"EntryPoint\",\"urlTemplate\":\"https:\/\/vosgesinfo.fr\/epinalinfo\/?s={search_term_string}\"},\"query-input\":\"required name=search_term_string\"}],\"inLanguage\":\"fr-FR\"},{\"@type\":\"Organization\",\"@id\":\"https:\/\/vosgesinfo.fr\/epinalinfo\/#organization\",\"name\":\"Epinal Info\",\"url\":\"https:\/\/vosgesinfo.fr\/epinalinfo\/\",\"logo\":{\"@type\":\"ImageObject\",\"inLanguage\":\"fr-FR\",\"@id\":\"https:\/\/vosgesinfo.fr\/epinalinfo\/#\/schema\/logo\/image\/\",\"url\":\"https:\/\/vosgesinfo.fr\/app\/uploads\/sites\/3\/2023\/08\/logo-epinalinfos.svg\",\"contentUrl\":\"https:\/\/vosgesinfo.fr\/app\/uploads\/sites\/3\/2023\/08\/logo-epinalinfos.svg\",\"width\":1,\"height\":1,\"caption\":\"Epinal Info\"},\"image\":{\"@id\":\"https:\/\/vosgesinfo.fr\/epinalinfo\/#\/schema\/logo\/image\/\"},\"sameAs\":[\"https:\/\/www.facebook.com\/Epinalinfos\",\"https:\/\/x.com\/VosgesInfo88\",\"https:\/\/www.youtube.com\/@vosgesinfo\"]},{\"@type\":\"Person\",\"@id\":\"https:\/\/vosgesinfo.fr\/epinalinfo\/#\/schema\/person\/6f9a650eeea99d969b6c4ab78fccbe81\",\"name\":\"C.K.\",\"image\":{\"@type\":\"ImageObject\",\"inLanguage\":\"fr-FR\",\"@id\":\"https:\/\/vosgesinfo.fr\/epinalinfo\/#\/schema\/person\/image\/\",\"url\":\"https:\/\/secure.gravatar.com\/avatar\/48e3fc7f8421ba8942be6b74a2b7f014ca39bc00dece156b7a8e098ae7dc87bf?s=96&d=mm&r=g\",\"contentUrl\":\"https:\/\/secure.gravatar.com\/avatar\/48e3fc7f8421ba8942be6b74a2b7f014ca39bc00dece156b7a8e098ae7dc87bf?s=96&d=mm&r=g\",\"caption\":\"C.K.\"},\"url\":\"https:\/\/vosgesinfo.fr\/epinalinfo\/author\/celia-k-n\/\"}]}<\/script>\n<!-- \/ Yoast SEO plugin. -->","yoast_head_json":{"title":"Un couple de voleurs arr\u00eat\u00e9 pour un vol de sac \u00e0 main dans un magasin spinalien - Epinal Info","robots":{"index":"index","follow":"follow","max-snippet":"max-snippet:-1","max-image-preview":"max-image-preview:large","max-video-preview":"max-video-preview:-1"},"canonical":"https:\/\/vosgesinfo.fr\/epinalinfo\/2017\/01\/couple-de-voleurs-arrete-vol-de-sac-a-main-magasin-spinalien\/","twitter_card":"summary_large_image","twitter_title":"Un couple de voleurs arr\u00eat\u00e9 pour un vol de sac \u00e0 main dans un magasin spinalien - Epinal Info","twitter_description":"L\u2019affaire remonte \u00e0 d\u00e9but janvier 2017. Une femme s\u2019\u00e9tait fait voler son sac \u00e0 main alors qu\u2019elle effectuait des achats [&hellip;]","twitter_image":"https:\/\/vosgesinfo.fr\/app\/uploads\/sites\/3\/2024\/08\/201603sac-a-main-1.jpg","twitter_creator":"@VosgesInfo88","twitter_site":"@VosgesInfo88","twitter_misc":{"\u00c9crit par":"C.K.","Dur\u00e9e de lecture estim\u00e9e":"1 minute"},"schema":{"@context":"https:\/\/schema.org","@graph":[{"@type":"Article","@id":"https:\/\/vosgesinfo.fr\/epinalinfo\/2017\/01\/couple-de-voleurs-arrete-vol-de-sac-a-main-magasin-spinalien\/#article","isPartOf":{"@id":"https:\/\/vosgesinfo.fr\/epinalinfo\/2017\/01\/couple-de-voleurs-arrete-vol-de-sac-a-main-magasin-spinalien\/"},"author":{"name":"C.K.","@id":"https:\/\/vosgesinfo.fr\/epinalinfo\/#\/schema\/person\/6f9a650eeea99d969b6c4ab78fccbe81"},"headline":"Un couple de voleurs arr\u00eat\u00e9 pour un vol de sac \u00e0 main dans un magasin spinalien","datePublished":"2017-01-31T07:37:18+00:00","dateModified":"2017-01-31T07:37:18+00:00","mainEntityOfPage":{"@id":"https:\/\/vosgesinfo.fr\/epinalinfo\/2017\/01\/couple-de-voleurs-arrete-vol-de-sac-a-main-magasin-spinalien\/"},"wordCount":195,"commentCount":0,"publisher":{"@id":"https:\/\/vosgesinfo.fr\/epinalinfo\/#organization"},"image":{"@id":"https:\/\/vosgesinfo.fr\/epinalinfo\/2017\/01\/couple-de-voleurs-arrete-vol-de-sac-a-main-magasin-spinalien\/#primaryimage"},"thumbnailUrl":"https:\/\/vosgesinfo.fr\/app\/uploads\/sites\/3\/2024\/08\/201603sac-a-main-1.jpg","articleSection":["A la Une","Epinal","Faits-divers"],"inLanguage":"fr-FR","potentialAction":[{"@type":"CommentAction","name":"Comment","target":["https:\/\/vosgesinfo.fr\/epinalinfo\/2017\/01\/couple-de-voleurs-arrete-vol-de-sac-a-main-magasin-spinalien\/#respond"]}]},{"@type":"WebPage","@id":"https:\/\/vosgesinfo.fr\/epinalinfo\/2017\/01\/couple-de-voleurs-arrete-vol-de-sac-a-main-magasin-spinalien\/","url":"https:\/\/vosgesinfo.fr\/epinalinfo\/2017\/01\/couple-de-voleurs-arrete-vol-de-sac-a-main-magasin-spinalien\/","name":"Un couple de voleurs arr\u00eat\u00e9 pour un vol de sac \u00e0 main dans un magasin spinalien - Epinal Info","isPartOf":{"@id":"https:\/\/vosgesinfo.fr\/epinalinfo\/#website"},"primaryImageOfPage":{"@id":"https:\/\/vosgesinfo.fr\/epinalinfo\/2017\/01\/couple-de-voleurs-arrete-vol-de-sac-a-main-magasin-spinalien\/#primaryimage"},"image":{"@id":"https:\/\/vosgesinfo.fr\/epinalinfo\/2017\/01\/couple-de-voleurs-arrete-vol-de-sac-a-main-magasin-spinalien\/#primaryimage"},"thumbnailUrl":"https:\/\/vosgesinfo.fr\/app\/uploads\/sites\/3\/2024\/08\/201603sac-a-main-1.jpg","datePublished":"2017-01-31T07:37:18+00:00","dateModified":"2017-01-31T07:37:18+00:00","breadcrumb":{"@id":"https:\/\/vosgesinfo.fr\/epinalinfo\/2017\/01\/couple-de-voleurs-arrete-vol-de-sac-a-main-magasin-spinalien\/#breadcrumb"},"inLanguage":"fr-FR","potentialAction":[{"@type":"ReadAction","target":["https:\/\/vosgesinfo.fr\/epinalinfo\/2017\/01\/couple-de-voleurs-arrete-vol-de-sac-a-main-magasin-spinalien\/"]}]},{"@type":"ImageObject","inLanguage":"fr-FR","@id":"https:\/\/vosgesinfo.fr\/epinalinfo\/2017\/01\/couple-de-voleurs-arrete-vol-de-sac-a-main-magasin-spinalien\/#primaryimage","url":"https:\/\/vosgesinfo.fr\/app\/uploads\/sites\/3\/2024\/08\/201603sac-a-main-1.jpg","contentUrl":"https:\/\/vosgesinfo.fr\/app\/uploads\/sites\/3\/2024\/08\/201603sac-a-main-1.jpg","width":960,"height":640},{"@type":"BreadcrumbList","@id":"https:\/\/vosgesinfo.fr\/epinalinfo\/2017\/01\/couple-de-voleurs-arrete-vol-de-sac-a-main-magasin-spinalien\/#breadcrumb","itemListElement":[{"@type":"ListItem","position":1,"name":"Home","item":"https:\/\/vosgesinfo.fr\/epinalinfo\/"},{"@type":"ListItem","position":2,"name":"Un couple de voleurs arr\u00eat\u00e9 pour un vol de sac \u00e0 main dans un magasin spinalien"}]},{"@type":"WebSite","@id":"https:\/\/vosgesinfo.fr\/epinalinfo\/#website","url":"https:\/\/vosgesinfo.fr\/epinalinfo\/","name":"Epinal Info","description":"Toute l&#039;actualit\u00e9 d&#039;\u00c9pinal","publisher":{"@id":"https:\/\/vosgesinfo.fr\/epinalinfo\/#organization"},"alternateName":"Toute l'actualit\u00e9 d'\u00c9pinal","potentialAction":[{"@type":"SearchAction","target":{"@type":"EntryPoint","urlTemplate":"https:\/\/vosgesinfo.fr\/epinalinfo\/?s={search_term_string}"},"query-input":"required name=search_term_string"}],"inLanguage":"fr-FR"},{"@type":"Organization","@id":"https:\/\/vosgesinfo.fr\/epinalinfo\/#organization","name":"Epinal Info","url":"https:\/\/vosgesinfo.fr\/epinalinfo\/","logo":{"@type":"ImageObject","inLanguage":"fr-FR","@id":"https:\/\/vosgesinfo.fr\/epinalinfo\/#\/schema\/logo\/image\/","url":"https:\/\/vosgesinfo.fr\/app\/uploads\/sites\/3\/2023\/08\/logo-epinalinfos.svg","contentUrl":"https:\/\/vosgesinfo.fr\/app\/uploads\/sites\/3\/2023\/08\/logo-epinalinfos.svg","width":1,"height":1,"caption":"Epinal Info"},"image":{"@id":"https:\/\/vosgesinfo.fr\/epinalinfo\/#\/schema\/logo\/image\/"},"sameAs":["https:\/\/www.facebook.com\/Epinalinfos","https:\/\/x.com\/VosgesInfo88","https:\/\/www.youtube.com\/@vosgesinfo"]},{"@type":"Person","@id":"https:\/\/vosgesinfo.fr\/epinalinfo\/#\/schema\/person\/6f9a650eeea99d969b6c4ab78fccbe81","name":"C.K.","image":{"@type":"ImageObject","inLanguage":"fr-FR","@id":"https:\/\/vosgesinfo.fr\/epinalinfo\/#\/schema\/person\/image\/","url":"https:\/\/secure.gravatar.com\/avatar\/48e3fc7f8421ba8942be6b74a2b7f014ca39bc00dece156b7a8e098ae7dc87bf?s=96&d=mm&r=g","contentUrl":"https:\/\/secure.gravatar.com\/avatar\/48e3fc7f8421ba8942be6b74a2b7f014ca39bc00dece156b7a8e098ae7dc87bf?s=96&d=mm&r=g","caption":"C.K."},"url":"https:\/\/vosgesinfo.fr\/epinalinfo\/author\/celia-k-n\/"}]}},"_links":{"self":[{"href":"https:\/\/vosgesinfo.fr\/epinalinfo\/wp-json\/wp\/v2\/posts\/69506","targetHints":{"allow":["GET"]}}],"collection":[{"href":"https:\/\/vosgesinfo.fr\/epinalinfo\/wp-json\/wp\/v2\/posts"}],"about":[{"href":"https:\/\/vosgesinfo.fr\/epinalinfo\/wp-json\/wp\/v2\/types\/post"}],"author":[{"embeddable":true,"href":"https:\/\/vosgesinfo.fr\/epinalinfo\/wp-json\/wp\/v2\/users\/52"}],"replies":[{"embeddable":true,"href":"https:\/\/vosgesinfo.fr\/epinalinfo\/wp-json\/wp\/v2\/comments?post=69506"}],"version-history":[{"count":0,"href":"https:\/\/vosgesinfo.fr\/epinalinfo\/wp-json\/wp\/v2\/posts\/69506\/revisions"}],"wp:featuredmedia":[{"embeddable":true,"href":"https:\/\/vosgesinfo.fr\/epinalinfo\/wp-json\/wp\/v2\/media\/69507"}],"wp:attachment":[{"href":"https:\/\/vosgesinfo.fr\/epinalinfo\/wp-json\/wp\/v2\/media?parent=69506"}],"wp:term":[{"taxonomy":"category","embeddable":true,"href":"https:\/\/vosgesinfo.fr\/epinalinfo\/wp-json\/wp\/v2\/categories?post=69506"},{"taxonomy":"post_tag","embeddable":true,"href":"https:\/\/vosgesinfo.fr\/epinalinfo\/wp-json\/wp\/v2\/tags?post=69506"}],"curies":[{"name":"wp","href":"https:\/\/api.w.org\/{rel}","templated":true}]}}