{"id":69510,"date":"2017-01-31T06:51:44","date_gmt":"2017-01-31T05:51:44","guid":{"rendered":"https:\/\/vosgesinfo.fr\/epinalinfo\/2017\/01\/4-films-soutenus-region-grand-tapis-rouge\/"},"modified":"2017-01-31T06:51:44","modified_gmt":"2017-01-31T05:51:44","slug":"4-films-soutenus-region-grand-tapis-rouge","status":"publish","type":"post","link":"https:\/\/vosgesinfo.fr\/epinalinfo\/2017\/01\/4-films-soutenus-region-grand-tapis-rouge\/","title":{"rendered":"4 films soutenus par la R\u00e9gion Grand Est sur le tapis rouge"},"content":{"rendered":"<h4><a href=\"http:\/\/epinalinfos.fr\/2017\/01\/4-films-soutenus-region-grand-tapis-rouge\/cast-400x255\/\" rel=\"attachment wp-att-108227\"><img decoding=\"async\" class=\"aligncenter size-full wp-image-108227\" src=\"\/2017\/01\/cast-400x255.jpg\" alt=\"cast-400x255\" width=\"400\" height=\"255\" \/><\/a>La carri\u00e8re des films tourn\u00e9s et soutenus par la R\u00e9gion Grand Est ces derniers mois se poursuit dans les festivals et la c\u00e9r\u00e9monie des Magritte en ce d\u00e9but d\u2019ann\u00e9e. Avec de nombreuses nominations, les deux longs m\u00e9trages Keeper et Baden-Baden confirment leur succ\u00e8s d\u2019estime par une reconnaissance professionnelle. La R\u00e9gion Grand Est souhaite \u00e9galement une belle r\u00e9ussite \u00e0 la s\u00e9rie Zone Blanche et au documentaire Belinda, pr\u00e9sent\u00e9s notamment au festival de Berlin.<\/h4>\n<p>La c\u00e9r\u00e9monie des Magritte du Cin\u00e9ma, qui aura lieu le 4 f\u00e9vrier prochain \u00e0 Bruxelles, a mis \u00e0 l\u2019honneur 2 longs m\u00e9trages, coproductions soutenues par la R\u00e9gion Grand Est, avec :<\/p>\n<p>\uf0b7 8 nominations pour \u00ab Keeper \u00bb : meilleur film, meilleur 1er film, meilleur sc\u00e9nario original ou adaptation, meilleure actrice dans un 2nd r\u00f4le (Catherine Sal\u00e9e), meilleur acteur dans un 2nd r\u00f4le (Sam Louwyck), meilleur son, meilleurs d\u00e9cors et meilleur montage,<\/p>\n<p>\uf0b7 3 nominations pour \u00ab Baden Baden \u00bb : meilleur espoir f\u00e9minin (Salom\u00e9 Richard), meilleur espoir masculin (Lazare Gousseau) et meilleurs costumes.<\/p>\n<p>La s\u00e9rie Zone Blanche, qui diffus\u00e9e au printemps sur France 2, devrait faire sensation dans 3 grands festivals \u00e0 venir. Les 2 premiers \u00e9pisodes de cette s\u00e9rie de 8, tourn\u00e9s \u00e0 G\u00e9rardmer et dans les Vosges avec le soutien de la R\u00e9gion Grand Est (de juin \u00e0 octobre 2016), ont \u00e9t\u00e9 projet\u00e9s au Festival International des Programmes Audiovisuels de Biarritz ce week-end avec succ\u00e8s : Les compositeurs Thomas Couzinier et Fr\u00e9d\u00e9ric Kooshmanian ont obtenu le Fipa d\u2019or pour la meilleure musique originale. Zone Blanche est \u00e9galement en comp\u00e9tition officielle au Festival des cr\u00e9ationst\u00e9l\u00e9visuelles de Luchon (1er au 5 f\u00e9vrier) dans la cat\u00e9gorie \u00ab s\u00e9rie, mini-s\u00e9rie, collection \u00bb.<\/p>\n<p>Elle sera \u00e9galement pr\u00e9sent\u00e9e au festival de Berlin (du 9 au 19 f\u00e9vrier) dans la cat\u00e9gorie \u00ab s\u00e9ries dramatiques \u00bb. C\u2019est la premi\u00e8re fois qu\u2019une s\u00e9rie fran\u00e7aise a l\u2019honneur d\u2019une telle s\u00e9lection \u00e0 Berlin. \u00c0 Berlin \u00e9galement, le long m\u00e9trage documentaire Belinda sera projet\u00e9 en ouverture de Panorama Dokumente du festival Berlinale (9 au 19 f\u00e9vrier), dans la cat\u00e9gorie Europa Europa. La documentariste Marie Dumora, r\u00e9alisatrice de Forbach for Ever et Je voudrais aimer personne s\u2019int\u00e9resse une fois de plus \u00e0 l\u2019enfance et tout particuli\u00e8rement \u00e0 deux s\u0153urs de la communaut\u00e9 nomade y\u00e9niche.<\/p>\n","protected":false},"excerpt":{"rendered":"<p>La carri\u00e8re des films tourn\u00e9s et soutenus par la R\u00e9gion Grand Est ces derniers mois se poursuit dans les festivals [&hellip;]<\/p>\n","protected":false},"author":52,"featured_media":69511,"comment_status":"open","ping_status":"open","sticky":false,"template":"","format":"standard","meta":{"footnotes":""},"categories":[22,20,5],"tags":[],"class_list":["post-69510","post","type-post","status-publish","format-standard","has-post-thumbnail","hentry","category-a-la-une","category-divertissement","category-vosges"],"acf":[],"yoast_head":"<!-- This site is optimized with the Yoast SEO plugin v22.5 - https:\/\/yoast.com\/wordpress\/plugins\/seo\/ -->\n<title>4 films soutenus par la R\u00e9gion Grand Est sur le tapis rouge - Epinal Info<\/title>\n<meta name=\"robots\" content=\"index, follow, max-snippet:-1, max-image-preview:large, max-video-preview:-1\" \/>\n<link rel=\"canonical\" href=\"https:\/\/vosgesinfo.fr\/epinalinfo\/2017\/01\/4-films-soutenus-region-grand-tapis-rouge\/\" \/>\n<meta name=\"twitter:card\" content=\"summary_large_image\" \/>\n<meta name=\"twitter:title\" content=\"4 films soutenus par la R\u00e9gion Grand Est sur le tapis rouge - Epinal Info\" \/>\n<meta name=\"twitter:description\" content=\"La carri\u00e8re des films tourn\u00e9s et soutenus par la R\u00e9gion Grand Est ces derniers mois se poursuit dans les festivals [&hellip;]\" \/>\n<meta name=\"twitter:image\" content=\"https:\/\/vosgesinfo.fr\/app\/uploads\/sites\/3\/2024\/08\/201701cast-400x255-1.jpg\" \/>\n<meta name=\"twitter:creator\" content=\"@VosgesInfo88\" \/>\n<meta name=\"twitter:site\" content=\"@VosgesInfo88\" \/>\n<meta name=\"twitter:label1\" content=\"\u00c9crit par\" \/>\n\t<meta name=\"twitter:data1\" content=\"C.K.\" \/>\n\t<meta name=\"twitter:label2\" content=\"Dur\u00e9e de lecture estim\u00e9e\" \/>\n\t<meta name=\"twitter:data2\" content=\"2 minutes\" \/>\n<script type=\"application\/ld+json\" class=\"yoast-schema-graph\">{\"@context\":\"https:\/\/schema.org\",\"@graph\":[{\"@type\":\"Article\",\"@id\":\"https:\/\/vosgesinfo.fr\/epinalinfo\/2017\/01\/4-films-soutenus-region-grand-tapis-rouge\/#article\",\"isPartOf\":{\"@id\":\"https:\/\/vosgesinfo.fr\/epinalinfo\/2017\/01\/4-films-soutenus-region-grand-tapis-rouge\/\"},\"author\":{\"name\":\"C.K.\",\"@id\":\"https:\/\/vosgesinfo.fr\/epinalinfo\/#\/schema\/person\/6f9a650eeea99d969b6c4ab78fccbe81\"},\"headline\":\"4 films soutenus par la R\u00e9gion Grand Est sur le tapis rouge\",\"datePublished\":\"2017-01-31T05:51:44+00:00\",\"dateModified\":\"2017-01-31T05:51:44+00:00\",\"mainEntityOfPage\":{\"@id\":\"https:\/\/vosgesinfo.fr\/epinalinfo\/2017\/01\/4-films-soutenus-region-grand-tapis-rouge\/\"},\"wordCount\":411,\"commentCount\":0,\"publisher\":{\"@id\":\"https:\/\/vosgesinfo.fr\/epinalinfo\/#organization\"},\"image\":{\"@id\":\"https:\/\/vosgesinfo.fr\/epinalinfo\/2017\/01\/4-films-soutenus-region-grand-tapis-rouge\/#primaryimage\"},\"thumbnailUrl\":\"https:\/\/vosgesinfo.fr\/app\/uploads\/sites\/3\/2024\/08\/201701cast-400x255-1.jpg\",\"articleSection\":[\"A la Une\",\"Divertissement\",\"Vosges\"],\"inLanguage\":\"fr-FR\",\"potentialAction\":[{\"@type\":\"CommentAction\",\"name\":\"Comment\",\"target\":[\"https:\/\/vosgesinfo.fr\/epinalinfo\/2017\/01\/4-films-soutenus-region-grand-tapis-rouge\/#respond\"]}]},{\"@type\":\"WebPage\",\"@id\":\"https:\/\/vosgesinfo.fr\/epinalinfo\/2017\/01\/4-films-soutenus-region-grand-tapis-rouge\/\",\"url\":\"https:\/\/vosgesinfo.fr\/epinalinfo\/2017\/01\/4-films-soutenus-region-grand-tapis-rouge\/\",\"name\":\"4 films soutenus par la R\u00e9gion Grand Est sur le tapis rouge - Epinal Info\",\"isPartOf\":{\"@id\":\"https:\/\/vosgesinfo.fr\/epinalinfo\/#website\"},\"primaryImageOfPage\":{\"@id\":\"https:\/\/vosgesinfo.fr\/epinalinfo\/2017\/01\/4-films-soutenus-region-grand-tapis-rouge\/#primaryimage\"},\"image\":{\"@id\":\"https:\/\/vosgesinfo.fr\/epinalinfo\/2017\/01\/4-films-soutenus-region-grand-tapis-rouge\/#primaryimage\"},\"thumbnailUrl\":\"https:\/\/vosgesinfo.fr\/app\/uploads\/sites\/3\/2024\/08\/201701cast-400x255-1.jpg\",\"datePublished\":\"2017-01-31T05:51:44+00:00\",\"dateModified\":\"2017-01-31T05:51:44+00:00\",\"breadcrumb\":{\"@id\":\"https:\/\/vosgesinfo.fr\/epinalinfo\/2017\/01\/4-films-soutenus-region-grand-tapis-rouge\/#breadcrumb\"},\"inLanguage\":\"fr-FR\",\"potentialAction\":[{\"@type\":\"ReadAction\",\"target\":[\"https:\/\/vosgesinfo.fr\/epinalinfo\/2017\/01\/4-films-soutenus-region-grand-tapis-rouge\/\"]}]},{\"@type\":\"ImageObject\",\"inLanguage\":\"fr-FR\",\"@id\":\"https:\/\/vosgesinfo.fr\/epinalinfo\/2017\/01\/4-films-soutenus-region-grand-tapis-rouge\/#primaryimage\",\"url\":\"https:\/\/vosgesinfo.fr\/app\/uploads\/sites\/3\/2024\/08\/201701cast-400x255-1.jpg\",\"contentUrl\":\"https:\/\/vosgesinfo.fr\/app\/uploads\/sites\/3\/2024\/08\/201701cast-400x255-1.jpg\",\"width\":400,\"height\":255},{\"@type\":\"BreadcrumbList\",\"@id\":\"https:\/\/vosgesinfo.fr\/epinalinfo\/2017\/01\/4-films-soutenus-region-grand-tapis-rouge\/#breadcrumb\",\"itemListElement\":[{\"@type\":\"ListItem\",\"position\":1,\"name\":\"Home\",\"item\":\"https:\/\/vosgesinfo.fr\/epinalinfo\/\"},{\"@type\":\"ListItem\",\"position\":2,\"name\":\"4 films soutenus par la R\u00e9gion Grand Est sur le tapis rouge\"}]},{\"@type\":\"WebSite\",\"@id\":\"https:\/\/vosgesinfo.fr\/epinalinfo\/#website\",\"url\":\"https:\/\/vosgesinfo.fr\/epinalinfo\/\",\"name\":\"Epinal Info\",\"description\":\"Toute l&#039;actualit\u00e9 d&#039;\u00c9pinal\",\"publisher\":{\"@id\":\"https:\/\/vosgesinfo.fr\/epinalinfo\/#organization\"},\"alternateName\":\"Toute l'actualit\u00e9 d'\u00c9pinal\",\"potentialAction\":[{\"@type\":\"SearchAction\",\"target\":{\"@type\":\"EntryPoint\",\"urlTemplate\":\"https:\/\/vosgesinfo.fr\/epinalinfo\/?s={search_term_string}\"},\"query-input\":\"required name=search_term_string\"}],\"inLanguage\":\"fr-FR\"},{\"@type\":\"Organization\",\"@id\":\"https:\/\/vosgesinfo.fr\/epinalinfo\/#organization\",\"name\":\"Epinal Info\",\"url\":\"https:\/\/vosgesinfo.fr\/epinalinfo\/\",\"logo\":{\"@type\":\"ImageObject\",\"inLanguage\":\"fr-FR\",\"@id\":\"https:\/\/vosgesinfo.fr\/epinalinfo\/#\/schema\/logo\/image\/\",\"url\":\"https:\/\/vosgesinfo.fr\/app\/uploads\/sites\/3\/2023\/08\/logo-epinalinfos.svg\",\"contentUrl\":\"https:\/\/vosgesinfo.fr\/app\/uploads\/sites\/3\/2023\/08\/logo-epinalinfos.svg\",\"width\":1,\"height\":1,\"caption\":\"Epinal Info\"},\"image\":{\"@id\":\"https:\/\/vosgesinfo.fr\/epinalinfo\/#\/schema\/logo\/image\/\"},\"sameAs\":[\"https:\/\/www.facebook.com\/Epinalinfos\",\"https:\/\/x.com\/VosgesInfo88\",\"https:\/\/www.youtube.com\/@vosgesinfo\"]},{\"@type\":\"Person\",\"@id\":\"https:\/\/vosgesinfo.fr\/epinalinfo\/#\/schema\/person\/6f9a650eeea99d969b6c4ab78fccbe81\",\"name\":\"C.K.\",\"image\":{\"@type\":\"ImageObject\",\"inLanguage\":\"fr-FR\",\"@id\":\"https:\/\/vosgesinfo.fr\/epinalinfo\/#\/schema\/person\/image\/\",\"url\":\"https:\/\/secure.gravatar.com\/avatar\/48e3fc7f8421ba8942be6b74a2b7f014ca39bc00dece156b7a8e098ae7dc87bf?s=96&d=mm&r=g\",\"contentUrl\":\"https:\/\/secure.gravatar.com\/avatar\/48e3fc7f8421ba8942be6b74a2b7f014ca39bc00dece156b7a8e098ae7dc87bf?s=96&d=mm&r=g\",\"caption\":\"C.K.\"},\"url\":\"https:\/\/vosgesinfo.fr\/epinalinfo\/author\/celia-k-n\/\"}]}<\/script>\n<!-- \/ Yoast SEO plugin. -->","yoast_head_json":{"title":"4 films soutenus par la R\u00e9gion Grand Est sur le tapis rouge - Epinal Info","robots":{"index":"index","follow":"follow","max-snippet":"max-snippet:-1","max-image-preview":"max-image-preview:large","max-video-preview":"max-video-preview:-1"},"canonical":"https:\/\/vosgesinfo.fr\/epinalinfo\/2017\/01\/4-films-soutenus-region-grand-tapis-rouge\/","twitter_card":"summary_large_image","twitter_title":"4 films soutenus par la R\u00e9gion Grand Est sur le tapis rouge - Epinal Info","twitter_description":"La carri\u00e8re des films tourn\u00e9s et soutenus par la R\u00e9gion Grand Est ces derniers mois se poursuit dans les festivals [&hellip;]","twitter_image":"https:\/\/vosgesinfo.fr\/app\/uploads\/sites\/3\/2024\/08\/201701cast-400x255-1.jpg","twitter_creator":"@VosgesInfo88","twitter_site":"@VosgesInfo88","twitter_misc":{"\u00c9crit par":"C.K.","Dur\u00e9e de lecture estim\u00e9e":"2 minutes"},"schema":{"@context":"https:\/\/schema.org","@graph":[{"@type":"Article","@id":"https:\/\/vosgesinfo.fr\/epinalinfo\/2017\/01\/4-films-soutenus-region-grand-tapis-rouge\/#article","isPartOf":{"@id":"https:\/\/vosgesinfo.fr\/epinalinfo\/2017\/01\/4-films-soutenus-region-grand-tapis-rouge\/"},"author":{"name":"C.K.","@id":"https:\/\/vosgesinfo.fr\/epinalinfo\/#\/schema\/person\/6f9a650eeea99d969b6c4ab78fccbe81"},"headline":"4 films soutenus par la R\u00e9gion Grand Est sur le tapis rouge","datePublished":"2017-01-31T05:51:44+00:00","dateModified":"2017-01-31T05:51:44+00:00","mainEntityOfPage":{"@id":"https:\/\/vosgesinfo.fr\/epinalinfo\/2017\/01\/4-films-soutenus-region-grand-tapis-rouge\/"},"wordCount":411,"commentCount":0,"publisher":{"@id":"https:\/\/vosgesinfo.fr\/epinalinfo\/#organization"},"image":{"@id":"https:\/\/vosgesinfo.fr\/epinalinfo\/2017\/01\/4-films-soutenus-region-grand-tapis-rouge\/#primaryimage"},"thumbnailUrl":"https:\/\/vosgesinfo.fr\/app\/uploads\/sites\/3\/2024\/08\/201701cast-400x255-1.jpg","articleSection":["A la Une","Divertissement","Vosges"],"inLanguage":"fr-FR","potentialAction":[{"@type":"CommentAction","name":"Comment","target":["https:\/\/vosgesinfo.fr\/epinalinfo\/2017\/01\/4-films-soutenus-region-grand-tapis-rouge\/#respond"]}]},{"@type":"WebPage","@id":"https:\/\/vosgesinfo.fr\/epinalinfo\/2017\/01\/4-films-soutenus-region-grand-tapis-rouge\/","url":"https:\/\/vosgesinfo.fr\/epinalinfo\/2017\/01\/4-films-soutenus-region-grand-tapis-rouge\/","name":"4 films soutenus par la R\u00e9gion Grand Est sur le tapis rouge - Epinal Info","isPartOf":{"@id":"https:\/\/vosgesinfo.fr\/epinalinfo\/#website"},"primaryImageOfPage":{"@id":"https:\/\/vosgesinfo.fr\/epinalinfo\/2017\/01\/4-films-soutenus-region-grand-tapis-rouge\/#primaryimage"},"image":{"@id":"https:\/\/vosgesinfo.fr\/epinalinfo\/2017\/01\/4-films-soutenus-region-grand-tapis-rouge\/#primaryimage"},"thumbnailUrl":"https:\/\/vosgesinfo.fr\/app\/uploads\/sites\/3\/2024\/08\/201701cast-400x255-1.jpg","datePublished":"2017-01-31T05:51:44+00:00","dateModified":"2017-01-31T05:51:44+00:00","breadcrumb":{"@id":"https:\/\/vosgesinfo.fr\/epinalinfo\/2017\/01\/4-films-soutenus-region-grand-tapis-rouge\/#breadcrumb"},"inLanguage":"fr-FR","potentialAction":[{"@type":"ReadAction","target":["https:\/\/vosgesinfo.fr\/epinalinfo\/2017\/01\/4-films-soutenus-region-grand-tapis-rouge\/"]}]},{"@type":"ImageObject","inLanguage":"fr-FR","@id":"https:\/\/vosgesinfo.fr\/epinalinfo\/2017\/01\/4-films-soutenus-region-grand-tapis-rouge\/#primaryimage","url":"https:\/\/vosgesinfo.fr\/app\/uploads\/sites\/3\/2024\/08\/201701cast-400x255-1.jpg","contentUrl":"https:\/\/vosgesinfo.fr\/app\/uploads\/sites\/3\/2024\/08\/201701cast-400x255-1.jpg","width":400,"height":255},{"@type":"BreadcrumbList","@id":"https:\/\/vosgesinfo.fr\/epinalinfo\/2017\/01\/4-films-soutenus-region-grand-tapis-rouge\/#breadcrumb","itemListElement":[{"@type":"ListItem","position":1,"name":"Home","item":"https:\/\/vosgesinfo.fr\/epinalinfo\/"},{"@type":"ListItem","position":2,"name":"4 films soutenus par la R\u00e9gion Grand Est sur le tapis rouge"}]},{"@type":"WebSite","@id":"https:\/\/vosgesinfo.fr\/epinalinfo\/#website","url":"https:\/\/vosgesinfo.fr\/epinalinfo\/","name":"Epinal Info","description":"Toute l&#039;actualit\u00e9 d&#039;\u00c9pinal","publisher":{"@id":"https:\/\/vosgesinfo.fr\/epinalinfo\/#organization"},"alternateName":"Toute l'actualit\u00e9 d'\u00c9pinal","potentialAction":[{"@type":"SearchAction","target":{"@type":"EntryPoint","urlTemplate":"https:\/\/vosgesinfo.fr\/epinalinfo\/?s={search_term_string}"},"query-input":"required name=search_term_string"}],"inLanguage":"fr-FR"},{"@type":"Organization","@id":"https:\/\/vosgesinfo.fr\/epinalinfo\/#organization","name":"Epinal Info","url":"https:\/\/vosgesinfo.fr\/epinalinfo\/","logo":{"@type":"ImageObject","inLanguage":"fr-FR","@id":"https:\/\/vosgesinfo.fr\/epinalinfo\/#\/schema\/logo\/image\/","url":"https:\/\/vosgesinfo.fr\/app\/uploads\/sites\/3\/2023\/08\/logo-epinalinfos.svg","contentUrl":"https:\/\/vosgesinfo.fr\/app\/uploads\/sites\/3\/2023\/08\/logo-epinalinfos.svg","width":1,"height":1,"caption":"Epinal Info"},"image":{"@id":"https:\/\/vosgesinfo.fr\/epinalinfo\/#\/schema\/logo\/image\/"},"sameAs":["https:\/\/www.facebook.com\/Epinalinfos","https:\/\/x.com\/VosgesInfo88","https:\/\/www.youtube.com\/@vosgesinfo"]},{"@type":"Person","@id":"https:\/\/vosgesinfo.fr\/epinalinfo\/#\/schema\/person\/6f9a650eeea99d969b6c4ab78fccbe81","name":"C.K.","image":{"@type":"ImageObject","inLanguage":"fr-FR","@id":"https:\/\/vosgesinfo.fr\/epinalinfo\/#\/schema\/person\/image\/","url":"https:\/\/secure.gravatar.com\/avatar\/48e3fc7f8421ba8942be6b74a2b7f014ca39bc00dece156b7a8e098ae7dc87bf?s=96&d=mm&r=g","contentUrl":"https:\/\/secure.gravatar.com\/avatar\/48e3fc7f8421ba8942be6b74a2b7f014ca39bc00dece156b7a8e098ae7dc87bf?s=96&d=mm&r=g","caption":"C.K."},"url":"https:\/\/vosgesinfo.fr\/epinalinfo\/author\/celia-k-n\/"}]}},"_links":{"self":[{"href":"https:\/\/vosgesinfo.fr\/epinalinfo\/wp-json\/wp\/v2\/posts\/69510","targetHints":{"allow":["GET"]}}],"collection":[{"href":"https:\/\/vosgesinfo.fr\/epinalinfo\/wp-json\/wp\/v2\/posts"}],"about":[{"href":"https:\/\/vosgesinfo.fr\/epinalinfo\/wp-json\/wp\/v2\/types\/post"}],"author":[{"embeddable":true,"href":"https:\/\/vosgesinfo.fr\/epinalinfo\/wp-json\/wp\/v2\/users\/52"}],"replies":[{"embeddable":true,"href":"https:\/\/vosgesinfo.fr\/epinalinfo\/wp-json\/wp\/v2\/comments?post=69510"}],"version-history":[{"count":0,"href":"https:\/\/vosgesinfo.fr\/epinalinfo\/wp-json\/wp\/v2\/posts\/69510\/revisions"}],"wp:featuredmedia":[{"embeddable":true,"href":"https:\/\/vosgesinfo.fr\/epinalinfo\/wp-json\/wp\/v2\/media\/69511"}],"wp:attachment":[{"href":"https:\/\/vosgesinfo.fr\/epinalinfo\/wp-json\/wp\/v2\/media?parent=69510"}],"wp:term":[{"taxonomy":"category","embeddable":true,"href":"https:\/\/vosgesinfo.fr\/epinalinfo\/wp-json\/wp\/v2\/categories?post=69510"},{"taxonomy":"post_tag","embeddable":true,"href":"https:\/\/vosgesinfo.fr\/epinalinfo\/wp-json\/wp\/v2\/tags?post=69510"}],"curies":[{"name":"wp","href":"https:\/\/api.w.org\/{rel}","templated":true}]}}