{"id":69991,"date":"2017-02-22T18:27:10","date_gmt":"2017-02-22T17:27:10","guid":{"rendered":"https:\/\/vosgesinfo.fr\/epinalinfo\/2017\/02\/assemblee-nationale-derniere-seance-publique-deputes-michel-heinrich-francois-vannson\/"},"modified":"2017-02-22T18:27:10","modified_gmt":"2017-02-22T17:27:10","slug":"assemblee-nationale-derniere-seance-publique-deputes-michel-heinrich-francois-vannson","status":"publish","type":"post","link":"https:\/\/vosgesinfo.fr\/epinalinfo\/2017\/02\/assemblee-nationale-derniere-seance-publique-deputes-michel-heinrich-francois-vannson\/","title":{"rendered":"Assembl\u00e9e Nationale \u2013 La derni\u00e8re s\u00e9ance publique des d\u00e9put\u00e9s Michel Heinrich et Fran\u00e7ois Vannson"},"content":{"rendered":"<div id=\"attachment_109207\" style=\"width: 610px\" class=\"wp-caption aligncenter\"><a href=\"http:\/\/epinalinfos.fr\/2017\/02\/assemblee-nationale-derniere-seance-publique-deputes-michel-heinrich-francois-vannson\/16938988_1114476945345182_3732713676638180935_n\/\" rel=\"attachment wp-att-109207\"><img decoding=\"async\" aria-describedby=\"caption-attachment-109207\" class=\"size-full wp-image-109207\" src=\"\/2017\/02\/16938988_1114476945345182_3732713676638180935_n.jpg\" alt=\"Michel Heinrich a post\u00e9 une photo de sa derni\u00e8re s\u00e9ance sur Facebook.\" width=\"600\" height=\"800\" \/><\/a><p id=\"caption-attachment-109207\" class=\"wp-caption-text\">Michel Heinrich a post\u00e9 une photo de sa derni\u00e8re s\u00e9ance sur Facebook.<\/p><\/div>\n<h4>C\u2019\u00e9tait la derni\u00e8re s\u00e9ance des \u201cQuestions au gouvernement\u201d de la l\u00e9gislature, ce mercredi 22 f\u00e9vrier 2017, \u00e0 l\u2019Assembl\u00e9e Nationale. Et du m\u00eame coup la derni\u00e8re s\u00e9ance publique pour deux d\u00e9put\u00e9s vosgiens.<\/h4>\n<p>En effet, Michel Heinrich ne se repr\u00e9sentera pas dans la circonscription d\u2019Epinal o\u00f9 il a adoub\u00e9 St\u00e9phane Viry pour les \u00e9lections l\u00e9gislatives de juin 2017, ni Fran\u00e7ois Vannson dans la circonscription de Remiremont o\u00f9 c\u2019est son suppl\u00e9ant Patrick Lagarde qui sera candidat pour Les R\u00e9publicains.<\/p>\n<p>Michel Heinrich est d\u00e9put\u00e9 de la premi\u00e8re <a title=\"Premi\u00e8re circonscription des Vosges\">circonscription des Vosges<\/a> depuis quinze ans. C\u2019est le <time class=\"nowrap date-lien\" datetime=\"2002-06-16\"><a title=\"16 juin\">19<\/a> <a title=\"Juin 2002\">juin<\/a><a title=\"2002\">2002<\/a>\u00a0qu\u2019il est entr\u00e9 au Palais Bourbon, succ\u00e9dant <\/time>ainsi \u00e0 <a title=\"Philippe S\u00e9guin\">Philippe S\u00e9guin<\/a>, avant d\u2019\u00eatre r\u00e9\u00e9lu en 2007 et 2012.<\/p>\n<p>De son c\u00f4t\u00e9, Fran\u00e7ois Vannson est d\u00e9put\u00e9 de la troisi\u00e8me circonscription depuis 24 ann\u00e9es. Il y a \u00e9t\u00e9 \u00e9lu pour la premi\u00e8re fois le 28 mars 1992, prenant la succession de son oncle <a title=\"Christian Spiller\">Christian Spiller<\/a>, puis toujours r\u00e9\u00e9lu en 1997, 2002, 2007 et 2012.<\/p>\n<p>Pour leur part, les deux autres d\u00e9put\u00e9s vosgiens, G\u00e9rard Cherpion, dans la deuxi\u00e8me circonscription (celle de Saint-Di\u00e9-des-Vosges), et Christian Franqueville, dans la quatri\u00e8me circonscription (celle de la Plaine des Vosges), postuleront \u00e0 leur propre succession lors des \u00e9lections l\u00e9gislatives des 11 et 18 juin 2017.<\/p>\n<p><strong>D.J.<\/strong><\/p>\n","protected":false},"excerpt":{"rendered":"<p>C\u2019\u00e9tait la derni\u00e8re s\u00e9ance des \u201cQuestions au gouvernement\u201d de la l\u00e9gislature, ce mercredi 22 f\u00e9vrier 2017, \u00e0 l\u2019Assembl\u00e9e Nationale. Et [&hellip;]<\/p>\n","protected":false},"author":52,"featured_media":69992,"comment_status":"open","ping_status":"open","sticky":false,"template":"","format":"standard","meta":{"footnotes":""},"categories":[22,5],"tags":[],"class_list":["post-69991","post","type-post","status-publish","format-standard","has-post-thumbnail","hentry","category-a-la-une","category-vosges"],"acf":[],"yoast_head":"<!-- This site is optimized with the Yoast SEO plugin v22.5 - https:\/\/yoast.com\/wordpress\/plugins\/seo\/ -->\n<title>Assembl\u00e9e Nationale \u2013 La derni\u00e8re s\u00e9ance publique des d\u00e9put\u00e9s Michel Heinrich et Fran\u00e7ois Vannson - Epinal Info<\/title>\n<meta name=\"robots\" content=\"index, follow, max-snippet:-1, max-image-preview:large, max-video-preview:-1\" \/>\n<link rel=\"canonical\" href=\"https:\/\/vosgesinfo.fr\/epinalinfo\/2017\/02\/assemblee-nationale-derniere-seance-publique-deputes-michel-heinrich-francois-vannson\/\" \/>\n<meta name=\"twitter:card\" content=\"summary_large_image\" \/>\n<meta name=\"twitter:title\" content=\"Assembl\u00e9e Nationale \u2013 La derni\u00e8re s\u00e9ance publique des d\u00e9put\u00e9s Michel Heinrich et Fran\u00e7ois Vannson - Epinal Info\" \/>\n<meta name=\"twitter:description\" content=\"C\u2019\u00e9tait la derni\u00e8re s\u00e9ance des \u201cQuestions au gouvernement\u201d de la l\u00e9gislature, ce mercredi 22 f\u00e9vrier 2017, \u00e0 l\u2019Assembl\u00e9e Nationale. Et [&hellip;]\" \/>\n<meta name=\"twitter:image\" content=\"https:\/\/vosgesinfo.fr\/app\/uploads\/sites\/3\/2024\/08\/20170216938988-1114476945345182-3732713676638180935-n.jpg\" \/>\n<meta name=\"twitter:creator\" content=\"@VosgesInfo88\" \/>\n<meta name=\"twitter:site\" content=\"@VosgesInfo88\" \/>\n<meta name=\"twitter:label1\" content=\"\u00c9crit par\" \/>\n\t<meta name=\"twitter:data1\" content=\"C.K.\" \/>\n\t<meta name=\"twitter:label2\" content=\"Dur\u00e9e de lecture estim\u00e9e\" \/>\n\t<meta name=\"twitter:data2\" content=\"1 minute\" \/>\n<script type=\"application\/ld+json\" class=\"yoast-schema-graph\">{\"@context\":\"https:\/\/schema.org\",\"@graph\":[{\"@type\":\"Article\",\"@id\":\"https:\/\/vosgesinfo.fr\/epinalinfo\/2017\/02\/assemblee-nationale-derniere-seance-publique-deputes-michel-heinrich-francois-vannson\/#article\",\"isPartOf\":{\"@id\":\"https:\/\/vosgesinfo.fr\/epinalinfo\/2017\/02\/assemblee-nationale-derniere-seance-publique-deputes-michel-heinrich-francois-vannson\/\"},\"author\":{\"name\":\"C.K.\",\"@id\":\"https:\/\/vosgesinfo.fr\/epinalinfo\/#\/schema\/person\/6f9a650eeea99d969b6c4ab78fccbe81\"},\"headline\":\"Assembl\u00e9e Nationale \u2013 La derni\u00e8re s\u00e9ance publique des d\u00e9put\u00e9s Michel Heinrich et Fran\u00e7ois Vannson\",\"datePublished\":\"2017-02-22T17:27:10+00:00\",\"dateModified\":\"2017-02-22T17:27:10+00:00\",\"mainEntityOfPage\":{\"@id\":\"https:\/\/vosgesinfo.fr\/epinalinfo\/2017\/02\/assemblee-nationale-derniere-seance-publique-deputes-michel-heinrich-francois-vannson\/\"},\"wordCount\":265,\"commentCount\":0,\"publisher\":{\"@id\":\"https:\/\/vosgesinfo.fr\/epinalinfo\/#organization\"},\"image\":{\"@id\":\"https:\/\/vosgesinfo.fr\/epinalinfo\/2017\/02\/assemblee-nationale-derniere-seance-publique-deputes-michel-heinrich-francois-vannson\/#primaryimage\"},\"thumbnailUrl\":\"https:\/\/vosgesinfo.fr\/app\/uploads\/sites\/3\/2024\/08\/20170216938988-1114476945345182-3732713676638180935-n.jpg\",\"articleSection\":[\"A la Une\",\"Vosges\"],\"inLanguage\":\"fr-FR\",\"potentialAction\":[{\"@type\":\"CommentAction\",\"name\":\"Comment\",\"target\":[\"https:\/\/vosgesinfo.fr\/epinalinfo\/2017\/02\/assemblee-nationale-derniere-seance-publique-deputes-michel-heinrich-francois-vannson\/#respond\"]}]},{\"@type\":\"WebPage\",\"@id\":\"https:\/\/vosgesinfo.fr\/epinalinfo\/2017\/02\/assemblee-nationale-derniere-seance-publique-deputes-michel-heinrich-francois-vannson\/\",\"url\":\"https:\/\/vosgesinfo.fr\/epinalinfo\/2017\/02\/assemblee-nationale-derniere-seance-publique-deputes-michel-heinrich-francois-vannson\/\",\"name\":\"Assembl\u00e9e Nationale \u2013 La derni\u00e8re s\u00e9ance publique des d\u00e9put\u00e9s Michel Heinrich et Fran\u00e7ois Vannson - Epinal Info\",\"isPartOf\":{\"@id\":\"https:\/\/vosgesinfo.fr\/epinalinfo\/#website\"},\"primaryImageOfPage\":{\"@id\":\"https:\/\/vosgesinfo.fr\/epinalinfo\/2017\/02\/assemblee-nationale-derniere-seance-publique-deputes-michel-heinrich-francois-vannson\/#primaryimage\"},\"image\":{\"@id\":\"https:\/\/vosgesinfo.fr\/epinalinfo\/2017\/02\/assemblee-nationale-derniere-seance-publique-deputes-michel-heinrich-francois-vannson\/#primaryimage\"},\"thumbnailUrl\":\"https:\/\/vosgesinfo.fr\/app\/uploads\/sites\/3\/2024\/08\/20170216938988-1114476945345182-3732713676638180935-n.jpg\",\"datePublished\":\"2017-02-22T17:27:10+00:00\",\"dateModified\":\"2017-02-22T17:27:10+00:00\",\"breadcrumb\":{\"@id\":\"https:\/\/vosgesinfo.fr\/epinalinfo\/2017\/02\/assemblee-nationale-derniere-seance-publique-deputes-michel-heinrich-francois-vannson\/#breadcrumb\"},\"inLanguage\":\"fr-FR\",\"potentialAction\":[{\"@type\":\"ReadAction\",\"target\":[\"https:\/\/vosgesinfo.fr\/epinalinfo\/2017\/02\/assemblee-nationale-derniere-seance-publique-deputes-michel-heinrich-francois-vannson\/\"]}]},{\"@type\":\"ImageObject\",\"inLanguage\":\"fr-FR\",\"@id\":\"https:\/\/vosgesinfo.fr\/epinalinfo\/2017\/02\/assemblee-nationale-derniere-seance-publique-deputes-michel-heinrich-francois-vannson\/#primaryimage\",\"url\":\"https:\/\/vosgesinfo.fr\/app\/uploads\/sites\/3\/2024\/08\/20170216938988-1114476945345182-3732713676638180935-n.jpg\",\"contentUrl\":\"https:\/\/vosgesinfo.fr\/app\/uploads\/sites\/3\/2024\/08\/20170216938988-1114476945345182-3732713676638180935-n.jpg\",\"width\":600,\"height\":800},{\"@type\":\"BreadcrumbList\",\"@id\":\"https:\/\/vosgesinfo.fr\/epinalinfo\/2017\/02\/assemblee-nationale-derniere-seance-publique-deputes-michel-heinrich-francois-vannson\/#breadcrumb\",\"itemListElement\":[{\"@type\":\"ListItem\",\"position\":1,\"name\":\"Home\",\"item\":\"https:\/\/vosgesinfo.fr\/epinalinfo\/\"},{\"@type\":\"ListItem\",\"position\":2,\"name\":\"Assembl\u00e9e Nationale \u2013 La derni\u00e8re s\u00e9ance publique des d\u00e9put\u00e9s Michel Heinrich et Fran\u00e7ois Vannson\"}]},{\"@type\":\"WebSite\",\"@id\":\"https:\/\/vosgesinfo.fr\/epinalinfo\/#website\",\"url\":\"https:\/\/vosgesinfo.fr\/epinalinfo\/\",\"name\":\"Epinal Info\",\"description\":\"Toute l&#039;actualit\u00e9 d&#039;\u00c9pinal\",\"publisher\":{\"@id\":\"https:\/\/vosgesinfo.fr\/epinalinfo\/#organization\"},\"alternateName\":\"Toute l'actualit\u00e9 d'\u00c9pinal\",\"potentialAction\":[{\"@type\":\"SearchAction\",\"target\":{\"@type\":\"EntryPoint\",\"urlTemplate\":\"https:\/\/vosgesinfo.fr\/epinalinfo\/?s={search_term_string}\"},\"query-input\":\"required name=search_term_string\"}],\"inLanguage\":\"fr-FR\"},{\"@type\":\"Organization\",\"@id\":\"https:\/\/vosgesinfo.fr\/epinalinfo\/#organization\",\"name\":\"Epinal Info\",\"url\":\"https:\/\/vosgesinfo.fr\/epinalinfo\/\",\"logo\":{\"@type\":\"ImageObject\",\"inLanguage\":\"fr-FR\",\"@id\":\"https:\/\/vosgesinfo.fr\/epinalinfo\/#\/schema\/logo\/image\/\",\"url\":\"https:\/\/vosgesinfo.fr\/app\/uploads\/sites\/3\/2023\/08\/logo-epinalinfos.svg\",\"contentUrl\":\"https:\/\/vosgesinfo.fr\/app\/uploads\/sites\/3\/2023\/08\/logo-epinalinfos.svg\",\"width\":1,\"height\":1,\"caption\":\"Epinal Info\"},\"image\":{\"@id\":\"https:\/\/vosgesinfo.fr\/epinalinfo\/#\/schema\/logo\/image\/\"},\"sameAs\":[\"https:\/\/www.facebook.com\/Epinalinfos\",\"https:\/\/x.com\/VosgesInfo88\",\"https:\/\/www.youtube.com\/@vosgesinfo\"]},{\"@type\":\"Person\",\"@id\":\"https:\/\/vosgesinfo.fr\/epinalinfo\/#\/schema\/person\/6f9a650eeea99d969b6c4ab78fccbe81\",\"name\":\"C.K.\",\"image\":{\"@type\":\"ImageObject\",\"inLanguage\":\"fr-FR\",\"@id\":\"https:\/\/vosgesinfo.fr\/epinalinfo\/#\/schema\/person\/image\/\",\"url\":\"https:\/\/secure.gravatar.com\/avatar\/48e3fc7f8421ba8942be6b74a2b7f014ca39bc00dece156b7a8e098ae7dc87bf?s=96&d=mm&r=g\",\"contentUrl\":\"https:\/\/secure.gravatar.com\/avatar\/48e3fc7f8421ba8942be6b74a2b7f014ca39bc00dece156b7a8e098ae7dc87bf?s=96&d=mm&r=g\",\"caption\":\"C.K.\"},\"url\":\"https:\/\/vosgesinfo.fr\/epinalinfo\/author\/celia-k-n\/\"}]}<\/script>\n<!-- \/ Yoast SEO plugin. -->","yoast_head_json":{"title":"Assembl\u00e9e Nationale \u2013 La derni\u00e8re s\u00e9ance publique des d\u00e9put\u00e9s Michel Heinrich et Fran\u00e7ois Vannson - Epinal Info","robots":{"index":"index","follow":"follow","max-snippet":"max-snippet:-1","max-image-preview":"max-image-preview:large","max-video-preview":"max-video-preview:-1"},"canonical":"https:\/\/vosgesinfo.fr\/epinalinfo\/2017\/02\/assemblee-nationale-derniere-seance-publique-deputes-michel-heinrich-francois-vannson\/","twitter_card":"summary_large_image","twitter_title":"Assembl\u00e9e Nationale \u2013 La derni\u00e8re s\u00e9ance publique des d\u00e9put\u00e9s Michel Heinrich et Fran\u00e7ois Vannson - Epinal Info","twitter_description":"C\u2019\u00e9tait la derni\u00e8re s\u00e9ance des \u201cQuestions au gouvernement\u201d de la l\u00e9gislature, ce mercredi 22 f\u00e9vrier 2017, \u00e0 l\u2019Assembl\u00e9e Nationale. Et [&hellip;]","twitter_image":"https:\/\/vosgesinfo.fr\/app\/uploads\/sites\/3\/2024\/08\/20170216938988-1114476945345182-3732713676638180935-n.jpg","twitter_creator":"@VosgesInfo88","twitter_site":"@VosgesInfo88","twitter_misc":{"\u00c9crit par":"C.K.","Dur\u00e9e de lecture estim\u00e9e":"1 minute"},"schema":{"@context":"https:\/\/schema.org","@graph":[{"@type":"Article","@id":"https:\/\/vosgesinfo.fr\/epinalinfo\/2017\/02\/assemblee-nationale-derniere-seance-publique-deputes-michel-heinrich-francois-vannson\/#article","isPartOf":{"@id":"https:\/\/vosgesinfo.fr\/epinalinfo\/2017\/02\/assemblee-nationale-derniere-seance-publique-deputes-michel-heinrich-francois-vannson\/"},"author":{"name":"C.K.","@id":"https:\/\/vosgesinfo.fr\/epinalinfo\/#\/schema\/person\/6f9a650eeea99d969b6c4ab78fccbe81"},"headline":"Assembl\u00e9e Nationale \u2013 La derni\u00e8re s\u00e9ance publique des d\u00e9put\u00e9s Michel Heinrich et Fran\u00e7ois Vannson","datePublished":"2017-02-22T17:27:10+00:00","dateModified":"2017-02-22T17:27:10+00:00","mainEntityOfPage":{"@id":"https:\/\/vosgesinfo.fr\/epinalinfo\/2017\/02\/assemblee-nationale-derniere-seance-publique-deputes-michel-heinrich-francois-vannson\/"},"wordCount":265,"commentCount":0,"publisher":{"@id":"https:\/\/vosgesinfo.fr\/epinalinfo\/#organization"},"image":{"@id":"https:\/\/vosgesinfo.fr\/epinalinfo\/2017\/02\/assemblee-nationale-derniere-seance-publique-deputes-michel-heinrich-francois-vannson\/#primaryimage"},"thumbnailUrl":"https:\/\/vosgesinfo.fr\/app\/uploads\/sites\/3\/2024\/08\/20170216938988-1114476945345182-3732713676638180935-n.jpg","articleSection":["A la Une","Vosges"],"inLanguage":"fr-FR","potentialAction":[{"@type":"CommentAction","name":"Comment","target":["https:\/\/vosgesinfo.fr\/epinalinfo\/2017\/02\/assemblee-nationale-derniere-seance-publique-deputes-michel-heinrich-francois-vannson\/#respond"]}]},{"@type":"WebPage","@id":"https:\/\/vosgesinfo.fr\/epinalinfo\/2017\/02\/assemblee-nationale-derniere-seance-publique-deputes-michel-heinrich-francois-vannson\/","url":"https:\/\/vosgesinfo.fr\/epinalinfo\/2017\/02\/assemblee-nationale-derniere-seance-publique-deputes-michel-heinrich-francois-vannson\/","name":"Assembl\u00e9e Nationale \u2013 La derni\u00e8re s\u00e9ance publique des d\u00e9put\u00e9s Michel Heinrich et Fran\u00e7ois Vannson - Epinal Info","isPartOf":{"@id":"https:\/\/vosgesinfo.fr\/epinalinfo\/#website"},"primaryImageOfPage":{"@id":"https:\/\/vosgesinfo.fr\/epinalinfo\/2017\/02\/assemblee-nationale-derniere-seance-publique-deputes-michel-heinrich-francois-vannson\/#primaryimage"},"image":{"@id":"https:\/\/vosgesinfo.fr\/epinalinfo\/2017\/02\/assemblee-nationale-derniere-seance-publique-deputes-michel-heinrich-francois-vannson\/#primaryimage"},"thumbnailUrl":"https:\/\/vosgesinfo.fr\/app\/uploads\/sites\/3\/2024\/08\/20170216938988-1114476945345182-3732713676638180935-n.jpg","datePublished":"2017-02-22T17:27:10+00:00","dateModified":"2017-02-22T17:27:10+00:00","breadcrumb":{"@id":"https:\/\/vosgesinfo.fr\/epinalinfo\/2017\/02\/assemblee-nationale-derniere-seance-publique-deputes-michel-heinrich-francois-vannson\/#breadcrumb"},"inLanguage":"fr-FR","potentialAction":[{"@type":"ReadAction","target":["https:\/\/vosgesinfo.fr\/epinalinfo\/2017\/02\/assemblee-nationale-derniere-seance-publique-deputes-michel-heinrich-francois-vannson\/"]}]},{"@type":"ImageObject","inLanguage":"fr-FR","@id":"https:\/\/vosgesinfo.fr\/epinalinfo\/2017\/02\/assemblee-nationale-derniere-seance-publique-deputes-michel-heinrich-francois-vannson\/#primaryimage","url":"https:\/\/vosgesinfo.fr\/app\/uploads\/sites\/3\/2024\/08\/20170216938988-1114476945345182-3732713676638180935-n.jpg","contentUrl":"https:\/\/vosgesinfo.fr\/app\/uploads\/sites\/3\/2024\/08\/20170216938988-1114476945345182-3732713676638180935-n.jpg","width":600,"height":800},{"@type":"BreadcrumbList","@id":"https:\/\/vosgesinfo.fr\/epinalinfo\/2017\/02\/assemblee-nationale-derniere-seance-publique-deputes-michel-heinrich-francois-vannson\/#breadcrumb","itemListElement":[{"@type":"ListItem","position":1,"name":"Home","item":"https:\/\/vosgesinfo.fr\/epinalinfo\/"},{"@type":"ListItem","position":2,"name":"Assembl\u00e9e Nationale \u2013 La derni\u00e8re s\u00e9ance publique des d\u00e9put\u00e9s Michel Heinrich et Fran\u00e7ois Vannson"}]},{"@type":"WebSite","@id":"https:\/\/vosgesinfo.fr\/epinalinfo\/#website","url":"https:\/\/vosgesinfo.fr\/epinalinfo\/","name":"Epinal Info","description":"Toute l&#039;actualit\u00e9 d&#039;\u00c9pinal","publisher":{"@id":"https:\/\/vosgesinfo.fr\/epinalinfo\/#organization"},"alternateName":"Toute l'actualit\u00e9 d'\u00c9pinal","potentialAction":[{"@type":"SearchAction","target":{"@type":"EntryPoint","urlTemplate":"https:\/\/vosgesinfo.fr\/epinalinfo\/?s={search_term_string}"},"query-input":"required name=search_term_string"}],"inLanguage":"fr-FR"},{"@type":"Organization","@id":"https:\/\/vosgesinfo.fr\/epinalinfo\/#organization","name":"Epinal Info","url":"https:\/\/vosgesinfo.fr\/epinalinfo\/","logo":{"@type":"ImageObject","inLanguage":"fr-FR","@id":"https:\/\/vosgesinfo.fr\/epinalinfo\/#\/schema\/logo\/image\/","url":"https:\/\/vosgesinfo.fr\/app\/uploads\/sites\/3\/2023\/08\/logo-epinalinfos.svg","contentUrl":"https:\/\/vosgesinfo.fr\/app\/uploads\/sites\/3\/2023\/08\/logo-epinalinfos.svg","width":1,"height":1,"caption":"Epinal Info"},"image":{"@id":"https:\/\/vosgesinfo.fr\/epinalinfo\/#\/schema\/logo\/image\/"},"sameAs":["https:\/\/www.facebook.com\/Epinalinfos","https:\/\/x.com\/VosgesInfo88","https:\/\/www.youtube.com\/@vosgesinfo"]},{"@type":"Person","@id":"https:\/\/vosgesinfo.fr\/epinalinfo\/#\/schema\/person\/6f9a650eeea99d969b6c4ab78fccbe81","name":"C.K.","image":{"@type":"ImageObject","inLanguage":"fr-FR","@id":"https:\/\/vosgesinfo.fr\/epinalinfo\/#\/schema\/person\/image\/","url":"https:\/\/secure.gravatar.com\/avatar\/48e3fc7f8421ba8942be6b74a2b7f014ca39bc00dece156b7a8e098ae7dc87bf?s=96&d=mm&r=g","contentUrl":"https:\/\/secure.gravatar.com\/avatar\/48e3fc7f8421ba8942be6b74a2b7f014ca39bc00dece156b7a8e098ae7dc87bf?s=96&d=mm&r=g","caption":"C.K."},"url":"https:\/\/vosgesinfo.fr\/epinalinfo\/author\/celia-k-n\/"}]}},"_links":{"self":[{"href":"https:\/\/vosgesinfo.fr\/epinalinfo\/wp-json\/wp\/v2\/posts\/69991","targetHints":{"allow":["GET"]}}],"collection":[{"href":"https:\/\/vosgesinfo.fr\/epinalinfo\/wp-json\/wp\/v2\/posts"}],"about":[{"href":"https:\/\/vosgesinfo.fr\/epinalinfo\/wp-json\/wp\/v2\/types\/post"}],"author":[{"embeddable":true,"href":"https:\/\/vosgesinfo.fr\/epinalinfo\/wp-json\/wp\/v2\/users\/52"}],"replies":[{"embeddable":true,"href":"https:\/\/vosgesinfo.fr\/epinalinfo\/wp-json\/wp\/v2\/comments?post=69991"}],"version-history":[{"count":0,"href":"https:\/\/vosgesinfo.fr\/epinalinfo\/wp-json\/wp\/v2\/posts\/69991\/revisions"}],"wp:featuredmedia":[{"embeddable":true,"href":"https:\/\/vosgesinfo.fr\/epinalinfo\/wp-json\/wp\/v2\/media\/69992"}],"wp:attachment":[{"href":"https:\/\/vosgesinfo.fr\/epinalinfo\/wp-json\/wp\/v2\/media?parent=69991"}],"wp:term":[{"taxonomy":"category","embeddable":true,"href":"https:\/\/vosgesinfo.fr\/epinalinfo\/wp-json\/wp\/v2\/categories?post=69991"},{"taxonomy":"post_tag","embeddable":true,"href":"https:\/\/vosgesinfo.fr\/epinalinfo\/wp-json\/wp\/v2\/tags?post=69991"}],"curies":[{"name":"wp","href":"https:\/\/api.w.org\/{rel}","templated":true}]}}