{"id":70081,"date":"2017-02-25T16:47:43","date_gmt":"2017-02-25T15:47:43","guid":{"rendered":"https:\/\/vosgesinfo.fr\/epinalinfo\/2017\/02\/vosges-arretes-apres-vole-plus-de-1-000-euros-de-cosmetiques\/"},"modified":"2017-02-25T16:47:43","modified_gmt":"2017-02-25T15:47:43","slug":"vosges-arretes-apres-vole-plus-de-1-000-euros-de-cosmetiques","status":"publish","type":"post","link":"https:\/\/vosgesinfo.fr\/epinalinfo\/2017\/02\/vosges-arretes-apres-vole-plus-de-1-000-euros-de-cosmetiques\/","title":{"rendered":"Vosges \u2013 Arr\u00eat\u00e9s apr\u00e8s avoir vol\u00e9 plus de 1.000 euros de cosm\u00e9tiques"},"content":{"rendered":"<p><a href=\"http:\/\/epinalinfos.fr\/2017\/02\/vosges-arretes-apres-vole-plus-de-1-000-euros-de-cosmetiques\/cosmetics-1367779_960_720\/\" rel=\"attachment wp-att-109366\"><img decoding=\"async\" class=\"aligncenter size-full wp-image-109366\" src=\"\/2017\/02\/cosmetics-1367779_960_720.jpg\" alt=\"cosmetics-1367779_960_720\" width=\"800\" height=\"533\" \/><\/a>Jeudi 23 f\u00e9vrier 2017, deux individus ont d\u00e9rob\u00e9 des produits cosm\u00e9tiques dans deux supermarch\u00e9s de Contrex\u00e9ville et de Neufch\u00e2teau. Au total, le pr\u00e9judice s\u2019\u00e9l\u00e8ve \u00e0 plus de 1.000 \u20acuros. Ces deux individus ont \u00e9t\u00e9 intercept\u00e9s par la brigade motoris\u00e9e de Ch\u00e2tenois sur le territoire de cette m\u00eame commune. Il s\u2019est av\u00e9r\u00e9 que les deux hommes sont d\u2019origine roumaine.<\/p>\n<p><strong>D.J.<\/strong><\/p>\n","protected":false},"excerpt":{"rendered":"<p>Jeudi 23 f\u00e9vrier 2017, deux individus ont d\u00e9rob\u00e9 des produits cosm\u00e9tiques dans deux supermarch\u00e9s de Contrex\u00e9ville et de Neufch\u00e2teau. Au [&hellip;]<\/p>\n","protected":false},"author":52,"featured_media":70082,"comment_status":"open","ping_status":"open","sticky":false,"template":"","format":"standard","meta":{"footnotes":""},"categories":[6,5],"tags":[],"class_list":["post-70081","post","type-post","status-publish","format-standard","has-post-thumbnail","hentry","category-faits-divers","category-vosges"],"acf":[],"yoast_head":"<!-- This site is optimized with the Yoast SEO plugin v22.5 - https:\/\/yoast.com\/wordpress\/plugins\/seo\/ -->\n<title>Vosges \u2013 Arr\u00eat\u00e9s apr\u00e8s avoir vol\u00e9 plus de 1.000 euros de cosm\u00e9tiques - Epinal Info<\/title>\n<meta name=\"robots\" content=\"index, follow, max-snippet:-1, max-image-preview:large, max-video-preview:-1\" \/>\n<link rel=\"canonical\" href=\"https:\/\/vosgesinfo.fr\/epinalinfo\/2017\/02\/vosges-arretes-apres-vole-plus-de-1-000-euros-de-cosmetiques\/\" \/>\n<meta name=\"twitter:card\" content=\"summary_large_image\" \/>\n<meta name=\"twitter:title\" content=\"Vosges \u2013 Arr\u00eat\u00e9s apr\u00e8s avoir vol\u00e9 plus de 1.000 euros de cosm\u00e9tiques - Epinal Info\" \/>\n<meta name=\"twitter:description\" content=\"Jeudi 23 f\u00e9vrier 2017, deux individus ont d\u00e9rob\u00e9 des produits cosm\u00e9tiques dans deux supermarch\u00e9s de Contrex\u00e9ville et de Neufch\u00e2teau. Au [&hellip;]\" \/>\n<meta name=\"twitter:image\" content=\"https:\/\/vosgesinfo.fr\/app\/uploads\/sites\/3\/2024\/08\/201702cosmetics-1367779-960-720.jpg\" \/>\n<meta name=\"twitter:creator\" content=\"@VosgesInfo88\" \/>\n<meta name=\"twitter:site\" content=\"@VosgesInfo88\" \/>\n<meta name=\"twitter:label1\" content=\"\u00c9crit par\" \/>\n\t<meta name=\"twitter:data1\" content=\"C.K.\" \/>\n<script type=\"application\/ld+json\" class=\"yoast-schema-graph\">{\"@context\":\"https:\/\/schema.org\",\"@graph\":[{\"@type\":\"Article\",\"@id\":\"https:\/\/vosgesinfo.fr\/epinalinfo\/2017\/02\/vosges-arretes-apres-vole-plus-de-1-000-euros-de-cosmetiques\/#article\",\"isPartOf\":{\"@id\":\"https:\/\/vosgesinfo.fr\/epinalinfo\/2017\/02\/vosges-arretes-apres-vole-plus-de-1-000-euros-de-cosmetiques\/\"},\"author\":{\"name\":\"C.K.\",\"@id\":\"https:\/\/vosgesinfo.fr\/epinalinfo\/#\/schema\/person\/6f9a650eeea99d969b6c4ab78fccbe81\"},\"headline\":\"Vosges \u2013 Arr\u00eat\u00e9s apr\u00e8s avoir vol\u00e9 plus de 1.000 euros de cosm\u00e9tiques\",\"datePublished\":\"2017-02-25T15:47:43+00:00\",\"dateModified\":\"2017-02-25T15:47:43+00:00\",\"mainEntityOfPage\":{\"@id\":\"https:\/\/vosgesinfo.fr\/epinalinfo\/2017\/02\/vosges-arretes-apres-vole-plus-de-1-000-euros-de-cosmetiques\/\"},\"wordCount\":86,\"commentCount\":0,\"publisher\":{\"@id\":\"https:\/\/vosgesinfo.fr\/epinalinfo\/#organization\"},\"image\":{\"@id\":\"https:\/\/vosgesinfo.fr\/epinalinfo\/2017\/02\/vosges-arretes-apres-vole-plus-de-1-000-euros-de-cosmetiques\/#primaryimage\"},\"thumbnailUrl\":\"https:\/\/vosgesinfo.fr\/app\/uploads\/sites\/3\/2024\/08\/201702cosmetics-1367779-960-720.jpg\",\"articleSection\":[\"Faits-divers\",\"Vosges\"],\"inLanguage\":\"fr-FR\",\"potentialAction\":[{\"@type\":\"CommentAction\",\"name\":\"Comment\",\"target\":[\"https:\/\/vosgesinfo.fr\/epinalinfo\/2017\/02\/vosges-arretes-apres-vole-plus-de-1-000-euros-de-cosmetiques\/#respond\"]}]},{\"@type\":\"WebPage\",\"@id\":\"https:\/\/vosgesinfo.fr\/epinalinfo\/2017\/02\/vosges-arretes-apres-vole-plus-de-1-000-euros-de-cosmetiques\/\",\"url\":\"https:\/\/vosgesinfo.fr\/epinalinfo\/2017\/02\/vosges-arretes-apres-vole-plus-de-1-000-euros-de-cosmetiques\/\",\"name\":\"Vosges \u2013 Arr\u00eat\u00e9s apr\u00e8s avoir vol\u00e9 plus de 1.000 euros de cosm\u00e9tiques - Epinal Info\",\"isPartOf\":{\"@id\":\"https:\/\/vosgesinfo.fr\/epinalinfo\/#website\"},\"primaryImageOfPage\":{\"@id\":\"https:\/\/vosgesinfo.fr\/epinalinfo\/2017\/02\/vosges-arretes-apres-vole-plus-de-1-000-euros-de-cosmetiques\/#primaryimage\"},\"image\":{\"@id\":\"https:\/\/vosgesinfo.fr\/epinalinfo\/2017\/02\/vosges-arretes-apres-vole-plus-de-1-000-euros-de-cosmetiques\/#primaryimage\"},\"thumbnailUrl\":\"https:\/\/vosgesinfo.fr\/app\/uploads\/sites\/3\/2024\/08\/201702cosmetics-1367779-960-720.jpg\",\"datePublished\":\"2017-02-25T15:47:43+00:00\",\"dateModified\":\"2017-02-25T15:47:43+00:00\",\"breadcrumb\":{\"@id\":\"https:\/\/vosgesinfo.fr\/epinalinfo\/2017\/02\/vosges-arretes-apres-vole-plus-de-1-000-euros-de-cosmetiques\/#breadcrumb\"},\"inLanguage\":\"fr-FR\",\"potentialAction\":[{\"@type\":\"ReadAction\",\"target\":[\"https:\/\/vosgesinfo.fr\/epinalinfo\/2017\/02\/vosges-arretes-apres-vole-plus-de-1-000-euros-de-cosmetiques\/\"]}]},{\"@type\":\"ImageObject\",\"inLanguage\":\"fr-FR\",\"@id\":\"https:\/\/vosgesinfo.fr\/epinalinfo\/2017\/02\/vosges-arretes-apres-vole-plus-de-1-000-euros-de-cosmetiques\/#primaryimage\",\"url\":\"https:\/\/vosgesinfo.fr\/app\/uploads\/sites\/3\/2024\/08\/201702cosmetics-1367779-960-720.jpg\",\"contentUrl\":\"https:\/\/vosgesinfo.fr\/app\/uploads\/sites\/3\/2024\/08\/201702cosmetics-1367779-960-720.jpg\",\"width\":800,\"height\":533},{\"@type\":\"BreadcrumbList\",\"@id\":\"https:\/\/vosgesinfo.fr\/epinalinfo\/2017\/02\/vosges-arretes-apres-vole-plus-de-1-000-euros-de-cosmetiques\/#breadcrumb\",\"itemListElement\":[{\"@type\":\"ListItem\",\"position\":1,\"name\":\"Home\",\"item\":\"https:\/\/vosgesinfo.fr\/epinalinfo\/\"},{\"@type\":\"ListItem\",\"position\":2,\"name\":\"Vosges \u2013 Arr\u00eat\u00e9s apr\u00e8s avoir vol\u00e9 plus de 1.000 euros de cosm\u00e9tiques\"}]},{\"@type\":\"WebSite\",\"@id\":\"https:\/\/vosgesinfo.fr\/epinalinfo\/#website\",\"url\":\"https:\/\/vosgesinfo.fr\/epinalinfo\/\",\"name\":\"Epinal Info\",\"description\":\"Toute l&#039;actualit\u00e9 d&#039;\u00c9pinal\",\"publisher\":{\"@id\":\"https:\/\/vosgesinfo.fr\/epinalinfo\/#organization\"},\"alternateName\":\"Toute l'actualit\u00e9 d'\u00c9pinal\",\"potentialAction\":[{\"@type\":\"SearchAction\",\"target\":{\"@type\":\"EntryPoint\",\"urlTemplate\":\"https:\/\/vosgesinfo.fr\/epinalinfo\/?s={search_term_string}\"},\"query-input\":\"required name=search_term_string\"}],\"inLanguage\":\"fr-FR\"},{\"@type\":\"Organization\",\"@id\":\"https:\/\/vosgesinfo.fr\/epinalinfo\/#organization\",\"name\":\"Epinal Info\",\"url\":\"https:\/\/vosgesinfo.fr\/epinalinfo\/\",\"logo\":{\"@type\":\"ImageObject\",\"inLanguage\":\"fr-FR\",\"@id\":\"https:\/\/vosgesinfo.fr\/epinalinfo\/#\/schema\/logo\/image\/\",\"url\":\"https:\/\/vosgesinfo.fr\/app\/uploads\/sites\/3\/2023\/08\/logo-epinalinfos.svg\",\"contentUrl\":\"https:\/\/vosgesinfo.fr\/app\/uploads\/sites\/3\/2023\/08\/logo-epinalinfos.svg\",\"width\":1,\"height\":1,\"caption\":\"Epinal Info\"},\"image\":{\"@id\":\"https:\/\/vosgesinfo.fr\/epinalinfo\/#\/schema\/logo\/image\/\"},\"sameAs\":[\"https:\/\/www.facebook.com\/Epinalinfos\",\"https:\/\/x.com\/VosgesInfo88\",\"https:\/\/www.youtube.com\/@vosgesinfo\"]},{\"@type\":\"Person\",\"@id\":\"https:\/\/vosgesinfo.fr\/epinalinfo\/#\/schema\/person\/6f9a650eeea99d969b6c4ab78fccbe81\",\"name\":\"C.K.\",\"image\":{\"@type\":\"ImageObject\",\"inLanguage\":\"fr-FR\",\"@id\":\"https:\/\/vosgesinfo.fr\/epinalinfo\/#\/schema\/person\/image\/\",\"url\":\"https:\/\/secure.gravatar.com\/avatar\/48e3fc7f8421ba8942be6b74a2b7f014ca39bc00dece156b7a8e098ae7dc87bf?s=96&d=mm&r=g\",\"contentUrl\":\"https:\/\/secure.gravatar.com\/avatar\/48e3fc7f8421ba8942be6b74a2b7f014ca39bc00dece156b7a8e098ae7dc87bf?s=96&d=mm&r=g\",\"caption\":\"C.K.\"},\"url\":\"https:\/\/vosgesinfo.fr\/epinalinfo\/author\/celia-k-n\/\"}]}<\/script>\n<!-- \/ Yoast SEO plugin. -->","yoast_head_json":{"title":"Vosges \u2013 Arr\u00eat\u00e9s apr\u00e8s avoir vol\u00e9 plus de 1.000 euros de cosm\u00e9tiques - Epinal Info","robots":{"index":"index","follow":"follow","max-snippet":"max-snippet:-1","max-image-preview":"max-image-preview:large","max-video-preview":"max-video-preview:-1"},"canonical":"https:\/\/vosgesinfo.fr\/epinalinfo\/2017\/02\/vosges-arretes-apres-vole-plus-de-1-000-euros-de-cosmetiques\/","twitter_card":"summary_large_image","twitter_title":"Vosges \u2013 Arr\u00eat\u00e9s apr\u00e8s avoir vol\u00e9 plus de 1.000 euros de cosm\u00e9tiques - Epinal Info","twitter_description":"Jeudi 23 f\u00e9vrier 2017, deux individus ont d\u00e9rob\u00e9 des produits cosm\u00e9tiques dans deux supermarch\u00e9s de Contrex\u00e9ville et de Neufch\u00e2teau. Au [&hellip;]","twitter_image":"https:\/\/vosgesinfo.fr\/app\/uploads\/sites\/3\/2024\/08\/201702cosmetics-1367779-960-720.jpg","twitter_creator":"@VosgesInfo88","twitter_site":"@VosgesInfo88","twitter_misc":{"\u00c9crit par":"C.K."},"schema":{"@context":"https:\/\/schema.org","@graph":[{"@type":"Article","@id":"https:\/\/vosgesinfo.fr\/epinalinfo\/2017\/02\/vosges-arretes-apres-vole-plus-de-1-000-euros-de-cosmetiques\/#article","isPartOf":{"@id":"https:\/\/vosgesinfo.fr\/epinalinfo\/2017\/02\/vosges-arretes-apres-vole-plus-de-1-000-euros-de-cosmetiques\/"},"author":{"name":"C.K.","@id":"https:\/\/vosgesinfo.fr\/epinalinfo\/#\/schema\/person\/6f9a650eeea99d969b6c4ab78fccbe81"},"headline":"Vosges \u2013 Arr\u00eat\u00e9s apr\u00e8s avoir vol\u00e9 plus de 1.000 euros de cosm\u00e9tiques","datePublished":"2017-02-25T15:47:43+00:00","dateModified":"2017-02-25T15:47:43+00:00","mainEntityOfPage":{"@id":"https:\/\/vosgesinfo.fr\/epinalinfo\/2017\/02\/vosges-arretes-apres-vole-plus-de-1-000-euros-de-cosmetiques\/"},"wordCount":86,"commentCount":0,"publisher":{"@id":"https:\/\/vosgesinfo.fr\/epinalinfo\/#organization"},"image":{"@id":"https:\/\/vosgesinfo.fr\/epinalinfo\/2017\/02\/vosges-arretes-apres-vole-plus-de-1-000-euros-de-cosmetiques\/#primaryimage"},"thumbnailUrl":"https:\/\/vosgesinfo.fr\/app\/uploads\/sites\/3\/2024\/08\/201702cosmetics-1367779-960-720.jpg","articleSection":["Faits-divers","Vosges"],"inLanguage":"fr-FR","potentialAction":[{"@type":"CommentAction","name":"Comment","target":["https:\/\/vosgesinfo.fr\/epinalinfo\/2017\/02\/vosges-arretes-apres-vole-plus-de-1-000-euros-de-cosmetiques\/#respond"]}]},{"@type":"WebPage","@id":"https:\/\/vosgesinfo.fr\/epinalinfo\/2017\/02\/vosges-arretes-apres-vole-plus-de-1-000-euros-de-cosmetiques\/","url":"https:\/\/vosgesinfo.fr\/epinalinfo\/2017\/02\/vosges-arretes-apres-vole-plus-de-1-000-euros-de-cosmetiques\/","name":"Vosges \u2013 Arr\u00eat\u00e9s apr\u00e8s avoir vol\u00e9 plus de 1.000 euros de cosm\u00e9tiques - Epinal Info","isPartOf":{"@id":"https:\/\/vosgesinfo.fr\/epinalinfo\/#website"},"primaryImageOfPage":{"@id":"https:\/\/vosgesinfo.fr\/epinalinfo\/2017\/02\/vosges-arretes-apres-vole-plus-de-1-000-euros-de-cosmetiques\/#primaryimage"},"image":{"@id":"https:\/\/vosgesinfo.fr\/epinalinfo\/2017\/02\/vosges-arretes-apres-vole-plus-de-1-000-euros-de-cosmetiques\/#primaryimage"},"thumbnailUrl":"https:\/\/vosgesinfo.fr\/app\/uploads\/sites\/3\/2024\/08\/201702cosmetics-1367779-960-720.jpg","datePublished":"2017-02-25T15:47:43+00:00","dateModified":"2017-02-25T15:47:43+00:00","breadcrumb":{"@id":"https:\/\/vosgesinfo.fr\/epinalinfo\/2017\/02\/vosges-arretes-apres-vole-plus-de-1-000-euros-de-cosmetiques\/#breadcrumb"},"inLanguage":"fr-FR","potentialAction":[{"@type":"ReadAction","target":["https:\/\/vosgesinfo.fr\/epinalinfo\/2017\/02\/vosges-arretes-apres-vole-plus-de-1-000-euros-de-cosmetiques\/"]}]},{"@type":"ImageObject","inLanguage":"fr-FR","@id":"https:\/\/vosgesinfo.fr\/epinalinfo\/2017\/02\/vosges-arretes-apres-vole-plus-de-1-000-euros-de-cosmetiques\/#primaryimage","url":"https:\/\/vosgesinfo.fr\/app\/uploads\/sites\/3\/2024\/08\/201702cosmetics-1367779-960-720.jpg","contentUrl":"https:\/\/vosgesinfo.fr\/app\/uploads\/sites\/3\/2024\/08\/201702cosmetics-1367779-960-720.jpg","width":800,"height":533},{"@type":"BreadcrumbList","@id":"https:\/\/vosgesinfo.fr\/epinalinfo\/2017\/02\/vosges-arretes-apres-vole-plus-de-1-000-euros-de-cosmetiques\/#breadcrumb","itemListElement":[{"@type":"ListItem","position":1,"name":"Home","item":"https:\/\/vosgesinfo.fr\/epinalinfo\/"},{"@type":"ListItem","position":2,"name":"Vosges \u2013 Arr\u00eat\u00e9s apr\u00e8s avoir vol\u00e9 plus de 1.000 euros de cosm\u00e9tiques"}]},{"@type":"WebSite","@id":"https:\/\/vosgesinfo.fr\/epinalinfo\/#website","url":"https:\/\/vosgesinfo.fr\/epinalinfo\/","name":"Epinal Info","description":"Toute l&#039;actualit\u00e9 d&#039;\u00c9pinal","publisher":{"@id":"https:\/\/vosgesinfo.fr\/epinalinfo\/#organization"},"alternateName":"Toute l'actualit\u00e9 d'\u00c9pinal","potentialAction":[{"@type":"SearchAction","target":{"@type":"EntryPoint","urlTemplate":"https:\/\/vosgesinfo.fr\/epinalinfo\/?s={search_term_string}"},"query-input":"required name=search_term_string"}],"inLanguage":"fr-FR"},{"@type":"Organization","@id":"https:\/\/vosgesinfo.fr\/epinalinfo\/#organization","name":"Epinal Info","url":"https:\/\/vosgesinfo.fr\/epinalinfo\/","logo":{"@type":"ImageObject","inLanguage":"fr-FR","@id":"https:\/\/vosgesinfo.fr\/epinalinfo\/#\/schema\/logo\/image\/","url":"https:\/\/vosgesinfo.fr\/app\/uploads\/sites\/3\/2023\/08\/logo-epinalinfos.svg","contentUrl":"https:\/\/vosgesinfo.fr\/app\/uploads\/sites\/3\/2023\/08\/logo-epinalinfos.svg","width":1,"height":1,"caption":"Epinal Info"},"image":{"@id":"https:\/\/vosgesinfo.fr\/epinalinfo\/#\/schema\/logo\/image\/"},"sameAs":["https:\/\/www.facebook.com\/Epinalinfos","https:\/\/x.com\/VosgesInfo88","https:\/\/www.youtube.com\/@vosgesinfo"]},{"@type":"Person","@id":"https:\/\/vosgesinfo.fr\/epinalinfo\/#\/schema\/person\/6f9a650eeea99d969b6c4ab78fccbe81","name":"C.K.","image":{"@type":"ImageObject","inLanguage":"fr-FR","@id":"https:\/\/vosgesinfo.fr\/epinalinfo\/#\/schema\/person\/image\/","url":"https:\/\/secure.gravatar.com\/avatar\/48e3fc7f8421ba8942be6b74a2b7f014ca39bc00dece156b7a8e098ae7dc87bf?s=96&d=mm&r=g","contentUrl":"https:\/\/secure.gravatar.com\/avatar\/48e3fc7f8421ba8942be6b74a2b7f014ca39bc00dece156b7a8e098ae7dc87bf?s=96&d=mm&r=g","caption":"C.K."},"url":"https:\/\/vosgesinfo.fr\/epinalinfo\/author\/celia-k-n\/"}]}},"_links":{"self":[{"href":"https:\/\/vosgesinfo.fr\/epinalinfo\/wp-json\/wp\/v2\/posts\/70081","targetHints":{"allow":["GET"]}}],"collection":[{"href":"https:\/\/vosgesinfo.fr\/epinalinfo\/wp-json\/wp\/v2\/posts"}],"about":[{"href":"https:\/\/vosgesinfo.fr\/epinalinfo\/wp-json\/wp\/v2\/types\/post"}],"author":[{"embeddable":true,"href":"https:\/\/vosgesinfo.fr\/epinalinfo\/wp-json\/wp\/v2\/users\/52"}],"replies":[{"embeddable":true,"href":"https:\/\/vosgesinfo.fr\/epinalinfo\/wp-json\/wp\/v2\/comments?post=70081"}],"version-history":[{"count":0,"href":"https:\/\/vosgesinfo.fr\/epinalinfo\/wp-json\/wp\/v2\/posts\/70081\/revisions"}],"wp:featuredmedia":[{"embeddable":true,"href":"https:\/\/vosgesinfo.fr\/epinalinfo\/wp-json\/wp\/v2\/media\/70082"}],"wp:attachment":[{"href":"https:\/\/vosgesinfo.fr\/epinalinfo\/wp-json\/wp\/v2\/media?parent=70081"}],"wp:term":[{"taxonomy":"category","embeddable":true,"href":"https:\/\/vosgesinfo.fr\/epinalinfo\/wp-json\/wp\/v2\/categories?post=70081"},{"taxonomy":"post_tag","embeddable":true,"href":"https:\/\/vosgesinfo.fr\/epinalinfo\/wp-json\/wp\/v2\/tags?post=70081"}],"curies":[{"name":"wp","href":"https:\/\/api.w.org\/{rel}","templated":true}]}}