{"id":702,"date":"2023-08-30T13:39:31","date_gmt":"2023-08-30T11:39:31","guid":{"rendered":"https:\/\/vosgesinfo.fr\/epinalinfo\/2023\/08\/lutte-contre-les-feux-de-forets-763-433-e-supplementaires-pour-les-pompiers-vosgiens\/"},"modified":"2024-02-27T18:11:18","modified_gmt":"2024-02-27T17:11:18","slug":"lutte-contre-feux-de-forets-763-433-e-supplementaires-pompiers-vosgiens","status":"publish","type":"post","link":"https:\/\/vosgesinfo.fr\/epinalinfo\/2023\/08\/lutte-contre-feux-de-forets-763-433-e-supplementaires-pompiers-vosgiens\/","title":{"rendered":"Lutte contre les feux de for\u00eats : 763 433 \u20ac suppl\u00e9mentaires pour les pompiers vosgiens"},"content":{"rendered":"<div id=\"attachment_205314\" style=\"width: 810px\" class=\"wp-caption aligncenter\"><a href=\"https:\/\/vosgesinfo.fr\/app\/uploads\/sites\/3\/2022\/07\/feux-de-foret.jpg\"><img decoding=\"async\" aria-describedby=\"caption-attachment-205314\" class=\"size-full wp-image-205314\" src=\"https:\/\/vosgesinfo.fr\/app\/uploads\/sites\/3\/2022\/07\/feux-de-foret.jpg\" alt=\"(Illustration)\" width=\"800\" height=\"527\" \/><\/a><p id=\"caption-attachment-205314\" class=\"wp-caption-text\">(Illustration)<\/p><\/div>\n<h2><span style=\"font-size: 14pt;\"><strong>G\u00e9rald Darmanin a annonc\u00e9 que 763 433 \u20ac suppl\u00e9mentaires seront allou\u00e9s \u00e0 la lutte contre les feux de for\u00eat dans le d\u00e9partement des Vosges.\u00a0Cela permettra de financer huit v\u00e9hicules de lutte contre les feux de for\u00eats.<\/strong><\/span><\/h2>\n<p>Le minist\u00e8re vient d&rsquo;annoncer une rallonge de 763 433 euros pour permettre au Sdis (service d\u00e9partemental d&rsquo;incendie et de secours) des Vosges de mieux lutter contre les feux de for\u00eats.<\/p>\n<p>La saison des feux de for\u00eats 2022 a d\u00e9montr\u00e9 que l\u2019ensemble du territoire national pouvait \u00eatre touch\u00e9 par des feux d\u2019une tr\u00e8s grande intensit\u00e9.<\/p>\n<p>Pour faire face aux cons\u00e9quences du changement climatique et \u00e0 l\u2019\u00e9volution des incendies, le Pr\u00e9sident de la R\u00e9publique a annonc\u00e9, le 28 octobre 2022, la mise \u00e0 disposition des services d\u2019incendie et de secours, d\u2019un fonds de 150 millions d\u2019euros dans le cadre des pactes capacitaires.<\/p>\n<p>Ce dispositif a pour vocation de permettre l\u2019acquisition de moyens de lutte contre les feux de for\u00eat ou de d\u00e9tection des d\u00e9parts de feu. Ce sont plus de 1100 v\u00e9hicules de lutte contre les feux de for\u00eats qui vont \u00eatre acquis au plan national, avec ce fond de soutien.<\/p>\n<p>Pour permettre une attribution \u00e9quitable de ces fonds, le ministre de l\u2019Int\u00e9rieur et des Outre-mer a mis en place une proc\u00e9dure de concertation de l\u2019ensemble des<br \/>\npr\u00e9sidents de d\u00e9partement. Ainsi tous les d\u00e9partements qui ont souhait\u00e9 r\u00e9aliser un effort d\u2019investissement vont pouvoir b\u00e9n\u00e9ficier d\u2019un taux d\u2019aide de minimum 50% des investissements.<\/p>\n<p>Au regard des investissements demand\u00e9s, le service d\u00e9partemental d\u2019incendie et de secours des Vosges va b\u00e9n\u00e9ficier d\u2019une subvention de 763 433 \u20ac , ce qui permettra l\u2019achat de 8 v\u00e9hicules de lutte contre les feux de for\u00eat.<\/p>\n","protected":false},"excerpt":{"rendered":"<p>G\u00e9rald Darmanin a annonc\u00e9 que 763 433 \u20ac suppl\u00e9mentaires seront allou\u00e9s \u00e0 la lutte contre les feux de for\u00eat dans [&hellip;]<\/p>\n","protected":false},"author":52,"featured_media":701,"comment_status":"open","ping_status":"open","sticky":false,"template":"","format":"standard","meta":{"footnotes":""},"categories":[22,16,5],"tags":[321,173,75],"class_list":["post-702","post","type-post","status-publish","format-standard","has-post-thumbnail","hentry","category-a-la-une","category-environnement","category-vosges","tag-lutte-contre-les-feux-de-forets","tag-pompiers","tag-vosges"],"acf":[],"yoast_head":"<!-- This site is optimized with the Yoast SEO plugin v22.5 - https:\/\/yoast.com\/wordpress\/plugins\/seo\/ -->\n<title>Lutte contre les feux de for\u00eats : 763 433 \u20ac suppl\u00e9mentaires pour les pompiers vosgiens - Epinal Info<\/title>\n<meta name=\"robots\" content=\"index, follow, max-snippet:-1, max-image-preview:large, max-video-preview:-1\" \/>\n<link rel=\"canonical\" href=\"https:\/\/vosgesinfo.fr\/epinalinfo\/2023\/08\/lutte-contre-feux-de-forets-763-433-e-supplementaires-pompiers-vosgiens\/\" \/>\n<meta name=\"twitter:card\" content=\"summary_large_image\" \/>\n<meta name=\"twitter:title\" content=\"Lutte contre les feux de for\u00eats : 763 433 \u20ac suppl\u00e9mentaires pour les pompiers vosgiens - Epinal Info\" \/>\n<meta name=\"twitter:description\" content=\"G\u00e9rald Darmanin a annonc\u00e9 que 763 433 \u20ac suppl\u00e9mentaires seront allou\u00e9s \u00e0 la lutte contre les feux de for\u00eat dans [&hellip;]\" \/>\n<meta name=\"twitter:image\" content=\"https:\/\/vosgesinfo.fr\/app\/uploads\/sites\/3\/2022\/07\/feux-de-foret.jpg\" \/>\n<meta name=\"twitter:creator\" content=\"@VosgesInfo88\" \/>\n<meta name=\"twitter:site\" content=\"@VosgesInfo88\" \/>\n<meta name=\"twitter:label1\" content=\"\u00c9crit par\" \/>\n\t<meta name=\"twitter:data1\" content=\"C.K.\" \/>\n\t<meta name=\"twitter:label2\" content=\"Dur\u00e9e de lecture estim\u00e9e\" \/>\n\t<meta name=\"twitter:data2\" content=\"2 minutes\" \/>\n<script type=\"application\/ld+json\" class=\"yoast-schema-graph\">{\"@context\":\"https:\/\/schema.org\",\"@graph\":[{\"@type\":\"Article\",\"@id\":\"https:\/\/vosgesinfo.fr\/epinalinfo\/2023\/08\/lutte-contre-feux-de-forets-763-433-e-supplementaires-pompiers-vosgiens\/#article\",\"isPartOf\":{\"@id\":\"https:\/\/vosgesinfo.fr\/epinalinfo\/2023\/08\/lutte-contre-feux-de-forets-763-433-e-supplementaires-pompiers-vosgiens\/\"},\"author\":{\"name\":\"C.K.\",\"@id\":\"https:\/\/vosgesinfo.fr\/epinalinfo\/#\/schema\/person\/6f9a650eeea99d969b6c4ab78fccbe81\"},\"headline\":\"Lutte contre les feux de for\u00eats : 763 433 \u20ac suppl\u00e9mentaires pour les pompiers vosgiens\",\"datePublished\":\"2023-08-30T11:39:31+00:00\",\"dateModified\":\"2024-02-27T17:11:18+00:00\",\"mainEntityOfPage\":{\"@id\":\"https:\/\/vosgesinfo.fr\/epinalinfo\/2023\/08\/lutte-contre-feux-de-forets-763-433-e-supplementaires-pompiers-vosgiens\/\"},\"wordCount\":328,\"commentCount\":0,\"publisher\":{\"@id\":\"https:\/\/vosgesinfo.fr\/epinalinfo\/#organization\"},\"image\":{\"@id\":\"https:\/\/vosgesinfo.fr\/epinalinfo\/2023\/08\/lutte-contre-feux-de-forets-763-433-e-supplementaires-pompiers-vosgiens\/#primaryimage\"},\"thumbnailUrl\":\"https:\/\/vosgesinfo.fr\/app\/uploads\/sites\/3\/2022\/07\/feux-de-foret.jpg\",\"keywords\":[\"Lutte contre les feux de for\u00eats\",\"pompiers\",\"vosges\"],\"articleSection\":[\"A la Une\",\"Environnement\",\"Vosges\"],\"inLanguage\":\"fr-FR\",\"potentialAction\":[{\"@type\":\"CommentAction\",\"name\":\"Comment\",\"target\":[\"https:\/\/vosgesinfo.fr\/epinalinfo\/2023\/08\/lutte-contre-feux-de-forets-763-433-e-supplementaires-pompiers-vosgiens\/#respond\"]}]},{\"@type\":\"WebPage\",\"@id\":\"https:\/\/vosgesinfo.fr\/epinalinfo\/2023\/08\/lutte-contre-feux-de-forets-763-433-e-supplementaires-pompiers-vosgiens\/\",\"url\":\"https:\/\/vosgesinfo.fr\/epinalinfo\/2023\/08\/lutte-contre-feux-de-forets-763-433-e-supplementaires-pompiers-vosgiens\/\",\"name\":\"Lutte contre les feux de for\u00eats : 763 433 \u20ac suppl\u00e9mentaires pour les pompiers vosgiens - Epinal Info\",\"isPartOf\":{\"@id\":\"https:\/\/vosgesinfo.fr\/epinalinfo\/#website\"},\"primaryImageOfPage\":{\"@id\":\"https:\/\/vosgesinfo.fr\/epinalinfo\/2023\/08\/lutte-contre-feux-de-forets-763-433-e-supplementaires-pompiers-vosgiens\/#primaryimage\"},\"image\":{\"@id\":\"https:\/\/vosgesinfo.fr\/epinalinfo\/2023\/08\/lutte-contre-feux-de-forets-763-433-e-supplementaires-pompiers-vosgiens\/#primaryimage\"},\"thumbnailUrl\":\"https:\/\/vosgesinfo.fr\/app\/uploads\/sites\/3\/2022\/07\/feux-de-foret.jpg\",\"datePublished\":\"2023-08-30T11:39:31+00:00\",\"dateModified\":\"2024-02-27T17:11:18+00:00\",\"breadcrumb\":{\"@id\":\"https:\/\/vosgesinfo.fr\/epinalinfo\/2023\/08\/lutte-contre-feux-de-forets-763-433-e-supplementaires-pompiers-vosgiens\/#breadcrumb\"},\"inLanguage\":\"fr-FR\",\"potentialAction\":[{\"@type\":\"ReadAction\",\"target\":[\"https:\/\/vosgesinfo.fr\/epinalinfo\/2023\/08\/lutte-contre-feux-de-forets-763-433-e-supplementaires-pompiers-vosgiens\/\"]}]},{\"@type\":\"ImageObject\",\"inLanguage\":\"fr-FR\",\"@id\":\"https:\/\/vosgesinfo.fr\/epinalinfo\/2023\/08\/lutte-contre-feux-de-forets-763-433-e-supplementaires-pompiers-vosgiens\/#primaryimage\",\"url\":\"https:\/\/vosgesinfo.fr\/app\/uploads\/sites\/3\/2022\/07\/feux-de-foret.jpg\",\"contentUrl\":\"https:\/\/vosgesinfo.fr\/app\/uploads\/sites\/3\/2022\/07\/feux-de-foret.jpg\",\"width\":800,\"height\":527},{\"@type\":\"BreadcrumbList\",\"@id\":\"https:\/\/vosgesinfo.fr\/epinalinfo\/2023\/08\/lutte-contre-feux-de-forets-763-433-e-supplementaires-pompiers-vosgiens\/#breadcrumb\",\"itemListElement\":[{\"@type\":\"ListItem\",\"position\":1,\"name\":\"Home\",\"item\":\"https:\/\/vosgesinfo.fr\/epinalinfo\/\"},{\"@type\":\"ListItem\",\"position\":2,\"name\":\"Lutte contre les feux de for\u00eats : 763 433 \u20ac suppl\u00e9mentaires pour les pompiers vosgiens\"}]},{\"@type\":\"WebSite\",\"@id\":\"https:\/\/vosgesinfo.fr\/epinalinfo\/#website\",\"url\":\"https:\/\/vosgesinfo.fr\/epinalinfo\/\",\"name\":\"Epinal Info\",\"description\":\"Toute l&#039;actualit\u00e9 d&#039;\u00c9pinal\",\"publisher\":{\"@id\":\"https:\/\/vosgesinfo.fr\/epinalinfo\/#organization\"},\"alternateName\":\"Toute l'actualit\u00e9 d'\u00c9pinal\",\"potentialAction\":[{\"@type\":\"SearchAction\",\"target\":{\"@type\":\"EntryPoint\",\"urlTemplate\":\"https:\/\/vosgesinfo.fr\/epinalinfo\/?s={search_term_string}\"},\"query-input\":\"required name=search_term_string\"}],\"inLanguage\":\"fr-FR\"},{\"@type\":\"Organization\",\"@id\":\"https:\/\/vosgesinfo.fr\/epinalinfo\/#organization\",\"name\":\"Epinal Info\",\"url\":\"https:\/\/vosgesinfo.fr\/epinalinfo\/\",\"logo\":{\"@type\":\"ImageObject\",\"inLanguage\":\"fr-FR\",\"@id\":\"https:\/\/vosgesinfo.fr\/epinalinfo\/#\/schema\/logo\/image\/\",\"url\":\"https:\/\/vosgesinfo.fr\/app\/uploads\/sites\/3\/2023\/08\/logo-epinalinfos.svg\",\"contentUrl\":\"https:\/\/vosgesinfo.fr\/app\/uploads\/sites\/3\/2023\/08\/logo-epinalinfos.svg\",\"width\":1,\"height\":1,\"caption\":\"Epinal Info\"},\"image\":{\"@id\":\"https:\/\/vosgesinfo.fr\/epinalinfo\/#\/schema\/logo\/image\/\"},\"sameAs\":[\"https:\/\/www.facebook.com\/Epinalinfos\",\"https:\/\/x.com\/VosgesInfo88\",\"https:\/\/www.youtube.com\/@vosgesinfo\"]},{\"@type\":\"Person\",\"@id\":\"https:\/\/vosgesinfo.fr\/epinalinfo\/#\/schema\/person\/6f9a650eeea99d969b6c4ab78fccbe81\",\"name\":\"C.K.\",\"image\":{\"@type\":\"ImageObject\",\"inLanguage\":\"fr-FR\",\"@id\":\"https:\/\/vosgesinfo.fr\/epinalinfo\/#\/schema\/person\/image\/\",\"url\":\"https:\/\/secure.gravatar.com\/avatar\/48e3fc7f8421ba8942be6b74a2b7f014ca39bc00dece156b7a8e098ae7dc87bf?s=96&d=mm&r=g\",\"contentUrl\":\"https:\/\/secure.gravatar.com\/avatar\/48e3fc7f8421ba8942be6b74a2b7f014ca39bc00dece156b7a8e098ae7dc87bf?s=96&d=mm&r=g\",\"caption\":\"C.K.\"},\"url\":\"https:\/\/vosgesinfo.fr\/epinalinfo\/author\/celia-k-n\/\"}]}<\/script>\n<!-- \/ Yoast SEO plugin. -->","yoast_head_json":{"title":"Lutte contre les feux de for\u00eats : 763 433 \u20ac suppl\u00e9mentaires pour les pompiers vosgiens - Epinal Info","robots":{"index":"index","follow":"follow","max-snippet":"max-snippet:-1","max-image-preview":"max-image-preview:large","max-video-preview":"max-video-preview:-1"},"canonical":"https:\/\/vosgesinfo.fr\/epinalinfo\/2023\/08\/lutte-contre-feux-de-forets-763-433-e-supplementaires-pompiers-vosgiens\/","twitter_card":"summary_large_image","twitter_title":"Lutte contre les feux de for\u00eats : 763 433 \u20ac suppl\u00e9mentaires pour les pompiers vosgiens - Epinal Info","twitter_description":"G\u00e9rald Darmanin a annonc\u00e9 que 763 433 \u20ac suppl\u00e9mentaires seront allou\u00e9s \u00e0 la lutte contre les feux de for\u00eat dans [&hellip;]","twitter_image":"https:\/\/vosgesinfo.fr\/app\/uploads\/sites\/3\/2022\/07\/feux-de-foret.jpg","twitter_creator":"@VosgesInfo88","twitter_site":"@VosgesInfo88","twitter_misc":{"\u00c9crit par":"C.K.","Dur\u00e9e de lecture estim\u00e9e":"2 minutes"},"schema":{"@context":"https:\/\/schema.org","@graph":[{"@type":"Article","@id":"https:\/\/vosgesinfo.fr\/epinalinfo\/2023\/08\/lutte-contre-feux-de-forets-763-433-e-supplementaires-pompiers-vosgiens\/#article","isPartOf":{"@id":"https:\/\/vosgesinfo.fr\/epinalinfo\/2023\/08\/lutte-contre-feux-de-forets-763-433-e-supplementaires-pompiers-vosgiens\/"},"author":{"name":"C.K.","@id":"https:\/\/vosgesinfo.fr\/epinalinfo\/#\/schema\/person\/6f9a650eeea99d969b6c4ab78fccbe81"},"headline":"Lutte contre les feux de for\u00eats : 763 433 \u20ac suppl\u00e9mentaires pour les pompiers vosgiens","datePublished":"2023-08-30T11:39:31+00:00","dateModified":"2024-02-27T17:11:18+00:00","mainEntityOfPage":{"@id":"https:\/\/vosgesinfo.fr\/epinalinfo\/2023\/08\/lutte-contre-feux-de-forets-763-433-e-supplementaires-pompiers-vosgiens\/"},"wordCount":328,"commentCount":0,"publisher":{"@id":"https:\/\/vosgesinfo.fr\/epinalinfo\/#organization"},"image":{"@id":"https:\/\/vosgesinfo.fr\/epinalinfo\/2023\/08\/lutte-contre-feux-de-forets-763-433-e-supplementaires-pompiers-vosgiens\/#primaryimage"},"thumbnailUrl":"https:\/\/vosgesinfo.fr\/app\/uploads\/sites\/3\/2022\/07\/feux-de-foret.jpg","keywords":["Lutte contre les feux de for\u00eats","pompiers","vosges"],"articleSection":["A la Une","Environnement","Vosges"],"inLanguage":"fr-FR","potentialAction":[{"@type":"CommentAction","name":"Comment","target":["https:\/\/vosgesinfo.fr\/epinalinfo\/2023\/08\/lutte-contre-feux-de-forets-763-433-e-supplementaires-pompiers-vosgiens\/#respond"]}]},{"@type":"WebPage","@id":"https:\/\/vosgesinfo.fr\/epinalinfo\/2023\/08\/lutte-contre-feux-de-forets-763-433-e-supplementaires-pompiers-vosgiens\/","url":"https:\/\/vosgesinfo.fr\/epinalinfo\/2023\/08\/lutte-contre-feux-de-forets-763-433-e-supplementaires-pompiers-vosgiens\/","name":"Lutte contre les feux de for\u00eats : 763 433 \u20ac suppl\u00e9mentaires pour les pompiers vosgiens - Epinal Info","isPartOf":{"@id":"https:\/\/vosgesinfo.fr\/epinalinfo\/#website"},"primaryImageOfPage":{"@id":"https:\/\/vosgesinfo.fr\/epinalinfo\/2023\/08\/lutte-contre-feux-de-forets-763-433-e-supplementaires-pompiers-vosgiens\/#primaryimage"},"image":{"@id":"https:\/\/vosgesinfo.fr\/epinalinfo\/2023\/08\/lutte-contre-feux-de-forets-763-433-e-supplementaires-pompiers-vosgiens\/#primaryimage"},"thumbnailUrl":"https:\/\/vosgesinfo.fr\/app\/uploads\/sites\/3\/2022\/07\/feux-de-foret.jpg","datePublished":"2023-08-30T11:39:31+00:00","dateModified":"2024-02-27T17:11:18+00:00","breadcrumb":{"@id":"https:\/\/vosgesinfo.fr\/epinalinfo\/2023\/08\/lutte-contre-feux-de-forets-763-433-e-supplementaires-pompiers-vosgiens\/#breadcrumb"},"inLanguage":"fr-FR","potentialAction":[{"@type":"ReadAction","target":["https:\/\/vosgesinfo.fr\/epinalinfo\/2023\/08\/lutte-contre-feux-de-forets-763-433-e-supplementaires-pompiers-vosgiens\/"]}]},{"@type":"ImageObject","inLanguage":"fr-FR","@id":"https:\/\/vosgesinfo.fr\/epinalinfo\/2023\/08\/lutte-contre-feux-de-forets-763-433-e-supplementaires-pompiers-vosgiens\/#primaryimage","url":"https:\/\/vosgesinfo.fr\/app\/uploads\/sites\/3\/2022\/07\/feux-de-foret.jpg","contentUrl":"https:\/\/vosgesinfo.fr\/app\/uploads\/sites\/3\/2022\/07\/feux-de-foret.jpg","width":800,"height":527},{"@type":"BreadcrumbList","@id":"https:\/\/vosgesinfo.fr\/epinalinfo\/2023\/08\/lutte-contre-feux-de-forets-763-433-e-supplementaires-pompiers-vosgiens\/#breadcrumb","itemListElement":[{"@type":"ListItem","position":1,"name":"Home","item":"https:\/\/vosgesinfo.fr\/epinalinfo\/"},{"@type":"ListItem","position":2,"name":"Lutte contre les feux de for\u00eats : 763 433 \u20ac suppl\u00e9mentaires pour les pompiers vosgiens"}]},{"@type":"WebSite","@id":"https:\/\/vosgesinfo.fr\/epinalinfo\/#website","url":"https:\/\/vosgesinfo.fr\/epinalinfo\/","name":"Epinal Info","description":"Toute l&#039;actualit\u00e9 d&#039;\u00c9pinal","publisher":{"@id":"https:\/\/vosgesinfo.fr\/epinalinfo\/#organization"},"alternateName":"Toute l'actualit\u00e9 d'\u00c9pinal","potentialAction":[{"@type":"SearchAction","target":{"@type":"EntryPoint","urlTemplate":"https:\/\/vosgesinfo.fr\/epinalinfo\/?s={search_term_string}"},"query-input":"required name=search_term_string"}],"inLanguage":"fr-FR"},{"@type":"Organization","@id":"https:\/\/vosgesinfo.fr\/epinalinfo\/#organization","name":"Epinal Info","url":"https:\/\/vosgesinfo.fr\/epinalinfo\/","logo":{"@type":"ImageObject","inLanguage":"fr-FR","@id":"https:\/\/vosgesinfo.fr\/epinalinfo\/#\/schema\/logo\/image\/","url":"https:\/\/vosgesinfo.fr\/app\/uploads\/sites\/3\/2023\/08\/logo-epinalinfos.svg","contentUrl":"https:\/\/vosgesinfo.fr\/app\/uploads\/sites\/3\/2023\/08\/logo-epinalinfos.svg","width":1,"height":1,"caption":"Epinal Info"},"image":{"@id":"https:\/\/vosgesinfo.fr\/epinalinfo\/#\/schema\/logo\/image\/"},"sameAs":["https:\/\/www.facebook.com\/Epinalinfos","https:\/\/x.com\/VosgesInfo88","https:\/\/www.youtube.com\/@vosgesinfo"]},{"@type":"Person","@id":"https:\/\/vosgesinfo.fr\/epinalinfo\/#\/schema\/person\/6f9a650eeea99d969b6c4ab78fccbe81","name":"C.K.","image":{"@type":"ImageObject","inLanguage":"fr-FR","@id":"https:\/\/vosgesinfo.fr\/epinalinfo\/#\/schema\/person\/image\/","url":"https:\/\/secure.gravatar.com\/avatar\/48e3fc7f8421ba8942be6b74a2b7f014ca39bc00dece156b7a8e098ae7dc87bf?s=96&d=mm&r=g","contentUrl":"https:\/\/secure.gravatar.com\/avatar\/48e3fc7f8421ba8942be6b74a2b7f014ca39bc00dece156b7a8e098ae7dc87bf?s=96&d=mm&r=g","caption":"C.K."},"url":"https:\/\/vosgesinfo.fr\/epinalinfo\/author\/celia-k-n\/"}]}},"_links":{"self":[{"href":"https:\/\/vosgesinfo.fr\/epinalinfo\/wp-json\/wp\/v2\/posts\/702","targetHints":{"allow":["GET"]}}],"collection":[{"href":"https:\/\/vosgesinfo.fr\/epinalinfo\/wp-json\/wp\/v2\/posts"}],"about":[{"href":"https:\/\/vosgesinfo.fr\/epinalinfo\/wp-json\/wp\/v2\/types\/post"}],"author":[{"embeddable":true,"href":"https:\/\/vosgesinfo.fr\/epinalinfo\/wp-json\/wp\/v2\/users\/52"}],"replies":[{"embeddable":true,"href":"https:\/\/vosgesinfo.fr\/epinalinfo\/wp-json\/wp\/v2\/comments?post=702"}],"version-history":[{"count":1,"href":"https:\/\/vosgesinfo.fr\/epinalinfo\/wp-json\/wp\/v2\/posts\/702\/revisions"}],"predecessor-version":[{"id":37389,"href":"https:\/\/vosgesinfo.fr\/epinalinfo\/wp-json\/wp\/v2\/posts\/702\/revisions\/37389"}],"wp:featuredmedia":[{"embeddable":true,"href":"https:\/\/vosgesinfo.fr\/epinalinfo\/wp-json\/wp\/v2\/media\/701"}],"wp:attachment":[{"href":"https:\/\/vosgesinfo.fr\/epinalinfo\/wp-json\/wp\/v2\/media?parent=702"}],"wp:term":[{"taxonomy":"category","embeddable":true,"href":"https:\/\/vosgesinfo.fr\/epinalinfo\/wp-json\/wp\/v2\/categories?post=702"},{"taxonomy":"post_tag","embeddable":true,"href":"https:\/\/vosgesinfo.fr\/epinalinfo\/wp-json\/wp\/v2\/tags?post=702"}],"curies":[{"name":"wp","href":"https:\/\/api.w.org\/{rel}","templated":true}]}}