{"id":70361,"date":"2017-03-06T09:29:07","date_gmt":"2017-03-06T08:29:07","guid":{"rendered":"https:\/\/vosgesinfo.fr\/epinalinfo\/2017\/03\/tatoueurs-spinaliens-lemission-zone-interdite-m6\/"},"modified":"2017-03-06T09:29:07","modified_gmt":"2017-03-06T08:29:07","slug":"tatoueurs-spinaliens-lemission-zone-interdite-m6","status":"publish","type":"post","link":"https:\/\/vosgesinfo.fr\/epinalinfo\/2017\/03\/tatoueurs-spinaliens-lemission-zone-interdite-m6\/","title":{"rendered":"Des tatoueurs Spinaliens dans l\u2019\u00e9mission Zone Interdite sur M6 !"},"content":{"rendered":"<div id=\"attachment_109845\" style=\"width: 810px\" class=\"wp-caption aligncenter\"><a href=\"http:\/\/epinalinfos.fr\/2017\/03\/tatoueurs-spinaliens-lemission-zone-interdite-m6\/tatou1\/\" rel=\"attachment wp-att-109845\"><img decoding=\"async\" aria-describedby=\"caption-attachment-109845\" class=\"wp-image-109845 size-full\" src=\"\/2017\/03\/tatou1.jpg\" alt=\"tatou1\" width=\"800\" height=\"476\" \/><\/a><p id=\"caption-attachment-109845\" class=\"wp-caption-text\">Ang\u00e9lique et Julien dans leur salon rue de la Chipotte &#8211; Source : Zone Interdite, M6<\/p><\/div>\n<p><strong>Ce dimanche soir, deux tatoueurs Spinaliens sont pass\u00e9s sur M6 dans l\u2019\u00e9mission Zone Interdite consacr\u00e9e aux tatouages. <\/strong><\/p>\n<p>Un jeune Fran\u00e7ais sur cinq est aujourd\u2019hui tatou\u00e9. Si cet art \u00e9tait autrefois underground, le tatouage s\u2019exhibe aujourd\u2019hui fi\u00e8rement et les grands tatoueurs deviennent des personnages m\u00e9diatiques. Deux tatoueurs Spinaliens ont pu montrer l\u2019ampleur de leur talent dans l\u2019\u00e9mission Zone Interdite diffus\u00e9e ce dimanche soir sur M6.<\/p>\n<p>Julien et Ang\u00e9lique du salon Clockwork Needle install\u00e9 rue de la Chipotte \u00e0 Epinal \u00e9taient film\u00e9s par les \u00e9quipes de tournage alors qu\u2019ils concouraient pour le titre de \u00ab\u00a0meilleur tatouage du jour\u00a0\u00bb au Mondial du tatouage de Paris. Cet \u00e9v\u00e8nement rassemble durant un week-end plus de 30\u00a0000 personnes et 350 tatoueurs venus du monde entier.<\/p>\n<p>Ang\u00e9lique a pu tatouer en direct un portrait f\u00e9minin sur le bras d\u2019un jeune homme. M\u00eame si le couple n\u2019\u00e9tait pas sur le podium cette fois-ci, ce fut pour eux une excellente occasion de se confronter aux meilleurs de la profession. Retrouvez le reportage en replay sur le site d&rsquo;M6 !<\/p>\n<p>C.K.N.<\/p>\n<div id=\"attachment_109847\" style=\"width: 810px\" class=\"wp-caption aligncenter\"><a href=\"http:\/\/epinalinfos.fr\/2017\/03\/tatoueurs-spinaliens-lemission-zone-interdite-m6\/tatou3\/\" rel=\"attachment wp-att-109847\"><img decoding=\"async\" aria-describedby=\"caption-attachment-109847\" class=\"wp-image-109847 size-full\" src=\"\/2017\/03\/tatou3.jpg\" alt=\"tatou3\" width=\"800\" height=\"563\" \/><\/a><p id=\"caption-attachment-109847\" class=\"wp-caption-text\">Ang\u00e9lique concurrant pour le meilleur tatouage du jour au Mondial du tatouage de Paris &#8211; Photo : Zone Interdite, M6<\/p><\/div>\n<div id=\"attachment_109846\" style=\"width: 810px\" class=\"wp-caption aligncenter\"><a href=\"http:\/\/epinalinfos.fr\/2017\/03\/tatoueurs-spinaliens-lemission-zone-interdite-m6\/tatou2\/\" rel=\"attachment wp-att-109846\"><img decoding=\"async\" aria-describedby=\"caption-attachment-109846\" class=\"wp-image-109846 size-full\" src=\"\/2017\/03\/Tatou2.jpg\" alt=\"Tatou2\" width=\"800\" height=\"478\" \/><\/a><p id=\"caption-attachment-109846\" class=\"wp-caption-text\">Julien concurrant pour le meilleur tatouage du jour au Mondial du tatouage de Paris &#8211; Photo : Zone Interdite, M6<\/p><\/div>\n","protected":false},"excerpt":{"rendered":"<p>Ce dimanche soir, deux tatoueurs Spinaliens sont pass\u00e9s sur M6 dans l\u2019\u00e9mission Zone Interdite consacr\u00e9e aux tatouages. Un jeune Fran\u00e7ais [&hellip;]<\/p>\n","protected":false},"author":52,"featured_media":70362,"comment_status":"open","ping_status":"open","sticky":false,"template":"","format":"standard","meta":{"footnotes":""},"categories":[22,24],"tags":[],"class_list":["post-70361","post","type-post","status-publish","format-standard","has-post-thumbnail","hentry","category-a-la-une","category-epinal"],"acf":[],"yoast_head":"<!-- This site is optimized with the Yoast SEO plugin v22.5 - https:\/\/yoast.com\/wordpress\/plugins\/seo\/ -->\n<title>Des tatoueurs Spinaliens dans l\u2019\u00e9mission Zone Interdite sur M6 ! - Epinal Info<\/title>\n<meta name=\"robots\" content=\"index, follow, max-snippet:-1, max-image-preview:large, max-video-preview:-1\" \/>\n<link rel=\"canonical\" href=\"https:\/\/vosgesinfo.fr\/epinalinfo\/2017\/03\/tatoueurs-spinaliens-lemission-zone-interdite-m6\/\" \/>\n<meta name=\"twitter:card\" content=\"summary_large_image\" \/>\n<meta name=\"twitter:title\" content=\"Des tatoueurs Spinaliens dans l\u2019\u00e9mission Zone Interdite sur M6 ! - Epinal Info\" \/>\n<meta name=\"twitter:description\" content=\"Ce dimanche soir, deux tatoueurs Spinaliens sont pass\u00e9s sur M6 dans l\u2019\u00e9mission Zone Interdite consacr\u00e9e aux tatouages. Un jeune Fran\u00e7ais [&hellip;]\" \/>\n<meta name=\"twitter:image\" content=\"https:\/\/vosgesinfo.fr\/app\/uploads\/sites\/3\/2024\/08\/201703tatou1.jpg\" \/>\n<meta name=\"twitter:creator\" content=\"@VosgesInfo88\" \/>\n<meta name=\"twitter:site\" content=\"@VosgesInfo88\" \/>\n<meta name=\"twitter:label1\" content=\"\u00c9crit par\" \/>\n\t<meta name=\"twitter:data1\" content=\"C.K.\" \/>\n\t<meta name=\"twitter:label2\" content=\"Dur\u00e9e de lecture estim\u00e9e\" \/>\n\t<meta name=\"twitter:data2\" content=\"1 minute\" \/>\n<script type=\"application\/ld+json\" class=\"yoast-schema-graph\">{\"@context\":\"https:\/\/schema.org\",\"@graph\":[{\"@type\":\"Article\",\"@id\":\"https:\/\/vosgesinfo.fr\/epinalinfo\/2017\/03\/tatoueurs-spinaliens-lemission-zone-interdite-m6\/#article\",\"isPartOf\":{\"@id\":\"https:\/\/vosgesinfo.fr\/epinalinfo\/2017\/03\/tatoueurs-spinaliens-lemission-zone-interdite-m6\/\"},\"author\":{\"name\":\"C.K.\",\"@id\":\"https:\/\/vosgesinfo.fr\/epinalinfo\/#\/schema\/person\/6f9a650eeea99d969b6c4ab78fccbe81\"},\"headline\":\"Des tatoueurs Spinaliens dans l\u2019\u00e9mission Zone Interdite sur M6 !\",\"datePublished\":\"2017-03-06T08:29:07+00:00\",\"dateModified\":\"2017-03-06T08:29:07+00:00\",\"mainEntityOfPage\":{\"@id\":\"https:\/\/vosgesinfo.fr\/epinalinfo\/2017\/03\/tatoueurs-spinaliens-lemission-zone-interdite-m6\/\"},\"wordCount\":277,\"commentCount\":0,\"publisher\":{\"@id\":\"https:\/\/vosgesinfo.fr\/epinalinfo\/#organization\"},\"image\":{\"@id\":\"https:\/\/vosgesinfo.fr\/epinalinfo\/2017\/03\/tatoueurs-spinaliens-lemission-zone-interdite-m6\/#primaryimage\"},\"thumbnailUrl\":\"https:\/\/vosgesinfo.fr\/app\/uploads\/sites\/3\/2024\/08\/201703tatou1.jpg\",\"articleSection\":[\"A la Une\",\"Epinal\"],\"inLanguage\":\"fr-FR\",\"potentialAction\":[{\"@type\":\"CommentAction\",\"name\":\"Comment\",\"target\":[\"https:\/\/vosgesinfo.fr\/epinalinfo\/2017\/03\/tatoueurs-spinaliens-lemission-zone-interdite-m6\/#respond\"]}]},{\"@type\":\"WebPage\",\"@id\":\"https:\/\/vosgesinfo.fr\/epinalinfo\/2017\/03\/tatoueurs-spinaliens-lemission-zone-interdite-m6\/\",\"url\":\"https:\/\/vosgesinfo.fr\/epinalinfo\/2017\/03\/tatoueurs-spinaliens-lemission-zone-interdite-m6\/\",\"name\":\"Des tatoueurs Spinaliens dans l\u2019\u00e9mission Zone Interdite sur M6 ! - Epinal Info\",\"isPartOf\":{\"@id\":\"https:\/\/vosgesinfo.fr\/epinalinfo\/#website\"},\"primaryImageOfPage\":{\"@id\":\"https:\/\/vosgesinfo.fr\/epinalinfo\/2017\/03\/tatoueurs-spinaliens-lemission-zone-interdite-m6\/#primaryimage\"},\"image\":{\"@id\":\"https:\/\/vosgesinfo.fr\/epinalinfo\/2017\/03\/tatoueurs-spinaliens-lemission-zone-interdite-m6\/#primaryimage\"},\"thumbnailUrl\":\"https:\/\/vosgesinfo.fr\/app\/uploads\/sites\/3\/2024\/08\/201703tatou1.jpg\",\"datePublished\":\"2017-03-06T08:29:07+00:00\",\"dateModified\":\"2017-03-06T08:29:07+00:00\",\"breadcrumb\":{\"@id\":\"https:\/\/vosgesinfo.fr\/epinalinfo\/2017\/03\/tatoueurs-spinaliens-lemission-zone-interdite-m6\/#breadcrumb\"},\"inLanguage\":\"fr-FR\",\"potentialAction\":[{\"@type\":\"ReadAction\",\"target\":[\"https:\/\/vosgesinfo.fr\/epinalinfo\/2017\/03\/tatoueurs-spinaliens-lemission-zone-interdite-m6\/\"]}]},{\"@type\":\"ImageObject\",\"inLanguage\":\"fr-FR\",\"@id\":\"https:\/\/vosgesinfo.fr\/epinalinfo\/2017\/03\/tatoueurs-spinaliens-lemission-zone-interdite-m6\/#primaryimage\",\"url\":\"https:\/\/vosgesinfo.fr\/app\/uploads\/sites\/3\/2024\/08\/201703tatou1.jpg\",\"contentUrl\":\"https:\/\/vosgesinfo.fr\/app\/uploads\/sites\/3\/2024\/08\/201703tatou1.jpg\",\"width\":800,\"height\":476},{\"@type\":\"BreadcrumbList\",\"@id\":\"https:\/\/vosgesinfo.fr\/epinalinfo\/2017\/03\/tatoueurs-spinaliens-lemission-zone-interdite-m6\/#breadcrumb\",\"itemListElement\":[{\"@type\":\"ListItem\",\"position\":1,\"name\":\"Home\",\"item\":\"https:\/\/vosgesinfo.fr\/epinalinfo\/\"},{\"@type\":\"ListItem\",\"position\":2,\"name\":\"Des tatoueurs Spinaliens dans l\u2019\u00e9mission Zone Interdite sur M6 !\"}]},{\"@type\":\"WebSite\",\"@id\":\"https:\/\/vosgesinfo.fr\/epinalinfo\/#website\",\"url\":\"https:\/\/vosgesinfo.fr\/epinalinfo\/\",\"name\":\"Epinal Info\",\"description\":\"Toute l&#039;actualit\u00e9 d&#039;\u00c9pinal\",\"publisher\":{\"@id\":\"https:\/\/vosgesinfo.fr\/epinalinfo\/#organization\"},\"alternateName\":\"Toute l'actualit\u00e9 d'\u00c9pinal\",\"potentialAction\":[{\"@type\":\"SearchAction\",\"target\":{\"@type\":\"EntryPoint\",\"urlTemplate\":\"https:\/\/vosgesinfo.fr\/epinalinfo\/?s={search_term_string}\"},\"query-input\":\"required name=search_term_string\"}],\"inLanguage\":\"fr-FR\"},{\"@type\":\"Organization\",\"@id\":\"https:\/\/vosgesinfo.fr\/epinalinfo\/#organization\",\"name\":\"Epinal Info\",\"url\":\"https:\/\/vosgesinfo.fr\/epinalinfo\/\",\"logo\":{\"@type\":\"ImageObject\",\"inLanguage\":\"fr-FR\",\"@id\":\"https:\/\/vosgesinfo.fr\/epinalinfo\/#\/schema\/logo\/image\/\",\"url\":\"https:\/\/vosgesinfo.fr\/app\/uploads\/sites\/3\/2023\/08\/logo-epinalinfos.svg\",\"contentUrl\":\"https:\/\/vosgesinfo.fr\/app\/uploads\/sites\/3\/2023\/08\/logo-epinalinfos.svg\",\"width\":1,\"height\":1,\"caption\":\"Epinal Info\"},\"image\":{\"@id\":\"https:\/\/vosgesinfo.fr\/epinalinfo\/#\/schema\/logo\/image\/\"},\"sameAs\":[\"https:\/\/www.facebook.com\/Epinalinfos\",\"https:\/\/x.com\/VosgesInfo88\",\"https:\/\/www.youtube.com\/@vosgesinfo\"]},{\"@type\":\"Person\",\"@id\":\"https:\/\/vosgesinfo.fr\/epinalinfo\/#\/schema\/person\/6f9a650eeea99d969b6c4ab78fccbe81\",\"name\":\"C.K.\",\"image\":{\"@type\":\"ImageObject\",\"inLanguage\":\"fr-FR\",\"@id\":\"https:\/\/vosgesinfo.fr\/epinalinfo\/#\/schema\/person\/image\/\",\"url\":\"https:\/\/secure.gravatar.com\/avatar\/48e3fc7f8421ba8942be6b74a2b7f014ca39bc00dece156b7a8e098ae7dc87bf?s=96&d=mm&r=g\",\"contentUrl\":\"https:\/\/secure.gravatar.com\/avatar\/48e3fc7f8421ba8942be6b74a2b7f014ca39bc00dece156b7a8e098ae7dc87bf?s=96&d=mm&r=g\",\"caption\":\"C.K.\"},\"url\":\"https:\/\/vosgesinfo.fr\/epinalinfo\/author\/celia-k-n\/\"}]}<\/script>\n<!-- \/ Yoast SEO plugin. -->","yoast_head_json":{"title":"Des tatoueurs Spinaliens dans l\u2019\u00e9mission Zone Interdite sur M6 ! - Epinal Info","robots":{"index":"index","follow":"follow","max-snippet":"max-snippet:-1","max-image-preview":"max-image-preview:large","max-video-preview":"max-video-preview:-1"},"canonical":"https:\/\/vosgesinfo.fr\/epinalinfo\/2017\/03\/tatoueurs-spinaliens-lemission-zone-interdite-m6\/","twitter_card":"summary_large_image","twitter_title":"Des tatoueurs Spinaliens dans l\u2019\u00e9mission Zone Interdite sur M6 ! - Epinal Info","twitter_description":"Ce dimanche soir, deux tatoueurs Spinaliens sont pass\u00e9s sur M6 dans l\u2019\u00e9mission Zone Interdite consacr\u00e9e aux tatouages. Un jeune Fran\u00e7ais [&hellip;]","twitter_image":"https:\/\/vosgesinfo.fr\/app\/uploads\/sites\/3\/2024\/08\/201703tatou1.jpg","twitter_creator":"@VosgesInfo88","twitter_site":"@VosgesInfo88","twitter_misc":{"\u00c9crit par":"C.K.","Dur\u00e9e de lecture estim\u00e9e":"1 minute"},"schema":{"@context":"https:\/\/schema.org","@graph":[{"@type":"Article","@id":"https:\/\/vosgesinfo.fr\/epinalinfo\/2017\/03\/tatoueurs-spinaliens-lemission-zone-interdite-m6\/#article","isPartOf":{"@id":"https:\/\/vosgesinfo.fr\/epinalinfo\/2017\/03\/tatoueurs-spinaliens-lemission-zone-interdite-m6\/"},"author":{"name":"C.K.","@id":"https:\/\/vosgesinfo.fr\/epinalinfo\/#\/schema\/person\/6f9a650eeea99d969b6c4ab78fccbe81"},"headline":"Des tatoueurs Spinaliens dans l\u2019\u00e9mission Zone Interdite sur M6 !","datePublished":"2017-03-06T08:29:07+00:00","dateModified":"2017-03-06T08:29:07+00:00","mainEntityOfPage":{"@id":"https:\/\/vosgesinfo.fr\/epinalinfo\/2017\/03\/tatoueurs-spinaliens-lemission-zone-interdite-m6\/"},"wordCount":277,"commentCount":0,"publisher":{"@id":"https:\/\/vosgesinfo.fr\/epinalinfo\/#organization"},"image":{"@id":"https:\/\/vosgesinfo.fr\/epinalinfo\/2017\/03\/tatoueurs-spinaliens-lemission-zone-interdite-m6\/#primaryimage"},"thumbnailUrl":"https:\/\/vosgesinfo.fr\/app\/uploads\/sites\/3\/2024\/08\/201703tatou1.jpg","articleSection":["A la Une","Epinal"],"inLanguage":"fr-FR","potentialAction":[{"@type":"CommentAction","name":"Comment","target":["https:\/\/vosgesinfo.fr\/epinalinfo\/2017\/03\/tatoueurs-spinaliens-lemission-zone-interdite-m6\/#respond"]}]},{"@type":"WebPage","@id":"https:\/\/vosgesinfo.fr\/epinalinfo\/2017\/03\/tatoueurs-spinaliens-lemission-zone-interdite-m6\/","url":"https:\/\/vosgesinfo.fr\/epinalinfo\/2017\/03\/tatoueurs-spinaliens-lemission-zone-interdite-m6\/","name":"Des tatoueurs Spinaliens dans l\u2019\u00e9mission Zone Interdite sur M6 ! - Epinal Info","isPartOf":{"@id":"https:\/\/vosgesinfo.fr\/epinalinfo\/#website"},"primaryImageOfPage":{"@id":"https:\/\/vosgesinfo.fr\/epinalinfo\/2017\/03\/tatoueurs-spinaliens-lemission-zone-interdite-m6\/#primaryimage"},"image":{"@id":"https:\/\/vosgesinfo.fr\/epinalinfo\/2017\/03\/tatoueurs-spinaliens-lemission-zone-interdite-m6\/#primaryimage"},"thumbnailUrl":"https:\/\/vosgesinfo.fr\/app\/uploads\/sites\/3\/2024\/08\/201703tatou1.jpg","datePublished":"2017-03-06T08:29:07+00:00","dateModified":"2017-03-06T08:29:07+00:00","breadcrumb":{"@id":"https:\/\/vosgesinfo.fr\/epinalinfo\/2017\/03\/tatoueurs-spinaliens-lemission-zone-interdite-m6\/#breadcrumb"},"inLanguage":"fr-FR","potentialAction":[{"@type":"ReadAction","target":["https:\/\/vosgesinfo.fr\/epinalinfo\/2017\/03\/tatoueurs-spinaliens-lemission-zone-interdite-m6\/"]}]},{"@type":"ImageObject","inLanguage":"fr-FR","@id":"https:\/\/vosgesinfo.fr\/epinalinfo\/2017\/03\/tatoueurs-spinaliens-lemission-zone-interdite-m6\/#primaryimage","url":"https:\/\/vosgesinfo.fr\/app\/uploads\/sites\/3\/2024\/08\/201703tatou1.jpg","contentUrl":"https:\/\/vosgesinfo.fr\/app\/uploads\/sites\/3\/2024\/08\/201703tatou1.jpg","width":800,"height":476},{"@type":"BreadcrumbList","@id":"https:\/\/vosgesinfo.fr\/epinalinfo\/2017\/03\/tatoueurs-spinaliens-lemission-zone-interdite-m6\/#breadcrumb","itemListElement":[{"@type":"ListItem","position":1,"name":"Home","item":"https:\/\/vosgesinfo.fr\/epinalinfo\/"},{"@type":"ListItem","position":2,"name":"Des tatoueurs Spinaliens dans l\u2019\u00e9mission Zone Interdite sur M6 !"}]},{"@type":"WebSite","@id":"https:\/\/vosgesinfo.fr\/epinalinfo\/#website","url":"https:\/\/vosgesinfo.fr\/epinalinfo\/","name":"Epinal Info","description":"Toute l&#039;actualit\u00e9 d&#039;\u00c9pinal","publisher":{"@id":"https:\/\/vosgesinfo.fr\/epinalinfo\/#organization"},"alternateName":"Toute l'actualit\u00e9 d'\u00c9pinal","potentialAction":[{"@type":"SearchAction","target":{"@type":"EntryPoint","urlTemplate":"https:\/\/vosgesinfo.fr\/epinalinfo\/?s={search_term_string}"},"query-input":"required name=search_term_string"}],"inLanguage":"fr-FR"},{"@type":"Organization","@id":"https:\/\/vosgesinfo.fr\/epinalinfo\/#organization","name":"Epinal Info","url":"https:\/\/vosgesinfo.fr\/epinalinfo\/","logo":{"@type":"ImageObject","inLanguage":"fr-FR","@id":"https:\/\/vosgesinfo.fr\/epinalinfo\/#\/schema\/logo\/image\/","url":"https:\/\/vosgesinfo.fr\/app\/uploads\/sites\/3\/2023\/08\/logo-epinalinfos.svg","contentUrl":"https:\/\/vosgesinfo.fr\/app\/uploads\/sites\/3\/2023\/08\/logo-epinalinfos.svg","width":1,"height":1,"caption":"Epinal Info"},"image":{"@id":"https:\/\/vosgesinfo.fr\/epinalinfo\/#\/schema\/logo\/image\/"},"sameAs":["https:\/\/www.facebook.com\/Epinalinfos","https:\/\/x.com\/VosgesInfo88","https:\/\/www.youtube.com\/@vosgesinfo"]},{"@type":"Person","@id":"https:\/\/vosgesinfo.fr\/epinalinfo\/#\/schema\/person\/6f9a650eeea99d969b6c4ab78fccbe81","name":"C.K.","image":{"@type":"ImageObject","inLanguage":"fr-FR","@id":"https:\/\/vosgesinfo.fr\/epinalinfo\/#\/schema\/person\/image\/","url":"https:\/\/secure.gravatar.com\/avatar\/48e3fc7f8421ba8942be6b74a2b7f014ca39bc00dece156b7a8e098ae7dc87bf?s=96&d=mm&r=g","contentUrl":"https:\/\/secure.gravatar.com\/avatar\/48e3fc7f8421ba8942be6b74a2b7f014ca39bc00dece156b7a8e098ae7dc87bf?s=96&d=mm&r=g","caption":"C.K."},"url":"https:\/\/vosgesinfo.fr\/epinalinfo\/author\/celia-k-n\/"}]}},"_links":{"self":[{"href":"https:\/\/vosgesinfo.fr\/epinalinfo\/wp-json\/wp\/v2\/posts\/70361","targetHints":{"allow":["GET"]}}],"collection":[{"href":"https:\/\/vosgesinfo.fr\/epinalinfo\/wp-json\/wp\/v2\/posts"}],"about":[{"href":"https:\/\/vosgesinfo.fr\/epinalinfo\/wp-json\/wp\/v2\/types\/post"}],"author":[{"embeddable":true,"href":"https:\/\/vosgesinfo.fr\/epinalinfo\/wp-json\/wp\/v2\/users\/52"}],"replies":[{"embeddable":true,"href":"https:\/\/vosgesinfo.fr\/epinalinfo\/wp-json\/wp\/v2\/comments?post=70361"}],"version-history":[{"count":0,"href":"https:\/\/vosgesinfo.fr\/epinalinfo\/wp-json\/wp\/v2\/posts\/70361\/revisions"}],"wp:featuredmedia":[{"embeddable":true,"href":"https:\/\/vosgesinfo.fr\/epinalinfo\/wp-json\/wp\/v2\/media\/70362"}],"wp:attachment":[{"href":"https:\/\/vosgesinfo.fr\/epinalinfo\/wp-json\/wp\/v2\/media?parent=70361"}],"wp:term":[{"taxonomy":"category","embeddable":true,"href":"https:\/\/vosgesinfo.fr\/epinalinfo\/wp-json\/wp\/v2\/categories?post=70361"},{"taxonomy":"post_tag","embeddable":true,"href":"https:\/\/vosgesinfo.fr\/epinalinfo\/wp-json\/wp\/v2\/tags?post=70361"}],"curies":[{"name":"wp","href":"https:\/\/api.w.org\/{rel}","templated":true}]}}