{"id":70367,"date":"2017-03-06T05:40:59","date_gmt":"2017-03-06T04:40:59","guid":{"rendered":"https:\/\/vosgesinfo.fr\/epinalinfo\/2017\/03\/ventron-brule-de-vieilles-plaques-cabane-forestiere-sembrase\/"},"modified":"2017-03-06T05:40:59","modified_gmt":"2017-03-06T04:40:59","slug":"ventron-brule-de-vieilles-plaques-cabane-forestiere-sembrase","status":"publish","type":"post","link":"https:\/\/vosgesinfo.fr\/epinalinfo\/2017\/03\/ventron-brule-de-vieilles-plaques-cabane-forestiere-sembrase\/","title":{"rendered":"Ventron \u2013 Il br\u00fble de vieilles plaques et sa cabane foresti\u00e8re s\u2019embrase"},"content":{"rendered":"<h4><a href=\"http:\/\/epinalinfos.fr\/2016\/08\/girmont-chute-de-30-metres-ravin\/pompiers-feu-2\/\" rel=\"attachment wp-att-99176\"><img decoding=\"async\" class=\"aligncenter size-full wp-image-99176\" src=\"\/2016\/08\/pompiers-feu.jpg\" alt=\"pompiers-feu\" width=\"600\" height=\"592\" \/><\/a>Une cabane situ\u00e9e dans les bois a pris feu samedi 4 mars 2017 \u00e0 Ventron pr\u00e8s de l\u2019ancienne route menant au M\u00e9nil.<\/h4>\n<p>Il \u00e9tait 18 heures 00 lorsque les sapeurs-pompiers ont \u00e9t\u00e9 appel\u00e9s sur cet incendie. Le propri\u00e9taire de la cabane \u00e9tait en train d\u2019en br\u00fbler les vieilles plaques qu\u2019il avait d\u00e9mont\u00e9es lorsque le feu s\u2019est propag\u00e9 \u00e0 l\u2019ensemble de la b\u00e2tisse. Celle-ci a \u00e9t\u00e9 totalement ravag\u00e9e par les flammes.<\/p>\n<p>Pour sa part, la communaut\u00e9 de brigades de Saulxures-sur-Moselotte a ouvert les investigations d\u2019usage.<\/p>\n<p><strong>D.J.<\/strong><\/p>\n","protected":false},"excerpt":{"rendered":"<p>Une cabane situ\u00e9e dans les bois a pris feu samedi 4 mars 2017 \u00e0 Ventron pr\u00e8s de l\u2019ancienne route menant [&hellip;]<\/p>\n","protected":false},"author":52,"featured_media":70368,"comment_status":"open","ping_status":"open","sticky":false,"template":"","format":"standard","meta":{"footnotes":""},"categories":[6,5],"tags":[],"class_list":["post-70367","post","type-post","status-publish","format-standard","has-post-thumbnail","hentry","category-faits-divers","category-vosges"],"acf":[],"yoast_head":"<!-- This site is optimized with the Yoast SEO plugin v22.5 - https:\/\/yoast.com\/wordpress\/plugins\/seo\/ -->\n<title>Ventron \u2013 Il br\u00fble de vieilles plaques et sa cabane foresti\u00e8re s\u2019embrase - Epinal Info<\/title>\n<meta name=\"robots\" content=\"index, follow, max-snippet:-1, max-image-preview:large, max-video-preview:-1\" \/>\n<link rel=\"canonical\" href=\"https:\/\/vosgesinfo.fr\/epinalinfo\/2017\/03\/ventron-brule-de-vieilles-plaques-cabane-forestiere-sembrase\/\" \/>\n<meta name=\"twitter:card\" content=\"summary_large_image\" \/>\n<meta name=\"twitter:title\" content=\"Ventron \u2013 Il br\u00fble de vieilles plaques et sa cabane foresti\u00e8re s\u2019embrase - Epinal Info\" \/>\n<meta name=\"twitter:description\" content=\"Une cabane situ\u00e9e dans les bois a pris feu samedi 4 mars 2017 \u00e0 Ventron pr\u00e8s de l\u2019ancienne route menant [&hellip;]\" \/>\n<meta name=\"twitter:image\" content=\"https:\/\/vosgesinfo.fr\/app\/uploads\/sites\/3\/2024\/08\/201608pompiers-feu-26.jpg\" \/>\n<meta name=\"twitter:creator\" content=\"@VosgesInfo88\" \/>\n<meta name=\"twitter:site\" content=\"@VosgesInfo88\" \/>\n<meta name=\"twitter:label1\" content=\"\u00c9crit par\" \/>\n\t<meta name=\"twitter:data1\" content=\"C.K.\" \/>\n<script type=\"application\/ld+json\" class=\"yoast-schema-graph\">{\"@context\":\"https:\/\/schema.org\",\"@graph\":[{\"@type\":\"Article\",\"@id\":\"https:\/\/vosgesinfo.fr\/epinalinfo\/2017\/03\/ventron-brule-de-vieilles-plaques-cabane-forestiere-sembrase\/#article\",\"isPartOf\":{\"@id\":\"https:\/\/vosgesinfo.fr\/epinalinfo\/2017\/03\/ventron-brule-de-vieilles-plaques-cabane-forestiere-sembrase\/\"},\"author\":{\"name\":\"C.K.\",\"@id\":\"https:\/\/vosgesinfo.fr\/epinalinfo\/#\/schema\/person\/6f9a650eeea99d969b6c4ab78fccbe81\"},\"headline\":\"Ventron \u2013 Il br\u00fble de vieilles plaques et sa cabane foresti\u00e8re s\u2019embrase\",\"datePublished\":\"2017-03-06T04:40:59+00:00\",\"dateModified\":\"2017-03-06T04:40:59+00:00\",\"mainEntityOfPage\":{\"@id\":\"https:\/\/vosgesinfo.fr\/epinalinfo\/2017\/03\/ventron-brule-de-vieilles-plaques-cabane-forestiere-sembrase\/\"},\"wordCount\":110,\"commentCount\":0,\"publisher\":{\"@id\":\"https:\/\/vosgesinfo.fr\/epinalinfo\/#organization\"},\"image\":{\"@id\":\"https:\/\/vosgesinfo.fr\/epinalinfo\/2017\/03\/ventron-brule-de-vieilles-plaques-cabane-forestiere-sembrase\/#primaryimage\"},\"thumbnailUrl\":\"https:\/\/vosgesinfo.fr\/app\/uploads\/sites\/3\/2024\/08\/201608pompiers-feu-26.jpg\",\"articleSection\":[\"Faits-divers\",\"Vosges\"],\"inLanguage\":\"fr-FR\",\"potentialAction\":[{\"@type\":\"CommentAction\",\"name\":\"Comment\",\"target\":[\"https:\/\/vosgesinfo.fr\/epinalinfo\/2017\/03\/ventron-brule-de-vieilles-plaques-cabane-forestiere-sembrase\/#respond\"]}]},{\"@type\":\"WebPage\",\"@id\":\"https:\/\/vosgesinfo.fr\/epinalinfo\/2017\/03\/ventron-brule-de-vieilles-plaques-cabane-forestiere-sembrase\/\",\"url\":\"https:\/\/vosgesinfo.fr\/epinalinfo\/2017\/03\/ventron-brule-de-vieilles-plaques-cabane-forestiere-sembrase\/\",\"name\":\"Ventron \u2013 Il br\u00fble de vieilles plaques et sa cabane foresti\u00e8re s\u2019embrase - Epinal Info\",\"isPartOf\":{\"@id\":\"https:\/\/vosgesinfo.fr\/epinalinfo\/#website\"},\"primaryImageOfPage\":{\"@id\":\"https:\/\/vosgesinfo.fr\/epinalinfo\/2017\/03\/ventron-brule-de-vieilles-plaques-cabane-forestiere-sembrase\/#primaryimage\"},\"image\":{\"@id\":\"https:\/\/vosgesinfo.fr\/epinalinfo\/2017\/03\/ventron-brule-de-vieilles-plaques-cabane-forestiere-sembrase\/#primaryimage\"},\"thumbnailUrl\":\"https:\/\/vosgesinfo.fr\/app\/uploads\/sites\/3\/2024\/08\/201608pompiers-feu-26.jpg\",\"datePublished\":\"2017-03-06T04:40:59+00:00\",\"dateModified\":\"2017-03-06T04:40:59+00:00\",\"breadcrumb\":{\"@id\":\"https:\/\/vosgesinfo.fr\/epinalinfo\/2017\/03\/ventron-brule-de-vieilles-plaques-cabane-forestiere-sembrase\/#breadcrumb\"},\"inLanguage\":\"fr-FR\",\"potentialAction\":[{\"@type\":\"ReadAction\",\"target\":[\"https:\/\/vosgesinfo.fr\/epinalinfo\/2017\/03\/ventron-brule-de-vieilles-plaques-cabane-forestiere-sembrase\/\"]}]},{\"@type\":\"ImageObject\",\"inLanguage\":\"fr-FR\",\"@id\":\"https:\/\/vosgesinfo.fr\/epinalinfo\/2017\/03\/ventron-brule-de-vieilles-plaques-cabane-forestiere-sembrase\/#primaryimage\",\"url\":\"https:\/\/vosgesinfo.fr\/app\/uploads\/sites\/3\/2024\/08\/201608pompiers-feu-26.jpg\",\"contentUrl\":\"https:\/\/vosgesinfo.fr\/app\/uploads\/sites\/3\/2024\/08\/201608pompiers-feu-26.jpg\",\"width\":600,\"height\":592},{\"@type\":\"BreadcrumbList\",\"@id\":\"https:\/\/vosgesinfo.fr\/epinalinfo\/2017\/03\/ventron-brule-de-vieilles-plaques-cabane-forestiere-sembrase\/#breadcrumb\",\"itemListElement\":[{\"@type\":\"ListItem\",\"position\":1,\"name\":\"Home\",\"item\":\"https:\/\/vosgesinfo.fr\/epinalinfo\/\"},{\"@type\":\"ListItem\",\"position\":2,\"name\":\"Ventron \u2013 Il br\u00fble de vieilles plaques et sa cabane foresti\u00e8re s\u2019embrase\"}]},{\"@type\":\"WebSite\",\"@id\":\"https:\/\/vosgesinfo.fr\/epinalinfo\/#website\",\"url\":\"https:\/\/vosgesinfo.fr\/epinalinfo\/\",\"name\":\"Epinal Info\",\"description\":\"Toute l&#039;actualit\u00e9 d&#039;\u00c9pinal\",\"publisher\":{\"@id\":\"https:\/\/vosgesinfo.fr\/epinalinfo\/#organization\"},\"alternateName\":\"Toute l'actualit\u00e9 d'\u00c9pinal\",\"potentialAction\":[{\"@type\":\"SearchAction\",\"target\":{\"@type\":\"EntryPoint\",\"urlTemplate\":\"https:\/\/vosgesinfo.fr\/epinalinfo\/?s={search_term_string}\"},\"query-input\":\"required name=search_term_string\"}],\"inLanguage\":\"fr-FR\"},{\"@type\":\"Organization\",\"@id\":\"https:\/\/vosgesinfo.fr\/epinalinfo\/#organization\",\"name\":\"Epinal Info\",\"url\":\"https:\/\/vosgesinfo.fr\/epinalinfo\/\",\"logo\":{\"@type\":\"ImageObject\",\"inLanguage\":\"fr-FR\",\"@id\":\"https:\/\/vosgesinfo.fr\/epinalinfo\/#\/schema\/logo\/image\/\",\"url\":\"https:\/\/vosgesinfo.fr\/app\/uploads\/sites\/3\/2023\/08\/logo-epinalinfos.svg\",\"contentUrl\":\"https:\/\/vosgesinfo.fr\/app\/uploads\/sites\/3\/2023\/08\/logo-epinalinfos.svg\",\"width\":1,\"height\":1,\"caption\":\"Epinal Info\"},\"image\":{\"@id\":\"https:\/\/vosgesinfo.fr\/epinalinfo\/#\/schema\/logo\/image\/\"},\"sameAs\":[\"https:\/\/www.facebook.com\/Epinalinfos\",\"https:\/\/x.com\/VosgesInfo88\",\"https:\/\/www.youtube.com\/@vosgesinfo\"]},{\"@type\":\"Person\",\"@id\":\"https:\/\/vosgesinfo.fr\/epinalinfo\/#\/schema\/person\/6f9a650eeea99d969b6c4ab78fccbe81\",\"name\":\"C.K.\",\"image\":{\"@type\":\"ImageObject\",\"inLanguage\":\"fr-FR\",\"@id\":\"https:\/\/vosgesinfo.fr\/epinalinfo\/#\/schema\/person\/image\/\",\"url\":\"https:\/\/secure.gravatar.com\/avatar\/48e3fc7f8421ba8942be6b74a2b7f014ca39bc00dece156b7a8e098ae7dc87bf?s=96&d=mm&r=g\",\"contentUrl\":\"https:\/\/secure.gravatar.com\/avatar\/48e3fc7f8421ba8942be6b74a2b7f014ca39bc00dece156b7a8e098ae7dc87bf?s=96&d=mm&r=g\",\"caption\":\"C.K.\"},\"url\":\"https:\/\/vosgesinfo.fr\/epinalinfo\/author\/celia-k-n\/\"}]}<\/script>\n<!-- \/ Yoast SEO plugin. -->","yoast_head_json":{"title":"Ventron \u2013 Il br\u00fble de vieilles plaques et sa cabane foresti\u00e8re s\u2019embrase - Epinal Info","robots":{"index":"index","follow":"follow","max-snippet":"max-snippet:-1","max-image-preview":"max-image-preview:large","max-video-preview":"max-video-preview:-1"},"canonical":"https:\/\/vosgesinfo.fr\/epinalinfo\/2017\/03\/ventron-brule-de-vieilles-plaques-cabane-forestiere-sembrase\/","twitter_card":"summary_large_image","twitter_title":"Ventron \u2013 Il br\u00fble de vieilles plaques et sa cabane foresti\u00e8re s\u2019embrase - Epinal Info","twitter_description":"Une cabane situ\u00e9e dans les bois a pris feu samedi 4 mars 2017 \u00e0 Ventron pr\u00e8s de l\u2019ancienne route menant [&hellip;]","twitter_image":"https:\/\/vosgesinfo.fr\/app\/uploads\/sites\/3\/2024\/08\/201608pompiers-feu-26.jpg","twitter_creator":"@VosgesInfo88","twitter_site":"@VosgesInfo88","twitter_misc":{"\u00c9crit par":"C.K."},"schema":{"@context":"https:\/\/schema.org","@graph":[{"@type":"Article","@id":"https:\/\/vosgesinfo.fr\/epinalinfo\/2017\/03\/ventron-brule-de-vieilles-plaques-cabane-forestiere-sembrase\/#article","isPartOf":{"@id":"https:\/\/vosgesinfo.fr\/epinalinfo\/2017\/03\/ventron-brule-de-vieilles-plaques-cabane-forestiere-sembrase\/"},"author":{"name":"C.K.","@id":"https:\/\/vosgesinfo.fr\/epinalinfo\/#\/schema\/person\/6f9a650eeea99d969b6c4ab78fccbe81"},"headline":"Ventron \u2013 Il br\u00fble de vieilles plaques et sa cabane foresti\u00e8re s\u2019embrase","datePublished":"2017-03-06T04:40:59+00:00","dateModified":"2017-03-06T04:40:59+00:00","mainEntityOfPage":{"@id":"https:\/\/vosgesinfo.fr\/epinalinfo\/2017\/03\/ventron-brule-de-vieilles-plaques-cabane-forestiere-sembrase\/"},"wordCount":110,"commentCount":0,"publisher":{"@id":"https:\/\/vosgesinfo.fr\/epinalinfo\/#organization"},"image":{"@id":"https:\/\/vosgesinfo.fr\/epinalinfo\/2017\/03\/ventron-brule-de-vieilles-plaques-cabane-forestiere-sembrase\/#primaryimage"},"thumbnailUrl":"https:\/\/vosgesinfo.fr\/app\/uploads\/sites\/3\/2024\/08\/201608pompiers-feu-26.jpg","articleSection":["Faits-divers","Vosges"],"inLanguage":"fr-FR","potentialAction":[{"@type":"CommentAction","name":"Comment","target":["https:\/\/vosgesinfo.fr\/epinalinfo\/2017\/03\/ventron-brule-de-vieilles-plaques-cabane-forestiere-sembrase\/#respond"]}]},{"@type":"WebPage","@id":"https:\/\/vosgesinfo.fr\/epinalinfo\/2017\/03\/ventron-brule-de-vieilles-plaques-cabane-forestiere-sembrase\/","url":"https:\/\/vosgesinfo.fr\/epinalinfo\/2017\/03\/ventron-brule-de-vieilles-plaques-cabane-forestiere-sembrase\/","name":"Ventron \u2013 Il br\u00fble de vieilles plaques et sa cabane foresti\u00e8re s\u2019embrase - Epinal Info","isPartOf":{"@id":"https:\/\/vosgesinfo.fr\/epinalinfo\/#website"},"primaryImageOfPage":{"@id":"https:\/\/vosgesinfo.fr\/epinalinfo\/2017\/03\/ventron-brule-de-vieilles-plaques-cabane-forestiere-sembrase\/#primaryimage"},"image":{"@id":"https:\/\/vosgesinfo.fr\/epinalinfo\/2017\/03\/ventron-brule-de-vieilles-plaques-cabane-forestiere-sembrase\/#primaryimage"},"thumbnailUrl":"https:\/\/vosgesinfo.fr\/app\/uploads\/sites\/3\/2024\/08\/201608pompiers-feu-26.jpg","datePublished":"2017-03-06T04:40:59+00:00","dateModified":"2017-03-06T04:40:59+00:00","breadcrumb":{"@id":"https:\/\/vosgesinfo.fr\/epinalinfo\/2017\/03\/ventron-brule-de-vieilles-plaques-cabane-forestiere-sembrase\/#breadcrumb"},"inLanguage":"fr-FR","potentialAction":[{"@type":"ReadAction","target":["https:\/\/vosgesinfo.fr\/epinalinfo\/2017\/03\/ventron-brule-de-vieilles-plaques-cabane-forestiere-sembrase\/"]}]},{"@type":"ImageObject","inLanguage":"fr-FR","@id":"https:\/\/vosgesinfo.fr\/epinalinfo\/2017\/03\/ventron-brule-de-vieilles-plaques-cabane-forestiere-sembrase\/#primaryimage","url":"https:\/\/vosgesinfo.fr\/app\/uploads\/sites\/3\/2024\/08\/201608pompiers-feu-26.jpg","contentUrl":"https:\/\/vosgesinfo.fr\/app\/uploads\/sites\/3\/2024\/08\/201608pompiers-feu-26.jpg","width":600,"height":592},{"@type":"BreadcrumbList","@id":"https:\/\/vosgesinfo.fr\/epinalinfo\/2017\/03\/ventron-brule-de-vieilles-plaques-cabane-forestiere-sembrase\/#breadcrumb","itemListElement":[{"@type":"ListItem","position":1,"name":"Home","item":"https:\/\/vosgesinfo.fr\/epinalinfo\/"},{"@type":"ListItem","position":2,"name":"Ventron \u2013 Il br\u00fble de vieilles plaques et sa cabane foresti\u00e8re s\u2019embrase"}]},{"@type":"WebSite","@id":"https:\/\/vosgesinfo.fr\/epinalinfo\/#website","url":"https:\/\/vosgesinfo.fr\/epinalinfo\/","name":"Epinal Info","description":"Toute l&#039;actualit\u00e9 d&#039;\u00c9pinal","publisher":{"@id":"https:\/\/vosgesinfo.fr\/epinalinfo\/#organization"},"alternateName":"Toute l'actualit\u00e9 d'\u00c9pinal","potentialAction":[{"@type":"SearchAction","target":{"@type":"EntryPoint","urlTemplate":"https:\/\/vosgesinfo.fr\/epinalinfo\/?s={search_term_string}"},"query-input":"required name=search_term_string"}],"inLanguage":"fr-FR"},{"@type":"Organization","@id":"https:\/\/vosgesinfo.fr\/epinalinfo\/#organization","name":"Epinal Info","url":"https:\/\/vosgesinfo.fr\/epinalinfo\/","logo":{"@type":"ImageObject","inLanguage":"fr-FR","@id":"https:\/\/vosgesinfo.fr\/epinalinfo\/#\/schema\/logo\/image\/","url":"https:\/\/vosgesinfo.fr\/app\/uploads\/sites\/3\/2023\/08\/logo-epinalinfos.svg","contentUrl":"https:\/\/vosgesinfo.fr\/app\/uploads\/sites\/3\/2023\/08\/logo-epinalinfos.svg","width":1,"height":1,"caption":"Epinal Info"},"image":{"@id":"https:\/\/vosgesinfo.fr\/epinalinfo\/#\/schema\/logo\/image\/"},"sameAs":["https:\/\/www.facebook.com\/Epinalinfos","https:\/\/x.com\/VosgesInfo88","https:\/\/www.youtube.com\/@vosgesinfo"]},{"@type":"Person","@id":"https:\/\/vosgesinfo.fr\/epinalinfo\/#\/schema\/person\/6f9a650eeea99d969b6c4ab78fccbe81","name":"C.K.","image":{"@type":"ImageObject","inLanguage":"fr-FR","@id":"https:\/\/vosgesinfo.fr\/epinalinfo\/#\/schema\/person\/image\/","url":"https:\/\/secure.gravatar.com\/avatar\/48e3fc7f8421ba8942be6b74a2b7f014ca39bc00dece156b7a8e098ae7dc87bf?s=96&d=mm&r=g","contentUrl":"https:\/\/secure.gravatar.com\/avatar\/48e3fc7f8421ba8942be6b74a2b7f014ca39bc00dece156b7a8e098ae7dc87bf?s=96&d=mm&r=g","caption":"C.K."},"url":"https:\/\/vosgesinfo.fr\/epinalinfo\/author\/celia-k-n\/"}]}},"_links":{"self":[{"href":"https:\/\/vosgesinfo.fr\/epinalinfo\/wp-json\/wp\/v2\/posts\/70367","targetHints":{"allow":["GET"]}}],"collection":[{"href":"https:\/\/vosgesinfo.fr\/epinalinfo\/wp-json\/wp\/v2\/posts"}],"about":[{"href":"https:\/\/vosgesinfo.fr\/epinalinfo\/wp-json\/wp\/v2\/types\/post"}],"author":[{"embeddable":true,"href":"https:\/\/vosgesinfo.fr\/epinalinfo\/wp-json\/wp\/v2\/users\/52"}],"replies":[{"embeddable":true,"href":"https:\/\/vosgesinfo.fr\/epinalinfo\/wp-json\/wp\/v2\/comments?post=70367"}],"version-history":[{"count":0,"href":"https:\/\/vosgesinfo.fr\/epinalinfo\/wp-json\/wp\/v2\/posts\/70367\/revisions"}],"wp:featuredmedia":[{"embeddable":true,"href":"https:\/\/vosgesinfo.fr\/epinalinfo\/wp-json\/wp\/v2\/media\/70368"}],"wp:attachment":[{"href":"https:\/\/vosgesinfo.fr\/epinalinfo\/wp-json\/wp\/v2\/media?parent=70367"}],"wp:term":[{"taxonomy":"category","embeddable":true,"href":"https:\/\/vosgesinfo.fr\/epinalinfo\/wp-json\/wp\/v2\/categories?post=70367"},{"taxonomy":"post_tag","embeddable":true,"href":"https:\/\/vosgesinfo.fr\/epinalinfo\/wp-json\/wp\/v2\/tags?post=70367"}],"curies":[{"name":"wp","href":"https:\/\/api.w.org\/{rel}","templated":true}]}}