{"id":70369,"date":"2017-03-06T10:56:19","date_gmt":"2017-03-06T09:56:19","guid":{"rendered":"https:\/\/vosgesinfo.fr\/epinalinfo\/2017\/03\/vosges-marche-tour-projet-itinerant-echanger-autour-projet-porte-emmanuel-macron\/"},"modified":"2017-03-06T10:56:19","modified_gmt":"2017-03-06T09:56:19","slug":"vosges-marche-tour-projet-itinerant-echanger-autour-projet-porte-emmanuel-macron","status":"publish","type":"post","link":"https:\/\/vosgesinfo.fr\/epinalinfo\/2017\/03\/vosges-marche-tour-projet-itinerant-echanger-autour-projet-porte-emmanuel-macron\/","title":{"rendered":"Vosges \u2013 \u00ab En Marche ! Le Tour \u00bb, un projet itin\u00e9rant pour \u00e9changer autour du projet port\u00e9 par Emmanuel Macron"},"content":{"rendered":"<div id=\"attachment_109857\" style=\"width: 810px\" class=\"wp-caption aligncenter\"><a href=\"http:\/\/epinalinfos.fr\/2017\/03\/vosges-marche-tour-projet-itinerant-echanger-autour-projet-porte-emmanuel-macron\/emmanuel_macron_01\/\" rel=\"attachment wp-att-109857\"><img decoding=\"async\" aria-describedby=\"caption-attachment-109857\" class=\"size-full wp-image-109857\" src=\"\/2017\/03\/Emmanuel_Macron_01.jpg\" alt=\"Emmanuel Macron est candidat aux prochaines \u00e9lections pr\u00e9sidentielles.\" width=\"800\" height=\"600\" \/><\/a><p id=\"caption-attachment-109857\" class=\"wp-caption-text\">Emmanuel Macron est candidat aux prochaines \u00e9lections pr\u00e9sidentielles.<\/p><\/div>\n<p><strong>Initiative citoyenne lanc\u00e9e par Violaine Pierre et Matthieu Teachout, \u00ab En Marche ! Le Tour \u00bb est un projet itin\u00e9rant dont l\u2019objectif est d\u2019aller \u00e0 la rencontre des Fran\u00e7ais cr\u00e9er du lien, d\u00e9battre, informer, et rassembler autour du projet port\u00e9 par Emmanuel Macron, candidat \u00e0 l\u2019\u00e9lection pr\u00e9sidentielle.<\/strong><\/p>\n<p>Accompagn\u00e9s de Rachel-Flore Pardo et Valentin Somma, ces 2 jeunes militants parcourent la France au volant d\u2019un van, du 11 f\u00e9vrier jusqu\u2019au 23 avril prochain \u2013 date du premier tour de l\u2019\u00e9lection pr\u00e9sidentielle \u2013 et ce dans pr\u00e8s de 70 communes du pays. Ces communes n\u2019ont pas \u00e9t\u00e9 choisies au hasard. Elles correspondent \u00e0 des communes o\u00f9 aucun parti politique sp\u00e9cifique ne domine mais o\u00f9 le vote pour le Front National progresse rapidement depuis 2012.<\/p>\n<p><strong>Les 8, 9 et 10 mars, le van d\u2019\u00ab En Marche ! Le Tour \u00bb s\u2019arr\u00eatera dans les<\/strong><\/p>\n<p><strong>Vosges, et s\u2019associera dans le m\u00eame temps aux comit\u00e9s locaux d\u2019\u00ab En Marche ! \u00bb pour organiser les activit\u00e9s suivantes :<\/strong><\/p>\n<ul>\n<li><strong>Mercredi 8 mars : Epinal<\/strong>\u2022 14h-17h30: tractage et porte-\u00e0-porte.\n<p>\u2022 18h30 : les Jeunes avec Macron organisent un caf\u00e9 d\u00e9bat sur le th\u00e8me \u00ab Elles marchent\u2026Nous marchons tous \u00e9gaux \u00bb au Grand Caf\u00e9, 17 rue du Boudiou.<\/li>\n<li><strong>Jeudi 9 mars : Vittel<\/strong>\u2022 14h-18h : la camionnette sera stationn\u00e9e Place du G\u00e9n\u00e9ral-de-Gaulle, o\u00f9 seront servis des th\u00e9s et caf\u00e9s et o\u00f9 les militants iront \u00e0 la rencontre des passants.\n<p>\u2022 18h30: R\u00e9union publique sur le programme d\u2019Emmanuel Macron \u00e0 la Maison des Associations, situ\u00e9e au 385 rue de Verdun.<\/li>\n<\/ul>\n<ul>\n<li><strong>Vendredi 10 mars : Neufchateau<\/strong>\u2022 14h-18h : la camionnette sera stationn\u00e9e au parking des grandes \u00e9curies.<\/li>\n<\/ul>\n","protected":false},"excerpt":{"rendered":"<p>Initiative citoyenne lanc\u00e9e par Violaine Pierre et Matthieu Teachout, \u00ab En Marche ! Le Tour \u00bb est un projet itin\u00e9rant [&hellip;]<\/p>\n","protected":false},"author":52,"featured_media":70370,"comment_status":"open","ping_status":"open","sticky":false,"template":"","format":"standard","meta":{"footnotes":""},"categories":[9,5],"tags":[],"class_list":["post-70369","post","type-post","status-publish","format-standard","has-post-thumbnail","hentry","category-politique","category-vosges"],"acf":[],"yoast_head":"<!-- This site is optimized with the Yoast SEO plugin v22.5 - https:\/\/yoast.com\/wordpress\/plugins\/seo\/ -->\n<title>Vosges \u2013 \u00ab En Marche ! Le Tour \u00bb, un projet itin\u00e9rant pour \u00e9changer autour du projet port\u00e9 par Emmanuel Macron - Epinal Info<\/title>\n<meta name=\"robots\" content=\"index, follow, max-snippet:-1, max-image-preview:large, max-video-preview:-1\" \/>\n<link rel=\"canonical\" href=\"https:\/\/vosgesinfo.fr\/epinalinfo\/2017\/03\/vosges-marche-tour-projet-itinerant-echanger-autour-projet-porte-emmanuel-macron\/\" \/>\n<meta name=\"twitter:card\" content=\"summary_large_image\" \/>\n<meta name=\"twitter:title\" content=\"Vosges \u2013 \u00ab En Marche ! Le Tour \u00bb, un projet itin\u00e9rant pour \u00e9changer autour du projet port\u00e9 par Emmanuel Macron - Epinal Info\" \/>\n<meta name=\"twitter:description\" content=\"Initiative citoyenne lanc\u00e9e par Violaine Pierre et Matthieu Teachout, \u00ab En Marche ! Le Tour \u00bb est un projet itin\u00e9rant [&hellip;]\" \/>\n<meta name=\"twitter:image\" content=\"https:\/\/vosgesinfo.fr\/app\/uploads\/sites\/3\/2024\/08\/201703emmanuel-macron-01.jpg\" \/>\n<meta name=\"twitter:creator\" content=\"@VosgesInfo88\" \/>\n<meta name=\"twitter:site\" content=\"@VosgesInfo88\" \/>\n<meta name=\"twitter:label1\" content=\"\u00c9crit par\" \/>\n\t<meta name=\"twitter:data1\" content=\"C.K.\" \/>\n\t<meta name=\"twitter:label2\" content=\"Dur\u00e9e de lecture estim\u00e9e\" \/>\n\t<meta name=\"twitter:data2\" content=\"1 minute\" \/>\n<script type=\"application\/ld+json\" class=\"yoast-schema-graph\">{\"@context\":\"https:\/\/schema.org\",\"@graph\":[{\"@type\":\"Article\",\"@id\":\"https:\/\/vosgesinfo.fr\/epinalinfo\/2017\/03\/vosges-marche-tour-projet-itinerant-echanger-autour-projet-porte-emmanuel-macron\/#article\",\"isPartOf\":{\"@id\":\"https:\/\/vosgesinfo.fr\/epinalinfo\/2017\/03\/vosges-marche-tour-projet-itinerant-echanger-autour-projet-porte-emmanuel-macron\/\"},\"author\":{\"name\":\"C.K.\",\"@id\":\"https:\/\/vosgesinfo.fr\/epinalinfo\/#\/schema\/person\/6f9a650eeea99d969b6c4ab78fccbe81\"},\"headline\":\"Vosges \u2013 \u00ab En Marche ! Le Tour \u00bb, un projet itin\u00e9rant pour \u00e9changer autour du projet port\u00e9 par Emmanuel Macron\",\"datePublished\":\"2017-03-06T09:56:19+00:00\",\"dateModified\":\"2017-03-06T09:56:19+00:00\",\"mainEntityOfPage\":{\"@id\":\"https:\/\/vosgesinfo.fr\/epinalinfo\/2017\/03\/vosges-marche-tour-projet-itinerant-echanger-autour-projet-porte-emmanuel-macron\/\"},\"wordCount\":301,\"commentCount\":0,\"publisher\":{\"@id\":\"https:\/\/vosgesinfo.fr\/epinalinfo\/#organization\"},\"image\":{\"@id\":\"https:\/\/vosgesinfo.fr\/epinalinfo\/2017\/03\/vosges-marche-tour-projet-itinerant-echanger-autour-projet-porte-emmanuel-macron\/#primaryimage\"},\"thumbnailUrl\":\"https:\/\/vosgesinfo.fr\/app\/uploads\/sites\/3\/2024\/08\/201703emmanuel-macron-01.jpg\",\"articleSection\":[\"Politique\",\"Vosges\"],\"inLanguage\":\"fr-FR\",\"potentialAction\":[{\"@type\":\"CommentAction\",\"name\":\"Comment\",\"target\":[\"https:\/\/vosgesinfo.fr\/epinalinfo\/2017\/03\/vosges-marche-tour-projet-itinerant-echanger-autour-projet-porte-emmanuel-macron\/#respond\"]}]},{\"@type\":\"WebPage\",\"@id\":\"https:\/\/vosgesinfo.fr\/epinalinfo\/2017\/03\/vosges-marche-tour-projet-itinerant-echanger-autour-projet-porte-emmanuel-macron\/\",\"url\":\"https:\/\/vosgesinfo.fr\/epinalinfo\/2017\/03\/vosges-marche-tour-projet-itinerant-echanger-autour-projet-porte-emmanuel-macron\/\",\"name\":\"Vosges \u2013 \u00ab En Marche ! Le Tour \u00bb, un projet itin\u00e9rant pour \u00e9changer autour du projet port\u00e9 par Emmanuel Macron - Epinal Info\",\"isPartOf\":{\"@id\":\"https:\/\/vosgesinfo.fr\/epinalinfo\/#website\"},\"primaryImageOfPage\":{\"@id\":\"https:\/\/vosgesinfo.fr\/epinalinfo\/2017\/03\/vosges-marche-tour-projet-itinerant-echanger-autour-projet-porte-emmanuel-macron\/#primaryimage\"},\"image\":{\"@id\":\"https:\/\/vosgesinfo.fr\/epinalinfo\/2017\/03\/vosges-marche-tour-projet-itinerant-echanger-autour-projet-porte-emmanuel-macron\/#primaryimage\"},\"thumbnailUrl\":\"https:\/\/vosgesinfo.fr\/app\/uploads\/sites\/3\/2024\/08\/201703emmanuel-macron-01.jpg\",\"datePublished\":\"2017-03-06T09:56:19+00:00\",\"dateModified\":\"2017-03-06T09:56:19+00:00\",\"breadcrumb\":{\"@id\":\"https:\/\/vosgesinfo.fr\/epinalinfo\/2017\/03\/vosges-marche-tour-projet-itinerant-echanger-autour-projet-porte-emmanuel-macron\/#breadcrumb\"},\"inLanguage\":\"fr-FR\",\"potentialAction\":[{\"@type\":\"ReadAction\",\"target\":[\"https:\/\/vosgesinfo.fr\/epinalinfo\/2017\/03\/vosges-marche-tour-projet-itinerant-echanger-autour-projet-porte-emmanuel-macron\/\"]}]},{\"@type\":\"ImageObject\",\"inLanguage\":\"fr-FR\",\"@id\":\"https:\/\/vosgesinfo.fr\/epinalinfo\/2017\/03\/vosges-marche-tour-projet-itinerant-echanger-autour-projet-porte-emmanuel-macron\/#primaryimage\",\"url\":\"https:\/\/vosgesinfo.fr\/app\/uploads\/sites\/3\/2024\/08\/201703emmanuel-macron-01.jpg\",\"contentUrl\":\"https:\/\/vosgesinfo.fr\/app\/uploads\/sites\/3\/2024\/08\/201703emmanuel-macron-01.jpg\",\"width\":800,\"height\":600},{\"@type\":\"BreadcrumbList\",\"@id\":\"https:\/\/vosgesinfo.fr\/epinalinfo\/2017\/03\/vosges-marche-tour-projet-itinerant-echanger-autour-projet-porte-emmanuel-macron\/#breadcrumb\",\"itemListElement\":[{\"@type\":\"ListItem\",\"position\":1,\"name\":\"Home\",\"item\":\"https:\/\/vosgesinfo.fr\/epinalinfo\/\"},{\"@type\":\"ListItem\",\"position\":2,\"name\":\"Vosges \u2013 \u00ab En Marche ! Le Tour \u00bb, un projet itin\u00e9rant pour \u00e9changer autour du projet port\u00e9 par Emmanuel Macron\"}]},{\"@type\":\"WebSite\",\"@id\":\"https:\/\/vosgesinfo.fr\/epinalinfo\/#website\",\"url\":\"https:\/\/vosgesinfo.fr\/epinalinfo\/\",\"name\":\"Epinal Info\",\"description\":\"Toute l&#039;actualit\u00e9 d&#039;\u00c9pinal\",\"publisher\":{\"@id\":\"https:\/\/vosgesinfo.fr\/epinalinfo\/#organization\"},\"alternateName\":\"Toute l'actualit\u00e9 d'\u00c9pinal\",\"potentialAction\":[{\"@type\":\"SearchAction\",\"target\":{\"@type\":\"EntryPoint\",\"urlTemplate\":\"https:\/\/vosgesinfo.fr\/epinalinfo\/?s={search_term_string}\"},\"query-input\":\"required name=search_term_string\"}],\"inLanguage\":\"fr-FR\"},{\"@type\":\"Organization\",\"@id\":\"https:\/\/vosgesinfo.fr\/epinalinfo\/#organization\",\"name\":\"Epinal Info\",\"url\":\"https:\/\/vosgesinfo.fr\/epinalinfo\/\",\"logo\":{\"@type\":\"ImageObject\",\"inLanguage\":\"fr-FR\",\"@id\":\"https:\/\/vosgesinfo.fr\/epinalinfo\/#\/schema\/logo\/image\/\",\"url\":\"https:\/\/vosgesinfo.fr\/app\/uploads\/sites\/3\/2023\/08\/logo-epinalinfos.svg\",\"contentUrl\":\"https:\/\/vosgesinfo.fr\/app\/uploads\/sites\/3\/2023\/08\/logo-epinalinfos.svg\",\"width\":1,\"height\":1,\"caption\":\"Epinal Info\"},\"image\":{\"@id\":\"https:\/\/vosgesinfo.fr\/epinalinfo\/#\/schema\/logo\/image\/\"},\"sameAs\":[\"https:\/\/www.facebook.com\/Epinalinfos\",\"https:\/\/x.com\/VosgesInfo88\",\"https:\/\/www.youtube.com\/@vosgesinfo\"]},{\"@type\":\"Person\",\"@id\":\"https:\/\/vosgesinfo.fr\/epinalinfo\/#\/schema\/person\/6f9a650eeea99d969b6c4ab78fccbe81\",\"name\":\"C.K.\",\"image\":{\"@type\":\"ImageObject\",\"inLanguage\":\"fr-FR\",\"@id\":\"https:\/\/vosgesinfo.fr\/epinalinfo\/#\/schema\/person\/image\/\",\"url\":\"https:\/\/secure.gravatar.com\/avatar\/48e3fc7f8421ba8942be6b74a2b7f014ca39bc00dece156b7a8e098ae7dc87bf?s=96&d=mm&r=g\",\"contentUrl\":\"https:\/\/secure.gravatar.com\/avatar\/48e3fc7f8421ba8942be6b74a2b7f014ca39bc00dece156b7a8e098ae7dc87bf?s=96&d=mm&r=g\",\"caption\":\"C.K.\"},\"url\":\"https:\/\/vosgesinfo.fr\/epinalinfo\/author\/celia-k-n\/\"}]}<\/script>\n<!-- \/ Yoast SEO plugin. -->","yoast_head_json":{"title":"Vosges \u2013 \u00ab En Marche ! Le Tour \u00bb, un projet itin\u00e9rant pour \u00e9changer autour du projet port\u00e9 par Emmanuel Macron - Epinal Info","robots":{"index":"index","follow":"follow","max-snippet":"max-snippet:-1","max-image-preview":"max-image-preview:large","max-video-preview":"max-video-preview:-1"},"canonical":"https:\/\/vosgesinfo.fr\/epinalinfo\/2017\/03\/vosges-marche-tour-projet-itinerant-echanger-autour-projet-porte-emmanuel-macron\/","twitter_card":"summary_large_image","twitter_title":"Vosges \u2013 \u00ab En Marche ! Le Tour \u00bb, un projet itin\u00e9rant pour \u00e9changer autour du projet port\u00e9 par Emmanuel Macron - Epinal Info","twitter_description":"Initiative citoyenne lanc\u00e9e par Violaine Pierre et Matthieu Teachout, \u00ab En Marche ! Le Tour \u00bb est un projet itin\u00e9rant [&hellip;]","twitter_image":"https:\/\/vosgesinfo.fr\/app\/uploads\/sites\/3\/2024\/08\/201703emmanuel-macron-01.jpg","twitter_creator":"@VosgesInfo88","twitter_site":"@VosgesInfo88","twitter_misc":{"\u00c9crit par":"C.K.","Dur\u00e9e de lecture estim\u00e9e":"1 minute"},"schema":{"@context":"https:\/\/schema.org","@graph":[{"@type":"Article","@id":"https:\/\/vosgesinfo.fr\/epinalinfo\/2017\/03\/vosges-marche-tour-projet-itinerant-echanger-autour-projet-porte-emmanuel-macron\/#article","isPartOf":{"@id":"https:\/\/vosgesinfo.fr\/epinalinfo\/2017\/03\/vosges-marche-tour-projet-itinerant-echanger-autour-projet-porte-emmanuel-macron\/"},"author":{"name":"C.K.","@id":"https:\/\/vosgesinfo.fr\/epinalinfo\/#\/schema\/person\/6f9a650eeea99d969b6c4ab78fccbe81"},"headline":"Vosges \u2013 \u00ab En Marche ! Le Tour \u00bb, un projet itin\u00e9rant pour \u00e9changer autour du projet port\u00e9 par Emmanuel Macron","datePublished":"2017-03-06T09:56:19+00:00","dateModified":"2017-03-06T09:56:19+00:00","mainEntityOfPage":{"@id":"https:\/\/vosgesinfo.fr\/epinalinfo\/2017\/03\/vosges-marche-tour-projet-itinerant-echanger-autour-projet-porte-emmanuel-macron\/"},"wordCount":301,"commentCount":0,"publisher":{"@id":"https:\/\/vosgesinfo.fr\/epinalinfo\/#organization"},"image":{"@id":"https:\/\/vosgesinfo.fr\/epinalinfo\/2017\/03\/vosges-marche-tour-projet-itinerant-echanger-autour-projet-porte-emmanuel-macron\/#primaryimage"},"thumbnailUrl":"https:\/\/vosgesinfo.fr\/app\/uploads\/sites\/3\/2024\/08\/201703emmanuel-macron-01.jpg","articleSection":["Politique","Vosges"],"inLanguage":"fr-FR","potentialAction":[{"@type":"CommentAction","name":"Comment","target":["https:\/\/vosgesinfo.fr\/epinalinfo\/2017\/03\/vosges-marche-tour-projet-itinerant-echanger-autour-projet-porte-emmanuel-macron\/#respond"]}]},{"@type":"WebPage","@id":"https:\/\/vosgesinfo.fr\/epinalinfo\/2017\/03\/vosges-marche-tour-projet-itinerant-echanger-autour-projet-porte-emmanuel-macron\/","url":"https:\/\/vosgesinfo.fr\/epinalinfo\/2017\/03\/vosges-marche-tour-projet-itinerant-echanger-autour-projet-porte-emmanuel-macron\/","name":"Vosges \u2013 \u00ab En Marche ! Le Tour \u00bb, un projet itin\u00e9rant pour \u00e9changer autour du projet port\u00e9 par Emmanuel Macron - Epinal Info","isPartOf":{"@id":"https:\/\/vosgesinfo.fr\/epinalinfo\/#website"},"primaryImageOfPage":{"@id":"https:\/\/vosgesinfo.fr\/epinalinfo\/2017\/03\/vosges-marche-tour-projet-itinerant-echanger-autour-projet-porte-emmanuel-macron\/#primaryimage"},"image":{"@id":"https:\/\/vosgesinfo.fr\/epinalinfo\/2017\/03\/vosges-marche-tour-projet-itinerant-echanger-autour-projet-porte-emmanuel-macron\/#primaryimage"},"thumbnailUrl":"https:\/\/vosgesinfo.fr\/app\/uploads\/sites\/3\/2024\/08\/201703emmanuel-macron-01.jpg","datePublished":"2017-03-06T09:56:19+00:00","dateModified":"2017-03-06T09:56:19+00:00","breadcrumb":{"@id":"https:\/\/vosgesinfo.fr\/epinalinfo\/2017\/03\/vosges-marche-tour-projet-itinerant-echanger-autour-projet-porte-emmanuel-macron\/#breadcrumb"},"inLanguage":"fr-FR","potentialAction":[{"@type":"ReadAction","target":["https:\/\/vosgesinfo.fr\/epinalinfo\/2017\/03\/vosges-marche-tour-projet-itinerant-echanger-autour-projet-porte-emmanuel-macron\/"]}]},{"@type":"ImageObject","inLanguage":"fr-FR","@id":"https:\/\/vosgesinfo.fr\/epinalinfo\/2017\/03\/vosges-marche-tour-projet-itinerant-echanger-autour-projet-porte-emmanuel-macron\/#primaryimage","url":"https:\/\/vosgesinfo.fr\/app\/uploads\/sites\/3\/2024\/08\/201703emmanuel-macron-01.jpg","contentUrl":"https:\/\/vosgesinfo.fr\/app\/uploads\/sites\/3\/2024\/08\/201703emmanuel-macron-01.jpg","width":800,"height":600},{"@type":"BreadcrumbList","@id":"https:\/\/vosgesinfo.fr\/epinalinfo\/2017\/03\/vosges-marche-tour-projet-itinerant-echanger-autour-projet-porte-emmanuel-macron\/#breadcrumb","itemListElement":[{"@type":"ListItem","position":1,"name":"Home","item":"https:\/\/vosgesinfo.fr\/epinalinfo\/"},{"@type":"ListItem","position":2,"name":"Vosges \u2013 \u00ab En Marche ! Le Tour \u00bb, un projet itin\u00e9rant pour \u00e9changer autour du projet port\u00e9 par Emmanuel Macron"}]},{"@type":"WebSite","@id":"https:\/\/vosgesinfo.fr\/epinalinfo\/#website","url":"https:\/\/vosgesinfo.fr\/epinalinfo\/","name":"Epinal Info","description":"Toute l&#039;actualit\u00e9 d&#039;\u00c9pinal","publisher":{"@id":"https:\/\/vosgesinfo.fr\/epinalinfo\/#organization"},"alternateName":"Toute l'actualit\u00e9 d'\u00c9pinal","potentialAction":[{"@type":"SearchAction","target":{"@type":"EntryPoint","urlTemplate":"https:\/\/vosgesinfo.fr\/epinalinfo\/?s={search_term_string}"},"query-input":"required name=search_term_string"}],"inLanguage":"fr-FR"},{"@type":"Organization","@id":"https:\/\/vosgesinfo.fr\/epinalinfo\/#organization","name":"Epinal Info","url":"https:\/\/vosgesinfo.fr\/epinalinfo\/","logo":{"@type":"ImageObject","inLanguage":"fr-FR","@id":"https:\/\/vosgesinfo.fr\/epinalinfo\/#\/schema\/logo\/image\/","url":"https:\/\/vosgesinfo.fr\/app\/uploads\/sites\/3\/2023\/08\/logo-epinalinfos.svg","contentUrl":"https:\/\/vosgesinfo.fr\/app\/uploads\/sites\/3\/2023\/08\/logo-epinalinfos.svg","width":1,"height":1,"caption":"Epinal Info"},"image":{"@id":"https:\/\/vosgesinfo.fr\/epinalinfo\/#\/schema\/logo\/image\/"},"sameAs":["https:\/\/www.facebook.com\/Epinalinfos","https:\/\/x.com\/VosgesInfo88","https:\/\/www.youtube.com\/@vosgesinfo"]},{"@type":"Person","@id":"https:\/\/vosgesinfo.fr\/epinalinfo\/#\/schema\/person\/6f9a650eeea99d969b6c4ab78fccbe81","name":"C.K.","image":{"@type":"ImageObject","inLanguage":"fr-FR","@id":"https:\/\/vosgesinfo.fr\/epinalinfo\/#\/schema\/person\/image\/","url":"https:\/\/secure.gravatar.com\/avatar\/48e3fc7f8421ba8942be6b74a2b7f014ca39bc00dece156b7a8e098ae7dc87bf?s=96&d=mm&r=g","contentUrl":"https:\/\/secure.gravatar.com\/avatar\/48e3fc7f8421ba8942be6b74a2b7f014ca39bc00dece156b7a8e098ae7dc87bf?s=96&d=mm&r=g","caption":"C.K."},"url":"https:\/\/vosgesinfo.fr\/epinalinfo\/author\/celia-k-n\/"}]}},"_links":{"self":[{"href":"https:\/\/vosgesinfo.fr\/epinalinfo\/wp-json\/wp\/v2\/posts\/70369","targetHints":{"allow":["GET"]}}],"collection":[{"href":"https:\/\/vosgesinfo.fr\/epinalinfo\/wp-json\/wp\/v2\/posts"}],"about":[{"href":"https:\/\/vosgesinfo.fr\/epinalinfo\/wp-json\/wp\/v2\/types\/post"}],"author":[{"embeddable":true,"href":"https:\/\/vosgesinfo.fr\/epinalinfo\/wp-json\/wp\/v2\/users\/52"}],"replies":[{"embeddable":true,"href":"https:\/\/vosgesinfo.fr\/epinalinfo\/wp-json\/wp\/v2\/comments?post=70369"}],"version-history":[{"count":0,"href":"https:\/\/vosgesinfo.fr\/epinalinfo\/wp-json\/wp\/v2\/posts\/70369\/revisions"}],"wp:featuredmedia":[{"embeddable":true,"href":"https:\/\/vosgesinfo.fr\/epinalinfo\/wp-json\/wp\/v2\/media\/70370"}],"wp:attachment":[{"href":"https:\/\/vosgesinfo.fr\/epinalinfo\/wp-json\/wp\/v2\/media?parent=70369"}],"wp:term":[{"taxonomy":"category","embeddable":true,"href":"https:\/\/vosgesinfo.fr\/epinalinfo\/wp-json\/wp\/v2\/categories?post=70369"},{"taxonomy":"post_tag","embeddable":true,"href":"https:\/\/vosgesinfo.fr\/epinalinfo\/wp-json\/wp\/v2\/tags?post=70369"}],"curies":[{"name":"wp","href":"https:\/\/api.w.org\/{rel}","templated":true}]}}