{"id":70380,"date":"2017-03-06T19:03:02","date_gmt":"2017-03-06T18:03:02","guid":{"rendered":"https:\/\/vosgesinfo.fr\/epinalinfo\/2017\/03\/maternite-de-remiremont-volonte-commune-entre-departement-vosges-lars\/"},"modified":"2017-03-06T19:03:02","modified_gmt":"2017-03-06T18:03:02","slug":"maternite-de-remiremont-volonte-commune-entre-departement-vosges-lars","status":"publish","type":"post","link":"https:\/\/vosgesinfo.fr\/epinalinfo\/2017\/03\/maternite-de-remiremont-volonte-commune-entre-departement-vosges-lars\/","title":{"rendered":"Maternit\u00e9 de Remiremont : une volont\u00e9 commune entre le D\u00e9partement des Vosges et l\u2019ARS"},"content":{"rendered":"<div id=\"attachment_109872\" style=\"width: 810px\" class=\"wp-caption aligncenter\"><a href=\"http:\/\/epinalinfos.fr\/2017\/03\/maternite-de-remiremont-volonte-commune-entre-departement-vosges-lars\/14-discours-de-m-vannson\/\" rel=\"attachment wp-att-109872\"><img decoding=\"async\" aria-describedby=\"caption-attachment-109872\" class=\"size-full wp-image-109872\" src=\"\/2017\/03\/14-Discours-de-M.-Vannson.jpg\" alt=\"Fran\u00e7ois Vannson aux voeux du centre hospitalier le jeudi 19 janvier 2017. Photographie d\u2019archives.\" width=\"800\" height=\"600\" \/><\/a><p id=\"caption-attachment-109872\" class=\"wp-caption-text\">Fran\u00e7ois Vannson aux voeux du centre hospitalier le jeudi 19 janvier 2017. Photographie d\u2019archives.<\/p><\/div>\n<p align=\"JUSTIFY\"><em>\u00ab\u00a0Prenons garde \u00e0 ne pas ajouter de la confusion \u00e0 ce dossier complexe ! Je l\u2019ai d\u00e9j\u00e0 dit et je le r\u00e9p\u00e8te\u00a0: annoncer d\u2019ores et d\u00e9j\u00e0 la fermeture de la maternit\u00e9 de Remiremont dessert son activit\u00e9 mais aussi l\u2019h\u00f4pital dans son ensemble, seul un travail de coop\u00e9ration s\u00e9rieux sur le territoire sera efficace. Ma priorit\u00e9, sur ce dossier, est d\u2019\u00e9laborer le Sch\u00e9ma D\u00e9partemental de l\u2019Offre de soins qui apportera des arguments concrets dans la p\u00e9rennisation de cette structure hospitali\u00e8re reconnue. Le r\u00e9sultat de cette \u00e9tude sera rendu publique courant juin 2017 et permettra de d\u00e9terminer la meilleure approche afin de pr\u00e9server un am\u00e9nagement \u00e9quilibr\u00e9 du territoire \u00bb<\/em> affirme Fran\u00e7ois Vannson, Pr\u00e9sident du Conseil D\u00e9partemental des Vosges.<\/p>\n<p align=\"JUSTIFY\">Toute d\u00e9cision conduisant \u00e0 la fermeture de la maternit\u00e9 de Remiremont n\u2019est pas envisageable \u00e0 l\u2019heure actuelle et est pr\u00e9matur\u00e9e tant que les conclusions relatives au Sch\u00e9ma D\u00e9partemental de l\u2019Offre de soins ne sont pas connues.<\/p>\n<p align=\"JUSTIFY\">Le Directeur G\u00e9n\u00e9ral de l\u2019Agence R\u00e9gionale de Sant\u00e9, Christophe Lannelongue, conform\u00e9ment au courrier qu\u2019il a adress\u00e9 \u00e0 au pr\u00e9sident Vannson le 24 f\u00e9vrier dernier, partage pleinement ce constat qui a conduit le D\u00e9partement des Vosges \u00e0 engager une d\u00e9marche de sch\u00e9ma ax\u00e9 au domaine de la sant\u00e9. Il propose ainsi, d\u2019inscrire dans ce futur sch\u00e9ma, un volet de renforcement des soins de proximit\u00e9 \u00e9labor\u00e9 en commun entre l\u2019Agence R\u00e9gionale de sant\u00e9 et le Conseil D\u00e9partemental. Il souhaiterait, de plus, \u00e9tendre ce sch\u00e9ma \u00e0 l\u2019ensemble des D\u00e9partements du Grand Est.<\/p>\n<p align=\"JUSTIFY\">Fran\u00e7ois Vannson le r\u00e9affirme\u00a0: <em>\u00ab\u00a0il est imp\u00e9ratif qu\u2019aucune d\u00e9cision h\u00e2tive soit prise dans ce dossier \u00bb.<\/em><\/p>\n","protected":false},"excerpt":{"rendered":"<p>\u00ab\u00a0Prenons garde \u00e0 ne pas ajouter de la confusion \u00e0 ce dossier complexe ! Je l\u2019ai d\u00e9j\u00e0 dit et je [&hellip;]<\/p>\n","protected":false},"author":52,"featured_media":70381,"comment_status":"open","ping_status":"open","sticky":false,"template":"","format":"standard","meta":{"footnotes":""},"categories":[14,5],"tags":[],"class_list":["post-70380","post","type-post","status-publish","format-standard","has-post-thumbnail","hentry","category-sante","category-vosges"],"acf":[],"yoast_head":"<!-- This site is optimized with the Yoast SEO plugin v22.5 - https:\/\/yoast.com\/wordpress\/plugins\/seo\/ -->\n<title>Maternit\u00e9 de Remiremont : une volont\u00e9 commune entre le D\u00e9partement des Vosges et l\u2019ARS - Epinal Info<\/title>\n<meta name=\"robots\" content=\"index, follow, max-snippet:-1, max-image-preview:large, max-video-preview:-1\" \/>\n<link rel=\"canonical\" href=\"https:\/\/vosgesinfo.fr\/epinalinfo\/2017\/03\/maternite-de-remiremont-volonte-commune-entre-departement-vosges-lars\/\" \/>\n<meta name=\"twitter:card\" content=\"summary_large_image\" \/>\n<meta name=\"twitter:title\" content=\"Maternit\u00e9 de Remiremont : une volont\u00e9 commune entre le D\u00e9partement des Vosges et l\u2019ARS - Epinal Info\" \/>\n<meta name=\"twitter:description\" content=\"\u00ab\u00a0Prenons garde \u00e0 ne pas ajouter de la confusion \u00e0 ce dossier complexe ! Je l\u2019ai d\u00e9j\u00e0 dit et je [&hellip;]\" \/>\n<meta name=\"twitter:image\" content=\"https:\/\/vosgesinfo.fr\/app\/uploads\/sites\/3\/2024\/08\/20170314-discours-de-m.-vannson.jpg\" \/>\n<meta name=\"twitter:creator\" content=\"@VosgesInfo88\" \/>\n<meta name=\"twitter:site\" content=\"@VosgesInfo88\" \/>\n<meta name=\"twitter:label1\" content=\"\u00c9crit par\" \/>\n\t<meta name=\"twitter:data1\" content=\"C.K.\" \/>\n\t<meta name=\"twitter:label2\" content=\"Dur\u00e9e de lecture estim\u00e9e\" \/>\n\t<meta name=\"twitter:data2\" content=\"2 minutes\" \/>\n<script type=\"application\/ld+json\" class=\"yoast-schema-graph\">{\"@context\":\"https:\/\/schema.org\",\"@graph\":[{\"@type\":\"Article\",\"@id\":\"https:\/\/vosgesinfo.fr\/epinalinfo\/2017\/03\/maternite-de-remiremont-volonte-commune-entre-departement-vosges-lars\/#article\",\"isPartOf\":{\"@id\":\"https:\/\/vosgesinfo.fr\/epinalinfo\/2017\/03\/maternite-de-remiremont-volonte-commune-entre-departement-vosges-lars\/\"},\"author\":{\"name\":\"C.K.\",\"@id\":\"https:\/\/vosgesinfo.fr\/epinalinfo\/#\/schema\/person\/6f9a650eeea99d969b6c4ab78fccbe81\"},\"headline\":\"Maternit\u00e9 de Remiremont : une volont\u00e9 commune entre le D\u00e9partement des Vosges et l\u2019ARS\",\"datePublished\":\"2017-03-06T18:03:02+00:00\",\"dateModified\":\"2017-03-06T18:03:02+00:00\",\"mainEntityOfPage\":{\"@id\":\"https:\/\/vosgesinfo.fr\/epinalinfo\/2017\/03\/maternite-de-remiremont-volonte-commune-entre-departement-vosges-lars\/\"},\"wordCount\":337,\"commentCount\":0,\"publisher\":{\"@id\":\"https:\/\/vosgesinfo.fr\/epinalinfo\/#organization\"},\"image\":{\"@id\":\"https:\/\/vosgesinfo.fr\/epinalinfo\/2017\/03\/maternite-de-remiremont-volonte-commune-entre-departement-vosges-lars\/#primaryimage\"},\"thumbnailUrl\":\"https:\/\/vosgesinfo.fr\/app\/uploads\/sites\/3\/2024\/08\/20170314-discours-de-m.-vannson.jpg\",\"articleSection\":[\"Sant\u00e9\",\"Vosges\"],\"inLanguage\":\"fr-FR\",\"potentialAction\":[{\"@type\":\"CommentAction\",\"name\":\"Comment\",\"target\":[\"https:\/\/vosgesinfo.fr\/epinalinfo\/2017\/03\/maternite-de-remiremont-volonte-commune-entre-departement-vosges-lars\/#respond\"]}]},{\"@type\":\"WebPage\",\"@id\":\"https:\/\/vosgesinfo.fr\/epinalinfo\/2017\/03\/maternite-de-remiremont-volonte-commune-entre-departement-vosges-lars\/\",\"url\":\"https:\/\/vosgesinfo.fr\/epinalinfo\/2017\/03\/maternite-de-remiremont-volonte-commune-entre-departement-vosges-lars\/\",\"name\":\"Maternit\u00e9 de Remiremont : une volont\u00e9 commune entre le D\u00e9partement des Vosges et l\u2019ARS - Epinal Info\",\"isPartOf\":{\"@id\":\"https:\/\/vosgesinfo.fr\/epinalinfo\/#website\"},\"primaryImageOfPage\":{\"@id\":\"https:\/\/vosgesinfo.fr\/epinalinfo\/2017\/03\/maternite-de-remiremont-volonte-commune-entre-departement-vosges-lars\/#primaryimage\"},\"image\":{\"@id\":\"https:\/\/vosgesinfo.fr\/epinalinfo\/2017\/03\/maternite-de-remiremont-volonte-commune-entre-departement-vosges-lars\/#primaryimage\"},\"thumbnailUrl\":\"https:\/\/vosgesinfo.fr\/app\/uploads\/sites\/3\/2024\/08\/20170314-discours-de-m.-vannson.jpg\",\"datePublished\":\"2017-03-06T18:03:02+00:00\",\"dateModified\":\"2017-03-06T18:03:02+00:00\",\"breadcrumb\":{\"@id\":\"https:\/\/vosgesinfo.fr\/epinalinfo\/2017\/03\/maternite-de-remiremont-volonte-commune-entre-departement-vosges-lars\/#breadcrumb\"},\"inLanguage\":\"fr-FR\",\"potentialAction\":[{\"@type\":\"ReadAction\",\"target\":[\"https:\/\/vosgesinfo.fr\/epinalinfo\/2017\/03\/maternite-de-remiremont-volonte-commune-entre-departement-vosges-lars\/\"]}]},{\"@type\":\"ImageObject\",\"inLanguage\":\"fr-FR\",\"@id\":\"https:\/\/vosgesinfo.fr\/epinalinfo\/2017\/03\/maternite-de-remiremont-volonte-commune-entre-departement-vosges-lars\/#primaryimage\",\"url\":\"https:\/\/vosgesinfo.fr\/app\/uploads\/sites\/3\/2024\/08\/20170314-discours-de-m.-vannson.jpg\",\"contentUrl\":\"https:\/\/vosgesinfo.fr\/app\/uploads\/sites\/3\/2024\/08\/20170314-discours-de-m.-vannson.jpg\",\"width\":800,\"height\":600},{\"@type\":\"BreadcrumbList\",\"@id\":\"https:\/\/vosgesinfo.fr\/epinalinfo\/2017\/03\/maternite-de-remiremont-volonte-commune-entre-departement-vosges-lars\/#breadcrumb\",\"itemListElement\":[{\"@type\":\"ListItem\",\"position\":1,\"name\":\"Home\",\"item\":\"https:\/\/vosgesinfo.fr\/epinalinfo\/\"},{\"@type\":\"ListItem\",\"position\":2,\"name\":\"Maternit\u00e9 de Remiremont : une volont\u00e9 commune entre le D\u00e9partement des Vosges et l\u2019ARS\"}]},{\"@type\":\"WebSite\",\"@id\":\"https:\/\/vosgesinfo.fr\/epinalinfo\/#website\",\"url\":\"https:\/\/vosgesinfo.fr\/epinalinfo\/\",\"name\":\"Epinal Info\",\"description\":\"Toute l&#039;actualit\u00e9 d&#039;\u00c9pinal\",\"publisher\":{\"@id\":\"https:\/\/vosgesinfo.fr\/epinalinfo\/#organization\"},\"alternateName\":\"Toute l'actualit\u00e9 d'\u00c9pinal\",\"potentialAction\":[{\"@type\":\"SearchAction\",\"target\":{\"@type\":\"EntryPoint\",\"urlTemplate\":\"https:\/\/vosgesinfo.fr\/epinalinfo\/?s={search_term_string}\"},\"query-input\":\"required name=search_term_string\"}],\"inLanguage\":\"fr-FR\"},{\"@type\":\"Organization\",\"@id\":\"https:\/\/vosgesinfo.fr\/epinalinfo\/#organization\",\"name\":\"Epinal Info\",\"url\":\"https:\/\/vosgesinfo.fr\/epinalinfo\/\",\"logo\":{\"@type\":\"ImageObject\",\"inLanguage\":\"fr-FR\",\"@id\":\"https:\/\/vosgesinfo.fr\/epinalinfo\/#\/schema\/logo\/image\/\",\"url\":\"https:\/\/vosgesinfo.fr\/app\/uploads\/sites\/3\/2023\/08\/logo-epinalinfos.svg\",\"contentUrl\":\"https:\/\/vosgesinfo.fr\/app\/uploads\/sites\/3\/2023\/08\/logo-epinalinfos.svg\",\"width\":1,\"height\":1,\"caption\":\"Epinal Info\"},\"image\":{\"@id\":\"https:\/\/vosgesinfo.fr\/epinalinfo\/#\/schema\/logo\/image\/\"},\"sameAs\":[\"https:\/\/www.facebook.com\/Epinalinfos\",\"https:\/\/x.com\/VosgesInfo88\",\"https:\/\/www.youtube.com\/@vosgesinfo\"]},{\"@type\":\"Person\",\"@id\":\"https:\/\/vosgesinfo.fr\/epinalinfo\/#\/schema\/person\/6f9a650eeea99d969b6c4ab78fccbe81\",\"name\":\"C.K.\",\"image\":{\"@type\":\"ImageObject\",\"inLanguage\":\"fr-FR\",\"@id\":\"https:\/\/vosgesinfo.fr\/epinalinfo\/#\/schema\/person\/image\/\",\"url\":\"https:\/\/secure.gravatar.com\/avatar\/48e3fc7f8421ba8942be6b74a2b7f014ca39bc00dece156b7a8e098ae7dc87bf?s=96&d=mm&r=g\",\"contentUrl\":\"https:\/\/secure.gravatar.com\/avatar\/48e3fc7f8421ba8942be6b74a2b7f014ca39bc00dece156b7a8e098ae7dc87bf?s=96&d=mm&r=g\",\"caption\":\"C.K.\"},\"url\":\"https:\/\/vosgesinfo.fr\/epinalinfo\/author\/celia-k-n\/\"}]}<\/script>\n<!-- \/ Yoast SEO plugin. -->","yoast_head_json":{"title":"Maternit\u00e9 de Remiremont : une volont\u00e9 commune entre le D\u00e9partement des Vosges et l\u2019ARS - Epinal Info","robots":{"index":"index","follow":"follow","max-snippet":"max-snippet:-1","max-image-preview":"max-image-preview:large","max-video-preview":"max-video-preview:-1"},"canonical":"https:\/\/vosgesinfo.fr\/epinalinfo\/2017\/03\/maternite-de-remiremont-volonte-commune-entre-departement-vosges-lars\/","twitter_card":"summary_large_image","twitter_title":"Maternit\u00e9 de Remiremont : une volont\u00e9 commune entre le D\u00e9partement des Vosges et l\u2019ARS - Epinal Info","twitter_description":"\u00ab\u00a0Prenons garde \u00e0 ne pas ajouter de la confusion \u00e0 ce dossier complexe ! Je l\u2019ai d\u00e9j\u00e0 dit et je [&hellip;]","twitter_image":"https:\/\/vosgesinfo.fr\/app\/uploads\/sites\/3\/2024\/08\/20170314-discours-de-m.-vannson.jpg","twitter_creator":"@VosgesInfo88","twitter_site":"@VosgesInfo88","twitter_misc":{"\u00c9crit par":"C.K.","Dur\u00e9e de lecture estim\u00e9e":"2 minutes"},"schema":{"@context":"https:\/\/schema.org","@graph":[{"@type":"Article","@id":"https:\/\/vosgesinfo.fr\/epinalinfo\/2017\/03\/maternite-de-remiremont-volonte-commune-entre-departement-vosges-lars\/#article","isPartOf":{"@id":"https:\/\/vosgesinfo.fr\/epinalinfo\/2017\/03\/maternite-de-remiremont-volonte-commune-entre-departement-vosges-lars\/"},"author":{"name":"C.K.","@id":"https:\/\/vosgesinfo.fr\/epinalinfo\/#\/schema\/person\/6f9a650eeea99d969b6c4ab78fccbe81"},"headline":"Maternit\u00e9 de Remiremont : une volont\u00e9 commune entre le D\u00e9partement des Vosges et l\u2019ARS","datePublished":"2017-03-06T18:03:02+00:00","dateModified":"2017-03-06T18:03:02+00:00","mainEntityOfPage":{"@id":"https:\/\/vosgesinfo.fr\/epinalinfo\/2017\/03\/maternite-de-remiremont-volonte-commune-entre-departement-vosges-lars\/"},"wordCount":337,"commentCount":0,"publisher":{"@id":"https:\/\/vosgesinfo.fr\/epinalinfo\/#organization"},"image":{"@id":"https:\/\/vosgesinfo.fr\/epinalinfo\/2017\/03\/maternite-de-remiremont-volonte-commune-entre-departement-vosges-lars\/#primaryimage"},"thumbnailUrl":"https:\/\/vosgesinfo.fr\/app\/uploads\/sites\/3\/2024\/08\/20170314-discours-de-m.-vannson.jpg","articleSection":["Sant\u00e9","Vosges"],"inLanguage":"fr-FR","potentialAction":[{"@type":"CommentAction","name":"Comment","target":["https:\/\/vosgesinfo.fr\/epinalinfo\/2017\/03\/maternite-de-remiremont-volonte-commune-entre-departement-vosges-lars\/#respond"]}]},{"@type":"WebPage","@id":"https:\/\/vosgesinfo.fr\/epinalinfo\/2017\/03\/maternite-de-remiremont-volonte-commune-entre-departement-vosges-lars\/","url":"https:\/\/vosgesinfo.fr\/epinalinfo\/2017\/03\/maternite-de-remiremont-volonte-commune-entre-departement-vosges-lars\/","name":"Maternit\u00e9 de Remiremont : une volont\u00e9 commune entre le D\u00e9partement des Vosges et l\u2019ARS - Epinal Info","isPartOf":{"@id":"https:\/\/vosgesinfo.fr\/epinalinfo\/#website"},"primaryImageOfPage":{"@id":"https:\/\/vosgesinfo.fr\/epinalinfo\/2017\/03\/maternite-de-remiremont-volonte-commune-entre-departement-vosges-lars\/#primaryimage"},"image":{"@id":"https:\/\/vosgesinfo.fr\/epinalinfo\/2017\/03\/maternite-de-remiremont-volonte-commune-entre-departement-vosges-lars\/#primaryimage"},"thumbnailUrl":"https:\/\/vosgesinfo.fr\/app\/uploads\/sites\/3\/2024\/08\/20170314-discours-de-m.-vannson.jpg","datePublished":"2017-03-06T18:03:02+00:00","dateModified":"2017-03-06T18:03:02+00:00","breadcrumb":{"@id":"https:\/\/vosgesinfo.fr\/epinalinfo\/2017\/03\/maternite-de-remiremont-volonte-commune-entre-departement-vosges-lars\/#breadcrumb"},"inLanguage":"fr-FR","potentialAction":[{"@type":"ReadAction","target":["https:\/\/vosgesinfo.fr\/epinalinfo\/2017\/03\/maternite-de-remiremont-volonte-commune-entre-departement-vosges-lars\/"]}]},{"@type":"ImageObject","inLanguage":"fr-FR","@id":"https:\/\/vosgesinfo.fr\/epinalinfo\/2017\/03\/maternite-de-remiremont-volonte-commune-entre-departement-vosges-lars\/#primaryimage","url":"https:\/\/vosgesinfo.fr\/app\/uploads\/sites\/3\/2024\/08\/20170314-discours-de-m.-vannson.jpg","contentUrl":"https:\/\/vosgesinfo.fr\/app\/uploads\/sites\/3\/2024\/08\/20170314-discours-de-m.-vannson.jpg","width":800,"height":600},{"@type":"BreadcrumbList","@id":"https:\/\/vosgesinfo.fr\/epinalinfo\/2017\/03\/maternite-de-remiremont-volonte-commune-entre-departement-vosges-lars\/#breadcrumb","itemListElement":[{"@type":"ListItem","position":1,"name":"Home","item":"https:\/\/vosgesinfo.fr\/epinalinfo\/"},{"@type":"ListItem","position":2,"name":"Maternit\u00e9 de Remiremont : une volont\u00e9 commune entre le D\u00e9partement des Vosges et l\u2019ARS"}]},{"@type":"WebSite","@id":"https:\/\/vosgesinfo.fr\/epinalinfo\/#website","url":"https:\/\/vosgesinfo.fr\/epinalinfo\/","name":"Epinal Info","description":"Toute l&#039;actualit\u00e9 d&#039;\u00c9pinal","publisher":{"@id":"https:\/\/vosgesinfo.fr\/epinalinfo\/#organization"},"alternateName":"Toute l'actualit\u00e9 d'\u00c9pinal","potentialAction":[{"@type":"SearchAction","target":{"@type":"EntryPoint","urlTemplate":"https:\/\/vosgesinfo.fr\/epinalinfo\/?s={search_term_string}"},"query-input":"required name=search_term_string"}],"inLanguage":"fr-FR"},{"@type":"Organization","@id":"https:\/\/vosgesinfo.fr\/epinalinfo\/#organization","name":"Epinal Info","url":"https:\/\/vosgesinfo.fr\/epinalinfo\/","logo":{"@type":"ImageObject","inLanguage":"fr-FR","@id":"https:\/\/vosgesinfo.fr\/epinalinfo\/#\/schema\/logo\/image\/","url":"https:\/\/vosgesinfo.fr\/app\/uploads\/sites\/3\/2023\/08\/logo-epinalinfos.svg","contentUrl":"https:\/\/vosgesinfo.fr\/app\/uploads\/sites\/3\/2023\/08\/logo-epinalinfos.svg","width":1,"height":1,"caption":"Epinal Info"},"image":{"@id":"https:\/\/vosgesinfo.fr\/epinalinfo\/#\/schema\/logo\/image\/"},"sameAs":["https:\/\/www.facebook.com\/Epinalinfos","https:\/\/x.com\/VosgesInfo88","https:\/\/www.youtube.com\/@vosgesinfo"]},{"@type":"Person","@id":"https:\/\/vosgesinfo.fr\/epinalinfo\/#\/schema\/person\/6f9a650eeea99d969b6c4ab78fccbe81","name":"C.K.","image":{"@type":"ImageObject","inLanguage":"fr-FR","@id":"https:\/\/vosgesinfo.fr\/epinalinfo\/#\/schema\/person\/image\/","url":"https:\/\/secure.gravatar.com\/avatar\/48e3fc7f8421ba8942be6b74a2b7f014ca39bc00dece156b7a8e098ae7dc87bf?s=96&d=mm&r=g","contentUrl":"https:\/\/secure.gravatar.com\/avatar\/48e3fc7f8421ba8942be6b74a2b7f014ca39bc00dece156b7a8e098ae7dc87bf?s=96&d=mm&r=g","caption":"C.K."},"url":"https:\/\/vosgesinfo.fr\/epinalinfo\/author\/celia-k-n\/"}]}},"_links":{"self":[{"href":"https:\/\/vosgesinfo.fr\/epinalinfo\/wp-json\/wp\/v2\/posts\/70380","targetHints":{"allow":["GET"]}}],"collection":[{"href":"https:\/\/vosgesinfo.fr\/epinalinfo\/wp-json\/wp\/v2\/posts"}],"about":[{"href":"https:\/\/vosgesinfo.fr\/epinalinfo\/wp-json\/wp\/v2\/types\/post"}],"author":[{"embeddable":true,"href":"https:\/\/vosgesinfo.fr\/epinalinfo\/wp-json\/wp\/v2\/users\/52"}],"replies":[{"embeddable":true,"href":"https:\/\/vosgesinfo.fr\/epinalinfo\/wp-json\/wp\/v2\/comments?post=70380"}],"version-history":[{"count":0,"href":"https:\/\/vosgesinfo.fr\/epinalinfo\/wp-json\/wp\/v2\/posts\/70380\/revisions"}],"wp:featuredmedia":[{"embeddable":true,"href":"https:\/\/vosgesinfo.fr\/epinalinfo\/wp-json\/wp\/v2\/media\/70381"}],"wp:attachment":[{"href":"https:\/\/vosgesinfo.fr\/epinalinfo\/wp-json\/wp\/v2\/media?parent=70380"}],"wp:term":[{"taxonomy":"category","embeddable":true,"href":"https:\/\/vosgesinfo.fr\/epinalinfo\/wp-json\/wp\/v2\/categories?post=70380"},{"taxonomy":"post_tag","embeddable":true,"href":"https:\/\/vosgesinfo.fr\/epinalinfo\/wp-json\/wp\/v2\/tags?post=70380"}],"curies":[{"name":"wp","href":"https:\/\/api.w.org\/{rel}","templated":true}]}}