{"id":70383,"date":"2017-03-06T19:40:22","date_gmt":"2017-03-06T18:40:22","guid":{"rendered":"https:\/\/vosgesinfo.fr\/epinalinfo\/2017\/03\/le-sillon-lorrain-tous-pour-un\/"},"modified":"2017-03-06T19:40:22","modified_gmt":"2017-03-06T18:40:22","slug":"le-sillon-lorrain-tous-pour-un","status":"publish","type":"post","link":"https:\/\/vosgesinfo.fr\/epinalinfo\/2017\/03\/le-sillon-lorrain-tous-pour-un\/","title":{"rendered":"Le Sillon Lorrain : tous pour un !"},"content":{"rendered":"<div id=\"attachment_109884\" style=\"width: 810px\" class=\"wp-caption aligncenter\"><a href=\"http:\/\/epinalinfos.fr\/2017\/03\/le-sillon-lorrain-tous-pour-un\/sillon-lorrain-6\/\" rel=\"attachment wp-att-109884\"><img decoding=\"async\" aria-describedby=\"caption-attachment-109884\" class=\"wp-image-109884 size-full\" src=\"\/2017\/03\/sillon-lorrain-6.jpg\" alt=\"sillon-lorrain (6)\" width=\"800\" height=\"533\" \/><\/a><p id=\"caption-attachment-109884\" class=\"wp-caption-text\">(photographies Michel Conraud)<\/p><\/div>\n<h4>Le dernier conseil syndical du Sillon Lorrain a eu lieu ce lundi matin \u00e0 la BMI. L\u2019occasion pour les \u00e9lus d\u2019aborder la question de la future biblioth\u00e8que num\u00e9rique de r\u00e9f\u00e9rence.<\/h4>\n<div id=\"attachment_109885\" style=\"width: 348px\" class=\"wp-caption alignleft\"><a href=\"http:\/\/epinalinfos.fr\/2017\/03\/le-sillon-lorrain-tous-pour-un\/079a1110-dualiso\/\" rel=\"attachment wp-att-109885\"><img decoding=\"async\" aria-describedby=\"caption-attachment-109885\" class=\" wp-image-109885\" src=\"\/2017\/03\/079A1110-dualiso.jpg\" alt=\"(photographies Michel Conraud)\" width=\"338\" height=\"507\" \/><\/a><p id=\"caption-attachment-109885\" class=\"wp-caption-text\">(photographies Michel Conraud)<\/p><\/div>\n<p>Le P\u00f4le m\u00e9tropolitain du Sillon Lorrain est port\u00e9 par quatre intercommunalit\u00e9s situ\u00e9es de Thionville, Metz, Nancy \u00e0 Epinal. Il permet de resserrer les liens et de mettre en commun les id\u00e9es et moyens pour favoriser la r\u00e9alisation de projets.<\/p>\n<p>Le d\u00e9bat d\u2019orientation budg\u00e9taire du p\u00f4le a \u00e9t\u00e9 l\u2019occasion d\u2019aborder ces orientations et la place du sillon Lorrain au sein de la nouvelle organisation territoriale fran\u00e7aise.<\/p>\n<p>Les \u00e9lus veulent conforter l\u2019espace Lorrain au c\u0153ur du r\u00e9seau m\u00e9tropolitain de la r\u00e9gion Grand Est, mais aussi de la Grande R\u00e9gion transfrontali\u00e8re et de l\u2019Europe.<\/p>\n<p>Port\u00e9 par quatre territoires unis dans un projet commun, le Sillon Lorrain a construit sa l\u00e9gitimit\u00e9 sur la base de prises de positions communes et d\u2019int\u00e9r\u00eats partag\u00e9s. Le programme 2017 s\u2019oriente autour de quatre ambitions force\u00a0: la d\u00e9fense de l\u2019identit\u00e9 m\u00e9tropolitaine, le partage et la construction d\u2019une ing\u00e9nierie de politiques publiques, le partage et la construction d\u2019une ing\u00e9nierie de projets innovants et la construction d\u2019une ing\u00e9nierie de ressources communes.<\/p>\n<p>Les projets Lorntech et la biblioth\u00e8que num\u00e9rique de r\u00e9f\u00e9rence r\u00e9pondent \u00e0 ces enjeux au m\u00eame titre que le rapprochement des conservatoires.<\/p>\n<p>Avec plus d\u20191,4 million d\u2019habitants, le Sillon Lorrain est un bon exemple de coop\u00e9ration entre les diff\u00e9rentes agglom\u00e9rations.<\/p>\n<p>C.K.N.<\/p>\n\n\t\t<style type=\"text\/css\">\n\t\t\t#gallery-1 {\n\t\t\t\tmargin: auto;\n\t\t\t}\n\t\t\t#gallery-1 .gallery-item {\n\t\t\t\tfloat: left;\n\t\t\t\tmargin-top: 10px;\n\t\t\t\ttext-align: center;\n\t\t\t\twidth: 33%;\n\t\t\t}\n\t\t\t#gallery-1 img {\n\t\t\t\tborder: 2px solid #cfcfcf;\n\t\t\t}\n\t\t\t#gallery-1 .gallery-caption {\n\t\t\t\tmargin-left: 0;\n\t\t\t}\n\t\t\t\/* see gallery_shortcode() in wp-includes\/media.php *\/\n\t\t<\/style>\n\t\t<div id='gallery-1' class='gallery galleryid-70383 gallery-columns-3 gallery-size-medium'><dl class='gallery-item'>\n\t\t\t<dt class='gallery-icon landscape'>\n\t\t\t\t<a href='https:\/\/vosgesinfo.fr\/app\/uploads\/sites\/3\/2024\/08\/202106dsc-1009-11.jpg'><img decoding=\"async\" width=\"300\" height=\"212\" src=\"https:\/\/vosgesinfo.fr\/app\/uploads\/sites\/3\/2024\/08\/202106dsc-1009-11-300x212.jpg\" class=\"attachment-medium size-medium\" alt=\"\" srcset=\"https:\/\/vosgesinfo.fr\/app\/uploads\/sites\/3\/2024\/08\/202106dsc-1009-11-300x212.jpg 300w, https:\/\/vosgesinfo.fr\/app\/uploads\/sites\/3\/2024\/08\/202106dsc-1009-11-768x541.jpg 768w, https:\/\/vosgesinfo.fr\/app\/uploads\/sites\/3\/2024\/08\/202106dsc-1009-11.jpg 800w\" sizes=\"(max-width: 300px) 100vw, 300px\" \/><\/a>\n\t\t\t<\/dt><\/dl>\n\t\t\t<br style='clear: both' \/>\n\t\t<\/div>\n\n","protected":false},"excerpt":{"rendered":"<p>Le dernier conseil syndical du Sillon Lorrain a eu lieu ce lundi matin \u00e0 la BMI. L\u2019occasion pour les \u00e9lus [&hellip;]<\/p>\n","protected":false},"author":52,"featured_media":70384,"comment_status":"open","ping_status":"open","sticky":false,"template":"","format":"standard","meta":{"footnotes":""},"categories":[22,24,9],"tags":[9974,9975,6944,9976,4162,9977,9978,8343,9979],"class_list":["post-70383","post","type-post","status-publish","format-standard","has-post-thumbnail","hentry","category-a-la-une","category-epinal","category-politique","tag-conseil-syndical-du-sillon-lorrain","tag-debat-dorientation-budgetaire-du-pole","tag-elus","tag-mettre-en-commun-les-idees","tag-metz","tag-nancy-a-epinal","tag-realisation-de-projets","tag-sillon-lorrain","tag-thionville"],"acf":[],"yoast_head":"<!-- This site is optimized with the Yoast SEO plugin v22.5 - https:\/\/yoast.com\/wordpress\/plugins\/seo\/ -->\n<title>Le Sillon Lorrain : tous pour un ! - Epinal Info<\/title>\n<meta name=\"robots\" content=\"index, follow, max-snippet:-1, max-image-preview:large, max-video-preview:-1\" \/>\n<link rel=\"canonical\" href=\"https:\/\/vosgesinfo.fr\/epinalinfo\/2017\/03\/le-sillon-lorrain-tous-pour-un\/\" \/>\n<meta name=\"twitter:card\" content=\"summary_large_image\" \/>\n<meta name=\"twitter:title\" content=\"Le Sillon Lorrain : tous pour un ! - Epinal Info\" \/>\n<meta name=\"twitter:description\" content=\"Le dernier conseil syndical du Sillon Lorrain a eu lieu ce lundi matin \u00e0 la BMI. L\u2019occasion pour les \u00e9lus [&hellip;]\" \/>\n<meta name=\"twitter:image\" content=\"https:\/\/vosgesinfo.fr\/app\/uploads\/sites\/3\/2024\/08\/201703sillon-lorrain-9.jpg\" \/>\n<meta name=\"twitter:creator\" content=\"@VosgesInfo88\" \/>\n<meta name=\"twitter:site\" content=\"@VosgesInfo88\" \/>\n<meta name=\"twitter:label1\" content=\"\u00c9crit par\" \/>\n\t<meta name=\"twitter:data1\" content=\"C.K.\" \/>\n\t<meta name=\"twitter:label2\" content=\"Dur\u00e9e de lecture estim\u00e9e\" \/>\n\t<meta name=\"twitter:data2\" content=\"2 minutes\" \/>\n<script type=\"application\/ld+json\" class=\"yoast-schema-graph\">{\"@context\":\"https:\/\/schema.org\",\"@graph\":[{\"@type\":\"Article\",\"@id\":\"https:\/\/vosgesinfo.fr\/epinalinfo\/2017\/03\/le-sillon-lorrain-tous-pour-un\/#article\",\"isPartOf\":{\"@id\":\"https:\/\/vosgesinfo.fr\/epinalinfo\/2017\/03\/le-sillon-lorrain-tous-pour-un\/\"},\"author\":{\"name\":\"C.K.\",\"@id\":\"https:\/\/vosgesinfo.fr\/epinalinfo\/#\/schema\/person\/6f9a650eeea99d969b6c4ab78fccbe81\"},\"headline\":\"Le Sillon Lorrain : tous pour un !\",\"datePublished\":\"2017-03-06T18:40:22+00:00\",\"dateModified\":\"2017-03-06T18:40:22+00:00\",\"mainEntityOfPage\":{\"@id\":\"https:\/\/vosgesinfo.fr\/epinalinfo\/2017\/03\/le-sillon-lorrain-tous-pour-un\/\"},\"wordCount\":316,\"commentCount\":0,\"publisher\":{\"@id\":\"https:\/\/vosgesinfo.fr\/epinalinfo\/#organization\"},\"image\":{\"@id\":\"https:\/\/vosgesinfo.fr\/epinalinfo\/2017\/03\/le-sillon-lorrain-tous-pour-un\/#primaryimage\"},\"thumbnailUrl\":\"https:\/\/vosgesinfo.fr\/app\/uploads\/sites\/3\/2024\/08\/201703sillon-lorrain-9.jpg\",\"keywords\":[\"conseil syndical du Sillon Lorrain\",\"d\u00e9bat d\u2019orientation budg\u00e9taire du p\u00f4le\",\"\u00e9lus\",\"mettre en commun les id\u00e9es\",\"Metz\",\"Nancy \u00e0 Epinal\",\"r\u00e9alisation de projets\",\"Sillon Lorrain\",\"Thionville\"],\"articleSection\":[\"A la Une\",\"Epinal\",\"Politique\"],\"inLanguage\":\"fr-FR\",\"potentialAction\":[{\"@type\":\"CommentAction\",\"name\":\"Comment\",\"target\":[\"https:\/\/vosgesinfo.fr\/epinalinfo\/2017\/03\/le-sillon-lorrain-tous-pour-un\/#respond\"]}]},{\"@type\":\"WebPage\",\"@id\":\"https:\/\/vosgesinfo.fr\/epinalinfo\/2017\/03\/le-sillon-lorrain-tous-pour-un\/\",\"url\":\"https:\/\/vosgesinfo.fr\/epinalinfo\/2017\/03\/le-sillon-lorrain-tous-pour-un\/\",\"name\":\"Le Sillon Lorrain : tous pour un ! - Epinal Info\",\"isPartOf\":{\"@id\":\"https:\/\/vosgesinfo.fr\/epinalinfo\/#website\"},\"primaryImageOfPage\":{\"@id\":\"https:\/\/vosgesinfo.fr\/epinalinfo\/2017\/03\/le-sillon-lorrain-tous-pour-un\/#primaryimage\"},\"image\":{\"@id\":\"https:\/\/vosgesinfo.fr\/epinalinfo\/2017\/03\/le-sillon-lorrain-tous-pour-un\/#primaryimage\"},\"thumbnailUrl\":\"https:\/\/vosgesinfo.fr\/app\/uploads\/sites\/3\/2024\/08\/201703sillon-lorrain-9.jpg\",\"datePublished\":\"2017-03-06T18:40:22+00:00\",\"dateModified\":\"2017-03-06T18:40:22+00:00\",\"breadcrumb\":{\"@id\":\"https:\/\/vosgesinfo.fr\/epinalinfo\/2017\/03\/le-sillon-lorrain-tous-pour-un\/#breadcrumb\"},\"inLanguage\":\"fr-FR\",\"potentialAction\":[{\"@type\":\"ReadAction\",\"target\":[\"https:\/\/vosgesinfo.fr\/epinalinfo\/2017\/03\/le-sillon-lorrain-tous-pour-un\/\"]}]},{\"@type\":\"ImageObject\",\"inLanguage\":\"fr-FR\",\"@id\":\"https:\/\/vosgesinfo.fr\/epinalinfo\/2017\/03\/le-sillon-lorrain-tous-pour-un\/#primaryimage\",\"url\":\"https:\/\/vosgesinfo.fr\/app\/uploads\/sites\/3\/2024\/08\/201703sillon-lorrain-9.jpg\",\"contentUrl\":\"https:\/\/vosgesinfo.fr\/app\/uploads\/sites\/3\/2024\/08\/201703sillon-lorrain-9.jpg\",\"width\":800,\"height\":533},{\"@type\":\"BreadcrumbList\",\"@id\":\"https:\/\/vosgesinfo.fr\/epinalinfo\/2017\/03\/le-sillon-lorrain-tous-pour-un\/#breadcrumb\",\"itemListElement\":[{\"@type\":\"ListItem\",\"position\":1,\"name\":\"Home\",\"item\":\"https:\/\/vosgesinfo.fr\/epinalinfo\/\"},{\"@type\":\"ListItem\",\"position\":2,\"name\":\"Le Sillon Lorrain : tous pour un !\"}]},{\"@type\":\"WebSite\",\"@id\":\"https:\/\/vosgesinfo.fr\/epinalinfo\/#website\",\"url\":\"https:\/\/vosgesinfo.fr\/epinalinfo\/\",\"name\":\"Epinal Info\",\"description\":\"Toute l&#039;actualit\u00e9 d&#039;\u00c9pinal\",\"publisher\":{\"@id\":\"https:\/\/vosgesinfo.fr\/epinalinfo\/#organization\"},\"alternateName\":\"Toute l'actualit\u00e9 d'\u00c9pinal\",\"potentialAction\":[{\"@type\":\"SearchAction\",\"target\":{\"@type\":\"EntryPoint\",\"urlTemplate\":\"https:\/\/vosgesinfo.fr\/epinalinfo\/?s={search_term_string}\"},\"query-input\":\"required name=search_term_string\"}],\"inLanguage\":\"fr-FR\"},{\"@type\":\"Organization\",\"@id\":\"https:\/\/vosgesinfo.fr\/epinalinfo\/#organization\",\"name\":\"Epinal Info\",\"url\":\"https:\/\/vosgesinfo.fr\/epinalinfo\/\",\"logo\":{\"@type\":\"ImageObject\",\"inLanguage\":\"fr-FR\",\"@id\":\"https:\/\/vosgesinfo.fr\/epinalinfo\/#\/schema\/logo\/image\/\",\"url\":\"https:\/\/vosgesinfo.fr\/app\/uploads\/sites\/3\/2023\/08\/logo-epinalinfos.svg\",\"contentUrl\":\"https:\/\/vosgesinfo.fr\/app\/uploads\/sites\/3\/2023\/08\/logo-epinalinfos.svg\",\"width\":1,\"height\":1,\"caption\":\"Epinal Info\"},\"image\":{\"@id\":\"https:\/\/vosgesinfo.fr\/epinalinfo\/#\/schema\/logo\/image\/\"},\"sameAs\":[\"https:\/\/www.facebook.com\/Epinalinfos\",\"https:\/\/x.com\/VosgesInfo88\",\"https:\/\/www.youtube.com\/@vosgesinfo\"]},{\"@type\":\"Person\",\"@id\":\"https:\/\/vosgesinfo.fr\/epinalinfo\/#\/schema\/person\/6f9a650eeea99d969b6c4ab78fccbe81\",\"name\":\"C.K.\",\"image\":{\"@type\":\"ImageObject\",\"inLanguage\":\"fr-FR\",\"@id\":\"https:\/\/vosgesinfo.fr\/epinalinfo\/#\/schema\/person\/image\/\",\"url\":\"https:\/\/secure.gravatar.com\/avatar\/48e3fc7f8421ba8942be6b74a2b7f014ca39bc00dece156b7a8e098ae7dc87bf?s=96&d=mm&r=g\",\"contentUrl\":\"https:\/\/secure.gravatar.com\/avatar\/48e3fc7f8421ba8942be6b74a2b7f014ca39bc00dece156b7a8e098ae7dc87bf?s=96&d=mm&r=g\",\"caption\":\"C.K.\"},\"url\":\"https:\/\/vosgesinfo.fr\/epinalinfo\/author\/celia-k-n\/\"}]}<\/script>\n<!-- \/ Yoast SEO plugin. -->","yoast_head_json":{"title":"Le Sillon Lorrain : tous pour un ! - Epinal Info","robots":{"index":"index","follow":"follow","max-snippet":"max-snippet:-1","max-image-preview":"max-image-preview:large","max-video-preview":"max-video-preview:-1"},"canonical":"https:\/\/vosgesinfo.fr\/epinalinfo\/2017\/03\/le-sillon-lorrain-tous-pour-un\/","twitter_card":"summary_large_image","twitter_title":"Le Sillon Lorrain : tous pour un ! - Epinal Info","twitter_description":"Le dernier conseil syndical du Sillon Lorrain a eu lieu ce lundi matin \u00e0 la BMI. L\u2019occasion pour les \u00e9lus [&hellip;]","twitter_image":"https:\/\/vosgesinfo.fr\/app\/uploads\/sites\/3\/2024\/08\/201703sillon-lorrain-9.jpg","twitter_creator":"@VosgesInfo88","twitter_site":"@VosgesInfo88","twitter_misc":{"\u00c9crit par":"C.K.","Dur\u00e9e de lecture estim\u00e9e":"2 minutes"},"schema":{"@context":"https:\/\/schema.org","@graph":[{"@type":"Article","@id":"https:\/\/vosgesinfo.fr\/epinalinfo\/2017\/03\/le-sillon-lorrain-tous-pour-un\/#article","isPartOf":{"@id":"https:\/\/vosgesinfo.fr\/epinalinfo\/2017\/03\/le-sillon-lorrain-tous-pour-un\/"},"author":{"name":"C.K.","@id":"https:\/\/vosgesinfo.fr\/epinalinfo\/#\/schema\/person\/6f9a650eeea99d969b6c4ab78fccbe81"},"headline":"Le Sillon Lorrain : tous pour un !","datePublished":"2017-03-06T18:40:22+00:00","dateModified":"2017-03-06T18:40:22+00:00","mainEntityOfPage":{"@id":"https:\/\/vosgesinfo.fr\/epinalinfo\/2017\/03\/le-sillon-lorrain-tous-pour-un\/"},"wordCount":316,"commentCount":0,"publisher":{"@id":"https:\/\/vosgesinfo.fr\/epinalinfo\/#organization"},"image":{"@id":"https:\/\/vosgesinfo.fr\/epinalinfo\/2017\/03\/le-sillon-lorrain-tous-pour-un\/#primaryimage"},"thumbnailUrl":"https:\/\/vosgesinfo.fr\/app\/uploads\/sites\/3\/2024\/08\/201703sillon-lorrain-9.jpg","keywords":["conseil syndical du Sillon Lorrain","d\u00e9bat d\u2019orientation budg\u00e9taire du p\u00f4le","\u00e9lus","mettre en commun les id\u00e9es","Metz","Nancy \u00e0 Epinal","r\u00e9alisation de projets","Sillon Lorrain","Thionville"],"articleSection":["A la Une","Epinal","Politique"],"inLanguage":"fr-FR","potentialAction":[{"@type":"CommentAction","name":"Comment","target":["https:\/\/vosgesinfo.fr\/epinalinfo\/2017\/03\/le-sillon-lorrain-tous-pour-un\/#respond"]}]},{"@type":"WebPage","@id":"https:\/\/vosgesinfo.fr\/epinalinfo\/2017\/03\/le-sillon-lorrain-tous-pour-un\/","url":"https:\/\/vosgesinfo.fr\/epinalinfo\/2017\/03\/le-sillon-lorrain-tous-pour-un\/","name":"Le Sillon Lorrain : tous pour un ! - Epinal Info","isPartOf":{"@id":"https:\/\/vosgesinfo.fr\/epinalinfo\/#website"},"primaryImageOfPage":{"@id":"https:\/\/vosgesinfo.fr\/epinalinfo\/2017\/03\/le-sillon-lorrain-tous-pour-un\/#primaryimage"},"image":{"@id":"https:\/\/vosgesinfo.fr\/epinalinfo\/2017\/03\/le-sillon-lorrain-tous-pour-un\/#primaryimage"},"thumbnailUrl":"https:\/\/vosgesinfo.fr\/app\/uploads\/sites\/3\/2024\/08\/201703sillon-lorrain-9.jpg","datePublished":"2017-03-06T18:40:22+00:00","dateModified":"2017-03-06T18:40:22+00:00","breadcrumb":{"@id":"https:\/\/vosgesinfo.fr\/epinalinfo\/2017\/03\/le-sillon-lorrain-tous-pour-un\/#breadcrumb"},"inLanguage":"fr-FR","potentialAction":[{"@type":"ReadAction","target":["https:\/\/vosgesinfo.fr\/epinalinfo\/2017\/03\/le-sillon-lorrain-tous-pour-un\/"]}]},{"@type":"ImageObject","inLanguage":"fr-FR","@id":"https:\/\/vosgesinfo.fr\/epinalinfo\/2017\/03\/le-sillon-lorrain-tous-pour-un\/#primaryimage","url":"https:\/\/vosgesinfo.fr\/app\/uploads\/sites\/3\/2024\/08\/201703sillon-lorrain-9.jpg","contentUrl":"https:\/\/vosgesinfo.fr\/app\/uploads\/sites\/3\/2024\/08\/201703sillon-lorrain-9.jpg","width":800,"height":533},{"@type":"BreadcrumbList","@id":"https:\/\/vosgesinfo.fr\/epinalinfo\/2017\/03\/le-sillon-lorrain-tous-pour-un\/#breadcrumb","itemListElement":[{"@type":"ListItem","position":1,"name":"Home","item":"https:\/\/vosgesinfo.fr\/epinalinfo\/"},{"@type":"ListItem","position":2,"name":"Le Sillon Lorrain : tous pour un !"}]},{"@type":"WebSite","@id":"https:\/\/vosgesinfo.fr\/epinalinfo\/#website","url":"https:\/\/vosgesinfo.fr\/epinalinfo\/","name":"Epinal Info","description":"Toute l&#039;actualit\u00e9 d&#039;\u00c9pinal","publisher":{"@id":"https:\/\/vosgesinfo.fr\/epinalinfo\/#organization"},"alternateName":"Toute l'actualit\u00e9 d'\u00c9pinal","potentialAction":[{"@type":"SearchAction","target":{"@type":"EntryPoint","urlTemplate":"https:\/\/vosgesinfo.fr\/epinalinfo\/?s={search_term_string}"},"query-input":"required name=search_term_string"}],"inLanguage":"fr-FR"},{"@type":"Organization","@id":"https:\/\/vosgesinfo.fr\/epinalinfo\/#organization","name":"Epinal Info","url":"https:\/\/vosgesinfo.fr\/epinalinfo\/","logo":{"@type":"ImageObject","inLanguage":"fr-FR","@id":"https:\/\/vosgesinfo.fr\/epinalinfo\/#\/schema\/logo\/image\/","url":"https:\/\/vosgesinfo.fr\/app\/uploads\/sites\/3\/2023\/08\/logo-epinalinfos.svg","contentUrl":"https:\/\/vosgesinfo.fr\/app\/uploads\/sites\/3\/2023\/08\/logo-epinalinfos.svg","width":1,"height":1,"caption":"Epinal Info"},"image":{"@id":"https:\/\/vosgesinfo.fr\/epinalinfo\/#\/schema\/logo\/image\/"},"sameAs":["https:\/\/www.facebook.com\/Epinalinfos","https:\/\/x.com\/VosgesInfo88","https:\/\/www.youtube.com\/@vosgesinfo"]},{"@type":"Person","@id":"https:\/\/vosgesinfo.fr\/epinalinfo\/#\/schema\/person\/6f9a650eeea99d969b6c4ab78fccbe81","name":"C.K.","image":{"@type":"ImageObject","inLanguage":"fr-FR","@id":"https:\/\/vosgesinfo.fr\/epinalinfo\/#\/schema\/person\/image\/","url":"https:\/\/secure.gravatar.com\/avatar\/48e3fc7f8421ba8942be6b74a2b7f014ca39bc00dece156b7a8e098ae7dc87bf?s=96&d=mm&r=g","contentUrl":"https:\/\/secure.gravatar.com\/avatar\/48e3fc7f8421ba8942be6b74a2b7f014ca39bc00dece156b7a8e098ae7dc87bf?s=96&d=mm&r=g","caption":"C.K."},"url":"https:\/\/vosgesinfo.fr\/epinalinfo\/author\/celia-k-n\/"}]}},"_links":{"self":[{"href":"https:\/\/vosgesinfo.fr\/epinalinfo\/wp-json\/wp\/v2\/posts\/70383","targetHints":{"allow":["GET"]}}],"collection":[{"href":"https:\/\/vosgesinfo.fr\/epinalinfo\/wp-json\/wp\/v2\/posts"}],"about":[{"href":"https:\/\/vosgesinfo.fr\/epinalinfo\/wp-json\/wp\/v2\/types\/post"}],"author":[{"embeddable":true,"href":"https:\/\/vosgesinfo.fr\/epinalinfo\/wp-json\/wp\/v2\/users\/52"}],"replies":[{"embeddable":true,"href":"https:\/\/vosgesinfo.fr\/epinalinfo\/wp-json\/wp\/v2\/comments?post=70383"}],"version-history":[{"count":0,"href":"https:\/\/vosgesinfo.fr\/epinalinfo\/wp-json\/wp\/v2\/posts\/70383\/revisions"}],"wp:featuredmedia":[{"embeddable":true,"href":"https:\/\/vosgesinfo.fr\/epinalinfo\/wp-json\/wp\/v2\/media\/70384"}],"wp:attachment":[{"href":"https:\/\/vosgesinfo.fr\/epinalinfo\/wp-json\/wp\/v2\/media?parent=70383"}],"wp:term":[{"taxonomy":"category","embeddable":true,"href":"https:\/\/vosgesinfo.fr\/epinalinfo\/wp-json\/wp\/v2\/categories?post=70383"},{"taxonomy":"post_tag","embeddable":true,"href":"https:\/\/vosgesinfo.fr\/epinalinfo\/wp-json\/wp\/v2\/tags?post=70383"}],"curies":[{"name":"wp","href":"https:\/\/api.w.org\/{rel}","templated":true}]}}