{"id":70416,"date":"2017-03-07T05:06:49","date_gmt":"2017-03-07T04:06:49","guid":{"rendered":"https:\/\/vosgesinfo.fr\/epinalinfo\/2017\/03\/premiere-de-serie-zone-blanche-a-vagney\/"},"modified":"2017-03-07T05:06:49","modified_gmt":"2017-03-07T04:06:49","slug":"premiere-de-serie-zone-blanche-a-vagney","status":"publish","type":"post","link":"https:\/\/vosgesinfo.fr\/epinalinfo\/2017\/03\/premiere-de-serie-zone-blanche-a-vagney\/","title":{"rendered":"Avant &#8211; premi\u00e8re de la s\u00e9rie Zone Blanche \u00e0 Vagney"},"content":{"rendered":"<p><strong><a href=\"http:\/\/epinalinfos.fr\/2017\/03\/serie-zone-blanche-france-2-mi-avril\/zone-blanche-pro\/\" rel=\"attachment wp-att-109560\"><img decoding=\"async\" class=\"aligncenter size-full wp-image-109560\" src=\"\/2017\/03\/zone-blanche-pro.jpg\" alt=\"zone-blanche-pro\" width=\"800\" height=\"531\" \/><\/a>Fran\u00e7ois Vannson, Pr\u00e9sident du Conseil D\u00e9partemental des Vosges, la production, les r\u00e9alisateurs et l\u2019\u00e9quipe du film Zone Blanche assisteront le 9 mars 2017 \u00e0\u00a018 h 00 au cin\u00e9ma l\u2019entracte de VAGNEY \u00e0 l\u2019avant-premi\u00e8re de cette s\u00e9rie m\u00ealant polar et humour. Une s\u00e9rie produite par la soci\u00e9t\u00e9 Ego Productions.<\/strong><\/p>\n<p>Les \u00e9pisodes de la saison 1 ont \u00e9t\u00e9 tourn\u00e9s dans les Hautes-Vosges l\u2019\u00e9t\u00e9 dernier, ils seront diffus\u00e9s prochainement sur France 2.<\/p>\n<p>Avant sa diffusion sur le petit \u00e9cran et le verdict des t\u00e9l\u00e9spectateurs, la s\u00e9rie Zone blanche a \u00e9t\u00e9 projet\u00e9e au festival international des programmes audiovisuels (FIPA) qui a eu lieu \u00e0 Biarritz fin janvier o\u00f9 elle a re\u00e7u le FIPA d\u2019or de la meilleure musique originale. Et d\u00e9but f\u00e9vrier \u00e0 Luchon au festival des cr\u00e9ations t\u00e9l\u00e9visuelles cette m\u00eame s\u00e9rie a \u00e9t\u00e9 r\u00e9compens\u00e9e du prix du meilleur espoir masculin (Hubert Delattre), du prix du meilleur r\u00e9alisateur (Thierry Poiraud et Julien Despaux) et du prix de la meilleure photographie (Christophe Nuyens). La s\u00e9rie a \u00e9galement \u00e9t\u00e9 s\u00e9lectionn\u00e9e pour la Berlinale, festival international du film.<\/p>\n<p>La s\u00e9rie Zone blanche comprend 8 \u00e9pisodes de 52 minutes o\u00f9 la for\u00eat joue un r\u00f4le majeur et donne \u00e0 cette s\u00e9rie une atmosph\u00e8re empreinte de myst\u00e8res.<\/p>\n<p>La culture joue un r\u00f4le primordial dans l\u2019attractivit\u00e9 du territoire au m\u00eame titre que le tourisme, l\u2019industrie, le num\u00e9rique, l\u2019environnement\u2026 Le Conseil d\u00e9partemental a bien compris l\u2019enjeu et les retomb\u00e9es \u00e9conomiques que repr\u00e9sente l\u2019accueil d\u2019un tel tournage et a donc d\u00e9cid\u00e9 de le soutenir financi\u00e8rement en lui accordant une aide de 60.000 euros.<\/p>\n","protected":false},"excerpt":{"rendered":"<p>Fran\u00e7ois Vannson, Pr\u00e9sident du Conseil D\u00e9partemental des Vosges, la production, les r\u00e9alisateurs et l\u2019\u00e9quipe du film Zone Blanche assisteront le [&hellip;]<\/p>\n","protected":false},"author":52,"featured_media":70417,"comment_status":"open","ping_status":"open","sticky":false,"template":"","format":"standard","meta":{"footnotes":""},"categories":[10,5],"tags":[9998,1759],"class_list":["post-70416","post","type-post","status-publish","format-standard","has-post-thumbnail","hentry","category-societe","category-vosges","tag-avant-premiere-de-la-serie-zone-blanche","tag-vagney"],"acf":[],"yoast_head":"<!-- This site is optimized with the Yoast SEO plugin v22.5 - https:\/\/yoast.com\/wordpress\/plugins\/seo\/ -->\n<title>Avant - premi\u00e8re de la s\u00e9rie Zone Blanche \u00e0 Vagney - Epinal Info<\/title>\n<meta name=\"robots\" content=\"index, follow, max-snippet:-1, max-image-preview:large, max-video-preview:-1\" \/>\n<link rel=\"canonical\" href=\"https:\/\/vosgesinfo.fr\/epinalinfo\/2017\/03\/premiere-de-serie-zone-blanche-a-vagney\/\" \/>\n<meta name=\"twitter:card\" content=\"summary_large_image\" \/>\n<meta name=\"twitter:title\" content=\"Avant - premi\u00e8re de la s\u00e9rie Zone Blanche \u00e0 Vagney - Epinal Info\" \/>\n<meta name=\"twitter:description\" content=\"Fran\u00e7ois Vannson, Pr\u00e9sident du Conseil D\u00e9partemental des Vosges, la production, les r\u00e9alisateurs et l\u2019\u00e9quipe du film Zone Blanche assisteront le [&hellip;]\" \/>\n<meta name=\"twitter:image\" content=\"https:\/\/vosgesinfo.fr\/app\/uploads\/sites\/3\/2024\/08\/201703zone-blanche-pro-1.jpg\" \/>\n<meta name=\"twitter:creator\" content=\"@VosgesInfo88\" \/>\n<meta name=\"twitter:site\" content=\"@VosgesInfo88\" \/>\n<meta name=\"twitter:label1\" content=\"\u00c9crit par\" \/>\n\t<meta name=\"twitter:data1\" content=\"C.K.\" \/>\n\t<meta name=\"twitter:label2\" content=\"Dur\u00e9e de lecture estim\u00e9e\" \/>\n\t<meta name=\"twitter:data2\" content=\"1 minute\" \/>\n<script type=\"application\/ld+json\" class=\"yoast-schema-graph\">{\"@context\":\"https:\/\/schema.org\",\"@graph\":[{\"@type\":\"Article\",\"@id\":\"https:\/\/vosgesinfo.fr\/epinalinfo\/2017\/03\/premiere-de-serie-zone-blanche-a-vagney\/#article\",\"isPartOf\":{\"@id\":\"https:\/\/vosgesinfo.fr\/epinalinfo\/2017\/03\/premiere-de-serie-zone-blanche-a-vagney\/\"},\"author\":{\"name\":\"C.K.\",\"@id\":\"https:\/\/vosgesinfo.fr\/epinalinfo\/#\/schema\/person\/6f9a650eeea99d969b6c4ab78fccbe81\"},\"headline\":\"Avant &#8211; premi\u00e8re de la s\u00e9rie Zone Blanche \u00e0 Vagney\",\"datePublished\":\"2017-03-07T04:06:49+00:00\",\"dateModified\":\"2017-03-07T04:06:49+00:00\",\"mainEntityOfPage\":{\"@id\":\"https:\/\/vosgesinfo.fr\/epinalinfo\/2017\/03\/premiere-de-serie-zone-blanche-a-vagney\/\"},\"wordCount\":304,\"commentCount\":0,\"publisher\":{\"@id\":\"https:\/\/vosgesinfo.fr\/epinalinfo\/#organization\"},\"image\":{\"@id\":\"https:\/\/vosgesinfo.fr\/epinalinfo\/2017\/03\/premiere-de-serie-zone-blanche-a-vagney\/#primaryimage\"},\"thumbnailUrl\":\"https:\/\/vosgesinfo.fr\/app\/uploads\/sites\/3\/2024\/08\/201703zone-blanche-pro-1.jpg\",\"keywords\":[\"Avant - premi\u00e8re de la s\u00e9rie Zone Blanche\",\"Vagney\"],\"articleSection\":[\"Soci\u00e9t\u00e9\",\"Vosges\"],\"inLanguage\":\"fr-FR\",\"potentialAction\":[{\"@type\":\"CommentAction\",\"name\":\"Comment\",\"target\":[\"https:\/\/vosgesinfo.fr\/epinalinfo\/2017\/03\/premiere-de-serie-zone-blanche-a-vagney\/#respond\"]}]},{\"@type\":\"WebPage\",\"@id\":\"https:\/\/vosgesinfo.fr\/epinalinfo\/2017\/03\/premiere-de-serie-zone-blanche-a-vagney\/\",\"url\":\"https:\/\/vosgesinfo.fr\/epinalinfo\/2017\/03\/premiere-de-serie-zone-blanche-a-vagney\/\",\"name\":\"Avant - premi\u00e8re de la s\u00e9rie Zone Blanche \u00e0 Vagney - Epinal Info\",\"isPartOf\":{\"@id\":\"https:\/\/vosgesinfo.fr\/epinalinfo\/#website\"},\"primaryImageOfPage\":{\"@id\":\"https:\/\/vosgesinfo.fr\/epinalinfo\/2017\/03\/premiere-de-serie-zone-blanche-a-vagney\/#primaryimage\"},\"image\":{\"@id\":\"https:\/\/vosgesinfo.fr\/epinalinfo\/2017\/03\/premiere-de-serie-zone-blanche-a-vagney\/#primaryimage\"},\"thumbnailUrl\":\"https:\/\/vosgesinfo.fr\/app\/uploads\/sites\/3\/2024\/08\/201703zone-blanche-pro-1.jpg\",\"datePublished\":\"2017-03-07T04:06:49+00:00\",\"dateModified\":\"2017-03-07T04:06:49+00:00\",\"breadcrumb\":{\"@id\":\"https:\/\/vosgesinfo.fr\/epinalinfo\/2017\/03\/premiere-de-serie-zone-blanche-a-vagney\/#breadcrumb\"},\"inLanguage\":\"fr-FR\",\"potentialAction\":[{\"@type\":\"ReadAction\",\"target\":[\"https:\/\/vosgesinfo.fr\/epinalinfo\/2017\/03\/premiere-de-serie-zone-blanche-a-vagney\/\"]}]},{\"@type\":\"ImageObject\",\"inLanguage\":\"fr-FR\",\"@id\":\"https:\/\/vosgesinfo.fr\/epinalinfo\/2017\/03\/premiere-de-serie-zone-blanche-a-vagney\/#primaryimage\",\"url\":\"https:\/\/vosgesinfo.fr\/app\/uploads\/sites\/3\/2024\/08\/201703zone-blanche-pro-1.jpg\",\"contentUrl\":\"https:\/\/vosgesinfo.fr\/app\/uploads\/sites\/3\/2024\/08\/201703zone-blanche-pro-1.jpg\",\"width\":800,\"height\":531},{\"@type\":\"BreadcrumbList\",\"@id\":\"https:\/\/vosgesinfo.fr\/epinalinfo\/2017\/03\/premiere-de-serie-zone-blanche-a-vagney\/#breadcrumb\",\"itemListElement\":[{\"@type\":\"ListItem\",\"position\":1,\"name\":\"Home\",\"item\":\"https:\/\/vosgesinfo.fr\/epinalinfo\/\"},{\"@type\":\"ListItem\",\"position\":2,\"name\":\"Avant &#8211; premi\u00e8re de la s\u00e9rie Zone Blanche \u00e0 Vagney\"}]},{\"@type\":\"WebSite\",\"@id\":\"https:\/\/vosgesinfo.fr\/epinalinfo\/#website\",\"url\":\"https:\/\/vosgesinfo.fr\/epinalinfo\/\",\"name\":\"Epinal Info\",\"description\":\"Toute l&#039;actualit\u00e9 d&#039;\u00c9pinal\",\"publisher\":{\"@id\":\"https:\/\/vosgesinfo.fr\/epinalinfo\/#organization\"},\"alternateName\":\"Toute l'actualit\u00e9 d'\u00c9pinal\",\"potentialAction\":[{\"@type\":\"SearchAction\",\"target\":{\"@type\":\"EntryPoint\",\"urlTemplate\":\"https:\/\/vosgesinfo.fr\/epinalinfo\/?s={search_term_string}\"},\"query-input\":\"required name=search_term_string\"}],\"inLanguage\":\"fr-FR\"},{\"@type\":\"Organization\",\"@id\":\"https:\/\/vosgesinfo.fr\/epinalinfo\/#organization\",\"name\":\"Epinal Info\",\"url\":\"https:\/\/vosgesinfo.fr\/epinalinfo\/\",\"logo\":{\"@type\":\"ImageObject\",\"inLanguage\":\"fr-FR\",\"@id\":\"https:\/\/vosgesinfo.fr\/epinalinfo\/#\/schema\/logo\/image\/\",\"url\":\"https:\/\/vosgesinfo.fr\/app\/uploads\/sites\/3\/2023\/08\/logo-epinalinfos.svg\",\"contentUrl\":\"https:\/\/vosgesinfo.fr\/app\/uploads\/sites\/3\/2023\/08\/logo-epinalinfos.svg\",\"width\":1,\"height\":1,\"caption\":\"Epinal Info\"},\"image\":{\"@id\":\"https:\/\/vosgesinfo.fr\/epinalinfo\/#\/schema\/logo\/image\/\"},\"sameAs\":[\"https:\/\/www.facebook.com\/Epinalinfos\",\"https:\/\/x.com\/VosgesInfo88\",\"https:\/\/www.youtube.com\/@vosgesinfo\"]},{\"@type\":\"Person\",\"@id\":\"https:\/\/vosgesinfo.fr\/epinalinfo\/#\/schema\/person\/6f9a650eeea99d969b6c4ab78fccbe81\",\"name\":\"C.K.\",\"image\":{\"@type\":\"ImageObject\",\"inLanguage\":\"fr-FR\",\"@id\":\"https:\/\/vosgesinfo.fr\/epinalinfo\/#\/schema\/person\/image\/\",\"url\":\"https:\/\/secure.gravatar.com\/avatar\/48e3fc7f8421ba8942be6b74a2b7f014ca39bc00dece156b7a8e098ae7dc87bf?s=96&d=mm&r=g\",\"contentUrl\":\"https:\/\/secure.gravatar.com\/avatar\/48e3fc7f8421ba8942be6b74a2b7f014ca39bc00dece156b7a8e098ae7dc87bf?s=96&d=mm&r=g\",\"caption\":\"C.K.\"},\"url\":\"https:\/\/vosgesinfo.fr\/epinalinfo\/author\/celia-k-n\/\"}]}<\/script>\n<!-- \/ Yoast SEO plugin. -->","yoast_head_json":{"title":"Avant - premi\u00e8re de la s\u00e9rie Zone Blanche \u00e0 Vagney - Epinal Info","robots":{"index":"index","follow":"follow","max-snippet":"max-snippet:-1","max-image-preview":"max-image-preview:large","max-video-preview":"max-video-preview:-1"},"canonical":"https:\/\/vosgesinfo.fr\/epinalinfo\/2017\/03\/premiere-de-serie-zone-blanche-a-vagney\/","twitter_card":"summary_large_image","twitter_title":"Avant - premi\u00e8re de la s\u00e9rie Zone Blanche \u00e0 Vagney - Epinal Info","twitter_description":"Fran\u00e7ois Vannson, Pr\u00e9sident du Conseil D\u00e9partemental des Vosges, la production, les r\u00e9alisateurs et l\u2019\u00e9quipe du film Zone Blanche assisteront le [&hellip;]","twitter_image":"https:\/\/vosgesinfo.fr\/app\/uploads\/sites\/3\/2024\/08\/201703zone-blanche-pro-1.jpg","twitter_creator":"@VosgesInfo88","twitter_site":"@VosgesInfo88","twitter_misc":{"\u00c9crit par":"C.K.","Dur\u00e9e de lecture estim\u00e9e":"1 minute"},"schema":{"@context":"https:\/\/schema.org","@graph":[{"@type":"Article","@id":"https:\/\/vosgesinfo.fr\/epinalinfo\/2017\/03\/premiere-de-serie-zone-blanche-a-vagney\/#article","isPartOf":{"@id":"https:\/\/vosgesinfo.fr\/epinalinfo\/2017\/03\/premiere-de-serie-zone-blanche-a-vagney\/"},"author":{"name":"C.K.","@id":"https:\/\/vosgesinfo.fr\/epinalinfo\/#\/schema\/person\/6f9a650eeea99d969b6c4ab78fccbe81"},"headline":"Avant &#8211; premi\u00e8re de la s\u00e9rie Zone Blanche \u00e0 Vagney","datePublished":"2017-03-07T04:06:49+00:00","dateModified":"2017-03-07T04:06:49+00:00","mainEntityOfPage":{"@id":"https:\/\/vosgesinfo.fr\/epinalinfo\/2017\/03\/premiere-de-serie-zone-blanche-a-vagney\/"},"wordCount":304,"commentCount":0,"publisher":{"@id":"https:\/\/vosgesinfo.fr\/epinalinfo\/#organization"},"image":{"@id":"https:\/\/vosgesinfo.fr\/epinalinfo\/2017\/03\/premiere-de-serie-zone-blanche-a-vagney\/#primaryimage"},"thumbnailUrl":"https:\/\/vosgesinfo.fr\/app\/uploads\/sites\/3\/2024\/08\/201703zone-blanche-pro-1.jpg","keywords":["Avant - premi\u00e8re de la s\u00e9rie Zone Blanche","Vagney"],"articleSection":["Soci\u00e9t\u00e9","Vosges"],"inLanguage":"fr-FR","potentialAction":[{"@type":"CommentAction","name":"Comment","target":["https:\/\/vosgesinfo.fr\/epinalinfo\/2017\/03\/premiere-de-serie-zone-blanche-a-vagney\/#respond"]}]},{"@type":"WebPage","@id":"https:\/\/vosgesinfo.fr\/epinalinfo\/2017\/03\/premiere-de-serie-zone-blanche-a-vagney\/","url":"https:\/\/vosgesinfo.fr\/epinalinfo\/2017\/03\/premiere-de-serie-zone-blanche-a-vagney\/","name":"Avant - premi\u00e8re de la s\u00e9rie Zone Blanche \u00e0 Vagney - Epinal Info","isPartOf":{"@id":"https:\/\/vosgesinfo.fr\/epinalinfo\/#website"},"primaryImageOfPage":{"@id":"https:\/\/vosgesinfo.fr\/epinalinfo\/2017\/03\/premiere-de-serie-zone-blanche-a-vagney\/#primaryimage"},"image":{"@id":"https:\/\/vosgesinfo.fr\/epinalinfo\/2017\/03\/premiere-de-serie-zone-blanche-a-vagney\/#primaryimage"},"thumbnailUrl":"https:\/\/vosgesinfo.fr\/app\/uploads\/sites\/3\/2024\/08\/201703zone-blanche-pro-1.jpg","datePublished":"2017-03-07T04:06:49+00:00","dateModified":"2017-03-07T04:06:49+00:00","breadcrumb":{"@id":"https:\/\/vosgesinfo.fr\/epinalinfo\/2017\/03\/premiere-de-serie-zone-blanche-a-vagney\/#breadcrumb"},"inLanguage":"fr-FR","potentialAction":[{"@type":"ReadAction","target":["https:\/\/vosgesinfo.fr\/epinalinfo\/2017\/03\/premiere-de-serie-zone-blanche-a-vagney\/"]}]},{"@type":"ImageObject","inLanguage":"fr-FR","@id":"https:\/\/vosgesinfo.fr\/epinalinfo\/2017\/03\/premiere-de-serie-zone-blanche-a-vagney\/#primaryimage","url":"https:\/\/vosgesinfo.fr\/app\/uploads\/sites\/3\/2024\/08\/201703zone-blanche-pro-1.jpg","contentUrl":"https:\/\/vosgesinfo.fr\/app\/uploads\/sites\/3\/2024\/08\/201703zone-blanche-pro-1.jpg","width":800,"height":531},{"@type":"BreadcrumbList","@id":"https:\/\/vosgesinfo.fr\/epinalinfo\/2017\/03\/premiere-de-serie-zone-blanche-a-vagney\/#breadcrumb","itemListElement":[{"@type":"ListItem","position":1,"name":"Home","item":"https:\/\/vosgesinfo.fr\/epinalinfo\/"},{"@type":"ListItem","position":2,"name":"Avant &#8211; premi\u00e8re de la s\u00e9rie Zone Blanche \u00e0 Vagney"}]},{"@type":"WebSite","@id":"https:\/\/vosgesinfo.fr\/epinalinfo\/#website","url":"https:\/\/vosgesinfo.fr\/epinalinfo\/","name":"Epinal Info","description":"Toute l&#039;actualit\u00e9 d&#039;\u00c9pinal","publisher":{"@id":"https:\/\/vosgesinfo.fr\/epinalinfo\/#organization"},"alternateName":"Toute l'actualit\u00e9 d'\u00c9pinal","potentialAction":[{"@type":"SearchAction","target":{"@type":"EntryPoint","urlTemplate":"https:\/\/vosgesinfo.fr\/epinalinfo\/?s={search_term_string}"},"query-input":"required name=search_term_string"}],"inLanguage":"fr-FR"},{"@type":"Organization","@id":"https:\/\/vosgesinfo.fr\/epinalinfo\/#organization","name":"Epinal Info","url":"https:\/\/vosgesinfo.fr\/epinalinfo\/","logo":{"@type":"ImageObject","inLanguage":"fr-FR","@id":"https:\/\/vosgesinfo.fr\/epinalinfo\/#\/schema\/logo\/image\/","url":"https:\/\/vosgesinfo.fr\/app\/uploads\/sites\/3\/2023\/08\/logo-epinalinfos.svg","contentUrl":"https:\/\/vosgesinfo.fr\/app\/uploads\/sites\/3\/2023\/08\/logo-epinalinfos.svg","width":1,"height":1,"caption":"Epinal Info"},"image":{"@id":"https:\/\/vosgesinfo.fr\/epinalinfo\/#\/schema\/logo\/image\/"},"sameAs":["https:\/\/www.facebook.com\/Epinalinfos","https:\/\/x.com\/VosgesInfo88","https:\/\/www.youtube.com\/@vosgesinfo"]},{"@type":"Person","@id":"https:\/\/vosgesinfo.fr\/epinalinfo\/#\/schema\/person\/6f9a650eeea99d969b6c4ab78fccbe81","name":"C.K.","image":{"@type":"ImageObject","inLanguage":"fr-FR","@id":"https:\/\/vosgesinfo.fr\/epinalinfo\/#\/schema\/person\/image\/","url":"https:\/\/secure.gravatar.com\/avatar\/48e3fc7f8421ba8942be6b74a2b7f014ca39bc00dece156b7a8e098ae7dc87bf?s=96&d=mm&r=g","contentUrl":"https:\/\/secure.gravatar.com\/avatar\/48e3fc7f8421ba8942be6b74a2b7f014ca39bc00dece156b7a8e098ae7dc87bf?s=96&d=mm&r=g","caption":"C.K."},"url":"https:\/\/vosgesinfo.fr\/epinalinfo\/author\/celia-k-n\/"}]}},"_links":{"self":[{"href":"https:\/\/vosgesinfo.fr\/epinalinfo\/wp-json\/wp\/v2\/posts\/70416","targetHints":{"allow":["GET"]}}],"collection":[{"href":"https:\/\/vosgesinfo.fr\/epinalinfo\/wp-json\/wp\/v2\/posts"}],"about":[{"href":"https:\/\/vosgesinfo.fr\/epinalinfo\/wp-json\/wp\/v2\/types\/post"}],"author":[{"embeddable":true,"href":"https:\/\/vosgesinfo.fr\/epinalinfo\/wp-json\/wp\/v2\/users\/52"}],"replies":[{"embeddable":true,"href":"https:\/\/vosgesinfo.fr\/epinalinfo\/wp-json\/wp\/v2\/comments?post=70416"}],"version-history":[{"count":0,"href":"https:\/\/vosgesinfo.fr\/epinalinfo\/wp-json\/wp\/v2\/posts\/70416\/revisions"}],"wp:featuredmedia":[{"embeddable":true,"href":"https:\/\/vosgesinfo.fr\/epinalinfo\/wp-json\/wp\/v2\/media\/70417"}],"wp:attachment":[{"href":"https:\/\/vosgesinfo.fr\/epinalinfo\/wp-json\/wp\/v2\/media?parent=70416"}],"wp:term":[{"taxonomy":"category","embeddable":true,"href":"https:\/\/vosgesinfo.fr\/epinalinfo\/wp-json\/wp\/v2\/categories?post=70416"},{"taxonomy":"post_tag","embeddable":true,"href":"https:\/\/vosgesinfo.fr\/epinalinfo\/wp-json\/wp\/v2\/tags?post=70416"}],"curies":[{"name":"wp","href":"https:\/\/api.w.org\/{rel}","templated":true}]}}