{"id":70457,"date":"2017-03-08T16:19:44","date_gmt":"2017-03-08T15:19:44","guid":{"rendered":"https:\/\/vosgesinfo.fr\/epinalinfo\/2017\/03\/metallurgie-salaries-protestent-contre-negociations-cours\/"},"modified":"2017-03-08T16:19:44","modified_gmt":"2017-03-08T15:19:44","slug":"metallurgie-salaries-protestent-contre-negociations-cours","status":"publish","type":"post","link":"https:\/\/vosgesinfo.fr\/epinalinfo\/2017\/03\/metallurgie-salaries-protestent-contre-negociations-cours\/","title":{"rendered":"M\u00e9tallurgie : les salari\u00e9s protestent contre les n\u00e9gociations en cours"},"content":{"rendered":"<div id=\"attachment_110012\" style=\"width: 810px\" class=\"wp-caption aligncenter\"><a href=\"http:\/\/epinalinfos.fr\/2017\/03\/metallurgie-salaries-protestent-contre-negociations-cours\/p1260528-2\/\" rel=\"attachment wp-att-110012\"><img decoding=\"async\" aria-describedby=\"caption-attachment-110012\" class=\"size-full wp-image-110012\" src=\"\/2017\/03\/P1260528.jpg\" alt=\"(Yves Kryloff, d\u00e9l\u00e9gu\u00e9 du personnel du syndicat Metaux Vosges, Yves Paris, secr\u00e9taire g\u00e9n\u00e9ral M\u00e9taux Vosges et Jean-Marie Liron secr\u00e9taire de la communication m\u00e9tallurgie Vosges\" width=\"800\" height=\"600\" \/><\/a><p id=\"caption-attachment-110012\" class=\"wp-caption-text\">(Yves Kryloff, d\u00e9l\u00e9gu\u00e9 du personnel du syndicat M\u00e9taux Vosges, Yves Paris, secr\u00e9taire g\u00e9n\u00e9ral M\u00e9taux Vosges et Jean-Marie Liron secr\u00e9taire m\u00e9tallurgie Vosges)<\/p><\/div>\n<p><strong>Les salari\u00e9s vosgiens de la m\u00e9tallurgie sont inquiets. Ils d\u00e9noncent la volont\u00e9 des patrons de la m\u00e9tallurgie de mettre \u00e0 mal les conventions collectives territoriales.<\/strong><\/p>\n<p>Une n\u00e9gociation visant \u00e0 red\u00e9finir l\u2019ensemble des accords r\u00e9gissant les garanties collectives et individuelles des salari\u00e9s de la m\u00e9tallurgie s\u2019est ouverte en septembre 2016 et devra \u00eatre termin\u00e9e fin 2017. <em>\u00ab\u00a0Cette n\u00e9gociation se place dans la lign\u00e9e de la mise en application de la loi Travail\u00a0\u00bb<\/em> explique Jean-Marie Liron, secr\u00e9taire m\u00e9tallurgie Vosges.<\/p>\n<p>Cette n\u00e9gociation aura un impact sur les primes, les salaires, le temps de travail, mais aussi l\u2019acc\u00e8s \u00e0 la formation professionnelle et sur les conditions de travail. <em>\u00ab\u00a0Jusqu\u2019\u00e0 maintenant, le code du travail et la l\u00e9gislation pr\u00e9voyaient que seuls les accords les plus favorables aux salari\u00e9s devaient \u00eatre retenus. La loi travail casse ce principe, d\u00e9sormais les accords d\u2019entreprises pourront \u00eatre moins favorables que la convention collective ou la loi\u00a0\u00bb <\/em>assurent les salari\u00e9s du syndicat M\u00e9taux Vosges.<\/p>\n<p>Un rassemblement a eu lieu hier devant l\u2019UIMM \u00e0 Remiremont. D\u2019autres rassemblements sont pr\u00e9vus pour d\u00e9fendre l\u2019industrie comme \u00e0 Metz le 21 mars prochain.<\/p>\n<p>C.K.N.<\/p>\n","protected":false},"excerpt":{"rendered":"<p>Les salari\u00e9s vosgiens de la m\u00e9tallurgie sont inquiets. Ils d\u00e9noncent la volont\u00e9 des patrons de la m\u00e9tallurgie de mettre \u00e0 [&hellip;]<\/p>\n","protected":false},"author":52,"featured_media":70458,"comment_status":"open","ping_status":"open","sticky":false,"template":"","format":"standard","meta":{"footnotes":""},"categories":[22,162,5],"tags":[10020,10021,2711,899],"class_list":["post-70457","post","type-post","status-publish","format-standard","has-post-thumbnail","hentry","category-a-la-une","category-social","category-vosges","tag-conventions-collectives-territoriales","tag-metallurgie","tag-mouvement","tag-salaries"],"acf":[],"yoast_head":"<!-- This site is optimized with the Yoast SEO plugin v22.5 - https:\/\/yoast.com\/wordpress\/plugins\/seo\/ -->\n<title>M\u00e9tallurgie : les salari\u00e9s protestent contre les n\u00e9gociations en cours - Epinal Info<\/title>\n<meta name=\"robots\" content=\"index, follow, max-snippet:-1, max-image-preview:large, max-video-preview:-1\" \/>\n<link rel=\"canonical\" href=\"https:\/\/vosgesinfo.fr\/epinalinfo\/2017\/03\/metallurgie-salaries-protestent-contre-negociations-cours\/\" \/>\n<meta name=\"twitter:card\" content=\"summary_large_image\" \/>\n<meta name=\"twitter:title\" content=\"M\u00e9tallurgie : les salari\u00e9s protestent contre les n\u00e9gociations en cours - Epinal Info\" \/>\n<meta name=\"twitter:description\" content=\"Les salari\u00e9s vosgiens de la m\u00e9tallurgie sont inquiets. Ils d\u00e9noncent la volont\u00e9 des patrons de la m\u00e9tallurgie de mettre \u00e0 [&hellip;]\" \/>\n<meta name=\"twitter:image\" content=\"https:\/\/vosgesinfo.fr\/app\/uploads\/sites\/3\/2024\/08\/201703p1260528.jpg\" \/>\n<meta name=\"twitter:creator\" content=\"@VosgesInfo88\" \/>\n<meta name=\"twitter:site\" content=\"@VosgesInfo88\" \/>\n<meta name=\"twitter:label1\" content=\"\u00c9crit par\" \/>\n\t<meta name=\"twitter:data1\" content=\"C.K.\" \/>\n\t<meta name=\"twitter:label2\" content=\"Dur\u00e9e de lecture estim\u00e9e\" \/>\n\t<meta name=\"twitter:data2\" content=\"1 minute\" \/>\n<script type=\"application\/ld+json\" class=\"yoast-schema-graph\">{\"@context\":\"https:\/\/schema.org\",\"@graph\":[{\"@type\":\"Article\",\"@id\":\"https:\/\/vosgesinfo.fr\/epinalinfo\/2017\/03\/metallurgie-salaries-protestent-contre-negociations-cours\/#article\",\"isPartOf\":{\"@id\":\"https:\/\/vosgesinfo.fr\/epinalinfo\/2017\/03\/metallurgie-salaries-protestent-contre-negociations-cours\/\"},\"author\":{\"name\":\"C.K.\",\"@id\":\"https:\/\/vosgesinfo.fr\/epinalinfo\/#\/schema\/person\/6f9a650eeea99d969b6c4ab78fccbe81\"},\"headline\":\"M\u00e9tallurgie : les salari\u00e9s protestent contre les n\u00e9gociations en cours\",\"datePublished\":\"2017-03-08T15:19:44+00:00\",\"dateModified\":\"2017-03-08T15:19:44+00:00\",\"mainEntityOfPage\":{\"@id\":\"https:\/\/vosgesinfo.fr\/epinalinfo\/2017\/03\/metallurgie-salaries-protestent-contre-negociations-cours\/\"},\"wordCount\":253,\"commentCount\":0,\"publisher\":{\"@id\":\"https:\/\/vosgesinfo.fr\/epinalinfo\/#organization\"},\"image\":{\"@id\":\"https:\/\/vosgesinfo.fr\/epinalinfo\/2017\/03\/metallurgie-salaries-protestent-contre-negociations-cours\/#primaryimage\"},\"thumbnailUrl\":\"https:\/\/vosgesinfo.fr\/app\/uploads\/sites\/3\/2024\/08\/201703p1260528.jpg\",\"keywords\":[\"conventions collectives territoriales\",\"M\u00e9tallurgie\",\"mouvement\",\"salari\u00e9s\"],\"articleSection\":[\"A la Une\",\"Social\",\"Vosges\"],\"inLanguage\":\"fr-FR\",\"potentialAction\":[{\"@type\":\"CommentAction\",\"name\":\"Comment\",\"target\":[\"https:\/\/vosgesinfo.fr\/epinalinfo\/2017\/03\/metallurgie-salaries-protestent-contre-negociations-cours\/#respond\"]}]},{\"@type\":\"WebPage\",\"@id\":\"https:\/\/vosgesinfo.fr\/epinalinfo\/2017\/03\/metallurgie-salaries-protestent-contre-negociations-cours\/\",\"url\":\"https:\/\/vosgesinfo.fr\/epinalinfo\/2017\/03\/metallurgie-salaries-protestent-contre-negociations-cours\/\",\"name\":\"M\u00e9tallurgie : les salari\u00e9s protestent contre les n\u00e9gociations en cours - Epinal Info\",\"isPartOf\":{\"@id\":\"https:\/\/vosgesinfo.fr\/epinalinfo\/#website\"},\"primaryImageOfPage\":{\"@id\":\"https:\/\/vosgesinfo.fr\/epinalinfo\/2017\/03\/metallurgie-salaries-protestent-contre-negociations-cours\/#primaryimage\"},\"image\":{\"@id\":\"https:\/\/vosgesinfo.fr\/epinalinfo\/2017\/03\/metallurgie-salaries-protestent-contre-negociations-cours\/#primaryimage\"},\"thumbnailUrl\":\"https:\/\/vosgesinfo.fr\/app\/uploads\/sites\/3\/2024\/08\/201703p1260528.jpg\",\"datePublished\":\"2017-03-08T15:19:44+00:00\",\"dateModified\":\"2017-03-08T15:19:44+00:00\",\"breadcrumb\":{\"@id\":\"https:\/\/vosgesinfo.fr\/epinalinfo\/2017\/03\/metallurgie-salaries-protestent-contre-negociations-cours\/#breadcrumb\"},\"inLanguage\":\"fr-FR\",\"potentialAction\":[{\"@type\":\"ReadAction\",\"target\":[\"https:\/\/vosgesinfo.fr\/epinalinfo\/2017\/03\/metallurgie-salaries-protestent-contre-negociations-cours\/\"]}]},{\"@type\":\"ImageObject\",\"inLanguage\":\"fr-FR\",\"@id\":\"https:\/\/vosgesinfo.fr\/epinalinfo\/2017\/03\/metallurgie-salaries-protestent-contre-negociations-cours\/#primaryimage\",\"url\":\"https:\/\/vosgesinfo.fr\/app\/uploads\/sites\/3\/2024\/08\/201703p1260528.jpg\",\"contentUrl\":\"https:\/\/vosgesinfo.fr\/app\/uploads\/sites\/3\/2024\/08\/201703p1260528.jpg\",\"width\":800,\"height\":600},{\"@type\":\"BreadcrumbList\",\"@id\":\"https:\/\/vosgesinfo.fr\/epinalinfo\/2017\/03\/metallurgie-salaries-protestent-contre-negociations-cours\/#breadcrumb\",\"itemListElement\":[{\"@type\":\"ListItem\",\"position\":1,\"name\":\"Home\",\"item\":\"https:\/\/vosgesinfo.fr\/epinalinfo\/\"},{\"@type\":\"ListItem\",\"position\":2,\"name\":\"M\u00e9tallurgie : les salari\u00e9s protestent contre les n\u00e9gociations en cours\"}]},{\"@type\":\"WebSite\",\"@id\":\"https:\/\/vosgesinfo.fr\/epinalinfo\/#website\",\"url\":\"https:\/\/vosgesinfo.fr\/epinalinfo\/\",\"name\":\"Epinal Info\",\"description\":\"Toute l&#039;actualit\u00e9 d&#039;\u00c9pinal\",\"publisher\":{\"@id\":\"https:\/\/vosgesinfo.fr\/epinalinfo\/#organization\"},\"alternateName\":\"Toute l'actualit\u00e9 d'\u00c9pinal\",\"potentialAction\":[{\"@type\":\"SearchAction\",\"target\":{\"@type\":\"EntryPoint\",\"urlTemplate\":\"https:\/\/vosgesinfo.fr\/epinalinfo\/?s={search_term_string}\"},\"query-input\":\"required name=search_term_string\"}],\"inLanguage\":\"fr-FR\"},{\"@type\":\"Organization\",\"@id\":\"https:\/\/vosgesinfo.fr\/epinalinfo\/#organization\",\"name\":\"Epinal Info\",\"url\":\"https:\/\/vosgesinfo.fr\/epinalinfo\/\",\"logo\":{\"@type\":\"ImageObject\",\"inLanguage\":\"fr-FR\",\"@id\":\"https:\/\/vosgesinfo.fr\/epinalinfo\/#\/schema\/logo\/image\/\",\"url\":\"https:\/\/vosgesinfo.fr\/app\/uploads\/sites\/3\/2023\/08\/logo-epinalinfos.svg\",\"contentUrl\":\"https:\/\/vosgesinfo.fr\/app\/uploads\/sites\/3\/2023\/08\/logo-epinalinfos.svg\",\"width\":1,\"height\":1,\"caption\":\"Epinal Info\"},\"image\":{\"@id\":\"https:\/\/vosgesinfo.fr\/epinalinfo\/#\/schema\/logo\/image\/\"},\"sameAs\":[\"https:\/\/www.facebook.com\/Epinalinfos\",\"https:\/\/x.com\/VosgesInfo88\",\"https:\/\/www.youtube.com\/@vosgesinfo\"]},{\"@type\":\"Person\",\"@id\":\"https:\/\/vosgesinfo.fr\/epinalinfo\/#\/schema\/person\/6f9a650eeea99d969b6c4ab78fccbe81\",\"name\":\"C.K.\",\"image\":{\"@type\":\"ImageObject\",\"inLanguage\":\"fr-FR\",\"@id\":\"https:\/\/vosgesinfo.fr\/epinalinfo\/#\/schema\/person\/image\/\",\"url\":\"https:\/\/secure.gravatar.com\/avatar\/48e3fc7f8421ba8942be6b74a2b7f014ca39bc00dece156b7a8e098ae7dc87bf?s=96&d=mm&r=g\",\"contentUrl\":\"https:\/\/secure.gravatar.com\/avatar\/48e3fc7f8421ba8942be6b74a2b7f014ca39bc00dece156b7a8e098ae7dc87bf?s=96&d=mm&r=g\",\"caption\":\"C.K.\"},\"url\":\"https:\/\/vosgesinfo.fr\/epinalinfo\/author\/celia-k-n\/\"}]}<\/script>\n<!-- \/ Yoast SEO plugin. -->","yoast_head_json":{"title":"M\u00e9tallurgie : les salari\u00e9s protestent contre les n\u00e9gociations en cours - Epinal Info","robots":{"index":"index","follow":"follow","max-snippet":"max-snippet:-1","max-image-preview":"max-image-preview:large","max-video-preview":"max-video-preview:-1"},"canonical":"https:\/\/vosgesinfo.fr\/epinalinfo\/2017\/03\/metallurgie-salaries-protestent-contre-negociations-cours\/","twitter_card":"summary_large_image","twitter_title":"M\u00e9tallurgie : les salari\u00e9s protestent contre les n\u00e9gociations en cours - Epinal Info","twitter_description":"Les salari\u00e9s vosgiens de la m\u00e9tallurgie sont inquiets. Ils d\u00e9noncent la volont\u00e9 des patrons de la m\u00e9tallurgie de mettre \u00e0 [&hellip;]","twitter_image":"https:\/\/vosgesinfo.fr\/app\/uploads\/sites\/3\/2024\/08\/201703p1260528.jpg","twitter_creator":"@VosgesInfo88","twitter_site":"@VosgesInfo88","twitter_misc":{"\u00c9crit par":"C.K.","Dur\u00e9e de lecture estim\u00e9e":"1 minute"},"schema":{"@context":"https:\/\/schema.org","@graph":[{"@type":"Article","@id":"https:\/\/vosgesinfo.fr\/epinalinfo\/2017\/03\/metallurgie-salaries-protestent-contre-negociations-cours\/#article","isPartOf":{"@id":"https:\/\/vosgesinfo.fr\/epinalinfo\/2017\/03\/metallurgie-salaries-protestent-contre-negociations-cours\/"},"author":{"name":"C.K.","@id":"https:\/\/vosgesinfo.fr\/epinalinfo\/#\/schema\/person\/6f9a650eeea99d969b6c4ab78fccbe81"},"headline":"M\u00e9tallurgie : les salari\u00e9s protestent contre les n\u00e9gociations en cours","datePublished":"2017-03-08T15:19:44+00:00","dateModified":"2017-03-08T15:19:44+00:00","mainEntityOfPage":{"@id":"https:\/\/vosgesinfo.fr\/epinalinfo\/2017\/03\/metallurgie-salaries-protestent-contre-negociations-cours\/"},"wordCount":253,"commentCount":0,"publisher":{"@id":"https:\/\/vosgesinfo.fr\/epinalinfo\/#organization"},"image":{"@id":"https:\/\/vosgesinfo.fr\/epinalinfo\/2017\/03\/metallurgie-salaries-protestent-contre-negociations-cours\/#primaryimage"},"thumbnailUrl":"https:\/\/vosgesinfo.fr\/app\/uploads\/sites\/3\/2024\/08\/201703p1260528.jpg","keywords":["conventions collectives territoriales","M\u00e9tallurgie","mouvement","salari\u00e9s"],"articleSection":["A la Une","Social","Vosges"],"inLanguage":"fr-FR","potentialAction":[{"@type":"CommentAction","name":"Comment","target":["https:\/\/vosgesinfo.fr\/epinalinfo\/2017\/03\/metallurgie-salaries-protestent-contre-negociations-cours\/#respond"]}]},{"@type":"WebPage","@id":"https:\/\/vosgesinfo.fr\/epinalinfo\/2017\/03\/metallurgie-salaries-protestent-contre-negociations-cours\/","url":"https:\/\/vosgesinfo.fr\/epinalinfo\/2017\/03\/metallurgie-salaries-protestent-contre-negociations-cours\/","name":"M\u00e9tallurgie : les salari\u00e9s protestent contre les n\u00e9gociations en cours - Epinal Info","isPartOf":{"@id":"https:\/\/vosgesinfo.fr\/epinalinfo\/#website"},"primaryImageOfPage":{"@id":"https:\/\/vosgesinfo.fr\/epinalinfo\/2017\/03\/metallurgie-salaries-protestent-contre-negociations-cours\/#primaryimage"},"image":{"@id":"https:\/\/vosgesinfo.fr\/epinalinfo\/2017\/03\/metallurgie-salaries-protestent-contre-negociations-cours\/#primaryimage"},"thumbnailUrl":"https:\/\/vosgesinfo.fr\/app\/uploads\/sites\/3\/2024\/08\/201703p1260528.jpg","datePublished":"2017-03-08T15:19:44+00:00","dateModified":"2017-03-08T15:19:44+00:00","breadcrumb":{"@id":"https:\/\/vosgesinfo.fr\/epinalinfo\/2017\/03\/metallurgie-salaries-protestent-contre-negociations-cours\/#breadcrumb"},"inLanguage":"fr-FR","potentialAction":[{"@type":"ReadAction","target":["https:\/\/vosgesinfo.fr\/epinalinfo\/2017\/03\/metallurgie-salaries-protestent-contre-negociations-cours\/"]}]},{"@type":"ImageObject","inLanguage":"fr-FR","@id":"https:\/\/vosgesinfo.fr\/epinalinfo\/2017\/03\/metallurgie-salaries-protestent-contre-negociations-cours\/#primaryimage","url":"https:\/\/vosgesinfo.fr\/app\/uploads\/sites\/3\/2024\/08\/201703p1260528.jpg","contentUrl":"https:\/\/vosgesinfo.fr\/app\/uploads\/sites\/3\/2024\/08\/201703p1260528.jpg","width":800,"height":600},{"@type":"BreadcrumbList","@id":"https:\/\/vosgesinfo.fr\/epinalinfo\/2017\/03\/metallurgie-salaries-protestent-contre-negociations-cours\/#breadcrumb","itemListElement":[{"@type":"ListItem","position":1,"name":"Home","item":"https:\/\/vosgesinfo.fr\/epinalinfo\/"},{"@type":"ListItem","position":2,"name":"M\u00e9tallurgie : les salari\u00e9s protestent contre les n\u00e9gociations en cours"}]},{"@type":"WebSite","@id":"https:\/\/vosgesinfo.fr\/epinalinfo\/#website","url":"https:\/\/vosgesinfo.fr\/epinalinfo\/","name":"Epinal Info","description":"Toute l&#039;actualit\u00e9 d&#039;\u00c9pinal","publisher":{"@id":"https:\/\/vosgesinfo.fr\/epinalinfo\/#organization"},"alternateName":"Toute l'actualit\u00e9 d'\u00c9pinal","potentialAction":[{"@type":"SearchAction","target":{"@type":"EntryPoint","urlTemplate":"https:\/\/vosgesinfo.fr\/epinalinfo\/?s={search_term_string}"},"query-input":"required name=search_term_string"}],"inLanguage":"fr-FR"},{"@type":"Organization","@id":"https:\/\/vosgesinfo.fr\/epinalinfo\/#organization","name":"Epinal Info","url":"https:\/\/vosgesinfo.fr\/epinalinfo\/","logo":{"@type":"ImageObject","inLanguage":"fr-FR","@id":"https:\/\/vosgesinfo.fr\/epinalinfo\/#\/schema\/logo\/image\/","url":"https:\/\/vosgesinfo.fr\/app\/uploads\/sites\/3\/2023\/08\/logo-epinalinfos.svg","contentUrl":"https:\/\/vosgesinfo.fr\/app\/uploads\/sites\/3\/2023\/08\/logo-epinalinfos.svg","width":1,"height":1,"caption":"Epinal Info"},"image":{"@id":"https:\/\/vosgesinfo.fr\/epinalinfo\/#\/schema\/logo\/image\/"},"sameAs":["https:\/\/www.facebook.com\/Epinalinfos","https:\/\/x.com\/VosgesInfo88","https:\/\/www.youtube.com\/@vosgesinfo"]},{"@type":"Person","@id":"https:\/\/vosgesinfo.fr\/epinalinfo\/#\/schema\/person\/6f9a650eeea99d969b6c4ab78fccbe81","name":"C.K.","image":{"@type":"ImageObject","inLanguage":"fr-FR","@id":"https:\/\/vosgesinfo.fr\/epinalinfo\/#\/schema\/person\/image\/","url":"https:\/\/secure.gravatar.com\/avatar\/48e3fc7f8421ba8942be6b74a2b7f014ca39bc00dece156b7a8e098ae7dc87bf?s=96&d=mm&r=g","contentUrl":"https:\/\/secure.gravatar.com\/avatar\/48e3fc7f8421ba8942be6b74a2b7f014ca39bc00dece156b7a8e098ae7dc87bf?s=96&d=mm&r=g","caption":"C.K."},"url":"https:\/\/vosgesinfo.fr\/epinalinfo\/author\/celia-k-n\/"}]}},"_links":{"self":[{"href":"https:\/\/vosgesinfo.fr\/epinalinfo\/wp-json\/wp\/v2\/posts\/70457","targetHints":{"allow":["GET"]}}],"collection":[{"href":"https:\/\/vosgesinfo.fr\/epinalinfo\/wp-json\/wp\/v2\/posts"}],"about":[{"href":"https:\/\/vosgesinfo.fr\/epinalinfo\/wp-json\/wp\/v2\/types\/post"}],"author":[{"embeddable":true,"href":"https:\/\/vosgesinfo.fr\/epinalinfo\/wp-json\/wp\/v2\/users\/52"}],"replies":[{"embeddable":true,"href":"https:\/\/vosgesinfo.fr\/epinalinfo\/wp-json\/wp\/v2\/comments?post=70457"}],"version-history":[{"count":0,"href":"https:\/\/vosgesinfo.fr\/epinalinfo\/wp-json\/wp\/v2\/posts\/70457\/revisions"}],"wp:featuredmedia":[{"embeddable":true,"href":"https:\/\/vosgesinfo.fr\/epinalinfo\/wp-json\/wp\/v2\/media\/70458"}],"wp:attachment":[{"href":"https:\/\/vosgesinfo.fr\/epinalinfo\/wp-json\/wp\/v2\/media?parent=70457"}],"wp:term":[{"taxonomy":"category","embeddable":true,"href":"https:\/\/vosgesinfo.fr\/epinalinfo\/wp-json\/wp\/v2\/categories?post=70457"},{"taxonomy":"post_tag","embeddable":true,"href":"https:\/\/vosgesinfo.fr\/epinalinfo\/wp-json\/wp\/v2\/tags?post=70457"}],"curies":[{"name":"wp","href":"https:\/\/api.w.org\/{rel}","templated":true}]}}