{"id":70463,"date":"2017-03-09T05:55:01","date_gmt":"2017-03-09T04:55:01","guid":{"rendered":"https:\/\/vosgesinfo.fr\/epinalinfo\/2017\/03\/lassociation-sc-corsa-invite-a-soiree-cinema-faveur-don-dorganes\/"},"modified":"2017-03-09T05:55:01","modified_gmt":"2017-03-09T04:55:01","slug":"lassociation-sc-corsa-invite-a-soiree-cinema-faveur-don-dorganes","status":"publish","type":"post","link":"https:\/\/vosgesinfo.fr\/epinalinfo\/2017\/03\/lassociation-sc-corsa-invite-a-soiree-cinema-faveur-don-dorganes\/","title":{"rendered":"L\u2019association Sc Corsa vous invite \u00e0 une soir\u00e9e cin\u00e9ma en faveur du don d\u2019organes"},"content":{"rendered":"<p><strong><a href=\"http:\/\/epinalinfos.fr\/2017\/03\/lassociation-sc-corsa-invite-a-soiree-cinema-faveur-don-dorganes\/sans-titre-358\/\" rel=\"attachment wp-att-110025\"><img decoding=\"async\" class=\"aligncenter size-full wp-image-110025\" src=\"\/2017\/03\/Sans-titre2.jpg\" alt=\"Sans titre\" width=\"585\" height=\"795\" \/><\/a>SC\u00a0CORSA\u00a0ASSOCIATIVO organise\u00a0<u>ce jeudi soir \u00e0 20h00<\/u>\u00a0au cin\u00e9ma palace d Epinal , la projection du film REPARER LES VIVANTS .<\/strong><\/p>\n<p>SC\u00a0CORSA\u00a0est un ambassadeur du don d\u2019organes en France et en Europe , \u00a0\u00e0 travers les courses automobiles auxquelles nous allons particip\u00e9 cette ann\u00e9e . C\u2019est pourquoi nous avons souhait\u00e9 projeter ce film \u00a0o\u00f9\u00a0jamais le trajet d&rsquo;un organe d&rsquo;un corps vers un autre n&rsquo;avait \u00e9t\u00e9 racont\u00e9 avec cette pr\u00e9cision clinique, minut\u00e9e, en traversant les pens\u00e9es de tous les \u00eatres concern\u00e9s, patients, m\u00e9decins, infirmiers, familles&#8230;<\/p>\n<p>Savez-vous que depuis le<em>\u00a0<\/em>1er\u00a0janvier 2017, l\u2019opposition au pr\u00e9l\u00e8vement d&rsquo;organes apr\u00e8s la mort devra \u00eatre inscrit sur le registre national des refus. Ainsi, la famille ne pourra plus intervenir dans la d\u00e9cision si la personne n\u2019a pas effectu\u00e9 les d\u00e9marches officielles.<\/p>\n<p>&nbsp;<\/p>\n<p>En 2015, 571 personnes ont choisi de r\u00e9aliser\u00a0un pr\u00e9l\u00e8vement de leur vivant, alors que les organes de 1\u00a0824\u00a0personnes mortes ont permis de<em>\u00a0<\/em>sauver des vies.<\/p>\n<p>Rappelons qu&rsquo;\u00e0 cette m\u00eame p\u00e9riode, plus de 21 000 patients \u00e9taient en attente d&rsquo;une greffe.<\/p>\n<p>M\u00eame si le nombre de donneurs d\u2019organes augmente en France, il a m\u00eame doubl\u00e9 depuis seize ans, \u00a0ces derniers ne sont pas assez nombreux face au nombre de patients qui lui aussi a doubl\u00e9. L\u2019amendement de la loi\u00a0sant\u00e9 peut ainsi pallier le manque en \u00e9cartant une d\u00e9cision prise sous l\u2019\u00e9motion.<\/p>\n<p>Une fois sur trois (32,5%), les proches du d\u00e9funt refusent le don d&rsquo;organes. Un d\u00e9calage entre les intentions et la r\u00e9alit\u00e9 car 79% des Fran\u00e7ais sont favorables \u00e0 cette pratique mais seuls 67% des patients concern\u00e9s ont \u00e9t\u00e9 pr\u00e9lev\u00e9s.<\/p>\n<p>A travers cette soir\u00e9e cin\u00e9ma , 1 euro sera revers\u00e9 \u00e0 l\u2019association ADOT 88\u00a0<a href=\"https:\/\/www.france-adot.org\/don-organe.html\">https:\/\/www.france-adot.org\/don-organe.html<\/a>\u00a0dans le but de participer \u00e0 des campagnes de communication .<\/p>\n<p>&nbsp;<\/p>\n<p>Rejoignez-nous lors de cette soir\u00e9e, inscription le notre site\u00a0<a href=\"http:\/\/www.sc-corsa-associativo.fr\/\">www.sc-corsa-associativo.fr<\/a>\u00a0, tarif 8 \u20ac .<\/p>\n<p>Dur\u00e9e du film\u00a0: 1h44<\/p>\n<p>&nbsp;<\/p>\n<p><u>Synopsis<\/u><\/p>\n<p>Simon, 17 ans et fan de surf,\u00a0saute de la fen\u00eatre de la chambre de\u00a0sa\u00a0petite amie et part avec ses amis, direction la mer. Sur le chemin du retour, ils ont un accident. Simon, le seul passager qui n&rsquo;\u00e9tait pas attach\u00e9, a subi un important traumatisme cr\u00e2nien. Il est d\u00e9clar\u00e9 en mort c\u00e9r\u00e9brale. Le docteur Thomas Remige tente alors de convaincre Marianne et Vincent, les parents, boulevers\u00e9s, de l&rsquo;adolescent, de faire don de quelques organes de leur fils. D&rsquo;abord r\u00e9ticents, ils finissent par accepter. Claire, m\u00e8re de deux grands gar\u00e7ons, est une musicienne accomplie. Mais une maladie de coeur la condamne. La transplantation est in\u00e9vitable&#8230;<\/p>\n","protected":false},"excerpt":{"rendered":"<p>SC\u00a0CORSA\u00a0ASSOCIATIVO organise\u00a0ce jeudi soir \u00e0 20h00\u00a0au cin\u00e9ma palace d Epinal , la projection du film REPARER LES VIVANTS . SC\u00a0CORSA\u00a0est [&hellip;]<\/p>\n","protected":false},"author":52,"featured_media":600,"comment_status":"open","ping_status":"open","sticky":false,"template":"","format":"standard","meta":{"footnotes":""},"categories":[2,24],"tags":[10024,3624,10025],"class_list":["post-70463","post","type-post","status-publish","format-standard","has-post-thumbnail","hentry","category-breves","category-epinal","tag-association-sc-corsa","tag-don-dorganes","tag-soiree-cinema"],"acf":[],"yoast_head":"<!-- This site is optimized with the Yoast SEO plugin v22.5 - https:\/\/yoast.com\/wordpress\/plugins\/seo\/ -->\n<title>L\u2019association Sc Corsa vous invite \u00e0 une soir\u00e9e cin\u00e9ma en faveur du don d\u2019organes - Epinal Info<\/title>\n<meta name=\"robots\" content=\"index, follow, max-snippet:-1, max-image-preview:large, max-video-preview:-1\" \/>\n<link rel=\"canonical\" href=\"https:\/\/vosgesinfo.fr\/epinalinfo\/2017\/03\/lassociation-sc-corsa-invite-a-soiree-cinema-faveur-don-dorganes\/\" \/>\n<meta name=\"twitter:card\" content=\"summary_large_image\" \/>\n<meta name=\"twitter:title\" content=\"L\u2019association Sc Corsa vous invite \u00e0 une soir\u00e9e cin\u00e9ma en faveur du don d\u2019organes - Epinal Info\" \/>\n<meta name=\"twitter:description\" content=\"SC\u00a0CORSA\u00a0ASSOCIATIVO organise\u00a0ce jeudi soir \u00e0 20h00\u00a0au cin\u00e9ma palace d Epinal , la projection du film REPARER LES VIVANTS . SC\u00a0CORSA\u00a0est [&hellip;]\" \/>\n<meta name=\"twitter:image\" content=\"https:\/\/vosgesinfo.fr\/app\/uploads\/sites\/3\/2023\/08\/sans-titre2.jpg\" \/>\n<meta name=\"twitter:creator\" content=\"@VosgesInfo88\" \/>\n<meta name=\"twitter:site\" content=\"@VosgesInfo88\" \/>\n<meta name=\"twitter:label1\" content=\"\u00c9crit par\" \/>\n\t<meta name=\"twitter:data1\" content=\"C.K.\" \/>\n\t<meta name=\"twitter:label2\" content=\"Dur\u00e9e de lecture estim\u00e9e\" \/>\n\t<meta name=\"twitter:data2\" content=\"2 minutes\" \/>\n<script type=\"application\/ld+json\" class=\"yoast-schema-graph\">{\"@context\":\"https:\/\/schema.org\",\"@graph\":[{\"@type\":\"Article\",\"@id\":\"https:\/\/vosgesinfo.fr\/epinalinfo\/2017\/03\/lassociation-sc-corsa-invite-a-soiree-cinema-faveur-don-dorganes\/#article\",\"isPartOf\":{\"@id\":\"https:\/\/vosgesinfo.fr\/epinalinfo\/2017\/03\/lassociation-sc-corsa-invite-a-soiree-cinema-faveur-don-dorganes\/\"},\"author\":{\"name\":\"C.K.\",\"@id\":\"https:\/\/vosgesinfo.fr\/epinalinfo\/#\/schema\/person\/6f9a650eeea99d969b6c4ab78fccbe81\"},\"headline\":\"L\u2019association Sc Corsa vous invite \u00e0 une soir\u00e9e cin\u00e9ma en faveur du don d\u2019organes\",\"datePublished\":\"2017-03-09T04:55:01+00:00\",\"dateModified\":\"2017-03-09T04:55:01+00:00\",\"mainEntityOfPage\":{\"@id\":\"https:\/\/vosgesinfo.fr\/epinalinfo\/2017\/03\/lassociation-sc-corsa-invite-a-soiree-cinema-faveur-don-dorganes\/\"},\"wordCount\":474,\"commentCount\":0,\"publisher\":{\"@id\":\"https:\/\/vosgesinfo.fr\/epinalinfo\/#organization\"},\"image\":{\"@id\":\"https:\/\/vosgesinfo.fr\/epinalinfo\/2017\/03\/lassociation-sc-corsa-invite-a-soiree-cinema-faveur-don-dorganes\/#primaryimage\"},\"thumbnailUrl\":\"https:\/\/vosgesinfo.fr\/app\/uploads\/sites\/3\/2023\/08\/sans-titre2.jpg\",\"keywords\":[\"association Sc Corsa\",\"don d'organes\",\"soir\u00e9e cin\u00e9ma\"],\"articleSection\":[\"Br\u00e8ves\",\"Epinal\"],\"inLanguage\":\"fr-FR\",\"potentialAction\":[{\"@type\":\"CommentAction\",\"name\":\"Comment\",\"target\":[\"https:\/\/vosgesinfo.fr\/epinalinfo\/2017\/03\/lassociation-sc-corsa-invite-a-soiree-cinema-faveur-don-dorganes\/#respond\"]}]},{\"@type\":\"WebPage\",\"@id\":\"https:\/\/vosgesinfo.fr\/epinalinfo\/2017\/03\/lassociation-sc-corsa-invite-a-soiree-cinema-faveur-don-dorganes\/\",\"url\":\"https:\/\/vosgesinfo.fr\/epinalinfo\/2017\/03\/lassociation-sc-corsa-invite-a-soiree-cinema-faveur-don-dorganes\/\",\"name\":\"L\u2019association Sc Corsa vous invite \u00e0 une soir\u00e9e cin\u00e9ma en faveur du don d\u2019organes - Epinal Info\",\"isPartOf\":{\"@id\":\"https:\/\/vosgesinfo.fr\/epinalinfo\/#website\"},\"primaryImageOfPage\":{\"@id\":\"https:\/\/vosgesinfo.fr\/epinalinfo\/2017\/03\/lassociation-sc-corsa-invite-a-soiree-cinema-faveur-don-dorganes\/#primaryimage\"},\"image\":{\"@id\":\"https:\/\/vosgesinfo.fr\/epinalinfo\/2017\/03\/lassociation-sc-corsa-invite-a-soiree-cinema-faveur-don-dorganes\/#primaryimage\"},\"thumbnailUrl\":\"https:\/\/vosgesinfo.fr\/app\/uploads\/sites\/3\/2023\/08\/sans-titre2.jpg\",\"datePublished\":\"2017-03-09T04:55:01+00:00\",\"dateModified\":\"2017-03-09T04:55:01+00:00\",\"breadcrumb\":{\"@id\":\"https:\/\/vosgesinfo.fr\/epinalinfo\/2017\/03\/lassociation-sc-corsa-invite-a-soiree-cinema-faveur-don-dorganes\/#breadcrumb\"},\"inLanguage\":\"fr-FR\",\"potentialAction\":[{\"@type\":\"ReadAction\",\"target\":[\"https:\/\/vosgesinfo.fr\/epinalinfo\/2017\/03\/lassociation-sc-corsa-invite-a-soiree-cinema-faveur-don-dorganes\/\"]}]},{\"@type\":\"ImageObject\",\"inLanguage\":\"fr-FR\",\"@id\":\"https:\/\/vosgesinfo.fr\/epinalinfo\/2017\/03\/lassociation-sc-corsa-invite-a-soiree-cinema-faveur-don-dorganes\/#primaryimage\",\"url\":\"https:\/\/vosgesinfo.fr\/app\/uploads\/sites\/3\/2023\/08\/sans-titre2.jpg\",\"contentUrl\":\"https:\/\/vosgesinfo.fr\/app\/uploads\/sites\/3\/2023\/08\/sans-titre2.jpg\",\"width\":710,\"height\":217},{\"@type\":\"BreadcrumbList\",\"@id\":\"https:\/\/vosgesinfo.fr\/epinalinfo\/2017\/03\/lassociation-sc-corsa-invite-a-soiree-cinema-faveur-don-dorganes\/#breadcrumb\",\"itemListElement\":[{\"@type\":\"ListItem\",\"position\":1,\"name\":\"Home\",\"item\":\"https:\/\/vosgesinfo.fr\/epinalinfo\/\"},{\"@type\":\"ListItem\",\"position\":2,\"name\":\"L\u2019association Sc Corsa vous invite \u00e0 une soir\u00e9e cin\u00e9ma en faveur du don d\u2019organes\"}]},{\"@type\":\"WebSite\",\"@id\":\"https:\/\/vosgesinfo.fr\/epinalinfo\/#website\",\"url\":\"https:\/\/vosgesinfo.fr\/epinalinfo\/\",\"name\":\"Epinal Info\",\"description\":\"Toute l&#039;actualit\u00e9 d&#039;\u00c9pinal\",\"publisher\":{\"@id\":\"https:\/\/vosgesinfo.fr\/epinalinfo\/#organization\"},\"alternateName\":\"Toute l'actualit\u00e9 d'\u00c9pinal\",\"potentialAction\":[{\"@type\":\"SearchAction\",\"target\":{\"@type\":\"EntryPoint\",\"urlTemplate\":\"https:\/\/vosgesinfo.fr\/epinalinfo\/?s={search_term_string}\"},\"query-input\":\"required name=search_term_string\"}],\"inLanguage\":\"fr-FR\"},{\"@type\":\"Organization\",\"@id\":\"https:\/\/vosgesinfo.fr\/epinalinfo\/#organization\",\"name\":\"Epinal Info\",\"url\":\"https:\/\/vosgesinfo.fr\/epinalinfo\/\",\"logo\":{\"@type\":\"ImageObject\",\"inLanguage\":\"fr-FR\",\"@id\":\"https:\/\/vosgesinfo.fr\/epinalinfo\/#\/schema\/logo\/image\/\",\"url\":\"https:\/\/vosgesinfo.fr\/app\/uploads\/sites\/3\/2023\/08\/logo-epinalinfos.svg\",\"contentUrl\":\"https:\/\/vosgesinfo.fr\/app\/uploads\/sites\/3\/2023\/08\/logo-epinalinfos.svg\",\"width\":1,\"height\":1,\"caption\":\"Epinal Info\"},\"image\":{\"@id\":\"https:\/\/vosgesinfo.fr\/epinalinfo\/#\/schema\/logo\/image\/\"},\"sameAs\":[\"https:\/\/www.facebook.com\/Epinalinfos\",\"https:\/\/x.com\/VosgesInfo88\",\"https:\/\/www.youtube.com\/@vosgesinfo\"]},{\"@type\":\"Person\",\"@id\":\"https:\/\/vosgesinfo.fr\/epinalinfo\/#\/schema\/person\/6f9a650eeea99d969b6c4ab78fccbe81\",\"name\":\"C.K.\",\"image\":{\"@type\":\"ImageObject\",\"inLanguage\":\"fr-FR\",\"@id\":\"https:\/\/vosgesinfo.fr\/epinalinfo\/#\/schema\/person\/image\/\",\"url\":\"https:\/\/secure.gravatar.com\/avatar\/48e3fc7f8421ba8942be6b74a2b7f014ca39bc00dece156b7a8e098ae7dc87bf?s=96&d=mm&r=g\",\"contentUrl\":\"https:\/\/secure.gravatar.com\/avatar\/48e3fc7f8421ba8942be6b74a2b7f014ca39bc00dece156b7a8e098ae7dc87bf?s=96&d=mm&r=g\",\"caption\":\"C.K.\"},\"url\":\"https:\/\/vosgesinfo.fr\/epinalinfo\/author\/celia-k-n\/\"}]}<\/script>\n<!-- \/ Yoast SEO plugin. -->","yoast_head_json":{"title":"L\u2019association Sc Corsa vous invite \u00e0 une soir\u00e9e cin\u00e9ma en faveur du don d\u2019organes - Epinal Info","robots":{"index":"index","follow":"follow","max-snippet":"max-snippet:-1","max-image-preview":"max-image-preview:large","max-video-preview":"max-video-preview:-1"},"canonical":"https:\/\/vosgesinfo.fr\/epinalinfo\/2017\/03\/lassociation-sc-corsa-invite-a-soiree-cinema-faveur-don-dorganes\/","twitter_card":"summary_large_image","twitter_title":"L\u2019association Sc Corsa vous invite \u00e0 une soir\u00e9e cin\u00e9ma en faveur du don d\u2019organes - Epinal Info","twitter_description":"SC\u00a0CORSA\u00a0ASSOCIATIVO organise\u00a0ce jeudi soir \u00e0 20h00\u00a0au cin\u00e9ma palace d Epinal , la projection du film REPARER LES VIVANTS . SC\u00a0CORSA\u00a0est [&hellip;]","twitter_image":"https:\/\/vosgesinfo.fr\/app\/uploads\/sites\/3\/2023\/08\/sans-titre2.jpg","twitter_creator":"@VosgesInfo88","twitter_site":"@VosgesInfo88","twitter_misc":{"\u00c9crit par":"C.K.","Dur\u00e9e de lecture estim\u00e9e":"2 minutes"},"schema":{"@context":"https:\/\/schema.org","@graph":[{"@type":"Article","@id":"https:\/\/vosgesinfo.fr\/epinalinfo\/2017\/03\/lassociation-sc-corsa-invite-a-soiree-cinema-faveur-don-dorganes\/#article","isPartOf":{"@id":"https:\/\/vosgesinfo.fr\/epinalinfo\/2017\/03\/lassociation-sc-corsa-invite-a-soiree-cinema-faveur-don-dorganes\/"},"author":{"name":"C.K.","@id":"https:\/\/vosgesinfo.fr\/epinalinfo\/#\/schema\/person\/6f9a650eeea99d969b6c4ab78fccbe81"},"headline":"L\u2019association Sc Corsa vous invite \u00e0 une soir\u00e9e cin\u00e9ma en faveur du don d\u2019organes","datePublished":"2017-03-09T04:55:01+00:00","dateModified":"2017-03-09T04:55:01+00:00","mainEntityOfPage":{"@id":"https:\/\/vosgesinfo.fr\/epinalinfo\/2017\/03\/lassociation-sc-corsa-invite-a-soiree-cinema-faveur-don-dorganes\/"},"wordCount":474,"commentCount":0,"publisher":{"@id":"https:\/\/vosgesinfo.fr\/epinalinfo\/#organization"},"image":{"@id":"https:\/\/vosgesinfo.fr\/epinalinfo\/2017\/03\/lassociation-sc-corsa-invite-a-soiree-cinema-faveur-don-dorganes\/#primaryimage"},"thumbnailUrl":"https:\/\/vosgesinfo.fr\/app\/uploads\/sites\/3\/2023\/08\/sans-titre2.jpg","keywords":["association Sc Corsa","don d'organes","soir\u00e9e cin\u00e9ma"],"articleSection":["Br\u00e8ves","Epinal"],"inLanguage":"fr-FR","potentialAction":[{"@type":"CommentAction","name":"Comment","target":["https:\/\/vosgesinfo.fr\/epinalinfo\/2017\/03\/lassociation-sc-corsa-invite-a-soiree-cinema-faveur-don-dorganes\/#respond"]}]},{"@type":"WebPage","@id":"https:\/\/vosgesinfo.fr\/epinalinfo\/2017\/03\/lassociation-sc-corsa-invite-a-soiree-cinema-faveur-don-dorganes\/","url":"https:\/\/vosgesinfo.fr\/epinalinfo\/2017\/03\/lassociation-sc-corsa-invite-a-soiree-cinema-faveur-don-dorganes\/","name":"L\u2019association Sc Corsa vous invite \u00e0 une soir\u00e9e cin\u00e9ma en faveur du don d\u2019organes - Epinal Info","isPartOf":{"@id":"https:\/\/vosgesinfo.fr\/epinalinfo\/#website"},"primaryImageOfPage":{"@id":"https:\/\/vosgesinfo.fr\/epinalinfo\/2017\/03\/lassociation-sc-corsa-invite-a-soiree-cinema-faveur-don-dorganes\/#primaryimage"},"image":{"@id":"https:\/\/vosgesinfo.fr\/epinalinfo\/2017\/03\/lassociation-sc-corsa-invite-a-soiree-cinema-faveur-don-dorganes\/#primaryimage"},"thumbnailUrl":"https:\/\/vosgesinfo.fr\/app\/uploads\/sites\/3\/2023\/08\/sans-titre2.jpg","datePublished":"2017-03-09T04:55:01+00:00","dateModified":"2017-03-09T04:55:01+00:00","breadcrumb":{"@id":"https:\/\/vosgesinfo.fr\/epinalinfo\/2017\/03\/lassociation-sc-corsa-invite-a-soiree-cinema-faveur-don-dorganes\/#breadcrumb"},"inLanguage":"fr-FR","potentialAction":[{"@type":"ReadAction","target":["https:\/\/vosgesinfo.fr\/epinalinfo\/2017\/03\/lassociation-sc-corsa-invite-a-soiree-cinema-faveur-don-dorganes\/"]}]},{"@type":"ImageObject","inLanguage":"fr-FR","@id":"https:\/\/vosgesinfo.fr\/epinalinfo\/2017\/03\/lassociation-sc-corsa-invite-a-soiree-cinema-faveur-don-dorganes\/#primaryimage","url":"https:\/\/vosgesinfo.fr\/app\/uploads\/sites\/3\/2023\/08\/sans-titre2.jpg","contentUrl":"https:\/\/vosgesinfo.fr\/app\/uploads\/sites\/3\/2023\/08\/sans-titre2.jpg","width":710,"height":217},{"@type":"BreadcrumbList","@id":"https:\/\/vosgesinfo.fr\/epinalinfo\/2017\/03\/lassociation-sc-corsa-invite-a-soiree-cinema-faveur-don-dorganes\/#breadcrumb","itemListElement":[{"@type":"ListItem","position":1,"name":"Home","item":"https:\/\/vosgesinfo.fr\/epinalinfo\/"},{"@type":"ListItem","position":2,"name":"L\u2019association Sc Corsa vous invite \u00e0 une soir\u00e9e cin\u00e9ma en faveur du don d\u2019organes"}]},{"@type":"WebSite","@id":"https:\/\/vosgesinfo.fr\/epinalinfo\/#website","url":"https:\/\/vosgesinfo.fr\/epinalinfo\/","name":"Epinal Info","description":"Toute l&#039;actualit\u00e9 d&#039;\u00c9pinal","publisher":{"@id":"https:\/\/vosgesinfo.fr\/epinalinfo\/#organization"},"alternateName":"Toute l'actualit\u00e9 d'\u00c9pinal","potentialAction":[{"@type":"SearchAction","target":{"@type":"EntryPoint","urlTemplate":"https:\/\/vosgesinfo.fr\/epinalinfo\/?s={search_term_string}"},"query-input":"required name=search_term_string"}],"inLanguage":"fr-FR"},{"@type":"Organization","@id":"https:\/\/vosgesinfo.fr\/epinalinfo\/#organization","name":"Epinal Info","url":"https:\/\/vosgesinfo.fr\/epinalinfo\/","logo":{"@type":"ImageObject","inLanguage":"fr-FR","@id":"https:\/\/vosgesinfo.fr\/epinalinfo\/#\/schema\/logo\/image\/","url":"https:\/\/vosgesinfo.fr\/app\/uploads\/sites\/3\/2023\/08\/logo-epinalinfos.svg","contentUrl":"https:\/\/vosgesinfo.fr\/app\/uploads\/sites\/3\/2023\/08\/logo-epinalinfos.svg","width":1,"height":1,"caption":"Epinal Info"},"image":{"@id":"https:\/\/vosgesinfo.fr\/epinalinfo\/#\/schema\/logo\/image\/"},"sameAs":["https:\/\/www.facebook.com\/Epinalinfos","https:\/\/x.com\/VosgesInfo88","https:\/\/www.youtube.com\/@vosgesinfo"]},{"@type":"Person","@id":"https:\/\/vosgesinfo.fr\/epinalinfo\/#\/schema\/person\/6f9a650eeea99d969b6c4ab78fccbe81","name":"C.K.","image":{"@type":"ImageObject","inLanguage":"fr-FR","@id":"https:\/\/vosgesinfo.fr\/epinalinfo\/#\/schema\/person\/image\/","url":"https:\/\/secure.gravatar.com\/avatar\/48e3fc7f8421ba8942be6b74a2b7f014ca39bc00dece156b7a8e098ae7dc87bf?s=96&d=mm&r=g","contentUrl":"https:\/\/secure.gravatar.com\/avatar\/48e3fc7f8421ba8942be6b74a2b7f014ca39bc00dece156b7a8e098ae7dc87bf?s=96&d=mm&r=g","caption":"C.K."},"url":"https:\/\/vosgesinfo.fr\/epinalinfo\/author\/celia-k-n\/"}]}},"_links":{"self":[{"href":"https:\/\/vosgesinfo.fr\/epinalinfo\/wp-json\/wp\/v2\/posts\/70463","targetHints":{"allow":["GET"]}}],"collection":[{"href":"https:\/\/vosgesinfo.fr\/epinalinfo\/wp-json\/wp\/v2\/posts"}],"about":[{"href":"https:\/\/vosgesinfo.fr\/epinalinfo\/wp-json\/wp\/v2\/types\/post"}],"author":[{"embeddable":true,"href":"https:\/\/vosgesinfo.fr\/epinalinfo\/wp-json\/wp\/v2\/users\/52"}],"replies":[{"embeddable":true,"href":"https:\/\/vosgesinfo.fr\/epinalinfo\/wp-json\/wp\/v2\/comments?post=70463"}],"version-history":[{"count":0,"href":"https:\/\/vosgesinfo.fr\/epinalinfo\/wp-json\/wp\/v2\/posts\/70463\/revisions"}],"wp:featuredmedia":[{"embeddable":true,"href":"https:\/\/vosgesinfo.fr\/epinalinfo\/wp-json\/wp\/v2\/media\/600"}],"wp:attachment":[{"href":"https:\/\/vosgesinfo.fr\/epinalinfo\/wp-json\/wp\/v2\/media?parent=70463"}],"wp:term":[{"taxonomy":"category","embeddable":true,"href":"https:\/\/vosgesinfo.fr\/epinalinfo\/wp-json\/wp\/v2\/categories?post=70463"},{"taxonomy":"post_tag","embeddable":true,"href":"https:\/\/vosgesinfo.fr\/epinalinfo\/wp-json\/wp\/v2\/tags?post=70463"}],"curies":[{"name":"wp","href":"https:\/\/api.w.org\/{rel}","templated":true}]}}