{"id":70467,"date":"2017-03-09T12:57:37","date_gmt":"2017-03-09T11:57:37","guid":{"rendered":"https:\/\/vosgesinfo.fr\/epinalinfo\/2017\/03\/travaux-nouvel-lhopital-demarrent-lundi\/"},"modified":"2017-03-09T12:57:37","modified_gmt":"2017-03-09T11:57:37","slug":"travaux-nouvel-lhopital-demarrent-lundi","status":"publish","type":"post","link":"https:\/\/vosgesinfo.fr\/epinalinfo\/2017\/03\/travaux-nouvel-lhopital-demarrent-lundi\/","title":{"rendered":"Les travaux du nouvel l\u2019h\u00f4pital d\u00e9marrent ce lundi"},"content":{"rendered":"<h4><a href=\"http:\/\/epinalinfos.fr\/2016\/02\/cher-nouvel-hopital-depinal-sera-ampute-de-70-lits\/hopital-epinal\/\" rel=\"attachment wp-att-84936\"><img decoding=\"async\" class=\"aligncenter size-full wp-image-84936\" src=\"\/2016\/02\/hopital-epinal.jpg\" alt=\"hopital-epinal\" width=\"1024\" height=\"768\" \/><\/a>Dans le cadre de la construction du nouvel h\u00f4pital, les travaux g\u00e9n\u00e9raux vont d\u00e9but\u00e9s le lundi 13 mars, sous ma\u00eetrise d\u2019ouvrage \u00ab\u00a0Centre Hospitalier \u00c9mile Durkheim\u00a0\u00bb.<\/h4>\n<p>Les terrassements men\u00e9s par l\u2019entreprise PEDUZZI TP de ST AME d\u00e9buteront \u00a0le lundi 13 mars pour une dur\u00e9e de 3 mois. \u00a0Le d\u00e9bit poids-lourds sera d\u2019environ 20 camions par jours (20T ou 25T).<\/p>\n<p>&nbsp;<\/p>\n<p><u>Informations de circulation<\/u>\u00a0:<\/p>\n<p>L\u2019itin\u00e9raire, dans les deux sens, se fera par la rue Antoine R\u00e9veille &#8211; All\u00e9e des Bouleaux &#8211; Rue Albert Camus \u2013 Rue du Chat Bott\u00e9 \u2013 route de Jeuxey (RD 46) et RN 57.<\/p>\n<p>Pour cela et afin de garantir la s\u00e9curit\u00e9 des usagers, <strong>le stationnement Rue Antoine R\u00e9veille sera interdit. <\/strong><\/p>\n<p><strong>Le r\u00e9gime de priorit\u00e9 au carrefour de la rue Antoine R\u00e9veille et de la rue Kennedy sera invers\u00e9<\/strong>\u00a0: actuellement la rue Kennedy et prioritaire sur la rue Antoine R\u00e9veille, \u00e0 partir du 13 mars, <strong>la rue Antoine R\u00e9veille sera prioritaire sur la rue Kennedy<\/strong>.<\/p>\n<p>Les services techniques de la Ville d\u2019Epinal mettent en place cette modification de carrefour.<\/p>\n<p>D\u2019autre part, \u00e0 compter du mercredi 15 mars 2017, pour la dur\u00e9e du chantier (Gros \u0153uvre DEMATHIEU et BARD), l\u2019approvisionnement g\u00e9n\u00e9ral du chantier se fera depuis la RN 57 vers l\u2019h\u00f4pital via \u00a0la rue du Chat Bott\u00e9, la rue Lamartine, la rue Ernest Renand, l\u2019all\u00e9e des C\u00e8dres, la rue Beau site.<\/p>\n<p>Le d\u00e9bit poids-lourds sera d\u2019environ 20 camions par jours.<\/p>\n<p>Le retour vers la RN 57 se fera par la rue Antoine R\u00e9veille &#8211; All\u00e9e des Bouleaux &#8211; Rue Albert Camus \u2013 Rue du Chat Bott\u00e9 \u2013 route de Jeuxey (RD 46). Soit 40 poids-lourds\/jour sur ce trajet pendant la dur\u00e9e des terrassements.<\/p>\n","protected":false},"excerpt":{"rendered":"<p>Dans le cadre de la construction du nouvel h\u00f4pital, les travaux g\u00e9n\u00e9raux vont d\u00e9but\u00e9s le lundi 13 mars, sous ma\u00eetrise [&hellip;]<\/p>\n","protected":false},"author":52,"featured_media":2001,"comment_status":"open","ping_status":"open","sticky":false,"template":"","format":"standard","meta":{"footnotes":""},"categories":[22,16,24],"tags":[10033,10034,3839,10035],"class_list":["post-70467","post","type-post","status-publish","format-standard","has-post-thumbnail","hentry","category-a-la-une","category-environnement","category-epinal","tag-centre-hospitalier-emile-durkheim","tag-modifications-de-circulation","tag-stationnement","tag-travaux-du-nouvel-lhopital-depinal"],"acf":[],"yoast_head":"<!-- This site is optimized with the Yoast SEO plugin v22.5 - https:\/\/yoast.com\/wordpress\/plugins\/seo\/ -->\n<title>Les travaux du nouvel l\u2019h\u00f4pital d\u00e9marrent ce lundi - Epinal Info<\/title>\n<meta name=\"robots\" content=\"index, follow, max-snippet:-1, max-image-preview:large, max-video-preview:-1\" \/>\n<link rel=\"canonical\" href=\"https:\/\/vosgesinfo.fr\/epinalinfo\/2017\/03\/travaux-nouvel-lhopital-demarrent-lundi\/\" \/>\n<meta name=\"twitter:card\" content=\"summary_large_image\" \/>\n<meta name=\"twitter:title\" content=\"Les travaux du nouvel l\u2019h\u00f4pital d\u00e9marrent ce lundi - Epinal Info\" \/>\n<meta name=\"twitter:description\" content=\"Dans le cadre de la construction du nouvel h\u00f4pital, les travaux g\u00e9n\u00e9raux vont d\u00e9but\u00e9s le lundi 13 mars, sous ma\u00eetrise [&hellip;]\" \/>\n<meta name=\"twitter:image\" content=\"https:\/\/vosgesinfo.fr\/app\/uploads\/sites\/3\/2021\/10\/hopital-epinal.jpg\" \/>\n<meta name=\"twitter:creator\" content=\"@VosgesInfo88\" \/>\n<meta name=\"twitter:site\" content=\"@VosgesInfo88\" \/>\n<meta name=\"twitter:label1\" content=\"\u00c9crit par\" \/>\n\t<meta name=\"twitter:data1\" content=\"C.K.\" \/>\n\t<meta name=\"twitter:label2\" content=\"Dur\u00e9e de lecture estim\u00e9e\" \/>\n\t<meta name=\"twitter:data2\" content=\"1 minute\" \/>\n<script type=\"application\/ld+json\" class=\"yoast-schema-graph\">{\"@context\":\"https:\/\/schema.org\",\"@graph\":[{\"@type\":\"Article\",\"@id\":\"https:\/\/vosgesinfo.fr\/epinalinfo\/2017\/03\/travaux-nouvel-lhopital-demarrent-lundi\/#article\",\"isPartOf\":{\"@id\":\"https:\/\/vosgesinfo.fr\/epinalinfo\/2017\/03\/travaux-nouvel-lhopital-demarrent-lundi\/\"},\"author\":{\"name\":\"C.K.\",\"@id\":\"https:\/\/vosgesinfo.fr\/epinalinfo\/#\/schema\/person\/6f9a650eeea99d969b6c4ab78fccbe81\"},\"headline\":\"Les travaux du nouvel l\u2019h\u00f4pital d\u00e9marrent ce lundi\",\"datePublished\":\"2017-03-09T11:57:37+00:00\",\"dateModified\":\"2017-03-09T11:57:37+00:00\",\"mainEntityOfPage\":{\"@id\":\"https:\/\/vosgesinfo.fr\/epinalinfo\/2017\/03\/travaux-nouvel-lhopital-demarrent-lundi\/\"},\"wordCount\":305,\"commentCount\":0,\"publisher\":{\"@id\":\"https:\/\/vosgesinfo.fr\/epinalinfo\/#organization\"},\"image\":{\"@id\":\"https:\/\/vosgesinfo.fr\/epinalinfo\/2017\/03\/travaux-nouvel-lhopital-demarrent-lundi\/#primaryimage\"},\"thumbnailUrl\":\"https:\/\/vosgesinfo.fr\/app\/uploads\/sites\/3\/2021\/10\/hopital-epinal.jpg\",\"keywords\":[\"Centre Hospitalier \u00c9mile Durkheim\",\"modifications de circulation\",\"stationnement\",\"travaux du nouvel l\u2019h\u00f4pital d'Epinal\"],\"articleSection\":[\"A la Une\",\"Environnement\",\"Epinal\"],\"inLanguage\":\"fr-FR\",\"potentialAction\":[{\"@type\":\"CommentAction\",\"name\":\"Comment\",\"target\":[\"https:\/\/vosgesinfo.fr\/epinalinfo\/2017\/03\/travaux-nouvel-lhopital-demarrent-lundi\/#respond\"]}]},{\"@type\":\"WebPage\",\"@id\":\"https:\/\/vosgesinfo.fr\/epinalinfo\/2017\/03\/travaux-nouvel-lhopital-demarrent-lundi\/\",\"url\":\"https:\/\/vosgesinfo.fr\/epinalinfo\/2017\/03\/travaux-nouvel-lhopital-demarrent-lundi\/\",\"name\":\"Les travaux du nouvel l\u2019h\u00f4pital d\u00e9marrent ce lundi - Epinal Info\",\"isPartOf\":{\"@id\":\"https:\/\/vosgesinfo.fr\/epinalinfo\/#website\"},\"primaryImageOfPage\":{\"@id\":\"https:\/\/vosgesinfo.fr\/epinalinfo\/2017\/03\/travaux-nouvel-lhopital-demarrent-lundi\/#primaryimage\"},\"image\":{\"@id\":\"https:\/\/vosgesinfo.fr\/epinalinfo\/2017\/03\/travaux-nouvel-lhopital-demarrent-lundi\/#primaryimage\"},\"thumbnailUrl\":\"https:\/\/vosgesinfo.fr\/app\/uploads\/sites\/3\/2021\/10\/hopital-epinal.jpg\",\"datePublished\":\"2017-03-09T11:57:37+00:00\",\"dateModified\":\"2017-03-09T11:57:37+00:00\",\"breadcrumb\":{\"@id\":\"https:\/\/vosgesinfo.fr\/epinalinfo\/2017\/03\/travaux-nouvel-lhopital-demarrent-lundi\/#breadcrumb\"},\"inLanguage\":\"fr-FR\",\"potentialAction\":[{\"@type\":\"ReadAction\",\"target\":[\"https:\/\/vosgesinfo.fr\/epinalinfo\/2017\/03\/travaux-nouvel-lhopital-demarrent-lundi\/\"]}]},{\"@type\":\"ImageObject\",\"inLanguage\":\"fr-FR\",\"@id\":\"https:\/\/vosgesinfo.fr\/epinalinfo\/2017\/03\/travaux-nouvel-lhopital-demarrent-lundi\/#primaryimage\",\"url\":\"https:\/\/vosgesinfo.fr\/app\/uploads\/sites\/3\/2021\/10\/hopital-epinal.jpg\",\"contentUrl\":\"https:\/\/vosgesinfo.fr\/app\/uploads\/sites\/3\/2021\/10\/hopital-epinal.jpg\",\"width\":800,\"height\":532},{\"@type\":\"BreadcrumbList\",\"@id\":\"https:\/\/vosgesinfo.fr\/epinalinfo\/2017\/03\/travaux-nouvel-lhopital-demarrent-lundi\/#breadcrumb\",\"itemListElement\":[{\"@type\":\"ListItem\",\"position\":1,\"name\":\"Home\",\"item\":\"https:\/\/vosgesinfo.fr\/epinalinfo\/\"},{\"@type\":\"ListItem\",\"position\":2,\"name\":\"Les travaux du nouvel l\u2019h\u00f4pital d\u00e9marrent ce lundi\"}]},{\"@type\":\"WebSite\",\"@id\":\"https:\/\/vosgesinfo.fr\/epinalinfo\/#website\",\"url\":\"https:\/\/vosgesinfo.fr\/epinalinfo\/\",\"name\":\"Epinal Info\",\"description\":\"Toute l&#039;actualit\u00e9 d&#039;\u00c9pinal\",\"publisher\":{\"@id\":\"https:\/\/vosgesinfo.fr\/epinalinfo\/#organization\"},\"alternateName\":\"Toute l'actualit\u00e9 d'\u00c9pinal\",\"potentialAction\":[{\"@type\":\"SearchAction\",\"target\":{\"@type\":\"EntryPoint\",\"urlTemplate\":\"https:\/\/vosgesinfo.fr\/epinalinfo\/?s={search_term_string}\"},\"query-input\":\"required name=search_term_string\"}],\"inLanguage\":\"fr-FR\"},{\"@type\":\"Organization\",\"@id\":\"https:\/\/vosgesinfo.fr\/epinalinfo\/#organization\",\"name\":\"Epinal Info\",\"url\":\"https:\/\/vosgesinfo.fr\/epinalinfo\/\",\"logo\":{\"@type\":\"ImageObject\",\"inLanguage\":\"fr-FR\",\"@id\":\"https:\/\/vosgesinfo.fr\/epinalinfo\/#\/schema\/logo\/image\/\",\"url\":\"https:\/\/vosgesinfo.fr\/app\/uploads\/sites\/3\/2023\/08\/logo-epinalinfos.svg\",\"contentUrl\":\"https:\/\/vosgesinfo.fr\/app\/uploads\/sites\/3\/2023\/08\/logo-epinalinfos.svg\",\"width\":1,\"height\":1,\"caption\":\"Epinal Info\"},\"image\":{\"@id\":\"https:\/\/vosgesinfo.fr\/epinalinfo\/#\/schema\/logo\/image\/\"},\"sameAs\":[\"https:\/\/www.facebook.com\/Epinalinfos\",\"https:\/\/x.com\/VosgesInfo88\",\"https:\/\/www.youtube.com\/@vosgesinfo\"]},{\"@type\":\"Person\",\"@id\":\"https:\/\/vosgesinfo.fr\/epinalinfo\/#\/schema\/person\/6f9a650eeea99d969b6c4ab78fccbe81\",\"name\":\"C.K.\",\"image\":{\"@type\":\"ImageObject\",\"inLanguage\":\"fr-FR\",\"@id\":\"https:\/\/vosgesinfo.fr\/epinalinfo\/#\/schema\/person\/image\/\",\"url\":\"https:\/\/secure.gravatar.com\/avatar\/48e3fc7f8421ba8942be6b74a2b7f014ca39bc00dece156b7a8e098ae7dc87bf?s=96&d=mm&r=g\",\"contentUrl\":\"https:\/\/secure.gravatar.com\/avatar\/48e3fc7f8421ba8942be6b74a2b7f014ca39bc00dece156b7a8e098ae7dc87bf?s=96&d=mm&r=g\",\"caption\":\"C.K.\"},\"url\":\"https:\/\/vosgesinfo.fr\/epinalinfo\/author\/celia-k-n\/\"}]}<\/script>\n<!-- \/ Yoast SEO plugin. -->","yoast_head_json":{"title":"Les travaux du nouvel l\u2019h\u00f4pital d\u00e9marrent ce lundi - Epinal Info","robots":{"index":"index","follow":"follow","max-snippet":"max-snippet:-1","max-image-preview":"max-image-preview:large","max-video-preview":"max-video-preview:-1"},"canonical":"https:\/\/vosgesinfo.fr\/epinalinfo\/2017\/03\/travaux-nouvel-lhopital-demarrent-lundi\/","twitter_card":"summary_large_image","twitter_title":"Les travaux du nouvel l\u2019h\u00f4pital d\u00e9marrent ce lundi - Epinal Info","twitter_description":"Dans le cadre de la construction du nouvel h\u00f4pital, les travaux g\u00e9n\u00e9raux vont d\u00e9but\u00e9s le lundi 13 mars, sous ma\u00eetrise [&hellip;]","twitter_image":"https:\/\/vosgesinfo.fr\/app\/uploads\/sites\/3\/2021\/10\/hopital-epinal.jpg","twitter_creator":"@VosgesInfo88","twitter_site":"@VosgesInfo88","twitter_misc":{"\u00c9crit par":"C.K.","Dur\u00e9e de lecture estim\u00e9e":"1 minute"},"schema":{"@context":"https:\/\/schema.org","@graph":[{"@type":"Article","@id":"https:\/\/vosgesinfo.fr\/epinalinfo\/2017\/03\/travaux-nouvel-lhopital-demarrent-lundi\/#article","isPartOf":{"@id":"https:\/\/vosgesinfo.fr\/epinalinfo\/2017\/03\/travaux-nouvel-lhopital-demarrent-lundi\/"},"author":{"name":"C.K.","@id":"https:\/\/vosgesinfo.fr\/epinalinfo\/#\/schema\/person\/6f9a650eeea99d969b6c4ab78fccbe81"},"headline":"Les travaux du nouvel l\u2019h\u00f4pital d\u00e9marrent ce lundi","datePublished":"2017-03-09T11:57:37+00:00","dateModified":"2017-03-09T11:57:37+00:00","mainEntityOfPage":{"@id":"https:\/\/vosgesinfo.fr\/epinalinfo\/2017\/03\/travaux-nouvel-lhopital-demarrent-lundi\/"},"wordCount":305,"commentCount":0,"publisher":{"@id":"https:\/\/vosgesinfo.fr\/epinalinfo\/#organization"},"image":{"@id":"https:\/\/vosgesinfo.fr\/epinalinfo\/2017\/03\/travaux-nouvel-lhopital-demarrent-lundi\/#primaryimage"},"thumbnailUrl":"https:\/\/vosgesinfo.fr\/app\/uploads\/sites\/3\/2021\/10\/hopital-epinal.jpg","keywords":["Centre Hospitalier \u00c9mile Durkheim","modifications de circulation","stationnement","travaux du nouvel l\u2019h\u00f4pital d'Epinal"],"articleSection":["A la Une","Environnement","Epinal"],"inLanguage":"fr-FR","potentialAction":[{"@type":"CommentAction","name":"Comment","target":["https:\/\/vosgesinfo.fr\/epinalinfo\/2017\/03\/travaux-nouvel-lhopital-demarrent-lundi\/#respond"]}]},{"@type":"WebPage","@id":"https:\/\/vosgesinfo.fr\/epinalinfo\/2017\/03\/travaux-nouvel-lhopital-demarrent-lundi\/","url":"https:\/\/vosgesinfo.fr\/epinalinfo\/2017\/03\/travaux-nouvel-lhopital-demarrent-lundi\/","name":"Les travaux du nouvel l\u2019h\u00f4pital d\u00e9marrent ce lundi - Epinal Info","isPartOf":{"@id":"https:\/\/vosgesinfo.fr\/epinalinfo\/#website"},"primaryImageOfPage":{"@id":"https:\/\/vosgesinfo.fr\/epinalinfo\/2017\/03\/travaux-nouvel-lhopital-demarrent-lundi\/#primaryimage"},"image":{"@id":"https:\/\/vosgesinfo.fr\/epinalinfo\/2017\/03\/travaux-nouvel-lhopital-demarrent-lundi\/#primaryimage"},"thumbnailUrl":"https:\/\/vosgesinfo.fr\/app\/uploads\/sites\/3\/2021\/10\/hopital-epinal.jpg","datePublished":"2017-03-09T11:57:37+00:00","dateModified":"2017-03-09T11:57:37+00:00","breadcrumb":{"@id":"https:\/\/vosgesinfo.fr\/epinalinfo\/2017\/03\/travaux-nouvel-lhopital-demarrent-lundi\/#breadcrumb"},"inLanguage":"fr-FR","potentialAction":[{"@type":"ReadAction","target":["https:\/\/vosgesinfo.fr\/epinalinfo\/2017\/03\/travaux-nouvel-lhopital-demarrent-lundi\/"]}]},{"@type":"ImageObject","inLanguage":"fr-FR","@id":"https:\/\/vosgesinfo.fr\/epinalinfo\/2017\/03\/travaux-nouvel-lhopital-demarrent-lundi\/#primaryimage","url":"https:\/\/vosgesinfo.fr\/app\/uploads\/sites\/3\/2021\/10\/hopital-epinal.jpg","contentUrl":"https:\/\/vosgesinfo.fr\/app\/uploads\/sites\/3\/2021\/10\/hopital-epinal.jpg","width":800,"height":532},{"@type":"BreadcrumbList","@id":"https:\/\/vosgesinfo.fr\/epinalinfo\/2017\/03\/travaux-nouvel-lhopital-demarrent-lundi\/#breadcrumb","itemListElement":[{"@type":"ListItem","position":1,"name":"Home","item":"https:\/\/vosgesinfo.fr\/epinalinfo\/"},{"@type":"ListItem","position":2,"name":"Les travaux du nouvel l\u2019h\u00f4pital d\u00e9marrent ce lundi"}]},{"@type":"WebSite","@id":"https:\/\/vosgesinfo.fr\/epinalinfo\/#website","url":"https:\/\/vosgesinfo.fr\/epinalinfo\/","name":"Epinal Info","description":"Toute l&#039;actualit\u00e9 d&#039;\u00c9pinal","publisher":{"@id":"https:\/\/vosgesinfo.fr\/epinalinfo\/#organization"},"alternateName":"Toute l'actualit\u00e9 d'\u00c9pinal","potentialAction":[{"@type":"SearchAction","target":{"@type":"EntryPoint","urlTemplate":"https:\/\/vosgesinfo.fr\/epinalinfo\/?s={search_term_string}"},"query-input":"required name=search_term_string"}],"inLanguage":"fr-FR"},{"@type":"Organization","@id":"https:\/\/vosgesinfo.fr\/epinalinfo\/#organization","name":"Epinal Info","url":"https:\/\/vosgesinfo.fr\/epinalinfo\/","logo":{"@type":"ImageObject","inLanguage":"fr-FR","@id":"https:\/\/vosgesinfo.fr\/epinalinfo\/#\/schema\/logo\/image\/","url":"https:\/\/vosgesinfo.fr\/app\/uploads\/sites\/3\/2023\/08\/logo-epinalinfos.svg","contentUrl":"https:\/\/vosgesinfo.fr\/app\/uploads\/sites\/3\/2023\/08\/logo-epinalinfos.svg","width":1,"height":1,"caption":"Epinal Info"},"image":{"@id":"https:\/\/vosgesinfo.fr\/epinalinfo\/#\/schema\/logo\/image\/"},"sameAs":["https:\/\/www.facebook.com\/Epinalinfos","https:\/\/x.com\/VosgesInfo88","https:\/\/www.youtube.com\/@vosgesinfo"]},{"@type":"Person","@id":"https:\/\/vosgesinfo.fr\/epinalinfo\/#\/schema\/person\/6f9a650eeea99d969b6c4ab78fccbe81","name":"C.K.","image":{"@type":"ImageObject","inLanguage":"fr-FR","@id":"https:\/\/vosgesinfo.fr\/epinalinfo\/#\/schema\/person\/image\/","url":"https:\/\/secure.gravatar.com\/avatar\/48e3fc7f8421ba8942be6b74a2b7f014ca39bc00dece156b7a8e098ae7dc87bf?s=96&d=mm&r=g","contentUrl":"https:\/\/secure.gravatar.com\/avatar\/48e3fc7f8421ba8942be6b74a2b7f014ca39bc00dece156b7a8e098ae7dc87bf?s=96&d=mm&r=g","caption":"C.K."},"url":"https:\/\/vosgesinfo.fr\/epinalinfo\/author\/celia-k-n\/"}]}},"_links":{"self":[{"href":"https:\/\/vosgesinfo.fr\/epinalinfo\/wp-json\/wp\/v2\/posts\/70467","targetHints":{"allow":["GET"]}}],"collection":[{"href":"https:\/\/vosgesinfo.fr\/epinalinfo\/wp-json\/wp\/v2\/posts"}],"about":[{"href":"https:\/\/vosgesinfo.fr\/epinalinfo\/wp-json\/wp\/v2\/types\/post"}],"author":[{"embeddable":true,"href":"https:\/\/vosgesinfo.fr\/epinalinfo\/wp-json\/wp\/v2\/users\/52"}],"replies":[{"embeddable":true,"href":"https:\/\/vosgesinfo.fr\/epinalinfo\/wp-json\/wp\/v2\/comments?post=70467"}],"version-history":[{"count":0,"href":"https:\/\/vosgesinfo.fr\/epinalinfo\/wp-json\/wp\/v2\/posts\/70467\/revisions"}],"wp:featuredmedia":[{"embeddable":true,"href":"https:\/\/vosgesinfo.fr\/epinalinfo\/wp-json\/wp\/v2\/media\/2001"}],"wp:attachment":[{"href":"https:\/\/vosgesinfo.fr\/epinalinfo\/wp-json\/wp\/v2\/media?parent=70467"}],"wp:term":[{"taxonomy":"category","embeddable":true,"href":"https:\/\/vosgesinfo.fr\/epinalinfo\/wp-json\/wp\/v2\/categories?post=70467"},{"taxonomy":"post_tag","embeddable":true,"href":"https:\/\/vosgesinfo.fr\/epinalinfo\/wp-json\/wp\/v2\/tags?post=70467"}],"curies":[{"name":"wp","href":"https:\/\/api.w.org\/{rel}","templated":true}]}}