{"id":70468,"date":"2017-03-09T12:43:25","date_gmt":"2017-03-09T11:43:25","guid":{"rendered":"https:\/\/vosgesinfo.fr\/epinalinfo\/2017\/03\/conseil-de-surveillance-hopitaux-depinal-de-remiremont-reporte\/"},"modified":"2017-03-09T12:43:25","modified_gmt":"2017-03-09T11:43:25","slug":"conseil-de-surveillance-hopitaux-depinal-de-remiremont-reporte","status":"publish","type":"post","link":"https:\/\/vosgesinfo.fr\/epinalinfo\/2017\/03\/conseil-de-surveillance-hopitaux-depinal-de-remiremont-reporte\/","title":{"rendered":"Le conseil de surveillance des h\u00f4pitaux d\u2019Epinal et de Remiremont report\u00e9"},"content":{"rendered":"<h4><a href=\"http:\/\/epinalinfos.fr\/2015\/10\/epinal-un-homme-ivre-detruit-la-barriere-des-urgences-de-lhopital\/urgences-hopital-epinal\/\" rel=\"attachment wp-att-66864\"><img decoding=\"async\" class=\"aligncenter size-full wp-image-66864\" src=\"\/2015\/10\/urgences-hopital-epinal.jpg\" alt=\"urgences-hopital-epinal\" width=\"1024\" height=\"474\" \/><\/a><\/h4>\n<h4>Dans un communiqu\u00e9 de presse diffus\u00e9 ce jeudi 9 mars 2017, Michel Heinrich, pr\u00e9sident du conseil de surveillance du centre hospitalier Emile Durkheim d\u2019Epinal, apporte ses informations suite au report du conseil de surveillance du centre hospitalier de Remiremont, pr\u00e9vu ce m\u00eame 9 mars 2017. Il \u00e9crit :<\/h4>\n<p><em>\u00ab\u00a0Le Centre Hospitalier Emile DURKHEIM d\u2019Epinal dans ses diff\u00e9rentes composantes m\u00e9dicales, soignantes et administratives, et avec le soutien du Conseil de Surveillance,\u00a0 est engag\u00e9 depuis plusieurs ann\u00e9es dans un processus de partenariat structurant avec le Centre Hospitalier de Remiremont.<\/em><\/p>\n<p><em>Ce processus s\u2019est mat\u00e9rialis\u00e9, depuis un peu plus d\u2019une ann\u00e9e, au travers de l\u2019\u00e9laboration d\u2019un Projet M\u00e9dical\u00a0 Commun\u00a0 auquel pr\u00e8s d\u2019une centaine de m\u00e9decins, cadres de sant\u00e9 et personnels soignants des deux \u00e9tablissements ont contribu\u00e9s.<\/em><\/p>\n<p><em>Ce travail collectif, remis \u00e0 l\u2019ensemble des instances des deux h\u00f4pitaux pour quelles puissent formuler un avis depuis le mois de d\u00e9cembre, devait \u00eatre pr\u00e9sent\u00e9 aux \u00a0Conseils\u00a0 de Surveillance des deux\u00a0 \u00e9tablissements, r\u00e9unis en s\u00e9ance commune, ce jeudi 9 mars 2017.<\/em><\/p>\n<p><em>La lecture de la presse de ce jour, ainsi que la prise de position publique de certains membres du Conseil de Surveillance de Remiremont permettent de constater, et \u00e0 mon grand regret, que les conditions de s\u00e9r\u00e9nit\u00e9 et d\u2019objectivit\u00e9 indispensables au d\u00e9roulement d\u2019un d\u00e9bat constructif, ne seront pas r\u00e9unies.<\/em><\/p>\n<p><em>Aussi, et en d\u00e9pit du travail fourni par les deux \u00e9tablissements, je ne peux que prendre acte de l\u2019impossibilit\u00e9 de r\u00e9unir le Conseil de Surveillance ce jour, et d\u00e9cide donc du report de cette s\u00e9ance commune.\u00a0\u00bb<\/em><\/p>\n<p><strong>Le Pr\u00e9sident du Conseil de Surveillance, Michel HEINRICH<\/strong><\/p>\n","protected":false},"excerpt":{"rendered":"<p>Dans un communiqu\u00e9 de presse diffus\u00e9 ce jeudi 9 mars 2017, Michel Heinrich, pr\u00e9sident du conseil de surveillance du centre [&hellip;]<\/p>\n","protected":false},"author":52,"featured_media":70469,"comment_status":"open","ping_status":"open","sticky":false,"template":"","format":"standard","meta":{"footnotes":""},"categories":[22,24,14],"tags":[10036,1876,10037,6402],"class_list":["post-70468","post","type-post","status-publish","format-standard","has-post-thumbnail","hentry","category-a-la-une","category-epinal","category-sante","tag-conseil-de-surveillance-des-hopitaux-depinal-et-de-remiremont","tag-michel-heinrich","tag-president-du-conseil-de-surveillance","tag-reporte"],"acf":[],"yoast_head":"<!-- This site is optimized with the Yoast SEO plugin v22.5 - https:\/\/yoast.com\/wordpress\/plugins\/seo\/ -->\n<title>Le conseil de surveillance des h\u00f4pitaux d\u2019Epinal et de Remiremont report\u00e9 - Epinal Info<\/title>\n<meta name=\"robots\" content=\"index, follow, max-snippet:-1, max-image-preview:large, max-video-preview:-1\" \/>\n<link rel=\"canonical\" href=\"https:\/\/vosgesinfo.fr\/epinalinfo\/2017\/03\/conseil-de-surveillance-hopitaux-depinal-de-remiremont-reporte\/\" \/>\n<meta name=\"twitter:card\" content=\"summary_large_image\" \/>\n<meta name=\"twitter:title\" content=\"Le conseil de surveillance des h\u00f4pitaux d\u2019Epinal et de Remiremont report\u00e9 - Epinal Info\" \/>\n<meta name=\"twitter:description\" content=\"Dans un communiqu\u00e9 de presse diffus\u00e9 ce jeudi 9 mars 2017, Michel Heinrich, pr\u00e9sident du conseil de surveillance du centre [&hellip;]\" \/>\n<meta name=\"twitter:image\" content=\"https:\/\/vosgesinfo.fr\/app\/uploads\/sites\/3\/2024\/08\/201607urgences-hopital-epinal-1.jpg\" \/>\n<meta name=\"twitter:creator\" content=\"@VosgesInfo88\" \/>\n<meta name=\"twitter:site\" content=\"@VosgesInfo88\" \/>\n<meta name=\"twitter:label1\" content=\"\u00c9crit par\" \/>\n\t<meta name=\"twitter:data1\" content=\"C.K.\" \/>\n\t<meta name=\"twitter:label2\" content=\"Dur\u00e9e de lecture estim\u00e9e\" \/>\n\t<meta name=\"twitter:data2\" content=\"1 minute\" \/>\n<script type=\"application\/ld+json\" class=\"yoast-schema-graph\">{\"@context\":\"https:\/\/schema.org\",\"@graph\":[{\"@type\":\"Article\",\"@id\":\"https:\/\/vosgesinfo.fr\/epinalinfo\/2017\/03\/conseil-de-surveillance-hopitaux-depinal-de-remiremont-reporte\/#article\",\"isPartOf\":{\"@id\":\"https:\/\/vosgesinfo.fr\/epinalinfo\/2017\/03\/conseil-de-surveillance-hopitaux-depinal-de-remiremont-reporte\/\"},\"author\":{\"name\":\"C.K.\",\"@id\":\"https:\/\/vosgesinfo.fr\/epinalinfo\/#\/schema\/person\/6f9a650eeea99d969b6c4ab78fccbe81\"},\"headline\":\"Le conseil de surveillance des h\u00f4pitaux d\u2019Epinal et de Remiremont report\u00e9\",\"datePublished\":\"2017-03-09T11:43:25+00:00\",\"dateModified\":\"2017-03-09T11:43:25+00:00\",\"mainEntityOfPage\":{\"@id\":\"https:\/\/vosgesinfo.fr\/epinalinfo\/2017\/03\/conseil-de-surveillance-hopitaux-depinal-de-remiremont-reporte\/\"},\"wordCount\":298,\"commentCount\":0,\"publisher\":{\"@id\":\"https:\/\/vosgesinfo.fr\/epinalinfo\/#organization\"},\"image\":{\"@id\":\"https:\/\/vosgesinfo.fr\/epinalinfo\/2017\/03\/conseil-de-surveillance-hopitaux-depinal-de-remiremont-reporte\/#primaryimage\"},\"thumbnailUrl\":\"https:\/\/vosgesinfo.fr\/app\/uploads\/sites\/3\/2024\/08\/201607urgences-hopital-epinal-1.jpg\",\"keywords\":[\"conseil de surveillance des h\u00f4pitaux d\u2019Epinal et de Remiremont\",\"Michel Heinrich\",\"Pr\u00e9sident du Conseil de Surveillance\",\"report\u00e9\"],\"articleSection\":[\"A la Une\",\"Epinal\",\"Sant\u00e9\"],\"inLanguage\":\"fr-FR\",\"potentialAction\":[{\"@type\":\"CommentAction\",\"name\":\"Comment\",\"target\":[\"https:\/\/vosgesinfo.fr\/epinalinfo\/2017\/03\/conseil-de-surveillance-hopitaux-depinal-de-remiremont-reporte\/#respond\"]}]},{\"@type\":\"WebPage\",\"@id\":\"https:\/\/vosgesinfo.fr\/epinalinfo\/2017\/03\/conseil-de-surveillance-hopitaux-depinal-de-remiremont-reporte\/\",\"url\":\"https:\/\/vosgesinfo.fr\/epinalinfo\/2017\/03\/conseil-de-surveillance-hopitaux-depinal-de-remiremont-reporte\/\",\"name\":\"Le conseil de surveillance des h\u00f4pitaux d\u2019Epinal et de Remiremont report\u00e9 - Epinal Info\",\"isPartOf\":{\"@id\":\"https:\/\/vosgesinfo.fr\/epinalinfo\/#website\"},\"primaryImageOfPage\":{\"@id\":\"https:\/\/vosgesinfo.fr\/epinalinfo\/2017\/03\/conseil-de-surveillance-hopitaux-depinal-de-remiremont-reporte\/#primaryimage\"},\"image\":{\"@id\":\"https:\/\/vosgesinfo.fr\/epinalinfo\/2017\/03\/conseil-de-surveillance-hopitaux-depinal-de-remiremont-reporte\/#primaryimage\"},\"thumbnailUrl\":\"https:\/\/vosgesinfo.fr\/app\/uploads\/sites\/3\/2024\/08\/201607urgences-hopital-epinal-1.jpg\",\"datePublished\":\"2017-03-09T11:43:25+00:00\",\"dateModified\":\"2017-03-09T11:43:25+00:00\",\"breadcrumb\":{\"@id\":\"https:\/\/vosgesinfo.fr\/epinalinfo\/2017\/03\/conseil-de-surveillance-hopitaux-depinal-de-remiremont-reporte\/#breadcrumb\"},\"inLanguage\":\"fr-FR\",\"potentialAction\":[{\"@type\":\"ReadAction\",\"target\":[\"https:\/\/vosgesinfo.fr\/epinalinfo\/2017\/03\/conseil-de-surveillance-hopitaux-depinal-de-remiremont-reporte\/\"]}]},{\"@type\":\"ImageObject\",\"inLanguage\":\"fr-FR\",\"@id\":\"https:\/\/vosgesinfo.fr\/epinalinfo\/2017\/03\/conseil-de-surveillance-hopitaux-depinal-de-remiremont-reporte\/#primaryimage\",\"url\":\"https:\/\/vosgesinfo.fr\/app\/uploads\/sites\/3\/2024\/08\/201607urgences-hopital-epinal-1.jpg\",\"contentUrl\":\"https:\/\/vosgesinfo.fr\/app\/uploads\/sites\/3\/2024\/08\/201607urgences-hopital-epinal-1.jpg\",\"width\":800,\"height\":370},{\"@type\":\"BreadcrumbList\",\"@id\":\"https:\/\/vosgesinfo.fr\/epinalinfo\/2017\/03\/conseil-de-surveillance-hopitaux-depinal-de-remiremont-reporte\/#breadcrumb\",\"itemListElement\":[{\"@type\":\"ListItem\",\"position\":1,\"name\":\"Home\",\"item\":\"https:\/\/vosgesinfo.fr\/epinalinfo\/\"},{\"@type\":\"ListItem\",\"position\":2,\"name\":\"Le conseil de surveillance des h\u00f4pitaux d\u2019Epinal et de Remiremont report\u00e9\"}]},{\"@type\":\"WebSite\",\"@id\":\"https:\/\/vosgesinfo.fr\/epinalinfo\/#website\",\"url\":\"https:\/\/vosgesinfo.fr\/epinalinfo\/\",\"name\":\"Epinal Info\",\"description\":\"Toute l&#039;actualit\u00e9 d&#039;\u00c9pinal\",\"publisher\":{\"@id\":\"https:\/\/vosgesinfo.fr\/epinalinfo\/#organization\"},\"alternateName\":\"Toute l'actualit\u00e9 d'\u00c9pinal\",\"potentialAction\":[{\"@type\":\"SearchAction\",\"target\":{\"@type\":\"EntryPoint\",\"urlTemplate\":\"https:\/\/vosgesinfo.fr\/epinalinfo\/?s={search_term_string}\"},\"query-input\":\"required name=search_term_string\"}],\"inLanguage\":\"fr-FR\"},{\"@type\":\"Organization\",\"@id\":\"https:\/\/vosgesinfo.fr\/epinalinfo\/#organization\",\"name\":\"Epinal Info\",\"url\":\"https:\/\/vosgesinfo.fr\/epinalinfo\/\",\"logo\":{\"@type\":\"ImageObject\",\"inLanguage\":\"fr-FR\",\"@id\":\"https:\/\/vosgesinfo.fr\/epinalinfo\/#\/schema\/logo\/image\/\",\"url\":\"https:\/\/vosgesinfo.fr\/app\/uploads\/sites\/3\/2023\/08\/logo-epinalinfos.svg\",\"contentUrl\":\"https:\/\/vosgesinfo.fr\/app\/uploads\/sites\/3\/2023\/08\/logo-epinalinfos.svg\",\"width\":1,\"height\":1,\"caption\":\"Epinal Info\"},\"image\":{\"@id\":\"https:\/\/vosgesinfo.fr\/epinalinfo\/#\/schema\/logo\/image\/\"},\"sameAs\":[\"https:\/\/www.facebook.com\/Epinalinfos\",\"https:\/\/x.com\/VosgesInfo88\",\"https:\/\/www.youtube.com\/@vosgesinfo\"]},{\"@type\":\"Person\",\"@id\":\"https:\/\/vosgesinfo.fr\/epinalinfo\/#\/schema\/person\/6f9a650eeea99d969b6c4ab78fccbe81\",\"name\":\"C.K.\",\"image\":{\"@type\":\"ImageObject\",\"inLanguage\":\"fr-FR\",\"@id\":\"https:\/\/vosgesinfo.fr\/epinalinfo\/#\/schema\/person\/image\/\",\"url\":\"https:\/\/secure.gravatar.com\/avatar\/48e3fc7f8421ba8942be6b74a2b7f014ca39bc00dece156b7a8e098ae7dc87bf?s=96&d=mm&r=g\",\"contentUrl\":\"https:\/\/secure.gravatar.com\/avatar\/48e3fc7f8421ba8942be6b74a2b7f014ca39bc00dece156b7a8e098ae7dc87bf?s=96&d=mm&r=g\",\"caption\":\"C.K.\"},\"url\":\"https:\/\/vosgesinfo.fr\/epinalinfo\/author\/celia-k-n\/\"}]}<\/script>\n<!-- \/ Yoast SEO plugin. -->","yoast_head_json":{"title":"Le conseil de surveillance des h\u00f4pitaux d\u2019Epinal et de Remiremont report\u00e9 - Epinal Info","robots":{"index":"index","follow":"follow","max-snippet":"max-snippet:-1","max-image-preview":"max-image-preview:large","max-video-preview":"max-video-preview:-1"},"canonical":"https:\/\/vosgesinfo.fr\/epinalinfo\/2017\/03\/conseil-de-surveillance-hopitaux-depinal-de-remiremont-reporte\/","twitter_card":"summary_large_image","twitter_title":"Le conseil de surveillance des h\u00f4pitaux d\u2019Epinal et de Remiremont report\u00e9 - Epinal Info","twitter_description":"Dans un communiqu\u00e9 de presse diffus\u00e9 ce jeudi 9 mars 2017, Michel Heinrich, pr\u00e9sident du conseil de surveillance du centre [&hellip;]","twitter_image":"https:\/\/vosgesinfo.fr\/app\/uploads\/sites\/3\/2024\/08\/201607urgences-hopital-epinal-1.jpg","twitter_creator":"@VosgesInfo88","twitter_site":"@VosgesInfo88","twitter_misc":{"\u00c9crit par":"C.K.","Dur\u00e9e de lecture estim\u00e9e":"1 minute"},"schema":{"@context":"https:\/\/schema.org","@graph":[{"@type":"Article","@id":"https:\/\/vosgesinfo.fr\/epinalinfo\/2017\/03\/conseil-de-surveillance-hopitaux-depinal-de-remiremont-reporte\/#article","isPartOf":{"@id":"https:\/\/vosgesinfo.fr\/epinalinfo\/2017\/03\/conseil-de-surveillance-hopitaux-depinal-de-remiremont-reporte\/"},"author":{"name":"C.K.","@id":"https:\/\/vosgesinfo.fr\/epinalinfo\/#\/schema\/person\/6f9a650eeea99d969b6c4ab78fccbe81"},"headline":"Le conseil de surveillance des h\u00f4pitaux d\u2019Epinal et de Remiremont report\u00e9","datePublished":"2017-03-09T11:43:25+00:00","dateModified":"2017-03-09T11:43:25+00:00","mainEntityOfPage":{"@id":"https:\/\/vosgesinfo.fr\/epinalinfo\/2017\/03\/conseil-de-surveillance-hopitaux-depinal-de-remiremont-reporte\/"},"wordCount":298,"commentCount":0,"publisher":{"@id":"https:\/\/vosgesinfo.fr\/epinalinfo\/#organization"},"image":{"@id":"https:\/\/vosgesinfo.fr\/epinalinfo\/2017\/03\/conseil-de-surveillance-hopitaux-depinal-de-remiremont-reporte\/#primaryimage"},"thumbnailUrl":"https:\/\/vosgesinfo.fr\/app\/uploads\/sites\/3\/2024\/08\/201607urgences-hopital-epinal-1.jpg","keywords":["conseil de surveillance des h\u00f4pitaux d\u2019Epinal et de Remiremont","Michel Heinrich","Pr\u00e9sident du Conseil de Surveillance","report\u00e9"],"articleSection":["A la Une","Epinal","Sant\u00e9"],"inLanguage":"fr-FR","potentialAction":[{"@type":"CommentAction","name":"Comment","target":["https:\/\/vosgesinfo.fr\/epinalinfo\/2017\/03\/conseil-de-surveillance-hopitaux-depinal-de-remiremont-reporte\/#respond"]}]},{"@type":"WebPage","@id":"https:\/\/vosgesinfo.fr\/epinalinfo\/2017\/03\/conseil-de-surveillance-hopitaux-depinal-de-remiremont-reporte\/","url":"https:\/\/vosgesinfo.fr\/epinalinfo\/2017\/03\/conseil-de-surveillance-hopitaux-depinal-de-remiremont-reporte\/","name":"Le conseil de surveillance des h\u00f4pitaux d\u2019Epinal et de Remiremont report\u00e9 - Epinal Info","isPartOf":{"@id":"https:\/\/vosgesinfo.fr\/epinalinfo\/#website"},"primaryImageOfPage":{"@id":"https:\/\/vosgesinfo.fr\/epinalinfo\/2017\/03\/conseil-de-surveillance-hopitaux-depinal-de-remiremont-reporte\/#primaryimage"},"image":{"@id":"https:\/\/vosgesinfo.fr\/epinalinfo\/2017\/03\/conseil-de-surveillance-hopitaux-depinal-de-remiremont-reporte\/#primaryimage"},"thumbnailUrl":"https:\/\/vosgesinfo.fr\/app\/uploads\/sites\/3\/2024\/08\/201607urgences-hopital-epinal-1.jpg","datePublished":"2017-03-09T11:43:25+00:00","dateModified":"2017-03-09T11:43:25+00:00","breadcrumb":{"@id":"https:\/\/vosgesinfo.fr\/epinalinfo\/2017\/03\/conseil-de-surveillance-hopitaux-depinal-de-remiremont-reporte\/#breadcrumb"},"inLanguage":"fr-FR","potentialAction":[{"@type":"ReadAction","target":["https:\/\/vosgesinfo.fr\/epinalinfo\/2017\/03\/conseil-de-surveillance-hopitaux-depinal-de-remiremont-reporte\/"]}]},{"@type":"ImageObject","inLanguage":"fr-FR","@id":"https:\/\/vosgesinfo.fr\/epinalinfo\/2017\/03\/conseil-de-surveillance-hopitaux-depinal-de-remiremont-reporte\/#primaryimage","url":"https:\/\/vosgesinfo.fr\/app\/uploads\/sites\/3\/2024\/08\/201607urgences-hopital-epinal-1.jpg","contentUrl":"https:\/\/vosgesinfo.fr\/app\/uploads\/sites\/3\/2024\/08\/201607urgences-hopital-epinal-1.jpg","width":800,"height":370},{"@type":"BreadcrumbList","@id":"https:\/\/vosgesinfo.fr\/epinalinfo\/2017\/03\/conseil-de-surveillance-hopitaux-depinal-de-remiremont-reporte\/#breadcrumb","itemListElement":[{"@type":"ListItem","position":1,"name":"Home","item":"https:\/\/vosgesinfo.fr\/epinalinfo\/"},{"@type":"ListItem","position":2,"name":"Le conseil de surveillance des h\u00f4pitaux d\u2019Epinal et de Remiremont report\u00e9"}]},{"@type":"WebSite","@id":"https:\/\/vosgesinfo.fr\/epinalinfo\/#website","url":"https:\/\/vosgesinfo.fr\/epinalinfo\/","name":"Epinal Info","description":"Toute l&#039;actualit\u00e9 d&#039;\u00c9pinal","publisher":{"@id":"https:\/\/vosgesinfo.fr\/epinalinfo\/#organization"},"alternateName":"Toute l'actualit\u00e9 d'\u00c9pinal","potentialAction":[{"@type":"SearchAction","target":{"@type":"EntryPoint","urlTemplate":"https:\/\/vosgesinfo.fr\/epinalinfo\/?s={search_term_string}"},"query-input":"required name=search_term_string"}],"inLanguage":"fr-FR"},{"@type":"Organization","@id":"https:\/\/vosgesinfo.fr\/epinalinfo\/#organization","name":"Epinal Info","url":"https:\/\/vosgesinfo.fr\/epinalinfo\/","logo":{"@type":"ImageObject","inLanguage":"fr-FR","@id":"https:\/\/vosgesinfo.fr\/epinalinfo\/#\/schema\/logo\/image\/","url":"https:\/\/vosgesinfo.fr\/app\/uploads\/sites\/3\/2023\/08\/logo-epinalinfos.svg","contentUrl":"https:\/\/vosgesinfo.fr\/app\/uploads\/sites\/3\/2023\/08\/logo-epinalinfos.svg","width":1,"height":1,"caption":"Epinal Info"},"image":{"@id":"https:\/\/vosgesinfo.fr\/epinalinfo\/#\/schema\/logo\/image\/"},"sameAs":["https:\/\/www.facebook.com\/Epinalinfos","https:\/\/x.com\/VosgesInfo88","https:\/\/www.youtube.com\/@vosgesinfo"]},{"@type":"Person","@id":"https:\/\/vosgesinfo.fr\/epinalinfo\/#\/schema\/person\/6f9a650eeea99d969b6c4ab78fccbe81","name":"C.K.","image":{"@type":"ImageObject","inLanguage":"fr-FR","@id":"https:\/\/vosgesinfo.fr\/epinalinfo\/#\/schema\/person\/image\/","url":"https:\/\/secure.gravatar.com\/avatar\/48e3fc7f8421ba8942be6b74a2b7f014ca39bc00dece156b7a8e098ae7dc87bf?s=96&d=mm&r=g","contentUrl":"https:\/\/secure.gravatar.com\/avatar\/48e3fc7f8421ba8942be6b74a2b7f014ca39bc00dece156b7a8e098ae7dc87bf?s=96&d=mm&r=g","caption":"C.K."},"url":"https:\/\/vosgesinfo.fr\/epinalinfo\/author\/celia-k-n\/"}]}},"_links":{"self":[{"href":"https:\/\/vosgesinfo.fr\/epinalinfo\/wp-json\/wp\/v2\/posts\/70468","targetHints":{"allow":["GET"]}}],"collection":[{"href":"https:\/\/vosgesinfo.fr\/epinalinfo\/wp-json\/wp\/v2\/posts"}],"about":[{"href":"https:\/\/vosgesinfo.fr\/epinalinfo\/wp-json\/wp\/v2\/types\/post"}],"author":[{"embeddable":true,"href":"https:\/\/vosgesinfo.fr\/epinalinfo\/wp-json\/wp\/v2\/users\/52"}],"replies":[{"embeddable":true,"href":"https:\/\/vosgesinfo.fr\/epinalinfo\/wp-json\/wp\/v2\/comments?post=70468"}],"version-history":[{"count":0,"href":"https:\/\/vosgesinfo.fr\/epinalinfo\/wp-json\/wp\/v2\/posts\/70468\/revisions"}],"wp:featuredmedia":[{"embeddable":true,"href":"https:\/\/vosgesinfo.fr\/epinalinfo\/wp-json\/wp\/v2\/media\/70469"}],"wp:attachment":[{"href":"https:\/\/vosgesinfo.fr\/epinalinfo\/wp-json\/wp\/v2\/media?parent=70468"}],"wp:term":[{"taxonomy":"category","embeddable":true,"href":"https:\/\/vosgesinfo.fr\/epinalinfo\/wp-json\/wp\/v2\/categories?post=70468"},{"taxonomy":"post_tag","embeddable":true,"href":"https:\/\/vosgesinfo.fr\/epinalinfo\/wp-json\/wp\/v2\/tags?post=70468"}],"curies":[{"name":"wp","href":"https:\/\/api.w.org\/{rel}","templated":true}]}}