{"id":70470,"date":"2017-03-09T06:34:43","date_gmt":"2017-03-09T05:34:43","guid":{"rendered":"https:\/\/vosgesinfo.fr\/epinalinfo\/2017\/03\/projection-film-centre-leo-lagrange\/"},"modified":"2017-03-09T06:34:43","modified_gmt":"2017-03-09T05:34:43","slug":"projection-film-centre-leo-lagrange","status":"publish","type":"post","link":"https:\/\/vosgesinfo.fr\/epinalinfo\/2017\/03\/projection-film-centre-leo-lagrange\/","title":{"rendered":"Projection du film \u00ab\u00a0Maintenant\u00a0\u00bb au centre L\u00e9o Lagrange"},"content":{"rendered":"<p><a href=\"http:\/\/epinalinfos.fr\/2017\/03\/projection-film-centre-leo-lagrange\/sans-titre-359\/\" rel=\"attachment wp-att-110039\"><img decoding=\"async\" class=\"aligncenter size-full wp-image-110039\" src=\"\/2017\/03\/Sans-titre3.jpg\" alt=\"Sans titre\" width=\"593\" height=\"737\" \/><\/a>C\u2019est une premi\u00e8re en France et \u00e7a se passe au centre L\u00e9o Lagrange, c\u2019est<strong>\u00a0\u00ab\u00a0Maintenant\u00a0\u00bb, <em>le samedi 18 Mars \u00e0 18h\u00a0 !<\/em>\u00a0<\/strong><\/p>\n<p>En effet, pour la premi\u00e8re fois dans l\u2019histoire du cin\u00e9ma fran\u00e7ais, un film a \u00e9t\u00e9 tourn\u00e9 en une seule cam\u00e9ra, une seule prise sans montage ni coupure ! Cette prouesse technique et artistique a \u00e9t\u00e9 l\u2019oeuvre de Michael Castellanet, r\u00e9alisateur et acteur du film !<\/p>\n<p>Petit budget autofinanc\u00e9 par l\u2019\u00e9quipe et du crowdfunding, le film a \u00e9t\u00e9 r\u00e9alis\u00e9 dans les Vosges et raconte une histoire d\u2019amour remplis de suspens, trahison et rebondissement !<\/p>\n<p>Synospsis : J\u00e9r\u00e9my et Lucie se sont aim\u00e9s, s\u00e9par\u00e9s, puis aim\u00e9s de nouveau avant de se perdre de vue pendant douze ans. Elle est devenue une ambitieuse avocate d&rsquo;affaires parisienne, lui n&rsquo;a jamais voulu quitter le cadre rassurant de la campagne de son enfance. Quand ils se retrouvent, leur histoire inachev\u00e9e refait surface. Mais les ali\u00e9nations, les mensonges et un lourd secret de famille se mettent en travers de leur chemin. Parviendront-ils \u00e0 s&rsquo;aimer ou \u00e0 faire le deuil de leur relation ? Et tous ces amis qui pr\u00e9tendent les soutenir en sont-ils vraiment ? Tous deux affirment faire leurs propres choix. Mais, dans le mouvement de la vie, quels choix avons-nous quand nos peurs nous figent ?<\/p>\n<p>Cin\u00e9phile, curieux, ou adeptes des projets fous, venez assister \u00e0 cette projection originale qui risque de marquer les esprits !<br \/>\n<em>La s\u00e9ance sera suivie d\u2019un \u00e9change avec le r\u00e9alisateur Michael Castellanet, et l\u2019actrice principale Isabelle Bauthian.<\/em><\/p>\n<p>&nbsp;<\/p>\n","protected":false},"excerpt":{"rendered":"<p>C\u2019est une premi\u00e8re en France et \u00e7a se passe au centre L\u00e9o Lagrange, c\u2019est\u00a0\u00ab\u00a0Maintenant\u00a0\u00bb, le samedi 18 Mars \u00e0 18h\u00a0 [&hellip;]<\/p>\n","protected":false},"author":52,"featured_media":268,"comment_status":"open","ping_status":"open","sticky":false,"template":"","format":"standard","meta":{"footnotes":""},"categories":[2,24],"tags":[2461,10038],"class_list":["post-70470","post","type-post","status-publish","format-standard","has-post-thumbnail","hentry","category-breves","category-epinal","tag-centre-leo-lagrange","tag-maintenant"],"acf":[],"yoast_head":"<!-- This site is optimized with the Yoast SEO plugin v22.5 - https:\/\/yoast.com\/wordpress\/plugins\/seo\/ -->\n<title>Projection du film &quot;Maintenant&quot; au centre L\u00e9o Lagrange - Epinal Info<\/title>\n<meta name=\"robots\" content=\"index, follow, max-snippet:-1, max-image-preview:large, max-video-preview:-1\" \/>\n<link rel=\"canonical\" href=\"https:\/\/vosgesinfo.fr\/epinalinfo\/2017\/03\/projection-film-centre-leo-lagrange\/\" \/>\n<meta name=\"twitter:card\" content=\"summary_large_image\" \/>\n<meta name=\"twitter:title\" content=\"Projection du film &quot;Maintenant&quot; au centre L\u00e9o Lagrange - Epinal Info\" \/>\n<meta name=\"twitter:description\" content=\"C\u2019est une premi\u00e8re en France et \u00e7a se passe au centre L\u00e9o Lagrange, c\u2019est\u00a0\u00ab\u00a0Maintenant\u00a0\u00bb, le samedi 18 Mars \u00e0 18h\u00a0 [&hellip;]\" \/>\n<meta name=\"twitter:image\" content=\"https:\/\/vosgesinfo.fr\/app\/uploads\/sites\/3\/2023\/08\/sans-titre3.png\" \/>\n<meta name=\"twitter:creator\" content=\"@VosgesInfo88\" \/>\n<meta name=\"twitter:site\" content=\"@VosgesInfo88\" \/>\n<meta name=\"twitter:label1\" content=\"\u00c9crit par\" \/>\n\t<meta name=\"twitter:data1\" content=\"C.K.\" \/>\n\t<meta name=\"twitter:label2\" content=\"Dur\u00e9e de lecture estim\u00e9e\" \/>\n\t<meta name=\"twitter:data2\" content=\"1 minute\" \/>\n<script type=\"application\/ld+json\" class=\"yoast-schema-graph\">{\"@context\":\"https:\/\/schema.org\",\"@graph\":[{\"@type\":\"Article\",\"@id\":\"https:\/\/vosgesinfo.fr\/epinalinfo\/2017\/03\/projection-film-centre-leo-lagrange\/#article\",\"isPartOf\":{\"@id\":\"https:\/\/vosgesinfo.fr\/epinalinfo\/2017\/03\/projection-film-centre-leo-lagrange\/\"},\"author\":{\"name\":\"C.K.\",\"@id\":\"https:\/\/vosgesinfo.fr\/epinalinfo\/#\/schema\/person\/6f9a650eeea99d969b6c4ab78fccbe81\"},\"headline\":\"Projection du film \u00ab\u00a0Maintenant\u00a0\u00bb au centre L\u00e9o Lagrange\",\"datePublished\":\"2017-03-09T05:34:43+00:00\",\"dateModified\":\"2017-03-09T05:34:43+00:00\",\"mainEntityOfPage\":{\"@id\":\"https:\/\/vosgesinfo.fr\/epinalinfo\/2017\/03\/projection-film-centre-leo-lagrange\/\"},\"wordCount\":276,\"commentCount\":0,\"publisher\":{\"@id\":\"https:\/\/vosgesinfo.fr\/epinalinfo\/#organization\"},\"image\":{\"@id\":\"https:\/\/vosgesinfo.fr\/epinalinfo\/2017\/03\/projection-film-centre-leo-lagrange\/#primaryimage\"},\"thumbnailUrl\":\"https:\/\/vosgesinfo.fr\/app\/uploads\/sites\/3\/2023\/08\/sans-titre3.png\",\"keywords\":[\"Centre l\u00e9o Lagrange\",\"Maintenant\"],\"articleSection\":[\"Br\u00e8ves\",\"Epinal\"],\"inLanguage\":\"fr-FR\",\"potentialAction\":[{\"@type\":\"CommentAction\",\"name\":\"Comment\",\"target\":[\"https:\/\/vosgesinfo.fr\/epinalinfo\/2017\/03\/projection-film-centre-leo-lagrange\/#respond\"]}]},{\"@type\":\"WebPage\",\"@id\":\"https:\/\/vosgesinfo.fr\/epinalinfo\/2017\/03\/projection-film-centre-leo-lagrange\/\",\"url\":\"https:\/\/vosgesinfo.fr\/epinalinfo\/2017\/03\/projection-film-centre-leo-lagrange\/\",\"name\":\"Projection du film \\\"Maintenant\\\" au centre L\u00e9o Lagrange - Epinal Info\",\"isPartOf\":{\"@id\":\"https:\/\/vosgesinfo.fr\/epinalinfo\/#website\"},\"primaryImageOfPage\":{\"@id\":\"https:\/\/vosgesinfo.fr\/epinalinfo\/2017\/03\/projection-film-centre-leo-lagrange\/#primaryimage\"},\"image\":{\"@id\":\"https:\/\/vosgesinfo.fr\/epinalinfo\/2017\/03\/projection-film-centre-leo-lagrange\/#primaryimage\"},\"thumbnailUrl\":\"https:\/\/vosgesinfo.fr\/app\/uploads\/sites\/3\/2023\/08\/sans-titre3.png\",\"datePublished\":\"2017-03-09T05:34:43+00:00\",\"dateModified\":\"2017-03-09T05:34:43+00:00\",\"breadcrumb\":{\"@id\":\"https:\/\/vosgesinfo.fr\/epinalinfo\/2017\/03\/projection-film-centre-leo-lagrange\/#breadcrumb\"},\"inLanguage\":\"fr-FR\",\"potentialAction\":[{\"@type\":\"ReadAction\",\"target\":[\"https:\/\/vosgesinfo.fr\/epinalinfo\/2017\/03\/projection-film-centre-leo-lagrange\/\"]}]},{\"@type\":\"ImageObject\",\"inLanguage\":\"fr-FR\",\"@id\":\"https:\/\/vosgesinfo.fr\/epinalinfo\/2017\/03\/projection-film-centre-leo-lagrange\/#primaryimage\",\"url\":\"https:\/\/vosgesinfo.fr\/app\/uploads\/sites\/3\/2023\/08\/sans-titre3.png\",\"contentUrl\":\"https:\/\/vosgesinfo.fr\/app\/uploads\/sites\/3\/2023\/08\/sans-titre3.png\",\"width\":481,\"height\":640},{\"@type\":\"BreadcrumbList\",\"@id\":\"https:\/\/vosgesinfo.fr\/epinalinfo\/2017\/03\/projection-film-centre-leo-lagrange\/#breadcrumb\",\"itemListElement\":[{\"@type\":\"ListItem\",\"position\":1,\"name\":\"Home\",\"item\":\"https:\/\/vosgesinfo.fr\/epinalinfo\/\"},{\"@type\":\"ListItem\",\"position\":2,\"name\":\"Projection du film \u00ab\u00a0Maintenant\u00a0\u00bb au centre L\u00e9o Lagrange\"}]},{\"@type\":\"WebSite\",\"@id\":\"https:\/\/vosgesinfo.fr\/epinalinfo\/#website\",\"url\":\"https:\/\/vosgesinfo.fr\/epinalinfo\/\",\"name\":\"Epinal Info\",\"description\":\"Toute l&#039;actualit\u00e9 d&#039;\u00c9pinal\",\"publisher\":{\"@id\":\"https:\/\/vosgesinfo.fr\/epinalinfo\/#organization\"},\"alternateName\":\"Toute l'actualit\u00e9 d'\u00c9pinal\",\"potentialAction\":[{\"@type\":\"SearchAction\",\"target\":{\"@type\":\"EntryPoint\",\"urlTemplate\":\"https:\/\/vosgesinfo.fr\/epinalinfo\/?s={search_term_string}\"},\"query-input\":\"required name=search_term_string\"}],\"inLanguage\":\"fr-FR\"},{\"@type\":\"Organization\",\"@id\":\"https:\/\/vosgesinfo.fr\/epinalinfo\/#organization\",\"name\":\"Epinal Info\",\"url\":\"https:\/\/vosgesinfo.fr\/epinalinfo\/\",\"logo\":{\"@type\":\"ImageObject\",\"inLanguage\":\"fr-FR\",\"@id\":\"https:\/\/vosgesinfo.fr\/epinalinfo\/#\/schema\/logo\/image\/\",\"url\":\"https:\/\/vosgesinfo.fr\/app\/uploads\/sites\/3\/2023\/08\/logo-epinalinfos.svg\",\"contentUrl\":\"https:\/\/vosgesinfo.fr\/app\/uploads\/sites\/3\/2023\/08\/logo-epinalinfos.svg\",\"width\":1,\"height\":1,\"caption\":\"Epinal Info\"},\"image\":{\"@id\":\"https:\/\/vosgesinfo.fr\/epinalinfo\/#\/schema\/logo\/image\/\"},\"sameAs\":[\"https:\/\/www.facebook.com\/Epinalinfos\",\"https:\/\/x.com\/VosgesInfo88\",\"https:\/\/www.youtube.com\/@vosgesinfo\"]},{\"@type\":\"Person\",\"@id\":\"https:\/\/vosgesinfo.fr\/epinalinfo\/#\/schema\/person\/6f9a650eeea99d969b6c4ab78fccbe81\",\"name\":\"C.K.\",\"image\":{\"@type\":\"ImageObject\",\"inLanguage\":\"fr-FR\",\"@id\":\"https:\/\/vosgesinfo.fr\/epinalinfo\/#\/schema\/person\/image\/\",\"url\":\"https:\/\/secure.gravatar.com\/avatar\/48e3fc7f8421ba8942be6b74a2b7f014ca39bc00dece156b7a8e098ae7dc87bf?s=96&d=mm&r=g\",\"contentUrl\":\"https:\/\/secure.gravatar.com\/avatar\/48e3fc7f8421ba8942be6b74a2b7f014ca39bc00dece156b7a8e098ae7dc87bf?s=96&d=mm&r=g\",\"caption\":\"C.K.\"},\"url\":\"https:\/\/vosgesinfo.fr\/epinalinfo\/author\/celia-k-n\/\"}]}<\/script>\n<!-- \/ Yoast SEO plugin. -->","yoast_head_json":{"title":"Projection du film \"Maintenant\" au centre L\u00e9o Lagrange - Epinal Info","robots":{"index":"index","follow":"follow","max-snippet":"max-snippet:-1","max-image-preview":"max-image-preview:large","max-video-preview":"max-video-preview:-1"},"canonical":"https:\/\/vosgesinfo.fr\/epinalinfo\/2017\/03\/projection-film-centre-leo-lagrange\/","twitter_card":"summary_large_image","twitter_title":"Projection du film \"Maintenant\" au centre L\u00e9o Lagrange - Epinal Info","twitter_description":"C\u2019est une premi\u00e8re en France et \u00e7a se passe au centre L\u00e9o Lagrange, c\u2019est\u00a0\u00ab\u00a0Maintenant\u00a0\u00bb, le samedi 18 Mars \u00e0 18h\u00a0 [&hellip;]","twitter_image":"https:\/\/vosgesinfo.fr\/app\/uploads\/sites\/3\/2023\/08\/sans-titre3.png","twitter_creator":"@VosgesInfo88","twitter_site":"@VosgesInfo88","twitter_misc":{"\u00c9crit par":"C.K.","Dur\u00e9e de lecture estim\u00e9e":"1 minute"},"schema":{"@context":"https:\/\/schema.org","@graph":[{"@type":"Article","@id":"https:\/\/vosgesinfo.fr\/epinalinfo\/2017\/03\/projection-film-centre-leo-lagrange\/#article","isPartOf":{"@id":"https:\/\/vosgesinfo.fr\/epinalinfo\/2017\/03\/projection-film-centre-leo-lagrange\/"},"author":{"name":"C.K.","@id":"https:\/\/vosgesinfo.fr\/epinalinfo\/#\/schema\/person\/6f9a650eeea99d969b6c4ab78fccbe81"},"headline":"Projection du film \u00ab\u00a0Maintenant\u00a0\u00bb au centre L\u00e9o Lagrange","datePublished":"2017-03-09T05:34:43+00:00","dateModified":"2017-03-09T05:34:43+00:00","mainEntityOfPage":{"@id":"https:\/\/vosgesinfo.fr\/epinalinfo\/2017\/03\/projection-film-centre-leo-lagrange\/"},"wordCount":276,"commentCount":0,"publisher":{"@id":"https:\/\/vosgesinfo.fr\/epinalinfo\/#organization"},"image":{"@id":"https:\/\/vosgesinfo.fr\/epinalinfo\/2017\/03\/projection-film-centre-leo-lagrange\/#primaryimage"},"thumbnailUrl":"https:\/\/vosgesinfo.fr\/app\/uploads\/sites\/3\/2023\/08\/sans-titre3.png","keywords":["Centre l\u00e9o Lagrange","Maintenant"],"articleSection":["Br\u00e8ves","Epinal"],"inLanguage":"fr-FR","potentialAction":[{"@type":"CommentAction","name":"Comment","target":["https:\/\/vosgesinfo.fr\/epinalinfo\/2017\/03\/projection-film-centre-leo-lagrange\/#respond"]}]},{"@type":"WebPage","@id":"https:\/\/vosgesinfo.fr\/epinalinfo\/2017\/03\/projection-film-centre-leo-lagrange\/","url":"https:\/\/vosgesinfo.fr\/epinalinfo\/2017\/03\/projection-film-centre-leo-lagrange\/","name":"Projection du film \"Maintenant\" au centre L\u00e9o Lagrange - Epinal Info","isPartOf":{"@id":"https:\/\/vosgesinfo.fr\/epinalinfo\/#website"},"primaryImageOfPage":{"@id":"https:\/\/vosgesinfo.fr\/epinalinfo\/2017\/03\/projection-film-centre-leo-lagrange\/#primaryimage"},"image":{"@id":"https:\/\/vosgesinfo.fr\/epinalinfo\/2017\/03\/projection-film-centre-leo-lagrange\/#primaryimage"},"thumbnailUrl":"https:\/\/vosgesinfo.fr\/app\/uploads\/sites\/3\/2023\/08\/sans-titre3.png","datePublished":"2017-03-09T05:34:43+00:00","dateModified":"2017-03-09T05:34:43+00:00","breadcrumb":{"@id":"https:\/\/vosgesinfo.fr\/epinalinfo\/2017\/03\/projection-film-centre-leo-lagrange\/#breadcrumb"},"inLanguage":"fr-FR","potentialAction":[{"@type":"ReadAction","target":["https:\/\/vosgesinfo.fr\/epinalinfo\/2017\/03\/projection-film-centre-leo-lagrange\/"]}]},{"@type":"ImageObject","inLanguage":"fr-FR","@id":"https:\/\/vosgesinfo.fr\/epinalinfo\/2017\/03\/projection-film-centre-leo-lagrange\/#primaryimage","url":"https:\/\/vosgesinfo.fr\/app\/uploads\/sites\/3\/2023\/08\/sans-titre3.png","contentUrl":"https:\/\/vosgesinfo.fr\/app\/uploads\/sites\/3\/2023\/08\/sans-titre3.png","width":481,"height":640},{"@type":"BreadcrumbList","@id":"https:\/\/vosgesinfo.fr\/epinalinfo\/2017\/03\/projection-film-centre-leo-lagrange\/#breadcrumb","itemListElement":[{"@type":"ListItem","position":1,"name":"Home","item":"https:\/\/vosgesinfo.fr\/epinalinfo\/"},{"@type":"ListItem","position":2,"name":"Projection du film \u00ab\u00a0Maintenant\u00a0\u00bb au centre L\u00e9o Lagrange"}]},{"@type":"WebSite","@id":"https:\/\/vosgesinfo.fr\/epinalinfo\/#website","url":"https:\/\/vosgesinfo.fr\/epinalinfo\/","name":"Epinal Info","description":"Toute l&#039;actualit\u00e9 d&#039;\u00c9pinal","publisher":{"@id":"https:\/\/vosgesinfo.fr\/epinalinfo\/#organization"},"alternateName":"Toute l'actualit\u00e9 d'\u00c9pinal","potentialAction":[{"@type":"SearchAction","target":{"@type":"EntryPoint","urlTemplate":"https:\/\/vosgesinfo.fr\/epinalinfo\/?s={search_term_string}"},"query-input":"required name=search_term_string"}],"inLanguage":"fr-FR"},{"@type":"Organization","@id":"https:\/\/vosgesinfo.fr\/epinalinfo\/#organization","name":"Epinal Info","url":"https:\/\/vosgesinfo.fr\/epinalinfo\/","logo":{"@type":"ImageObject","inLanguage":"fr-FR","@id":"https:\/\/vosgesinfo.fr\/epinalinfo\/#\/schema\/logo\/image\/","url":"https:\/\/vosgesinfo.fr\/app\/uploads\/sites\/3\/2023\/08\/logo-epinalinfos.svg","contentUrl":"https:\/\/vosgesinfo.fr\/app\/uploads\/sites\/3\/2023\/08\/logo-epinalinfos.svg","width":1,"height":1,"caption":"Epinal Info"},"image":{"@id":"https:\/\/vosgesinfo.fr\/epinalinfo\/#\/schema\/logo\/image\/"},"sameAs":["https:\/\/www.facebook.com\/Epinalinfos","https:\/\/x.com\/VosgesInfo88","https:\/\/www.youtube.com\/@vosgesinfo"]},{"@type":"Person","@id":"https:\/\/vosgesinfo.fr\/epinalinfo\/#\/schema\/person\/6f9a650eeea99d969b6c4ab78fccbe81","name":"C.K.","image":{"@type":"ImageObject","inLanguage":"fr-FR","@id":"https:\/\/vosgesinfo.fr\/epinalinfo\/#\/schema\/person\/image\/","url":"https:\/\/secure.gravatar.com\/avatar\/48e3fc7f8421ba8942be6b74a2b7f014ca39bc00dece156b7a8e098ae7dc87bf?s=96&d=mm&r=g","contentUrl":"https:\/\/secure.gravatar.com\/avatar\/48e3fc7f8421ba8942be6b74a2b7f014ca39bc00dece156b7a8e098ae7dc87bf?s=96&d=mm&r=g","caption":"C.K."},"url":"https:\/\/vosgesinfo.fr\/epinalinfo\/author\/celia-k-n\/"}]}},"_links":{"self":[{"href":"https:\/\/vosgesinfo.fr\/epinalinfo\/wp-json\/wp\/v2\/posts\/70470","targetHints":{"allow":["GET"]}}],"collection":[{"href":"https:\/\/vosgesinfo.fr\/epinalinfo\/wp-json\/wp\/v2\/posts"}],"about":[{"href":"https:\/\/vosgesinfo.fr\/epinalinfo\/wp-json\/wp\/v2\/types\/post"}],"author":[{"embeddable":true,"href":"https:\/\/vosgesinfo.fr\/epinalinfo\/wp-json\/wp\/v2\/users\/52"}],"replies":[{"embeddable":true,"href":"https:\/\/vosgesinfo.fr\/epinalinfo\/wp-json\/wp\/v2\/comments?post=70470"}],"version-history":[{"count":0,"href":"https:\/\/vosgesinfo.fr\/epinalinfo\/wp-json\/wp\/v2\/posts\/70470\/revisions"}],"wp:featuredmedia":[{"embeddable":true,"href":"https:\/\/vosgesinfo.fr\/epinalinfo\/wp-json\/wp\/v2\/media\/268"}],"wp:attachment":[{"href":"https:\/\/vosgesinfo.fr\/epinalinfo\/wp-json\/wp\/v2\/media?parent=70470"}],"wp:term":[{"taxonomy":"category","embeddable":true,"href":"https:\/\/vosgesinfo.fr\/epinalinfo\/wp-json\/wp\/v2\/categories?post=70470"},{"taxonomy":"post_tag","embeddable":true,"href":"https:\/\/vosgesinfo.fr\/epinalinfo\/wp-json\/wp\/v2\/tags?post=70470"}],"curies":[{"name":"wp","href":"https:\/\/api.w.org\/{rel}","templated":true}]}}