{"id":70471,"date":"2017-03-09T12:59:33","date_gmt":"2017-03-09T11:59:33","guid":{"rendered":"https:\/\/vosgesinfo.fr\/epinalinfo\/2017\/03\/bientot-5-nouveaux-logements-individuels-a-dinoze\/"},"modified":"2017-03-09T12:59:33","modified_gmt":"2017-03-09T11:59:33","slug":"bientot-5-nouveaux-logements-individuels-a-dinoze","status":"publish","type":"post","link":"https:\/\/vosgesinfo.fr\/epinalinfo\/2017\/03\/bientot-5-nouveaux-logements-individuels-a-dinoze\/","title":{"rendered":"Bient\u00f4t 5 nouveaux logements individuels \u00e0 Dinoz\u00e9"},"content":{"rendered":"<div id=\"attachment_110044\" style=\"width: 810px\" class=\"wp-caption aligncenter\"><a href=\"http:\/\/epinalinfos.fr\/2017\/03\/bientot-5-nouveaux-logements-individuels-a-dinoze\/logements-dinoze-11\/\" rel=\"attachment wp-att-110044\"><img decoding=\"async\" aria-describedby=\"caption-attachment-110044\" class=\"wp-image-110044 size-full\" src=\"\/2017\/03\/logements-dinoze-11.jpg\" alt=\"logements-dinoze (11)\" width=\"800\" height=\"533\" \/><\/a><p id=\"caption-attachment-110044\" class=\"wp-caption-text\">(photographies Michel Conraud)<\/p><\/div>\n<h4>Ce jeudi Vincent Henneron, Directeur g\u00e9n\u00e9ral de Vosgelis, et Fran\u00e7ois Picoche, Maire de Dinoz\u00e9 ont pos\u00e9 la premi\u00e8re pierre d\u2019un programme de 5 pavillons individuels de type 3 \u00e0 Dinoz\u00e9.<\/h4>\n<p><a href=\"http:\/\/epinalinfos.fr\/2017\/03\/bientot-5-nouveaux-logements-individuels-a-dinoze\/sans-titre-360\/\" rel=\"attachment wp-att-110053\"><img decoding=\"async\" class=\"aligncenter size-full wp-image-110053\" src=\"\/2017\/03\/Sans-titre4.jpg\" alt=\"Sans titre\" width=\"588\" height=\"286\" \/><\/a>Construits de plein pied et dans un quartier calme, chacun des pavillons dispose d\u2019une surface moyenne de 65 m2. Le chemin d\u2019acc\u00e8s pi\u00e9ton se fait devant chacune des habitations permettant \u00e0 tous les occupants de se croiser et d\u2019\u00e9changer favorisant ainsi les liens.<\/p>\n<p>Le programme r\u00e9pond aux normes de confort ainsi qu\u2019aux exigences de qualit\u00e9 inscrites dans la politique de construction de Vosgelis, avec un haut niveau de performance thermique (RT 2012). Les futurs locataires auront le loisir de b\u00e9n\u00e9ficier d\u2019un garage et d\u2019une terrasse privative mais \u00e9galement de trois stationnements ext\u00e9rieurs dont un r\u00e9serv\u00e9 PMR (Personne \u00e0 Mobilit\u00e9 R\u00e9duite).<\/p>\n<p>Des capteurs photovolta\u00efques ont \u00e9t\u00e9 plac\u00e9s en toiture, permettant ainsi d\u2019effacer une partie de la consommation \u00e9lectrique des logements en utilisant des \u00e9nergies renouvelables.<\/p>\n<p>\u00c9quip\u00e9s de douches \u00e0 l\u2019italienne, l\u2019ensemble des logements est conforme aux standards\u00a0 d\u2019accessibilit\u00e9 aux personnes \u00e0 mobilit\u00e9 r\u00e9duite.<\/p>\n<p>Le chantier est financ\u00e9 \u00e0 5% par le 1% logement, \u00e0 65% par un pr\u00eat PLUS, et \u00e0 hauteur de 30% par Vosgelis sur ses fonds propres.<\/p>\n\n\t\t<style type=\"text\/css\">\n\t\t\t#gallery-1 {\n\t\t\t\tmargin: auto;\n\t\t\t}\n\t\t\t#gallery-1 .gallery-item {\n\t\t\t\tfloat: left;\n\t\t\t\tmargin-top: 10px;\n\t\t\t\ttext-align: center;\n\t\t\t\twidth: 33%;\n\t\t\t}\n\t\t\t#gallery-1 img {\n\t\t\t\tborder: 2px solid #cfcfcf;\n\t\t\t}\n\t\t\t#gallery-1 .gallery-caption {\n\t\t\t\tmargin-left: 0;\n\t\t\t}\n\t\t\t\/* see gallery_shortcode() in wp-includes\/media.php *\/\n\t\t<\/style>\n\t\t<div id='gallery-1' class='gallery galleryid-70471 gallery-columns-3 gallery-size-medium'><dl class='gallery-item'>\n\t\t\t<dt class='gallery-icon landscape'>\n\t\t\t\t<a href='https:\/\/vosgesinfo.fr\/app\/uploads\/sites\/3\/2024\/08\/202106naissances21-1.jpg'><img decoding=\"async\" width=\"300\" height=\"113\" src=\"https:\/\/vosgesinfo.fr\/app\/uploads\/sites\/3\/2024\/08\/202106naissances21-1-300x113.jpg\" class=\"attachment-medium size-medium\" alt=\"\" srcset=\"https:\/\/vosgesinfo.fr\/app\/uploads\/sites\/3\/2024\/08\/202106naissances21-1-300x113.jpg 300w, https:\/\/vosgesinfo.fr\/app\/uploads\/sites\/3\/2024\/08\/202106naissances21-1-768x289.jpg 768w, https:\/\/vosgesinfo.fr\/app\/uploads\/sites\/3\/2024\/08\/202106naissances21-1.jpg 800w\" sizes=\"(max-width: 300px) 100vw, 300px\" \/><\/a>\n\t\t\t<\/dt><\/dl><dl class='gallery-item'>\n\t\t\t<dt class='gallery-icon landscape'>\n\t\t\t\t<a href='https:\/\/vosgesinfo.fr\/app\/uploads\/sites\/3\/2024\/08\/202106naissances21-1.jpg'><img decoding=\"async\" width=\"300\" height=\"113\" src=\"https:\/\/vosgesinfo.fr\/app\/uploads\/sites\/3\/2024\/08\/202106naissances21-1-300x113.jpg\" class=\"attachment-medium size-medium\" alt=\"\" srcset=\"https:\/\/vosgesinfo.fr\/app\/uploads\/sites\/3\/2024\/08\/202106naissances21-1-300x113.jpg 300w, https:\/\/vosgesinfo.fr\/app\/uploads\/sites\/3\/2024\/08\/202106naissances21-1-768x289.jpg 768w, https:\/\/vosgesinfo.fr\/app\/uploads\/sites\/3\/2024\/08\/202106naissances21-1.jpg 800w\" sizes=\"(max-width: 300px) 100vw, 300px\" \/><\/a>\n\t\t\t<\/dt><\/dl><dl class='gallery-item'>\n\t\t\t<dt class='gallery-icon landscape'>\n\t\t\t\t<a href='https:\/\/vosgesinfo.fr\/app\/uploads\/sites\/3\/2024\/08\/202106naissances21.jpg'><img decoding=\"async\" width=\"300\" height=\"113\" src=\"https:\/\/vosgesinfo.fr\/app\/uploads\/sites\/3\/2024\/08\/202106naissances21-300x113.jpg\" class=\"attachment-medium size-medium\" alt=\"\" srcset=\"https:\/\/vosgesinfo.fr\/app\/uploads\/sites\/3\/2024\/08\/202106naissances21-300x113.jpg 300w, https:\/\/vosgesinfo.fr\/app\/uploads\/sites\/3\/2024\/08\/202106naissances21-768x289.jpg 768w, https:\/\/vosgesinfo.fr\/app\/uploads\/sites\/3\/2024\/08\/202106naissances21.jpg 800w\" sizes=\"(max-width: 300px) 100vw, 300px\" \/><\/a>\n\t\t\t<\/dt><\/dl><br style=\"clear: both\" \/>\n\t\t<\/div>\n\n","protected":false},"excerpt":{"rendered":"<p>Ce jeudi Vincent Henneron, Directeur g\u00e9n\u00e9ral de Vosgelis, et Fran\u00e7ois Picoche, Maire de Dinoz\u00e9 ont pos\u00e9 la premi\u00e8re pierre d\u2019un [&hellip;]<\/p>\n","protected":false},"author":52,"featured_media":70472,"comment_status":"open","ping_status":"open","sticky":false,"template":"","format":"standard","meta":{"footnotes":""},"categories":[22,3397,16],"tags":[3399,10039,10040,10041,10042,10043,10044,10045,1762],"class_list":["post-70471","post","type-post","status-publish","format-standard","has-post-thumbnail","hentry","category-a-la-une","category-dinoze","category-environnement","tag-dinoze","tag-directeur-general-de-vosgelis","tag-et-francois-picoche","tag-logements-individuels","tag-maire-de-dinoze","tag-premiere-pierre-dun-programme-de-5-pavillons-individuels","tag-t3","tag-vincent-henneron","tag-vosgelis"],"acf":[],"yoast_head":"<!-- This site is optimized with the Yoast SEO plugin v22.5 - https:\/\/yoast.com\/wordpress\/plugins\/seo\/ -->\n<title>Bient\u00f4t 5 nouveaux logements individuels \u00e0 Dinoz\u00e9 - Epinal Info<\/title>\n<meta name=\"robots\" content=\"index, follow, max-snippet:-1, max-image-preview:large, max-video-preview:-1\" \/>\n<link rel=\"canonical\" href=\"https:\/\/vosgesinfo.fr\/epinalinfo\/2017\/03\/bientot-5-nouveaux-logements-individuels-a-dinoze\/\" \/>\n<meta name=\"twitter:card\" content=\"summary_large_image\" \/>\n<meta name=\"twitter:title\" content=\"Bient\u00f4t 5 nouveaux logements individuels \u00e0 Dinoz\u00e9 - Epinal Info\" \/>\n<meta name=\"twitter:description\" content=\"Ce jeudi Vincent Henneron, Directeur g\u00e9n\u00e9ral de Vosgelis, et Fran\u00e7ois Picoche, Maire de Dinoz\u00e9 ont pos\u00e9 la premi\u00e8re pierre d\u2019un [&hellip;]\" \/>\n<meta name=\"twitter:image\" content=\"https:\/\/vosgesinfo.fr\/app\/uploads\/sites\/3\/2024\/08\/201703logements-dinoze-11.jpg\" \/>\n<meta name=\"twitter:creator\" content=\"@VosgesInfo88\" \/>\n<meta name=\"twitter:site\" content=\"@VosgesInfo88\" \/>\n<meta name=\"twitter:label1\" content=\"\u00c9crit par\" \/>\n\t<meta name=\"twitter:data1\" content=\"C.K.\" \/>\n\t<meta name=\"twitter:label2\" content=\"Dur\u00e9e de lecture estim\u00e9e\" \/>\n\t<meta name=\"twitter:data2\" content=\"1 minute\" \/>\n<script type=\"application\/ld+json\" class=\"yoast-schema-graph\">{\"@context\":\"https:\/\/schema.org\",\"@graph\":[{\"@type\":\"Article\",\"@id\":\"https:\/\/vosgesinfo.fr\/epinalinfo\/2017\/03\/bientot-5-nouveaux-logements-individuels-a-dinoze\/#article\",\"isPartOf\":{\"@id\":\"https:\/\/vosgesinfo.fr\/epinalinfo\/2017\/03\/bientot-5-nouveaux-logements-individuels-a-dinoze\/\"},\"author\":{\"name\":\"C.K.\",\"@id\":\"https:\/\/vosgesinfo.fr\/epinalinfo\/#\/schema\/person\/6f9a650eeea99d969b6c4ab78fccbe81\"},\"headline\":\"Bient\u00f4t 5 nouveaux logements individuels \u00e0 Dinoz\u00e9\",\"datePublished\":\"2017-03-09T11:59:33+00:00\",\"dateModified\":\"2017-03-09T11:59:33+00:00\",\"mainEntityOfPage\":{\"@id\":\"https:\/\/vosgesinfo.fr\/epinalinfo\/2017\/03\/bientot-5-nouveaux-logements-individuels-a-dinoze\/\"},\"wordCount\":237,\"commentCount\":0,\"publisher\":{\"@id\":\"https:\/\/vosgesinfo.fr\/epinalinfo\/#organization\"},\"image\":{\"@id\":\"https:\/\/vosgesinfo.fr\/epinalinfo\/2017\/03\/bientot-5-nouveaux-logements-individuels-a-dinoze\/#primaryimage\"},\"thumbnailUrl\":\"https:\/\/vosgesinfo.fr\/app\/uploads\/sites\/3\/2024\/08\/201703logements-dinoze-11.jpg\",\"keywords\":[\"Dinoz\u00e9\",\"Directeur g\u00e9n\u00e9ral de Vosgelis\",\"et Fran\u00e7ois Picoche\",\"logements individuels\",\"Maire de Dinoz\u00e9\",\"premi\u00e8re pierre d\u2019un programme de 5 pavillons individuels\",\"T3\",\"Vincent Henneron\",\"Vosgelis\"],\"articleSection\":[\"A la Une\",\"Dinoz\u00e9\",\"Environnement\"],\"inLanguage\":\"fr-FR\",\"potentialAction\":[{\"@type\":\"CommentAction\",\"name\":\"Comment\",\"target\":[\"https:\/\/vosgesinfo.fr\/epinalinfo\/2017\/03\/bientot-5-nouveaux-logements-individuels-a-dinoze\/#respond\"]}]},{\"@type\":\"WebPage\",\"@id\":\"https:\/\/vosgesinfo.fr\/epinalinfo\/2017\/03\/bientot-5-nouveaux-logements-individuels-a-dinoze\/\",\"url\":\"https:\/\/vosgesinfo.fr\/epinalinfo\/2017\/03\/bientot-5-nouveaux-logements-individuels-a-dinoze\/\",\"name\":\"Bient\u00f4t 5 nouveaux logements individuels \u00e0 Dinoz\u00e9 - Epinal Info\",\"isPartOf\":{\"@id\":\"https:\/\/vosgesinfo.fr\/epinalinfo\/#website\"},\"primaryImageOfPage\":{\"@id\":\"https:\/\/vosgesinfo.fr\/epinalinfo\/2017\/03\/bientot-5-nouveaux-logements-individuels-a-dinoze\/#primaryimage\"},\"image\":{\"@id\":\"https:\/\/vosgesinfo.fr\/epinalinfo\/2017\/03\/bientot-5-nouveaux-logements-individuels-a-dinoze\/#primaryimage\"},\"thumbnailUrl\":\"https:\/\/vosgesinfo.fr\/app\/uploads\/sites\/3\/2024\/08\/201703logements-dinoze-11.jpg\",\"datePublished\":\"2017-03-09T11:59:33+00:00\",\"dateModified\":\"2017-03-09T11:59:33+00:00\",\"breadcrumb\":{\"@id\":\"https:\/\/vosgesinfo.fr\/epinalinfo\/2017\/03\/bientot-5-nouveaux-logements-individuels-a-dinoze\/#breadcrumb\"},\"inLanguage\":\"fr-FR\",\"potentialAction\":[{\"@type\":\"ReadAction\",\"target\":[\"https:\/\/vosgesinfo.fr\/epinalinfo\/2017\/03\/bientot-5-nouveaux-logements-individuels-a-dinoze\/\"]}]},{\"@type\":\"ImageObject\",\"inLanguage\":\"fr-FR\",\"@id\":\"https:\/\/vosgesinfo.fr\/epinalinfo\/2017\/03\/bientot-5-nouveaux-logements-individuels-a-dinoze\/#primaryimage\",\"url\":\"https:\/\/vosgesinfo.fr\/app\/uploads\/sites\/3\/2024\/08\/201703logements-dinoze-11.jpg\",\"contentUrl\":\"https:\/\/vosgesinfo.fr\/app\/uploads\/sites\/3\/2024\/08\/201703logements-dinoze-11.jpg\",\"width\":800,\"height\":533},{\"@type\":\"BreadcrumbList\",\"@id\":\"https:\/\/vosgesinfo.fr\/epinalinfo\/2017\/03\/bientot-5-nouveaux-logements-individuels-a-dinoze\/#breadcrumb\",\"itemListElement\":[{\"@type\":\"ListItem\",\"position\":1,\"name\":\"Home\",\"item\":\"https:\/\/vosgesinfo.fr\/epinalinfo\/\"},{\"@type\":\"ListItem\",\"position\":2,\"name\":\"Bient\u00f4t 5 nouveaux logements individuels \u00e0 Dinoz\u00e9\"}]},{\"@type\":\"WebSite\",\"@id\":\"https:\/\/vosgesinfo.fr\/epinalinfo\/#website\",\"url\":\"https:\/\/vosgesinfo.fr\/epinalinfo\/\",\"name\":\"Epinal Info\",\"description\":\"Toute l&#039;actualit\u00e9 d&#039;\u00c9pinal\",\"publisher\":{\"@id\":\"https:\/\/vosgesinfo.fr\/epinalinfo\/#organization\"},\"alternateName\":\"Toute l'actualit\u00e9 d'\u00c9pinal\",\"potentialAction\":[{\"@type\":\"SearchAction\",\"target\":{\"@type\":\"EntryPoint\",\"urlTemplate\":\"https:\/\/vosgesinfo.fr\/epinalinfo\/?s={search_term_string}\"},\"query-input\":\"required name=search_term_string\"}],\"inLanguage\":\"fr-FR\"},{\"@type\":\"Organization\",\"@id\":\"https:\/\/vosgesinfo.fr\/epinalinfo\/#organization\",\"name\":\"Epinal Info\",\"url\":\"https:\/\/vosgesinfo.fr\/epinalinfo\/\",\"logo\":{\"@type\":\"ImageObject\",\"inLanguage\":\"fr-FR\",\"@id\":\"https:\/\/vosgesinfo.fr\/epinalinfo\/#\/schema\/logo\/image\/\",\"url\":\"https:\/\/vosgesinfo.fr\/app\/uploads\/sites\/3\/2023\/08\/logo-epinalinfos.svg\",\"contentUrl\":\"https:\/\/vosgesinfo.fr\/app\/uploads\/sites\/3\/2023\/08\/logo-epinalinfos.svg\",\"width\":1,\"height\":1,\"caption\":\"Epinal Info\"},\"image\":{\"@id\":\"https:\/\/vosgesinfo.fr\/epinalinfo\/#\/schema\/logo\/image\/\"},\"sameAs\":[\"https:\/\/www.facebook.com\/Epinalinfos\",\"https:\/\/x.com\/VosgesInfo88\",\"https:\/\/www.youtube.com\/@vosgesinfo\"]},{\"@type\":\"Person\",\"@id\":\"https:\/\/vosgesinfo.fr\/epinalinfo\/#\/schema\/person\/6f9a650eeea99d969b6c4ab78fccbe81\",\"name\":\"C.K.\",\"image\":{\"@type\":\"ImageObject\",\"inLanguage\":\"fr-FR\",\"@id\":\"https:\/\/vosgesinfo.fr\/epinalinfo\/#\/schema\/person\/image\/\",\"url\":\"https:\/\/secure.gravatar.com\/avatar\/48e3fc7f8421ba8942be6b74a2b7f014ca39bc00dece156b7a8e098ae7dc87bf?s=96&d=mm&r=g\",\"contentUrl\":\"https:\/\/secure.gravatar.com\/avatar\/48e3fc7f8421ba8942be6b74a2b7f014ca39bc00dece156b7a8e098ae7dc87bf?s=96&d=mm&r=g\",\"caption\":\"C.K.\"},\"url\":\"https:\/\/vosgesinfo.fr\/epinalinfo\/author\/celia-k-n\/\"}]}<\/script>\n<!-- \/ Yoast SEO plugin. -->","yoast_head_json":{"title":"Bient\u00f4t 5 nouveaux logements individuels \u00e0 Dinoz\u00e9 - Epinal Info","robots":{"index":"index","follow":"follow","max-snippet":"max-snippet:-1","max-image-preview":"max-image-preview:large","max-video-preview":"max-video-preview:-1"},"canonical":"https:\/\/vosgesinfo.fr\/epinalinfo\/2017\/03\/bientot-5-nouveaux-logements-individuels-a-dinoze\/","twitter_card":"summary_large_image","twitter_title":"Bient\u00f4t 5 nouveaux logements individuels \u00e0 Dinoz\u00e9 - Epinal Info","twitter_description":"Ce jeudi Vincent Henneron, Directeur g\u00e9n\u00e9ral de Vosgelis, et Fran\u00e7ois Picoche, Maire de Dinoz\u00e9 ont pos\u00e9 la premi\u00e8re pierre d\u2019un [&hellip;]","twitter_image":"https:\/\/vosgesinfo.fr\/app\/uploads\/sites\/3\/2024\/08\/201703logements-dinoze-11.jpg","twitter_creator":"@VosgesInfo88","twitter_site":"@VosgesInfo88","twitter_misc":{"\u00c9crit par":"C.K.","Dur\u00e9e de lecture estim\u00e9e":"1 minute"},"schema":{"@context":"https:\/\/schema.org","@graph":[{"@type":"Article","@id":"https:\/\/vosgesinfo.fr\/epinalinfo\/2017\/03\/bientot-5-nouveaux-logements-individuels-a-dinoze\/#article","isPartOf":{"@id":"https:\/\/vosgesinfo.fr\/epinalinfo\/2017\/03\/bientot-5-nouveaux-logements-individuels-a-dinoze\/"},"author":{"name":"C.K.","@id":"https:\/\/vosgesinfo.fr\/epinalinfo\/#\/schema\/person\/6f9a650eeea99d969b6c4ab78fccbe81"},"headline":"Bient\u00f4t 5 nouveaux logements individuels \u00e0 Dinoz\u00e9","datePublished":"2017-03-09T11:59:33+00:00","dateModified":"2017-03-09T11:59:33+00:00","mainEntityOfPage":{"@id":"https:\/\/vosgesinfo.fr\/epinalinfo\/2017\/03\/bientot-5-nouveaux-logements-individuels-a-dinoze\/"},"wordCount":237,"commentCount":0,"publisher":{"@id":"https:\/\/vosgesinfo.fr\/epinalinfo\/#organization"},"image":{"@id":"https:\/\/vosgesinfo.fr\/epinalinfo\/2017\/03\/bientot-5-nouveaux-logements-individuels-a-dinoze\/#primaryimage"},"thumbnailUrl":"https:\/\/vosgesinfo.fr\/app\/uploads\/sites\/3\/2024\/08\/201703logements-dinoze-11.jpg","keywords":["Dinoz\u00e9","Directeur g\u00e9n\u00e9ral de Vosgelis","et Fran\u00e7ois Picoche","logements individuels","Maire de Dinoz\u00e9","premi\u00e8re pierre d\u2019un programme de 5 pavillons individuels","T3","Vincent Henneron","Vosgelis"],"articleSection":["A la Une","Dinoz\u00e9","Environnement"],"inLanguage":"fr-FR","potentialAction":[{"@type":"CommentAction","name":"Comment","target":["https:\/\/vosgesinfo.fr\/epinalinfo\/2017\/03\/bientot-5-nouveaux-logements-individuels-a-dinoze\/#respond"]}]},{"@type":"WebPage","@id":"https:\/\/vosgesinfo.fr\/epinalinfo\/2017\/03\/bientot-5-nouveaux-logements-individuels-a-dinoze\/","url":"https:\/\/vosgesinfo.fr\/epinalinfo\/2017\/03\/bientot-5-nouveaux-logements-individuels-a-dinoze\/","name":"Bient\u00f4t 5 nouveaux logements individuels \u00e0 Dinoz\u00e9 - Epinal Info","isPartOf":{"@id":"https:\/\/vosgesinfo.fr\/epinalinfo\/#website"},"primaryImageOfPage":{"@id":"https:\/\/vosgesinfo.fr\/epinalinfo\/2017\/03\/bientot-5-nouveaux-logements-individuels-a-dinoze\/#primaryimage"},"image":{"@id":"https:\/\/vosgesinfo.fr\/epinalinfo\/2017\/03\/bientot-5-nouveaux-logements-individuels-a-dinoze\/#primaryimage"},"thumbnailUrl":"https:\/\/vosgesinfo.fr\/app\/uploads\/sites\/3\/2024\/08\/201703logements-dinoze-11.jpg","datePublished":"2017-03-09T11:59:33+00:00","dateModified":"2017-03-09T11:59:33+00:00","breadcrumb":{"@id":"https:\/\/vosgesinfo.fr\/epinalinfo\/2017\/03\/bientot-5-nouveaux-logements-individuels-a-dinoze\/#breadcrumb"},"inLanguage":"fr-FR","potentialAction":[{"@type":"ReadAction","target":["https:\/\/vosgesinfo.fr\/epinalinfo\/2017\/03\/bientot-5-nouveaux-logements-individuels-a-dinoze\/"]}]},{"@type":"ImageObject","inLanguage":"fr-FR","@id":"https:\/\/vosgesinfo.fr\/epinalinfo\/2017\/03\/bientot-5-nouveaux-logements-individuels-a-dinoze\/#primaryimage","url":"https:\/\/vosgesinfo.fr\/app\/uploads\/sites\/3\/2024\/08\/201703logements-dinoze-11.jpg","contentUrl":"https:\/\/vosgesinfo.fr\/app\/uploads\/sites\/3\/2024\/08\/201703logements-dinoze-11.jpg","width":800,"height":533},{"@type":"BreadcrumbList","@id":"https:\/\/vosgesinfo.fr\/epinalinfo\/2017\/03\/bientot-5-nouveaux-logements-individuels-a-dinoze\/#breadcrumb","itemListElement":[{"@type":"ListItem","position":1,"name":"Home","item":"https:\/\/vosgesinfo.fr\/epinalinfo\/"},{"@type":"ListItem","position":2,"name":"Bient\u00f4t 5 nouveaux logements individuels \u00e0 Dinoz\u00e9"}]},{"@type":"WebSite","@id":"https:\/\/vosgesinfo.fr\/epinalinfo\/#website","url":"https:\/\/vosgesinfo.fr\/epinalinfo\/","name":"Epinal Info","description":"Toute l&#039;actualit\u00e9 d&#039;\u00c9pinal","publisher":{"@id":"https:\/\/vosgesinfo.fr\/epinalinfo\/#organization"},"alternateName":"Toute l'actualit\u00e9 d'\u00c9pinal","potentialAction":[{"@type":"SearchAction","target":{"@type":"EntryPoint","urlTemplate":"https:\/\/vosgesinfo.fr\/epinalinfo\/?s={search_term_string}"},"query-input":"required name=search_term_string"}],"inLanguage":"fr-FR"},{"@type":"Organization","@id":"https:\/\/vosgesinfo.fr\/epinalinfo\/#organization","name":"Epinal Info","url":"https:\/\/vosgesinfo.fr\/epinalinfo\/","logo":{"@type":"ImageObject","inLanguage":"fr-FR","@id":"https:\/\/vosgesinfo.fr\/epinalinfo\/#\/schema\/logo\/image\/","url":"https:\/\/vosgesinfo.fr\/app\/uploads\/sites\/3\/2023\/08\/logo-epinalinfos.svg","contentUrl":"https:\/\/vosgesinfo.fr\/app\/uploads\/sites\/3\/2023\/08\/logo-epinalinfos.svg","width":1,"height":1,"caption":"Epinal Info"},"image":{"@id":"https:\/\/vosgesinfo.fr\/epinalinfo\/#\/schema\/logo\/image\/"},"sameAs":["https:\/\/www.facebook.com\/Epinalinfos","https:\/\/x.com\/VosgesInfo88","https:\/\/www.youtube.com\/@vosgesinfo"]},{"@type":"Person","@id":"https:\/\/vosgesinfo.fr\/epinalinfo\/#\/schema\/person\/6f9a650eeea99d969b6c4ab78fccbe81","name":"C.K.","image":{"@type":"ImageObject","inLanguage":"fr-FR","@id":"https:\/\/vosgesinfo.fr\/epinalinfo\/#\/schema\/person\/image\/","url":"https:\/\/secure.gravatar.com\/avatar\/48e3fc7f8421ba8942be6b74a2b7f014ca39bc00dece156b7a8e098ae7dc87bf?s=96&d=mm&r=g","contentUrl":"https:\/\/secure.gravatar.com\/avatar\/48e3fc7f8421ba8942be6b74a2b7f014ca39bc00dece156b7a8e098ae7dc87bf?s=96&d=mm&r=g","caption":"C.K."},"url":"https:\/\/vosgesinfo.fr\/epinalinfo\/author\/celia-k-n\/"}]}},"_links":{"self":[{"href":"https:\/\/vosgesinfo.fr\/epinalinfo\/wp-json\/wp\/v2\/posts\/70471","targetHints":{"allow":["GET"]}}],"collection":[{"href":"https:\/\/vosgesinfo.fr\/epinalinfo\/wp-json\/wp\/v2\/posts"}],"about":[{"href":"https:\/\/vosgesinfo.fr\/epinalinfo\/wp-json\/wp\/v2\/types\/post"}],"author":[{"embeddable":true,"href":"https:\/\/vosgesinfo.fr\/epinalinfo\/wp-json\/wp\/v2\/users\/52"}],"replies":[{"embeddable":true,"href":"https:\/\/vosgesinfo.fr\/epinalinfo\/wp-json\/wp\/v2\/comments?post=70471"}],"version-history":[{"count":0,"href":"https:\/\/vosgesinfo.fr\/epinalinfo\/wp-json\/wp\/v2\/posts\/70471\/revisions"}],"wp:featuredmedia":[{"embeddable":true,"href":"https:\/\/vosgesinfo.fr\/epinalinfo\/wp-json\/wp\/v2\/media\/70472"}],"wp:attachment":[{"href":"https:\/\/vosgesinfo.fr\/epinalinfo\/wp-json\/wp\/v2\/media?parent=70471"}],"wp:term":[{"taxonomy":"category","embeddable":true,"href":"https:\/\/vosgesinfo.fr\/epinalinfo\/wp-json\/wp\/v2\/categories?post=70471"},{"taxonomy":"post_tag","embeddable":true,"href":"https:\/\/vosgesinfo.fr\/epinalinfo\/wp-json\/wp\/v2\/tags?post=70471"}],"curies":[{"name":"wp","href":"https:\/\/api.w.org\/{rel}","templated":true}]}}