{"id":70481,"date":"2017-03-09T14:25:21","date_gmt":"2017-03-09T13:25:21","guid":{"rendered":"https:\/\/vosgesinfo.fr\/epinalinfo\/2017\/03\/defis-bois-50-architectes-construisent-monde-de-demain-a-epinal\/"},"modified":"2017-03-09T14:25:21","modified_gmt":"2017-03-09T13:25:21","slug":"defis-bois-50-architectes-construisent-monde-de-demain-a-epinal","status":"publish","type":"post","link":"https:\/\/vosgesinfo.fr\/epinalinfo\/2017\/03\/defis-bois-50-architectes-construisent-monde-de-demain-a-epinal\/","title":{"rendered":"D\u00e9fis du Bois : 50 architectes et ing\u00e9nieurs bois construisent le monde de demain \u00e0 Epinal"},"content":{"rendered":"<div id=\"attachment_110069\" style=\"width: 810px\" class=\"wp-caption aligncenter\"><a href=\"http:\/\/epinalinfos.fr\/2017\/03\/defis-bois-50-architectes-construisent-monde-de-demain-a-epinal\/img_0338\/\" rel=\"attachment wp-att-110069\"><img decoding=\"async\" aria-describedby=\"caption-attachment-110069\" class=\"size-full wp-image-110069\" src=\"\/2017\/03\/IMG_0338.jpg\" alt=\"(photos copyright Flora Bignon)\" width=\"800\" height=\"533\" \/><\/a><p id=\"caption-attachment-110069\" class=\"wp-caption-text\">(photos copyright Flora Bignon)<\/p><\/div>\n<h4>Pour la 13<sup>\u00e8me<\/sup><strong>\u00a0<\/strong>ann\u00e9e, 50 \u00e9tudiants venus du monde entier, architectes et ing\u00e9nieurs bois, vont s\u2019affronter au cours d\u2019une comp\u00e9tition aussi technique que po\u00e9tique, sous la houlette de l\u2019Ecole Nationale Sup\u00e9rieure d\u2019Architecture de Nancy et de l\u2019ENSTIB, l\u2019\u00e9cole d\u2019ing\u00e9nieurs bois d\u2019Epinal.<\/h4>\n<p>Depuis 2005, les D\u00e9fis du Bois ont rassembl\u00e9 \u00e0 Epinal plus de 550 jeunes dipl\u00f4m\u00e9s, architectes et ing\u00e9nieurs bois, mais aussi des Compagnons du Devoir, pour s\u2019accorder et concevoir ensemble une \u0153uvre cr\u00e9ative et technique, en bois \u2013 en une semaine. Pour cette \u00a013<sup>\u00e8me<\/sup>\u00a0\u00e9dition, soutenue par la R\u00e9gion, le Conseil D\u00e9partemental, la Communaut\u00e9 d\u2019Agglom\u00e9ration d\u2019Epinal et de nombreux partenaires priv\u00e9s, les D\u00e9fis du Bois 3.0 poursuivent une exp\u00e9rience encore plus professionnelle et environnementale en lien avec les questions de soci\u00e9t\u00e9.<\/p>\n<p>L\u2019ann\u00e9e 2017 sera prestigieuse, puisque les microarchitectures qui ont vocation \u00e0 \u00eatre durables, partiront chez un \u00ab\u00a0client\u00a0\u00bb de renomm\u00e9e internationale.<\/p>\n<p>Le sujet, tenu secret, ainsi que le destinataire de ces structures, seront r\u00e9v\u00e9l\u00e9s le samedi 29 avril, \u00e0 l\u2019occasion du lancement de la manifestation.<\/p>\n\n\t\t<style type=\"text\/css\">\n\t\t\t#gallery-1 {\n\t\t\t\tmargin: auto;\n\t\t\t}\n\t\t\t#gallery-1 .gallery-item {\n\t\t\t\tfloat: left;\n\t\t\t\tmargin-top: 10px;\n\t\t\t\ttext-align: center;\n\t\t\t\twidth: 33%;\n\t\t\t}\n\t\t\t#gallery-1 img {\n\t\t\t\tborder: 2px solid #cfcfcf;\n\t\t\t}\n\t\t\t#gallery-1 .gallery-caption {\n\t\t\t\tmargin-left: 0;\n\t\t\t}\n\t\t\t\/* see gallery_shortcode() in wp-includes\/media.php *\/\n\t\t<\/style>\n\t\t<div id='gallery-1' class='gallery galleryid-70481 gallery-columns-3 gallery-size-medium'><dl class='gallery-item'>\n\t\t\t<dt class='gallery-icon portrait'>\n\t\t\t\t<a href='https:\/\/vosgesinfo.fr\/app\/uploads\/sites\/3\/2024\/08\/202106augustin-2.jpg'><img decoding=\"async\" width=\"225\" height=\"300\" src=\"https:\/\/vosgesinfo.fr\/app\/uploads\/sites\/3\/2024\/08\/202106augustin-2-225x300.jpg\" class=\"attachment-medium size-medium\" alt=\"\" srcset=\"https:\/\/vosgesinfo.fr\/app\/uploads\/sites\/3\/2024\/08\/202106augustin-2-225x300.jpg 225w, https:\/\/vosgesinfo.fr\/app\/uploads\/sites\/3\/2024\/08\/202106augustin-2.jpg 600w\" sizes=\"(max-width: 225px) 100vw, 225px\" \/><\/a>\n\t\t\t<\/dt><\/dl>\n\t\t\t<br style='clear: both' \/>\n\t\t<\/div>\n\n","protected":false},"excerpt":{"rendered":"<p>Pour la 13\u00e8me\u00a0ann\u00e9e, 50 \u00e9tudiants venus du monde entier, architectes et ing\u00e9nieurs bois, vont s\u2019affronter au cours d\u2019une comp\u00e9tition aussi [&hellip;]<\/p>\n","protected":false},"author":52,"featured_media":70482,"comment_status":"open","ping_status":"open","sticky":false,"template":"","format":"standard","meta":{"footnotes":""},"categories":[22,24],"tags":[],"class_list":["post-70481","post","type-post","status-publish","format-standard","has-post-thumbnail","hentry","category-a-la-une","category-epinal"],"acf":[],"yoast_head":"<!-- This site is optimized with the Yoast SEO plugin v22.5 - https:\/\/yoast.com\/wordpress\/plugins\/seo\/ -->\n<title>D\u00e9fis du Bois : 50 architectes et ing\u00e9nieurs bois construisent le monde de demain \u00e0 Epinal - Epinal Info<\/title>\n<meta name=\"robots\" content=\"index, follow, max-snippet:-1, max-image-preview:large, max-video-preview:-1\" \/>\n<link rel=\"canonical\" href=\"https:\/\/vosgesinfo.fr\/epinalinfo\/2017\/03\/defis-bois-50-architectes-construisent-monde-de-demain-a-epinal\/\" \/>\n<meta name=\"twitter:card\" content=\"summary_large_image\" \/>\n<meta name=\"twitter:title\" content=\"D\u00e9fis du Bois : 50 architectes et ing\u00e9nieurs bois construisent le monde de demain \u00e0 Epinal - Epinal Info\" \/>\n<meta name=\"twitter:description\" content=\"Pour la 13\u00e8me\u00a0ann\u00e9e, 50 \u00e9tudiants venus du monde entier, architectes et ing\u00e9nieurs bois, vont s\u2019affronter au cours d\u2019une comp\u00e9tition aussi [&hellip;]\" \/>\n<meta name=\"twitter:image\" content=\"https:\/\/vosgesinfo.fr\/app\/uploads\/sites\/3\/2024\/08\/201703img-0338.jpg\" \/>\n<meta name=\"twitter:creator\" content=\"@VosgesInfo88\" \/>\n<meta name=\"twitter:site\" content=\"@VosgesInfo88\" \/>\n<meta name=\"twitter:label1\" content=\"\u00c9crit par\" \/>\n\t<meta name=\"twitter:data1\" content=\"C.K.\" \/>\n\t<meta name=\"twitter:label2\" content=\"Dur\u00e9e de lecture estim\u00e9e\" \/>\n\t<meta name=\"twitter:data2\" content=\"1 minute\" \/>\n<script type=\"application\/ld+json\" class=\"yoast-schema-graph\">{\"@context\":\"https:\/\/schema.org\",\"@graph\":[{\"@type\":\"Article\",\"@id\":\"https:\/\/vosgesinfo.fr\/epinalinfo\/2017\/03\/defis-bois-50-architectes-construisent-monde-de-demain-a-epinal\/#article\",\"isPartOf\":{\"@id\":\"https:\/\/vosgesinfo.fr\/epinalinfo\/2017\/03\/defis-bois-50-architectes-construisent-monde-de-demain-a-epinal\/\"},\"author\":{\"name\":\"C.K.\",\"@id\":\"https:\/\/vosgesinfo.fr\/epinalinfo\/#\/schema\/person\/6f9a650eeea99d969b6c4ab78fccbe81\"},\"headline\":\"D\u00e9fis du Bois : 50 architectes et ing\u00e9nieurs bois construisent le monde de demain \u00e0 Epinal\",\"datePublished\":\"2017-03-09T13:25:21+00:00\",\"dateModified\":\"2017-03-09T13:25:21+00:00\",\"mainEntityOfPage\":{\"@id\":\"https:\/\/vosgesinfo.fr\/epinalinfo\/2017\/03\/defis-bois-50-architectes-construisent-monde-de-demain-a-epinal\/\"},\"wordCount\":228,\"commentCount\":0,\"publisher\":{\"@id\":\"https:\/\/vosgesinfo.fr\/epinalinfo\/#organization\"},\"image\":{\"@id\":\"https:\/\/vosgesinfo.fr\/epinalinfo\/2017\/03\/defis-bois-50-architectes-construisent-monde-de-demain-a-epinal\/#primaryimage\"},\"thumbnailUrl\":\"https:\/\/vosgesinfo.fr\/app\/uploads\/sites\/3\/2024\/08\/201703img-0338.jpg\",\"articleSection\":[\"A la Une\",\"Epinal\"],\"inLanguage\":\"fr-FR\",\"potentialAction\":[{\"@type\":\"CommentAction\",\"name\":\"Comment\",\"target\":[\"https:\/\/vosgesinfo.fr\/epinalinfo\/2017\/03\/defis-bois-50-architectes-construisent-monde-de-demain-a-epinal\/#respond\"]}]},{\"@type\":\"WebPage\",\"@id\":\"https:\/\/vosgesinfo.fr\/epinalinfo\/2017\/03\/defis-bois-50-architectes-construisent-monde-de-demain-a-epinal\/\",\"url\":\"https:\/\/vosgesinfo.fr\/epinalinfo\/2017\/03\/defis-bois-50-architectes-construisent-monde-de-demain-a-epinal\/\",\"name\":\"D\u00e9fis du Bois : 50 architectes et ing\u00e9nieurs bois construisent le monde de demain \u00e0 Epinal - Epinal Info\",\"isPartOf\":{\"@id\":\"https:\/\/vosgesinfo.fr\/epinalinfo\/#website\"},\"primaryImageOfPage\":{\"@id\":\"https:\/\/vosgesinfo.fr\/epinalinfo\/2017\/03\/defis-bois-50-architectes-construisent-monde-de-demain-a-epinal\/#primaryimage\"},\"image\":{\"@id\":\"https:\/\/vosgesinfo.fr\/epinalinfo\/2017\/03\/defis-bois-50-architectes-construisent-monde-de-demain-a-epinal\/#primaryimage\"},\"thumbnailUrl\":\"https:\/\/vosgesinfo.fr\/app\/uploads\/sites\/3\/2024\/08\/201703img-0338.jpg\",\"datePublished\":\"2017-03-09T13:25:21+00:00\",\"dateModified\":\"2017-03-09T13:25:21+00:00\",\"breadcrumb\":{\"@id\":\"https:\/\/vosgesinfo.fr\/epinalinfo\/2017\/03\/defis-bois-50-architectes-construisent-monde-de-demain-a-epinal\/#breadcrumb\"},\"inLanguage\":\"fr-FR\",\"potentialAction\":[{\"@type\":\"ReadAction\",\"target\":[\"https:\/\/vosgesinfo.fr\/epinalinfo\/2017\/03\/defis-bois-50-architectes-construisent-monde-de-demain-a-epinal\/\"]}]},{\"@type\":\"ImageObject\",\"inLanguage\":\"fr-FR\",\"@id\":\"https:\/\/vosgesinfo.fr\/epinalinfo\/2017\/03\/defis-bois-50-architectes-construisent-monde-de-demain-a-epinal\/#primaryimage\",\"url\":\"https:\/\/vosgesinfo.fr\/app\/uploads\/sites\/3\/2024\/08\/201703img-0338.jpg\",\"contentUrl\":\"https:\/\/vosgesinfo.fr\/app\/uploads\/sites\/3\/2024\/08\/201703img-0338.jpg\",\"width\":800,\"height\":533},{\"@type\":\"BreadcrumbList\",\"@id\":\"https:\/\/vosgesinfo.fr\/epinalinfo\/2017\/03\/defis-bois-50-architectes-construisent-monde-de-demain-a-epinal\/#breadcrumb\",\"itemListElement\":[{\"@type\":\"ListItem\",\"position\":1,\"name\":\"Home\",\"item\":\"https:\/\/vosgesinfo.fr\/epinalinfo\/\"},{\"@type\":\"ListItem\",\"position\":2,\"name\":\"D\u00e9fis du Bois : 50 architectes et ing\u00e9nieurs bois construisent le monde de demain \u00e0 Epinal\"}]},{\"@type\":\"WebSite\",\"@id\":\"https:\/\/vosgesinfo.fr\/epinalinfo\/#website\",\"url\":\"https:\/\/vosgesinfo.fr\/epinalinfo\/\",\"name\":\"Epinal Info\",\"description\":\"Toute l&#039;actualit\u00e9 d&#039;\u00c9pinal\",\"publisher\":{\"@id\":\"https:\/\/vosgesinfo.fr\/epinalinfo\/#organization\"},\"alternateName\":\"Toute l'actualit\u00e9 d'\u00c9pinal\",\"potentialAction\":[{\"@type\":\"SearchAction\",\"target\":{\"@type\":\"EntryPoint\",\"urlTemplate\":\"https:\/\/vosgesinfo.fr\/epinalinfo\/?s={search_term_string}\"},\"query-input\":\"required name=search_term_string\"}],\"inLanguage\":\"fr-FR\"},{\"@type\":\"Organization\",\"@id\":\"https:\/\/vosgesinfo.fr\/epinalinfo\/#organization\",\"name\":\"Epinal Info\",\"url\":\"https:\/\/vosgesinfo.fr\/epinalinfo\/\",\"logo\":{\"@type\":\"ImageObject\",\"inLanguage\":\"fr-FR\",\"@id\":\"https:\/\/vosgesinfo.fr\/epinalinfo\/#\/schema\/logo\/image\/\",\"url\":\"https:\/\/vosgesinfo.fr\/app\/uploads\/sites\/3\/2023\/08\/logo-epinalinfos.svg\",\"contentUrl\":\"https:\/\/vosgesinfo.fr\/app\/uploads\/sites\/3\/2023\/08\/logo-epinalinfos.svg\",\"width\":1,\"height\":1,\"caption\":\"Epinal Info\"},\"image\":{\"@id\":\"https:\/\/vosgesinfo.fr\/epinalinfo\/#\/schema\/logo\/image\/\"},\"sameAs\":[\"https:\/\/www.facebook.com\/Epinalinfos\",\"https:\/\/x.com\/VosgesInfo88\",\"https:\/\/www.youtube.com\/@vosgesinfo\"]},{\"@type\":\"Person\",\"@id\":\"https:\/\/vosgesinfo.fr\/epinalinfo\/#\/schema\/person\/6f9a650eeea99d969b6c4ab78fccbe81\",\"name\":\"C.K.\",\"image\":{\"@type\":\"ImageObject\",\"inLanguage\":\"fr-FR\",\"@id\":\"https:\/\/vosgesinfo.fr\/epinalinfo\/#\/schema\/person\/image\/\",\"url\":\"https:\/\/secure.gravatar.com\/avatar\/48e3fc7f8421ba8942be6b74a2b7f014ca39bc00dece156b7a8e098ae7dc87bf?s=96&d=mm&r=g\",\"contentUrl\":\"https:\/\/secure.gravatar.com\/avatar\/48e3fc7f8421ba8942be6b74a2b7f014ca39bc00dece156b7a8e098ae7dc87bf?s=96&d=mm&r=g\",\"caption\":\"C.K.\"},\"url\":\"https:\/\/vosgesinfo.fr\/epinalinfo\/author\/celia-k-n\/\"}]}<\/script>\n<!-- \/ Yoast SEO plugin. -->","yoast_head_json":{"title":"D\u00e9fis du Bois : 50 architectes et ing\u00e9nieurs bois construisent le monde de demain \u00e0 Epinal - Epinal Info","robots":{"index":"index","follow":"follow","max-snippet":"max-snippet:-1","max-image-preview":"max-image-preview:large","max-video-preview":"max-video-preview:-1"},"canonical":"https:\/\/vosgesinfo.fr\/epinalinfo\/2017\/03\/defis-bois-50-architectes-construisent-monde-de-demain-a-epinal\/","twitter_card":"summary_large_image","twitter_title":"D\u00e9fis du Bois : 50 architectes et ing\u00e9nieurs bois construisent le monde de demain \u00e0 Epinal - Epinal Info","twitter_description":"Pour la 13\u00e8me\u00a0ann\u00e9e, 50 \u00e9tudiants venus du monde entier, architectes et ing\u00e9nieurs bois, vont s\u2019affronter au cours d\u2019une comp\u00e9tition aussi [&hellip;]","twitter_image":"https:\/\/vosgesinfo.fr\/app\/uploads\/sites\/3\/2024\/08\/201703img-0338.jpg","twitter_creator":"@VosgesInfo88","twitter_site":"@VosgesInfo88","twitter_misc":{"\u00c9crit par":"C.K.","Dur\u00e9e de lecture estim\u00e9e":"1 minute"},"schema":{"@context":"https:\/\/schema.org","@graph":[{"@type":"Article","@id":"https:\/\/vosgesinfo.fr\/epinalinfo\/2017\/03\/defis-bois-50-architectes-construisent-monde-de-demain-a-epinal\/#article","isPartOf":{"@id":"https:\/\/vosgesinfo.fr\/epinalinfo\/2017\/03\/defis-bois-50-architectes-construisent-monde-de-demain-a-epinal\/"},"author":{"name":"C.K.","@id":"https:\/\/vosgesinfo.fr\/epinalinfo\/#\/schema\/person\/6f9a650eeea99d969b6c4ab78fccbe81"},"headline":"D\u00e9fis du Bois : 50 architectes et ing\u00e9nieurs bois construisent le monde de demain \u00e0 Epinal","datePublished":"2017-03-09T13:25:21+00:00","dateModified":"2017-03-09T13:25:21+00:00","mainEntityOfPage":{"@id":"https:\/\/vosgesinfo.fr\/epinalinfo\/2017\/03\/defis-bois-50-architectes-construisent-monde-de-demain-a-epinal\/"},"wordCount":228,"commentCount":0,"publisher":{"@id":"https:\/\/vosgesinfo.fr\/epinalinfo\/#organization"},"image":{"@id":"https:\/\/vosgesinfo.fr\/epinalinfo\/2017\/03\/defis-bois-50-architectes-construisent-monde-de-demain-a-epinal\/#primaryimage"},"thumbnailUrl":"https:\/\/vosgesinfo.fr\/app\/uploads\/sites\/3\/2024\/08\/201703img-0338.jpg","articleSection":["A la Une","Epinal"],"inLanguage":"fr-FR","potentialAction":[{"@type":"CommentAction","name":"Comment","target":["https:\/\/vosgesinfo.fr\/epinalinfo\/2017\/03\/defis-bois-50-architectes-construisent-monde-de-demain-a-epinal\/#respond"]}]},{"@type":"WebPage","@id":"https:\/\/vosgesinfo.fr\/epinalinfo\/2017\/03\/defis-bois-50-architectes-construisent-monde-de-demain-a-epinal\/","url":"https:\/\/vosgesinfo.fr\/epinalinfo\/2017\/03\/defis-bois-50-architectes-construisent-monde-de-demain-a-epinal\/","name":"D\u00e9fis du Bois : 50 architectes et ing\u00e9nieurs bois construisent le monde de demain \u00e0 Epinal - Epinal Info","isPartOf":{"@id":"https:\/\/vosgesinfo.fr\/epinalinfo\/#website"},"primaryImageOfPage":{"@id":"https:\/\/vosgesinfo.fr\/epinalinfo\/2017\/03\/defis-bois-50-architectes-construisent-monde-de-demain-a-epinal\/#primaryimage"},"image":{"@id":"https:\/\/vosgesinfo.fr\/epinalinfo\/2017\/03\/defis-bois-50-architectes-construisent-monde-de-demain-a-epinal\/#primaryimage"},"thumbnailUrl":"https:\/\/vosgesinfo.fr\/app\/uploads\/sites\/3\/2024\/08\/201703img-0338.jpg","datePublished":"2017-03-09T13:25:21+00:00","dateModified":"2017-03-09T13:25:21+00:00","breadcrumb":{"@id":"https:\/\/vosgesinfo.fr\/epinalinfo\/2017\/03\/defis-bois-50-architectes-construisent-monde-de-demain-a-epinal\/#breadcrumb"},"inLanguage":"fr-FR","potentialAction":[{"@type":"ReadAction","target":["https:\/\/vosgesinfo.fr\/epinalinfo\/2017\/03\/defis-bois-50-architectes-construisent-monde-de-demain-a-epinal\/"]}]},{"@type":"ImageObject","inLanguage":"fr-FR","@id":"https:\/\/vosgesinfo.fr\/epinalinfo\/2017\/03\/defis-bois-50-architectes-construisent-monde-de-demain-a-epinal\/#primaryimage","url":"https:\/\/vosgesinfo.fr\/app\/uploads\/sites\/3\/2024\/08\/201703img-0338.jpg","contentUrl":"https:\/\/vosgesinfo.fr\/app\/uploads\/sites\/3\/2024\/08\/201703img-0338.jpg","width":800,"height":533},{"@type":"BreadcrumbList","@id":"https:\/\/vosgesinfo.fr\/epinalinfo\/2017\/03\/defis-bois-50-architectes-construisent-monde-de-demain-a-epinal\/#breadcrumb","itemListElement":[{"@type":"ListItem","position":1,"name":"Home","item":"https:\/\/vosgesinfo.fr\/epinalinfo\/"},{"@type":"ListItem","position":2,"name":"D\u00e9fis du Bois : 50 architectes et ing\u00e9nieurs bois construisent le monde de demain \u00e0 Epinal"}]},{"@type":"WebSite","@id":"https:\/\/vosgesinfo.fr\/epinalinfo\/#website","url":"https:\/\/vosgesinfo.fr\/epinalinfo\/","name":"Epinal Info","description":"Toute l&#039;actualit\u00e9 d&#039;\u00c9pinal","publisher":{"@id":"https:\/\/vosgesinfo.fr\/epinalinfo\/#organization"},"alternateName":"Toute l'actualit\u00e9 d'\u00c9pinal","potentialAction":[{"@type":"SearchAction","target":{"@type":"EntryPoint","urlTemplate":"https:\/\/vosgesinfo.fr\/epinalinfo\/?s={search_term_string}"},"query-input":"required name=search_term_string"}],"inLanguage":"fr-FR"},{"@type":"Organization","@id":"https:\/\/vosgesinfo.fr\/epinalinfo\/#organization","name":"Epinal Info","url":"https:\/\/vosgesinfo.fr\/epinalinfo\/","logo":{"@type":"ImageObject","inLanguage":"fr-FR","@id":"https:\/\/vosgesinfo.fr\/epinalinfo\/#\/schema\/logo\/image\/","url":"https:\/\/vosgesinfo.fr\/app\/uploads\/sites\/3\/2023\/08\/logo-epinalinfos.svg","contentUrl":"https:\/\/vosgesinfo.fr\/app\/uploads\/sites\/3\/2023\/08\/logo-epinalinfos.svg","width":1,"height":1,"caption":"Epinal Info"},"image":{"@id":"https:\/\/vosgesinfo.fr\/epinalinfo\/#\/schema\/logo\/image\/"},"sameAs":["https:\/\/www.facebook.com\/Epinalinfos","https:\/\/x.com\/VosgesInfo88","https:\/\/www.youtube.com\/@vosgesinfo"]},{"@type":"Person","@id":"https:\/\/vosgesinfo.fr\/epinalinfo\/#\/schema\/person\/6f9a650eeea99d969b6c4ab78fccbe81","name":"C.K.","image":{"@type":"ImageObject","inLanguage":"fr-FR","@id":"https:\/\/vosgesinfo.fr\/epinalinfo\/#\/schema\/person\/image\/","url":"https:\/\/secure.gravatar.com\/avatar\/48e3fc7f8421ba8942be6b74a2b7f014ca39bc00dece156b7a8e098ae7dc87bf?s=96&d=mm&r=g","contentUrl":"https:\/\/secure.gravatar.com\/avatar\/48e3fc7f8421ba8942be6b74a2b7f014ca39bc00dece156b7a8e098ae7dc87bf?s=96&d=mm&r=g","caption":"C.K."},"url":"https:\/\/vosgesinfo.fr\/epinalinfo\/author\/celia-k-n\/"}]}},"_links":{"self":[{"href":"https:\/\/vosgesinfo.fr\/epinalinfo\/wp-json\/wp\/v2\/posts\/70481","targetHints":{"allow":["GET"]}}],"collection":[{"href":"https:\/\/vosgesinfo.fr\/epinalinfo\/wp-json\/wp\/v2\/posts"}],"about":[{"href":"https:\/\/vosgesinfo.fr\/epinalinfo\/wp-json\/wp\/v2\/types\/post"}],"author":[{"embeddable":true,"href":"https:\/\/vosgesinfo.fr\/epinalinfo\/wp-json\/wp\/v2\/users\/52"}],"replies":[{"embeddable":true,"href":"https:\/\/vosgesinfo.fr\/epinalinfo\/wp-json\/wp\/v2\/comments?post=70481"}],"version-history":[{"count":0,"href":"https:\/\/vosgesinfo.fr\/epinalinfo\/wp-json\/wp\/v2\/posts\/70481\/revisions"}],"wp:featuredmedia":[{"embeddable":true,"href":"https:\/\/vosgesinfo.fr\/epinalinfo\/wp-json\/wp\/v2\/media\/70482"}],"wp:attachment":[{"href":"https:\/\/vosgesinfo.fr\/epinalinfo\/wp-json\/wp\/v2\/media?parent=70481"}],"wp:term":[{"taxonomy":"category","embeddable":true,"href":"https:\/\/vosgesinfo.fr\/epinalinfo\/wp-json\/wp\/v2\/categories?post=70481"},{"taxonomy":"post_tag","embeddable":true,"href":"https:\/\/vosgesinfo.fr\/epinalinfo\/wp-json\/wp\/v2\/tags?post=70481"}],"curies":[{"name":"wp","href":"https:\/\/api.w.org\/{rel}","templated":true}]}}